{"id":93063,"date":"2024-12-28T19:29:21","date_gmt":"2024-12-28T19:29:21","guid":{"rendered":"https:\/\/www.africa-press.net\/cotedivoire\/politique\/larmee-ivoirienne-denonce-les-graves-accusation-du-general-abdourahamane-tchiani-chef-de-la-junte-nigerienne"},"modified":"2024-12-28T19:42:03","modified_gmt":"2024-12-28T19:42:03","slug":"larmee-ivoirienne-denonce-les-graves-accusation-du-general-abdourahamane-tchiani-chef-de-la-junte-nigerienne","status":"publish","type":"post","link":"https:\/\/www.africa-press.net\/cotedivoire\/politique\/larmee-ivoirienne-denonce-les-graves-accusation-du-general-abdourahamane-tchiani-chef-de-la-junte-nigerienne","title":{"rendered":"L&rsquo;arm\u00e9e ivoirienne d\u00e9nonce les graves accusation du G\u00e9n\u00e9ral Abdourahamane Tchiani, chef de la junte Nig\u00e9rienne"},"content":{"rendered":"<p><span style=\"color: #ff6600\"><strong>Africa-Press &#8211; C\u00f4te d&rsquo;Ivoire. <\/strong><\/span>A\u0300 travers un communique\u0301 en date de ce samedi 28 de\u0301cembre 2024 transmis a\u0300 KOACI, l&rsquo;arme\u0301e ivoirienne a\u0300 travers son chef d&rsquo;Etat major re\u0301agit apre\u0300s la diffusion d&rsquo;une interview du Ge\u0301ne\u0301ral Abdourahamane Tchiani. Y est de\u0301nonce\u0301 de graves accusations et une \u00ab\u00a0succession de contre-ve\u0301rite\u0301s\u00a0\u00bb a\u0300 l&rsquo;encontre de l&rsquo;arme\u0301e ivoirienne par le chef de la junte Nige\u0301rienne qui affirme que la Co\u0302te d&rsquo;Ivoire est une base arrie\u0300re de formation militaire pour de\u0301stabiliser le Niger.<\/p>\n<p>Le Ge\u0301ne\u0301ral de Corps d\u2019Arme\u0301e Lassina Doumbia qui le signe relate que \u00ab\u00a0Dans une vide\u0301o diffuse\u0301e par la te\u0301le\u0301vision d\u2019E\u0301tat nige\u0301rienne et en circulation sur internet, le Ge\u0301ne\u0301ral Abdourahamane Tchiani, chef de la junte au pouvoir au Niger a cru devoir, dans une interview, se re\u0301pandre en une se\u0301rie de re\u0301criminations contre notamment les Forces Arme\u0301es de Co\u0302te d\u2019Ivoire qu\u2019il accuse ouvertement de contribuer a\u0300 une formation militaire de pre\u0301tendus irre\u0301dentistes nige\u0301riens re\u0301fugie\u0301s en Co\u0302te d\u2019Ivoire. \u00a0\u00bb<\/p>\n<p>Selon le chef d&rsquo;Etat major, \u00ab\u00a0l&rsquo;objectif de cette formation, selon le Ge\u0301ne\u0301ral Abdourahamane Tchiani, serait de de\u0301stabiliser le pouvoir issu du putsch du 26 juillet 2023. La gravite\u0301 des accusations porte\u0301es, le me\u0301dia choisi et la personnalite\u0301 de l&rsquo;orateur commandent une mise au point afin de dissiper les doutes que pourrait susciter cette succession de contre-ve\u0301rite\u0301s.\u00a0\u00bb<\/p>\n<p>Lassina Doumbia annonce que \u00ab\u00a0Les Forces Arme\u0301es de Co\u0302te d\u2019Ivoire qui demeurent concentre\u0301es sur la de\u0301fense et la se\u0301curite\u0301 de la Co\u0302te d\u2019Ivoire, s&rsquo;inscrivent en faux contre ces graves accusations profe\u0301re\u0301es, sans aucun de\u0301but de preuve, par le Chef de la junte au Niger.\u00a0\u00bb<\/p>\n<p>Le chef d&rsquo;Etat major des arme\u0301es ivoiriennes conclut en ces termes: \u00ab\u00a0Les Forces Arme\u0301es de Co\u0302te d\u2019Ivoire, fide\u0300les a\u0300 leur longue tradition de coope\u0301ration avec les pays de la sous-re\u0301gion, demeurent engage\u0301es a\u0300 continuer a\u0300 apporter leurs contributions a\u0300 la paix et a\u0300 la stabilite\u0301 re\u0301gionale. Elles demandent, en conse\u0301quence, que les autorite\u0301s militaires nige\u0301riennes se focalisent sur leurs objectifs se\u0301curitaires qui, malheureusement, sont, pour l\u2019heure, loin d\u2019e\u0302tre atteints. \u00ab\u00a0.<\/p>\n<p><strong>Pour plus d&rsquo;informations et d&rsquo;analyses sur la <span style=\"color: #ff6600\">C\u00f4te d&rsquo;Ivoire<\/span>, suivez <span style=\"color: #ff6600\">Africa-Press<\/span><\/strong><\/p>\n","protected":false},"excerpt":{"rendered":"<p>Africa-Press &#8211; C\u00f4te d&rsquo;Ivoire. A\u0300 travers un communique\u0301 en date de ce samedi 28 de\u0301cembre 2024 transmis a\u0300 KOACI, l&rsquo;arme\u0301e ivoirienne a\u0300 travers son chef d&rsquo;Etat major re\u0301agit apre\u0300s la diffusion d&rsquo;une interview du Ge\u0301ne\u0301ral Abdourahamane Tchiani. Y est de\u0301nonce\u0301 de graves accusations et une \u00ab\u00a0succession de contre-ve\u0301rite\u0301s\u00a0\u00bb a\u0300 l&rsquo;encontre de l&rsquo;arme\u0301e ivoirienne par le [&hellip;]<\/p>\n","protected":false},"author":82,"featured_media":93061,"comment_status":"open","ping_status":"closed","sticky":false,"template":"","format":"standard","meta":{"footnotes":""},"categories":[2,10],"tags":[16194,16193,29,2798,1898],"class_list":["post-93063","post","type-post","status-publish","format-standard","has-post-thumbnail","hentry","category-politique","category-toutes-les-actualites","tag-abdourahamane-tchiani","tag-chef-detat-major-general-des-armees","tag-cote-divoire","tag-general","tag-lassina-doumbia"],"yoast_head":"<!-- This site is optimized with the Yoast SEO Premium plugin v26.1 (Yoast SEO v27.0) - https:\/\/yoast.com\/product\/yoast-seo-premium-wordpress\/ -->\n<title>L&#039;arm\u00e9e ivoirienne d\u00e9nonce les graves accusation du G\u00e9n\u00e9ral Abdourahamane Tchiani, chef de la junte Nig\u00e9rienne - C\u00f4te d&#039;Ivoire<\/title>\n<meta name=\"description\" content=\"A\u0300 travers un communique\u0301 en date de ce samedi 28 de\u0301cembre 2024 transmis a\u0300 KOACI, l&#039;arme\u0301e ivoirienne a\u0300 travers son c ...\" \/>\n<meta name=\"robots\" content=\"index, follow, max-snippet:-1, max-image-preview:large, max-video-preview:-1\" \/>\n<link rel=\"canonical\" href=\"https:\/\/www.africa-press.net\/cotedivoire\/politique\/larmee-ivoirienne-denonce-les-graves-accusation-du-general-abdourahamane-tchiani-chef-de-la-junte-nigerienne\" \/>\n<meta property=\"og:locale\" content=\"fr_FR\" \/>\n<meta property=\"og:type\" content=\"article\" \/>\n<meta property=\"og:title\" content=\"L&#039;arm\u00e9e ivoirienne d\u00e9nonce les graves accusation du G\u00e9n\u00e9ral Abdourahamane Tchiani, chef de la junte Nig\u00e9rienne\" \/>\n<meta property=\"og:description\" content=\"A\u0300 travers un communique\u0301 en date de ce samedi 28 de\u0301cembre 2024 transmis a\u0300 KOACI, l&#039;arme\u0301e ivoirienne a\u0300 travers son c ...\" \/>\n<meta property=\"og:url\" content=\"https:\/\/www.africa-press.net\/cotedivoire\/politique\/larmee-ivoirienne-denonce-les-graves-accusation-du-general-abdourahamane-tchiani-chef-de-la-junte-nigerienne\" \/>\n<meta property=\"og:site_name\" content=\"C\u00f4te d&#039;Ivoire\" \/>\n<meta property=\"article:published_time\" content=\"2024-12-28T19:29:21+00:00\" \/>\n<meta property=\"article:modified_time\" content=\"2024-12-28T19:42:03+00:00\" \/>\n<meta property=\"og:image\" content=\"https:\/\/static.africa-press.net\/cote\/sites\/43\/2024\/12\/sm_1735402296.842618.jpg\" \/>\n\t<meta property=\"og:image:width\" content=\"720\" \/>\n\t<meta property=\"og:image:height\" content=\"508\" \/>\n\t<meta property=\"og:image:type\" content=\"image\/jpeg\" \/>\n<meta name=\"author\" content=\"cfeditorfr\" \/>\n<meta name=\"twitter:card\" content=\"summary_large_image\" \/>\n<meta name=\"twitter:label1\" content=\"\u00c9crit par\" \/>\n\t<meta name=\"twitter:data1\" content=\"cfeditorfr\" \/>\n\t<meta name=\"twitter:label2\" content=\"Dur\u00e9e de lecture estim\u00e9e\" \/>\n\t<meta name=\"twitter:data2\" content=\"2 minutes\" \/>\n<script type=\"application\/ld+json\" class=\"yoast-schema-graph\">{\"@context\":\"https:\/\/schema.org\",\"@graph\":[{\"@type\":\"Article\",\"@id\":\"https:\/\/www.africa-press.net\/cotedivoire\/politique\/larmee-ivoirienne-denonce-les-graves-accusation-du-general-abdourahamane-tchiani-chef-de-la-junte-nigerienne#article\",\"isPartOf\":{\"@id\":\"https:\/\/www.africa-press.net\/cotedivoire\/politique\/larmee-ivoirienne-denonce-les-graves-accusation-du-general-abdourahamane-tchiani-chef-de-la-junte-nigerienne\"},\"author\":{\"name\":\"cfeditorfr\",\"@id\":\"https:\/\/www.africa-press.net\/cotedivoire\/#\/schema\/person\/2b1cf3cd81a31e3cd26889ca66d677f1\"},\"headline\":\"L&rsquo;arm\u00e9e ivoirienne d\u00e9nonce les graves accusation du G\u00e9n\u00e9ral Abdourahamane Tchiani, chef de la junte Nig\u00e9rienne\",\"datePublished\":\"2024-12-28T19:29:21+00:00\",\"dateModified\":\"2024-12-28T19:42:03+00:00\",\"mainEntityOfPage\":{\"@id\":\"https:\/\/www.africa-press.net\/cotedivoire\/politique\/larmee-ivoirienne-denonce-les-graves-accusation-du-general-abdourahamane-tchiani-chef-de-la-junte-nigerienne\"},\"wordCount\":442,\"commentCount\":0,\"image\":{\"@id\":\"https:\/\/www.africa-press.net\/cotedivoire\/politique\/larmee-ivoirienne-denonce-les-graves-accusation-du-general-abdourahamane-tchiani-chef-de-la-junte-nigerienne#primaryimage\"},\"thumbnailUrl\":\"https:\/\/static.africa-press.net\/cote\/sites\/43\/2024\/12\/sm_1735402296.842618.jpg\",\"keywords\":[\"Abdourahamane Tchiani\",\"Chef d\u2019Etat-Major G\u00e9n\u00e9ral des Arm\u00e9es\",\"C\u00d4TE D'IVOIRE\",\"g\u00e9n\u00e9ral\",\"Lassina Doumbia\"],\"articleSection\":[\"Politique\",\"Toutes les actualit\u00e9s\"],\"inLanguage\":\"fr-FR\",\"potentialAction\":[{\"@type\":\"CommentAction\",\"name\":\"Comment\",\"target\":[\"https:\/\/www.africa-press.net\/cotedivoire\/politique\/larmee-ivoirienne-denonce-les-graves-accusation-du-general-abdourahamane-tchiani-chef-de-la-junte-nigerienne#respond\"]}]},{\"@type\":\"WebPage\",\"@id\":\"https:\/\/www.africa-press.net\/cotedivoire\/politique\/larmee-ivoirienne-denonce-les-graves-accusation-du-general-abdourahamane-tchiani-chef-de-la-junte-nigerienne\",\"url\":\"https:\/\/www.africa-press.net\/cotedivoire\/politique\/larmee-ivoirienne-denonce-les-graves-accusation-du-general-abdourahamane-tchiani-chef-de-la-junte-nigerienne\",\"name\":\"L'arm\u00e9e ivoirienne d\u00e9nonce les graves accusation du G\u00e9n\u00e9ral Abdourahamane Tchiani, chef de la junte Nig\u00e9rienne - C\u00f4te d&#039;Ivoire\",\"isPartOf\":{\"@id\":\"https:\/\/www.africa-press.net\/cotedivoire\/#website\"},\"primaryImageOfPage\":{\"@id\":\"https:\/\/www.africa-press.net\/cotedivoire\/politique\/larmee-ivoirienne-denonce-les-graves-accusation-du-general-abdourahamane-tchiani-chef-de-la-junte-nigerienne#primaryimage\"},\"image\":{\"@id\":\"https:\/\/www.africa-press.net\/cotedivoire\/politique\/larmee-ivoirienne-denonce-les-graves-accusation-du-general-abdourahamane-tchiani-chef-de-la-junte-nigerienne#primaryimage\"},\"thumbnailUrl\":\"https:\/\/static.africa-press.net\/cote\/sites\/43\/2024\/12\/sm_1735402296.842618.jpg\",\"datePublished\":\"2024-12-28T19:29:21+00:00\",\"dateModified\":\"2024-12-28T19:42:03+00:00\",\"author\":{\"@id\":\"https:\/\/www.africa-press.net\/cotedivoire\/#\/schema\/person\/2b1cf3cd81a31e3cd26889ca66d677f1\"},\"description\":\"A\u0300 travers un communique\u0301 en date de ce samedi 28 de\u0301cembre 2024 transmis a\u0300 KOACI, l'arme\u0301e ivoirienne a\u0300 travers son c ...\",\"breadcrumb\":{\"@id\":\"https:\/\/www.africa-press.net\/cotedivoire\/politique\/larmee-ivoirienne-denonce-les-graves-accusation-du-general-abdourahamane-tchiani-chef-de-la-junte-nigerienne#breadcrumb\"},\"inLanguage\":\"fr-FR\",\"potentialAction\":[{\"@type\":\"ReadAction\",\"target\":[\"https:\/\/www.africa-press.net\/cotedivoire\/politique\/larmee-ivoirienne-denonce-les-graves-accusation-du-general-abdourahamane-tchiani-chef-de-la-junte-nigerienne\"]}]},{\"@type\":\"ImageObject\",\"inLanguage\":\"fr-FR\",\"@id\":\"https:\/\/www.africa-press.net\/cotedivoire\/politique\/larmee-ivoirienne-denonce-les-graves-accusation-du-general-abdourahamane-tchiani-chef-de-la-junte-nigerienne#primaryimage\",\"url\":\"https:\/\/static.africa-press.net\/cote\/sites\/43\/2024\/12\/sm_1735402296.842618.jpg\",\"contentUrl\":\"https:\/\/static.africa-press.net\/cote\/sites\/43\/2024\/12\/sm_1735402296.842618.jpg\",\"width\":720,\"height\":508,\"caption\":\"L'arm\u00e9e ivoirienne d\u00e9nonce les graves accusation du G\u00e9n\u00e9ral Abdourahamane Tchiani, chef de la junte Nig\u00e9rienne\"},{\"@type\":\"BreadcrumbList\",\"@id\":\"https:\/\/www.africa-press.net\/cotedivoire\/politique\/larmee-ivoirienne-denonce-les-graves-accusation-du-general-abdourahamane-tchiani-chef-de-la-junte-nigerienne#breadcrumb\",\"itemListElement\":[{\"@type\":\"ListItem\",\"position\":1,\"name\":\"Accueil\",\"item\":\"https:\/\/www.africa-press.net\/cotedivoire\/\"},{\"@type\":\"ListItem\",\"position\":2,\"name\":\"L&#8217;arm\u00e9e ivoirienne d\u00e9nonce les graves accusation du G\u00e9n\u00e9ral Abdourahamane Tchiani, chef de la junte Nig\u00e9rienne\"}]},{\"@type\":\"WebSite\",\"@id\":\"https:\/\/www.africa-press.net\/cotedivoire\/#website\",\"url\":\"https:\/\/www.africa-press.net\/cotedivoire\/\",\"name\":\"C\u00f4te d&#039;Ivoire\",\"description\":\"Just another Africa News Agency Sites site\",\"potentialAction\":[{\"@type\":\"SearchAction\",\"target\":{\"@type\":\"EntryPoint\",\"urlTemplate\":\"https:\/\/www.africa-press.net\/cotedivoire\/?s={search_term_string}\"},\"query-input\":{\"@type\":\"PropertyValueSpecification\",\"valueRequired\":true,\"valueName\":\"search_term_string\"}}],\"inLanguage\":\"fr-FR\"},{\"@type\":\"Person\",\"@id\":\"https:\/\/www.africa-press.net\/cotedivoire\/#\/schema\/person\/2b1cf3cd81a31e3cd26889ca66d677f1\",\"name\":\"cfeditorfr\"}]}<\/script>\n<!-- \/ Yoast SEO Premium plugin. -->","yoast_head_json":{"title":"L'arm\u00e9e ivoirienne d\u00e9nonce les graves accusation du G\u00e9n\u00e9ral Abdourahamane Tchiani, chef de la junte Nig\u00e9rienne - C\u00f4te d&#039;Ivoire","description":"A\u0300 travers un communique\u0301 en date de ce samedi 28 de\u0301cembre 2024 transmis a\u0300 KOACI, l'arme\u0301e ivoirienne a\u0300 travers son c ...","robots":{"index":"index","follow":"follow","max-snippet":"max-snippet:-1","max-image-preview":"max-image-preview:large","max-video-preview":"max-video-preview:-1"},"canonical":"https:\/\/www.africa-press.net\/cotedivoire\/politique\/larmee-ivoirienne-denonce-les-graves-accusation-du-general-abdourahamane-tchiani-chef-de-la-junte-nigerienne","og_locale":"fr_FR","og_type":"article","og_title":"L'arm\u00e9e ivoirienne d\u00e9nonce les graves accusation du G\u00e9n\u00e9ral Abdourahamane Tchiani, chef de la junte Nig\u00e9rienne","og_description":"A\u0300 travers un communique\u0301 en date de ce samedi 28 de\u0301cembre 2024 transmis a\u0300 KOACI, l'arme\u0301e ivoirienne a\u0300 travers son c ...","og_url":"https:\/\/www.africa-press.net\/cotedivoire\/politique\/larmee-ivoirienne-denonce-les-graves-accusation-du-general-abdourahamane-tchiani-chef-de-la-junte-nigerienne","og_site_name":"C\u00f4te d&#039;Ivoire","article_published_time":"2024-12-28T19:29:21+00:00","article_modified_time":"2024-12-28T19:42:03+00:00","og_image":[{"width":720,"height":508,"url":"https:\/\/static.africa-press.net\/cote\/sites\/43\/2024\/12\/sm_1735402296.842618.jpg","type":"image\/jpeg"}],"author":"cfeditorfr","twitter_card":"summary_large_image","twitter_misc":{"\u00c9crit par":"cfeditorfr","Dur\u00e9e de lecture estim\u00e9e":"2 minutes"},"schema":{"@context":"https:\/\/schema.org","@graph":[{"@type":"Article","@id":"https:\/\/www.africa-press.net\/cotedivoire\/politique\/larmee-ivoirienne-denonce-les-graves-accusation-du-general-abdourahamane-tchiani-chef-de-la-junte-nigerienne#article","isPartOf":{"@id":"https:\/\/www.africa-press.net\/cotedivoire\/politique\/larmee-ivoirienne-denonce-les-graves-accusation-du-general-abdourahamane-tchiani-chef-de-la-junte-nigerienne"},"author":{"name":"cfeditorfr","@id":"https:\/\/www.africa-press.net\/cotedivoire\/#\/schema\/person\/2b1cf3cd81a31e3cd26889ca66d677f1"},"headline":"L&rsquo;arm\u00e9e ivoirienne d\u00e9nonce les graves accusation du G\u00e9n\u00e9ral Abdourahamane Tchiani, chef de la junte Nig\u00e9rienne","datePublished":"2024-12-28T19:29:21+00:00","dateModified":"2024-12-28T19:42:03+00:00","mainEntityOfPage":{"@id":"https:\/\/www.africa-press.net\/cotedivoire\/politique\/larmee-ivoirienne-denonce-les-graves-accusation-du-general-abdourahamane-tchiani-chef-de-la-junte-nigerienne"},"wordCount":442,"commentCount":0,"image":{"@id":"https:\/\/www.africa-press.net\/cotedivoire\/politique\/larmee-ivoirienne-denonce-les-graves-accusation-du-general-abdourahamane-tchiani-chef-de-la-junte-nigerienne#primaryimage"},"thumbnailUrl":"https:\/\/static.africa-press.net\/cote\/sites\/43\/2024\/12\/sm_1735402296.842618.jpg","keywords":["Abdourahamane Tchiani","Chef d\u2019Etat-Major G\u00e9n\u00e9ral des Arm\u00e9es","C\u00d4TE D'IVOIRE","g\u00e9n\u00e9ral","Lassina Doumbia"],"articleSection":["Politique","Toutes les actualit\u00e9s"],"inLanguage":"fr-FR","potentialAction":[{"@type":"CommentAction","name":"Comment","target":["https:\/\/www.africa-press.net\/cotedivoire\/politique\/larmee-ivoirienne-denonce-les-graves-accusation-du-general-abdourahamane-tchiani-chef-de-la-junte-nigerienne#respond"]}]},{"@type":"WebPage","@id":"https:\/\/www.africa-press.net\/cotedivoire\/politique\/larmee-ivoirienne-denonce-les-graves-accusation-du-general-abdourahamane-tchiani-chef-de-la-junte-nigerienne","url":"https:\/\/www.africa-press.net\/cotedivoire\/politique\/larmee-ivoirienne-denonce-les-graves-accusation-du-general-abdourahamane-tchiani-chef-de-la-junte-nigerienne","name":"L'arm\u00e9e ivoirienne d\u00e9nonce les graves accusation du G\u00e9n\u00e9ral Abdourahamane Tchiani, chef de la junte Nig\u00e9rienne - C\u00f4te d&#039;Ivoire","isPartOf":{"@id":"https:\/\/www.africa-press.net\/cotedivoire\/#website"},"primaryImageOfPage":{"@id":"https:\/\/www.africa-press.net\/cotedivoire\/politique\/larmee-ivoirienne-denonce-les-graves-accusation-du-general-abdourahamane-tchiani-chef-de-la-junte-nigerienne#primaryimage"},"image":{"@id":"https:\/\/www.africa-press.net\/cotedivoire\/politique\/larmee-ivoirienne-denonce-les-graves-accusation-du-general-abdourahamane-tchiani-chef-de-la-junte-nigerienne#primaryimage"},"thumbnailUrl":"https:\/\/static.africa-press.net\/cote\/sites\/43\/2024\/12\/sm_1735402296.842618.jpg","datePublished":"2024-12-28T19:29:21+00:00","dateModified":"2024-12-28T19:42:03+00:00","author":{"@id":"https:\/\/www.africa-press.net\/cotedivoire\/#\/schema\/person\/2b1cf3cd81a31e3cd26889ca66d677f1"},"description":"A\u0300 travers un communique\u0301 en date de ce samedi 28 de\u0301cembre 2024 transmis a\u0300 KOACI, l'arme\u0301e ivoirienne a\u0300 travers son c ...","breadcrumb":{"@id":"https:\/\/www.africa-press.net\/cotedivoire\/politique\/larmee-ivoirienne-denonce-les-graves-accusation-du-general-abdourahamane-tchiani-chef-de-la-junte-nigerienne#breadcrumb"},"inLanguage":"fr-FR","potentialAction":[{"@type":"ReadAction","target":["https:\/\/www.africa-press.net\/cotedivoire\/politique\/larmee-ivoirienne-denonce-les-graves-accusation-du-general-abdourahamane-tchiani-chef-de-la-junte-nigerienne"]}]},{"@type":"ImageObject","inLanguage":"fr-FR","@id":"https:\/\/www.africa-press.net\/cotedivoire\/politique\/larmee-ivoirienne-denonce-les-graves-accusation-du-general-abdourahamane-tchiani-chef-de-la-junte-nigerienne#primaryimage","url":"https:\/\/static.africa-press.net\/cote\/sites\/43\/2024\/12\/sm_1735402296.842618.jpg","contentUrl":"https:\/\/static.africa-press.net\/cote\/sites\/43\/2024\/12\/sm_1735402296.842618.jpg","width":720,"height":508,"caption":"L'arm\u00e9e ivoirienne d\u00e9nonce les graves accusation du G\u00e9n\u00e9ral Abdourahamane Tchiani, chef de la junte Nig\u00e9rienne"},{"@type":"BreadcrumbList","@id":"https:\/\/www.africa-press.net\/cotedivoire\/politique\/larmee-ivoirienne-denonce-les-graves-accusation-du-general-abdourahamane-tchiani-chef-de-la-junte-nigerienne#breadcrumb","itemListElement":[{"@type":"ListItem","position":1,"name":"Accueil","item":"https:\/\/www.africa-press.net\/cotedivoire\/"},{"@type":"ListItem","position":2,"name":"L&#8217;arm\u00e9e ivoirienne d\u00e9nonce les graves accusation du G\u00e9n\u00e9ral Abdourahamane Tchiani, chef de la junte Nig\u00e9rienne"}]},{"@type":"WebSite","@id":"https:\/\/www.africa-press.net\/cotedivoire\/#website","url":"https:\/\/www.africa-press.net\/cotedivoire\/","name":"C\u00f4te d&#039;Ivoire","description":"Just another Africa News Agency Sites site","potentialAction":[{"@type":"SearchAction","target":{"@type":"EntryPoint","urlTemplate":"https:\/\/www.africa-press.net\/cotedivoire\/?s={search_term_string}"},"query-input":{"@type":"PropertyValueSpecification","valueRequired":true,"valueName":"search_term_string"}}],"inLanguage":"fr-FR"},{"@type":"Person","@id":"https:\/\/www.africa-press.net\/cotedivoire\/#\/schema\/person\/2b1cf3cd81a31e3cd26889ca66d677f1","name":"cfeditorfr"}]}},"_links":{"self":[{"href":"https:\/\/www.africa-press.net\/cotedivoire\/wp-json\/wp\/v2\/posts\/93063","targetHints":{"allow":["GET"]}}],"collection":[{"href":"https:\/\/www.africa-press.net\/cotedivoire\/wp-json\/wp\/v2\/posts"}],"about":[{"href":"https:\/\/www.africa-press.net\/cotedivoire\/wp-json\/wp\/v2\/types\/post"}],"author":[{"embeddable":true,"href":"https:\/\/www.africa-press.net\/cotedivoire\/wp-json\/wp\/v2\/users\/82"}],"replies":[{"embeddable":true,"href":"https:\/\/www.africa-press.net\/cotedivoire\/wp-json\/wp\/v2\/comments?post=93063"}],"version-history":[{"count":0,"href":"https:\/\/www.africa-press.net\/cotedivoire\/wp-json\/wp\/v2\/posts\/93063\/revisions"}],"wp:featuredmedia":[{"embeddable":true,"href":"https:\/\/www.africa-press.net\/cotedivoire\/wp-json\/wp\/v2\/media\/93061"}],"wp:attachment":[{"href":"https:\/\/www.africa-press.net\/cotedivoire\/wp-json\/wp\/v2\/media?parent=93063"}],"wp:term":[{"taxonomy":"category","embeddable":true,"href":"https:\/\/www.africa-press.net\/cotedivoire\/wp-json\/wp\/v2\/categories?post=93063"},{"taxonomy":"post_tag","embeddable":true,"href":"https:\/\/www.africa-press.net\/cotedivoire\/wp-json\/wp\/v2\/tags?post=93063"}],"curies":[{"name":"wp","href":"https:\/\/api.w.org\/{rel}","templated":true}]}}