{"id":9318,"date":"2021-06-23T16:27:16","date_gmt":"2021-06-23T16:27:16","guid":{"rendered":"https:\/\/www.africa-press.net\/cotedivoire\/politique\/il-faut-sauver-la-foret-ivoirienne"},"modified":"2021-06-23T18:37:30","modified_gmt":"2021-06-23T18:37:30","slug":"il-faut-sauver-la-foret-ivoirienne","status":"publish","type":"post","link":"https:\/\/www.africa-press.net\/cotedivoire\/culture-et-art\/il-faut-sauver-la-foret-ivoirienne","title":{"rendered":"Il faut sauver la for\u00eat ivoirienne !"},"content":{"rendered":"<p><span style=\"color: #ff6600\"><strong><a href=\"https:\/\/www.africa-press.net\/\">Africa-Press<\/a> &#8211; <a href=\"https:\/\/www.africa-press.net\/cotedivoire\">C\u00f4te d&rsquo;Ivoire<\/a>. <\/strong><\/span>Culture de cacao intensive mais aussi d\u2019h\u00e9v\u00e9a, orpaillage et sciage de bois clandestins sont les principaux facteurs de d\u00e9forestation en C\u00f4te d\u2019Ivoire. Le pays a perdu 80 % de ses for\u00eats depuis les ann\u00e9es 1960. Face \u00e0 ce constat, le gouvernement s\u2019est engag\u00e9 \u00e0 \u00e9tendre la couverture foresti\u00e8re \u00e0 20 % du pays d\u2019ici 2030, contre 11 % en 2015 en plantant des millions d\u2019arbres, dont 50 millions en 2021.<\/p>\n<p>Il pr\u00e9voit \u00e9galement de renforcer la surveillance des for\u00eats, notamment en augmentant le contingent de son \u00ab arm\u00e9e verte \u00bb, la Brigade sp\u00e9ciale de surveillance et d\u2019intervention (BSSI) cr\u00e9\u00e9e en 2019 et op\u00e9rationnelle depuis ao\u00fbt 2020. Cependant, en d\u00e9pit de ses d\u00e9clarations de bonnes intentions, la C\u00f4te d\u2019Ivoire ne semble pas pr\u00eate \u00e0 renoncer \u00e0 sa premi\u00e8re place de producteur de cacao au monde pour sauver sa for\u00eat. L\u2019\u00e9quation arbre-cacao ne sera pas ais\u00e9e \u00e0 r\u00e9soudre.<\/p>\n","protected":false},"excerpt":{"rendered":"<p>Africa-Press &#8211; C\u00f4te d&rsquo;Ivoire. Culture de cacao intensive mais aussi d\u2019h\u00e9v\u00e9a, orpaillage et sciage de bois clandestins sont les principaux facteurs de d\u00e9forestation en C\u00f4te d\u2019Ivoire. Le pays a perdu 80 % de ses for\u00eats depuis les ann\u00e9es 1960. Face \u00e0 ce constat, le gouvernement s\u2019est engag\u00e9 \u00e0 \u00e9tendre la couverture foresti\u00e8re \u00e0 20 % [&hellip;]<\/p>\n","protected":false},"author":82,"featured_media":9317,"comment_status":"open","ping_status":"closed","sticky":false,"template":"","format":"standard","meta":{"footnotes":""},"categories":[5,11,20,10],"tags":[56,63,29],"class_list":["post-9318","post","type-post","status-publish","format-standard","has-post-thumbnail","hentry","category-culture-et-art","category-homepage-french","category-top-nouvelles","category-toutes-les-actualites","tag-africa-press","tag-africa-press-cote-divoire","tag-cote-divoire"],"yoast_head":"<!-- This site is optimized with the Yoast SEO Premium plugin v26.1 (Yoast SEO v27.0) - https:\/\/yoast.com\/product\/yoast-seo-premium-wordpress\/ -->\n<title>Il faut sauver la for\u00eat ivoirienne ! - C\u00f4te d&#039;Ivoire<\/title>\n<meta name=\"description\" content=\"Culture de cacao intensive mais aussi d\u2019h\u00e9v\u00e9a, orpaillage et sciage de bois clandestins sont les principaux facteurs de ...\" \/>\n<meta name=\"robots\" content=\"index, follow, max-snippet:-1, max-image-preview:large, max-video-preview:-1\" \/>\n<link rel=\"canonical\" href=\"https:\/\/www.africa-press.net\/cotedivoire\/culture-et-art\/il-faut-sauver-la-foret-ivoirienne\" \/>\n<meta property=\"og:locale\" content=\"fr_FR\" \/>\n<meta property=\"og:type\" content=\"article\" \/>\n<meta property=\"og:title\" content=\"Il faut sauver la for\u00eat ivoirienne !\" \/>\n<meta property=\"og:description\" content=\"Culture de cacao intensive mais aussi d\u2019h\u00e9v\u00e9a, orpaillage et sciage de bois clandestins sont les principaux facteurs de ...\" \/>\n<meta property=\"og:url\" content=\"https:\/\/www.africa-press.net\/cotedivoire\/culture-et-art\/il-faut-sauver-la-foret-ivoirienne\" \/>\n<meta property=\"og:site_name\" content=\"C\u00f4te d&#039;Ivoire\" \/>\n<meta property=\"article:published_time\" content=\"2021-06-23T16:27:16+00:00\" \/>\n<meta property=\"article:modified_time\" content=\"2021-06-23T18:37:30+00:00\" \/>\n<meta property=\"og:image\" content=\"https:\/\/static.africa-press.net\/cote\/sites\/43\/2021\/06\/img-60d360984a11c.jpg\" \/>\n\t<meta property=\"og:image:width\" content=\"1440\" \/>\n\t<meta property=\"og:image:height\" content=\"720\" \/>\n\t<meta property=\"og:image:type\" content=\"image\/jpeg\" \/>\n<meta name=\"author\" content=\"cfeditorfr\" \/>\n<meta name=\"twitter:card\" content=\"summary_large_image\" \/>\n<meta name=\"twitter:label1\" content=\"\u00c9crit par\" \/>\n\t<meta name=\"twitter:data1\" content=\"cfeditorfr\" \/>\n\t<meta name=\"twitter:label2\" content=\"Dur\u00e9e de lecture estim\u00e9e\" \/>\n\t<meta name=\"twitter:data2\" content=\"1 minute\" \/>\n<script type=\"application\/ld+json\" class=\"yoast-schema-graph\">{\"@context\":\"https:\/\/schema.org\",\"@graph\":[{\"@type\":\"Article\",\"@id\":\"https:\/\/www.africa-press.net\/cotedivoire\/culture-et-art\/il-faut-sauver-la-foret-ivoirienne#article\",\"isPartOf\":{\"@id\":\"https:\/\/www.africa-press.net\/cotedivoire\/culture-et-art\/il-faut-sauver-la-foret-ivoirienne\"},\"author\":{\"name\":\"cfeditorfr\",\"@id\":\"https:\/\/www.africa-press.net\/cotedivoire\/#\/schema\/person\/2b1cf3cd81a31e3cd26889ca66d677f1\"},\"headline\":\"Il faut sauver la for\u00eat ivoirienne !\",\"datePublished\":\"2021-06-23T16:27:16+00:00\",\"dateModified\":\"2021-06-23T18:37:30+00:00\",\"mainEntityOfPage\":{\"@id\":\"https:\/\/www.africa-press.net\/cotedivoire\/culture-et-art\/il-faut-sauver-la-foret-ivoirienne\"},\"wordCount\":168,\"commentCount\":0,\"image\":{\"@id\":\"https:\/\/www.africa-press.net\/cotedivoire\/culture-et-art\/il-faut-sauver-la-foret-ivoirienne#primaryimage\"},\"thumbnailUrl\":\"https:\/\/static.africa-press.net\/cote\/sites\/43\/2021\/06\/img-60d360984a11c.jpg\",\"keywords\":[\"Africa Press\",\"Africa Press-C\u00f4te d'Ivoire\",\"C\u00d4TE D'IVOIRE\"],\"articleSection\":[\"Culture et Art\",\"homepage-french\",\"Top Nouvelles\",\"Toutes les actualit\u00e9s\"],\"inLanguage\":\"fr-FR\",\"potentialAction\":[{\"@type\":\"CommentAction\",\"name\":\"Comment\",\"target\":[\"https:\/\/www.africa-press.net\/cotedivoire\/culture-et-art\/il-faut-sauver-la-foret-ivoirienne#respond\"]}]},{\"@type\":\"WebPage\",\"@id\":\"https:\/\/www.africa-press.net\/cotedivoire\/culture-et-art\/il-faut-sauver-la-foret-ivoirienne\",\"url\":\"https:\/\/www.africa-press.net\/cotedivoire\/culture-et-art\/il-faut-sauver-la-foret-ivoirienne\",\"name\":\"Il faut sauver la for\u00eat ivoirienne ! - C\u00f4te d&#039;Ivoire\",\"isPartOf\":{\"@id\":\"https:\/\/www.africa-press.net\/cotedivoire\/#website\"},\"primaryImageOfPage\":{\"@id\":\"https:\/\/www.africa-press.net\/cotedivoire\/culture-et-art\/il-faut-sauver-la-foret-ivoirienne#primaryimage\"},\"image\":{\"@id\":\"https:\/\/www.africa-press.net\/cotedivoire\/culture-et-art\/il-faut-sauver-la-foret-ivoirienne#primaryimage\"},\"thumbnailUrl\":\"https:\/\/static.africa-press.net\/cote\/sites\/43\/2021\/06\/img-60d360984a11c.jpg\",\"datePublished\":\"2021-06-23T16:27:16+00:00\",\"dateModified\":\"2021-06-23T18:37:30+00:00\",\"author\":{\"@id\":\"https:\/\/www.africa-press.net\/cotedivoire\/#\/schema\/person\/2b1cf3cd81a31e3cd26889ca66d677f1\"},\"description\":\"Culture de cacao intensive mais aussi d\u2019h\u00e9v\u00e9a, orpaillage et sciage de bois clandestins sont les principaux facteurs de ...\",\"breadcrumb\":{\"@id\":\"https:\/\/www.africa-press.net\/cotedivoire\/culture-et-art\/il-faut-sauver-la-foret-ivoirienne#breadcrumb\"},\"inLanguage\":\"fr-FR\",\"potentialAction\":[{\"@type\":\"ReadAction\",\"target\":[\"https:\/\/www.africa-press.net\/cotedivoire\/culture-et-art\/il-faut-sauver-la-foret-ivoirienne\"]}]},{\"@type\":\"ImageObject\",\"inLanguage\":\"fr-FR\",\"@id\":\"https:\/\/www.africa-press.net\/cotedivoire\/culture-et-art\/il-faut-sauver-la-foret-ivoirienne#primaryimage\",\"url\":\"https:\/\/static.africa-press.net\/cote\/sites\/43\/2021\/06\/img-60d360984a11c.jpg\",\"contentUrl\":\"https:\/\/static.africa-press.net\/cote\/sites\/43\/2021\/06\/img-60d360984a11c.jpg\",\"width\":1440,\"height\":720,\"caption\":\"Il faut sauver la for\u00eat ivoirienne !\"},{\"@type\":\"BreadcrumbList\",\"@id\":\"https:\/\/www.africa-press.net\/cotedivoire\/culture-et-art\/il-faut-sauver-la-foret-ivoirienne#breadcrumb\",\"itemListElement\":[{\"@type\":\"ListItem\",\"position\":1,\"name\":\"Accueil\",\"item\":\"https:\/\/www.africa-press.net\/cotedivoire\/\"},{\"@type\":\"ListItem\",\"position\":2,\"name\":\"Il faut sauver la for\u00eat ivoirienne !\"}]},{\"@type\":\"WebSite\",\"@id\":\"https:\/\/www.africa-press.net\/cotedivoire\/#website\",\"url\":\"https:\/\/www.africa-press.net\/cotedivoire\/\",\"name\":\"C\u00f4te d&#039;Ivoire\",\"description\":\"Just another Africa News Agency Sites site\",\"potentialAction\":[{\"@type\":\"SearchAction\",\"target\":{\"@type\":\"EntryPoint\",\"urlTemplate\":\"https:\/\/www.africa-press.net\/cotedivoire\/?s={search_term_string}\"},\"query-input\":{\"@type\":\"PropertyValueSpecification\",\"valueRequired\":true,\"valueName\":\"search_term_string\"}}],\"inLanguage\":\"fr-FR\"},{\"@type\":\"Person\",\"@id\":\"https:\/\/www.africa-press.net\/cotedivoire\/#\/schema\/person\/2b1cf3cd81a31e3cd26889ca66d677f1\",\"name\":\"cfeditorfr\"}]}<\/script>\n<!-- \/ Yoast SEO Premium plugin. -->","yoast_head_json":{"title":"Il faut sauver la for\u00eat ivoirienne ! - C\u00f4te d&#039;Ivoire","description":"Culture de cacao intensive mais aussi d\u2019h\u00e9v\u00e9a, orpaillage et sciage de bois clandestins sont les principaux facteurs de ...","robots":{"index":"index","follow":"follow","max-snippet":"max-snippet:-1","max-image-preview":"max-image-preview:large","max-video-preview":"max-video-preview:-1"},"canonical":"https:\/\/www.africa-press.net\/cotedivoire\/culture-et-art\/il-faut-sauver-la-foret-ivoirienne","og_locale":"fr_FR","og_type":"article","og_title":"Il faut sauver la for\u00eat ivoirienne !","og_description":"Culture de cacao intensive mais aussi d\u2019h\u00e9v\u00e9a, orpaillage et sciage de bois clandestins sont les principaux facteurs de ...","og_url":"https:\/\/www.africa-press.net\/cotedivoire\/culture-et-art\/il-faut-sauver-la-foret-ivoirienne","og_site_name":"C\u00f4te d&#039;Ivoire","article_published_time":"2021-06-23T16:27:16+00:00","article_modified_time":"2021-06-23T18:37:30+00:00","og_image":[{"width":1440,"height":720,"url":"https:\/\/static.africa-press.net\/cote\/sites\/43\/2021\/06\/img-60d360984a11c.jpg","type":"image\/jpeg"}],"author":"cfeditorfr","twitter_card":"summary_large_image","twitter_misc":{"\u00c9crit par":"cfeditorfr","Dur\u00e9e de lecture estim\u00e9e":"1 minute"},"schema":{"@context":"https:\/\/schema.org","@graph":[{"@type":"Article","@id":"https:\/\/www.africa-press.net\/cotedivoire\/culture-et-art\/il-faut-sauver-la-foret-ivoirienne#article","isPartOf":{"@id":"https:\/\/www.africa-press.net\/cotedivoire\/culture-et-art\/il-faut-sauver-la-foret-ivoirienne"},"author":{"name":"cfeditorfr","@id":"https:\/\/www.africa-press.net\/cotedivoire\/#\/schema\/person\/2b1cf3cd81a31e3cd26889ca66d677f1"},"headline":"Il faut sauver la for\u00eat ivoirienne !","datePublished":"2021-06-23T16:27:16+00:00","dateModified":"2021-06-23T18:37:30+00:00","mainEntityOfPage":{"@id":"https:\/\/www.africa-press.net\/cotedivoire\/culture-et-art\/il-faut-sauver-la-foret-ivoirienne"},"wordCount":168,"commentCount":0,"image":{"@id":"https:\/\/www.africa-press.net\/cotedivoire\/culture-et-art\/il-faut-sauver-la-foret-ivoirienne#primaryimage"},"thumbnailUrl":"https:\/\/static.africa-press.net\/cote\/sites\/43\/2021\/06\/img-60d360984a11c.jpg","keywords":["Africa Press","Africa Press-C\u00f4te d'Ivoire","C\u00d4TE D'IVOIRE"],"articleSection":["Culture et Art","homepage-french","Top Nouvelles","Toutes les actualit\u00e9s"],"inLanguage":"fr-FR","potentialAction":[{"@type":"CommentAction","name":"Comment","target":["https:\/\/www.africa-press.net\/cotedivoire\/culture-et-art\/il-faut-sauver-la-foret-ivoirienne#respond"]}]},{"@type":"WebPage","@id":"https:\/\/www.africa-press.net\/cotedivoire\/culture-et-art\/il-faut-sauver-la-foret-ivoirienne","url":"https:\/\/www.africa-press.net\/cotedivoire\/culture-et-art\/il-faut-sauver-la-foret-ivoirienne","name":"Il faut sauver la for\u00eat ivoirienne ! - C\u00f4te d&#039;Ivoire","isPartOf":{"@id":"https:\/\/www.africa-press.net\/cotedivoire\/#website"},"primaryImageOfPage":{"@id":"https:\/\/www.africa-press.net\/cotedivoire\/culture-et-art\/il-faut-sauver-la-foret-ivoirienne#primaryimage"},"image":{"@id":"https:\/\/www.africa-press.net\/cotedivoire\/culture-et-art\/il-faut-sauver-la-foret-ivoirienne#primaryimage"},"thumbnailUrl":"https:\/\/static.africa-press.net\/cote\/sites\/43\/2021\/06\/img-60d360984a11c.jpg","datePublished":"2021-06-23T16:27:16+00:00","dateModified":"2021-06-23T18:37:30+00:00","author":{"@id":"https:\/\/www.africa-press.net\/cotedivoire\/#\/schema\/person\/2b1cf3cd81a31e3cd26889ca66d677f1"},"description":"Culture de cacao intensive mais aussi d\u2019h\u00e9v\u00e9a, orpaillage et sciage de bois clandestins sont les principaux facteurs de ...","breadcrumb":{"@id":"https:\/\/www.africa-press.net\/cotedivoire\/culture-et-art\/il-faut-sauver-la-foret-ivoirienne#breadcrumb"},"inLanguage":"fr-FR","potentialAction":[{"@type":"ReadAction","target":["https:\/\/www.africa-press.net\/cotedivoire\/culture-et-art\/il-faut-sauver-la-foret-ivoirienne"]}]},{"@type":"ImageObject","inLanguage":"fr-FR","@id":"https:\/\/www.africa-press.net\/cotedivoire\/culture-et-art\/il-faut-sauver-la-foret-ivoirienne#primaryimage","url":"https:\/\/static.africa-press.net\/cote\/sites\/43\/2021\/06\/img-60d360984a11c.jpg","contentUrl":"https:\/\/static.africa-press.net\/cote\/sites\/43\/2021\/06\/img-60d360984a11c.jpg","width":1440,"height":720,"caption":"Il faut sauver la for\u00eat ivoirienne !"},{"@type":"BreadcrumbList","@id":"https:\/\/www.africa-press.net\/cotedivoire\/culture-et-art\/il-faut-sauver-la-foret-ivoirienne#breadcrumb","itemListElement":[{"@type":"ListItem","position":1,"name":"Accueil","item":"https:\/\/www.africa-press.net\/cotedivoire\/"},{"@type":"ListItem","position":2,"name":"Il faut sauver la for\u00eat ivoirienne !"}]},{"@type":"WebSite","@id":"https:\/\/www.africa-press.net\/cotedivoire\/#website","url":"https:\/\/www.africa-press.net\/cotedivoire\/","name":"C\u00f4te d&#039;Ivoire","description":"Just another Africa News Agency Sites site","potentialAction":[{"@type":"SearchAction","target":{"@type":"EntryPoint","urlTemplate":"https:\/\/www.africa-press.net\/cotedivoire\/?s={search_term_string}"},"query-input":{"@type":"PropertyValueSpecification","valueRequired":true,"valueName":"search_term_string"}}],"inLanguage":"fr-FR"},{"@type":"Person","@id":"https:\/\/www.africa-press.net\/cotedivoire\/#\/schema\/person\/2b1cf3cd81a31e3cd26889ca66d677f1","name":"cfeditorfr"}]}},"_links":{"self":[{"href":"https:\/\/www.africa-press.net\/cotedivoire\/wp-json\/wp\/v2\/posts\/9318","targetHints":{"allow":["GET"]}}],"collection":[{"href":"https:\/\/www.africa-press.net\/cotedivoire\/wp-json\/wp\/v2\/posts"}],"about":[{"href":"https:\/\/www.africa-press.net\/cotedivoire\/wp-json\/wp\/v2\/types\/post"}],"author":[{"embeddable":true,"href":"https:\/\/www.africa-press.net\/cotedivoire\/wp-json\/wp\/v2\/users\/82"}],"replies":[{"embeddable":true,"href":"https:\/\/www.africa-press.net\/cotedivoire\/wp-json\/wp\/v2\/comments?post=9318"}],"version-history":[{"count":0,"href":"https:\/\/www.africa-press.net\/cotedivoire\/wp-json\/wp\/v2\/posts\/9318\/revisions"}],"wp:featuredmedia":[{"embeddable":true,"href":"https:\/\/www.africa-press.net\/cotedivoire\/wp-json\/wp\/v2\/media\/9317"}],"wp:attachment":[{"href":"https:\/\/www.africa-press.net\/cotedivoire\/wp-json\/wp\/v2\/media?parent=9318"}],"wp:term":[{"taxonomy":"category","embeddable":true,"href":"https:\/\/www.africa-press.net\/cotedivoire\/wp-json\/wp\/v2\/categories?post=9318"},{"taxonomy":"post_tag","embeddable":true,"href":"https:\/\/www.africa-press.net\/cotedivoire\/wp-json\/wp\/v2\/tags?post=9318"}],"curies":[{"name":"wp","href":"https:\/\/api.w.org\/{rel}","templated":true}]}}