{"id":9321,"date":"2021-06-23T16:36:02","date_gmt":"2021-06-23T16:36:02","guid":{"rendered":"https:\/\/www.africa-press.net\/cotedivoire\/?p=9321"},"modified":"2021-06-23T18:37:40","modified_gmt":"2021-06-23T18:37:40","slug":"cote-divoire-lex-premier-ministre-guillaume-soro-condamne-a-la-prison-a-perpetuite-pour-atteinte-a-la-surete-de-letat","status":"publish","type":"post","link":"https:\/\/www.africa-press.net\/cotedivoire\/politique\/cote-divoire-lex-premier-ministre-guillaume-soro-condamne-a-la-prison-a-perpetuite-pour-atteinte-a-la-surete-de-letat","title":{"rendered":"l\u2019ex-premier ministre Guillaume Soro condamn\u00e9 \u00e0 la prison \u00e0 perp\u00e9tuit\u00e9 pour \u00ab\u00a0atteinte \u00e0 la s\u00fbret\u00e9 de l\u2019Etat\u00a0\u00bb"},"content":{"rendered":"<p><span style=\"color: #ff6600\"><strong><a href=\"https:\/\/www.africa-press.net\/\">Africa-Press<\/a> &#8211; <a href=\"https:\/\/www.africa-press.net\/cotedivoire\">C\u00f4te d&rsquo;Ivoire<\/a>. <\/strong><\/span>L\u2019ancien premier ministre ivoirien et ex-chef rebelle Guillaume Soro a \u00e9t\u00e9 condamn\u00e9 en son absence, mercredi 23 juin, \u00e0 Abidjan, \u00e0 la prison \u00e0 perp\u00e9tuit\u00e9 pour \u00ab atteinte \u00e0 la s\u00fbret\u00e9 de l\u2019Etat \u00bb pour des faits commis fin 2019.<\/p>\n<p>La cour d\u2019assises d\u2019Abidjan a suivi les r\u00e9quisitions du parquet, tout comme pour les principaux autres accus\u00e9s, Souleymane Kamagat\u00e9, ex-chef du protocole de M. Soro, Affoussy Bamba, ancienne ministre, et Tour\u00e9 Moussa, son ancien chef de la communication, condamn\u00e9s \u00e0 vingt ans de prison, a constat\u00e9 un journaliste de l\u2019AFP.<\/p>\n<p>Deux des fr\u00e8res de Guillaume Soro et son ancien bras droit, Alain Lobognon, ont eux \u00e9t\u00e9 condamn\u00e9s \u00e0 dix-sept mois de prison pour \u00ab troubles \u00e0 l\u2019ordre public \u00bb.<\/p>\n<p>La cour a \u00e9galement ordonn\u00e9 la confiscation des biens de Guillaume Soro et de ses 19 copr\u00e9venus, ainsi que la dissolution de son mouvement, G\u00e9n\u00e9rations et peuples solidaires (GPS), accus\u00e9 de se livrer \u00e0 \u00ab des actes subversifs \u00bb. Elle a ordonn\u00e9 aux condamn\u00e9s de payer solidairement 1 milliard de francs CFA (150 millions d\u2019euros) \u00e0 l\u2019Etat ivoirien.<\/p>\n<p><b>\u00ab Pour lui, ce sera la prison \u00e0 perp\u00e9tuit\u00e9 \u00bb<\/b><\/p>\n<p>, avait d\u00e9clar\u00e9 en octobre 2020 le pr\u00e9sident Alassane Ouattara au sujet de Guillaume Soro, son ancien alli\u00e9.<\/p>\n<p>L\u2019ex-premier ministre et ancien pr\u00e9sident de l\u2019Assembl\u00e9e nationale \u00e9tait accus\u00e9 d\u2019avoir foment\u00e9 avec ses partisans une \u00ab insurrection civile et militaire \u00bb visant \u00e0 renverser le pouvoir lors de son retour avort\u00e9 en C\u00f4te d\u2019Ivoire en d\u00e9cembre 2019, dix mois avant l\u2019\u00e9lection pr\u00e9sidentielle d\u2019octobre 2020.<\/p>\n<p><b>D\u00e9j\u00e0 condamn\u00e9<\/b><\/p>\n<p>Guillaume Soro, 49 ans, qui vit en exil, et ses coaccus\u00e9s \u00e9taient accus\u00e9s de \u00ab complot \u00bb, \u00ab tentative d\u2019atteinte contre l\u2019autorit\u00e9 de l\u2019Etat \u00bb ainsi que de \u00ab diffusion et publication de nouvelles fausses jetant le discr\u00e9dit sur les institutions et leur fonctionnement, ayant entra\u00een\u00e9 une atteinte au moral des populations \u00bb.<\/p>\n<p>Chef de la r\u00e9bellion qui contr\u00f4lait la moiti\u00e9 nord de la C\u00f4te d\u2019Ivoire dans les ann\u00e9es 2000, Guillaume Soro avait aid\u00e9 militairement Alassane Ouattara \u00e0 acc\u00e9der au pouvoir lors de la crise post-\u00e9lectorale de 2010-2011 face au pr\u00e9sident sortant Laurent Gbagbo, qui refusait d\u2019admettre sa d\u00e9faite dans les urnes.<\/p>\n<p>Apr\u00e8s la victoire, M. Soro \u00e9tait devenu le premier chef du gouvernement de M. Ouattara, puis avait \u00e9t\u00e9 nomm\u00e9 en 2012 pr\u00e9sidents de l\u2019Assemble nationale, poste qu\u2019il a occup\u00e9 jusqu\u2019en 2019.<\/p>\n<p>Mais les deux hommes se sont peu \u00e0 peu brouill\u00e9s, jusqu\u2019\u00e0 la rupture consomm\u00e9e d\u00e9but 2019, en raison, selon les observateurs, des ambitions pr\u00e9sidentielles de M. Soro.<\/p>\n<p>En avril 2020, M. Soro avait d\u00e9j\u00e0 \u00e9t\u00e9 condamn\u00e9 \u00e0 vingt ans de prison pour \u00ab recel de d\u00e9tournement de deniers publics \u00bb apr\u00e8s avoir tent\u00e9, selon la justice, de s\u2019approprier une r\u00e9sidence achet\u00e9e par l\u2019Etat pour le loger lorsqu\u2019il \u00e9tait premier ministre. Cette condamnation avait justifi\u00e9 l\u2019invalidation quelques mois plus tard de sa candidature \u00e0 la pr\u00e9sidentielle.<\/p>\n","protected":false},"excerpt":{"rendered":"<p>Africa-Press &#8211; C\u00f4te d&rsquo;Ivoire. L\u2019ancien premier ministre ivoirien et ex-chef rebelle Guillaume Soro a \u00e9t\u00e9 condamn\u00e9 en son absence, mercredi 23 juin, \u00e0 Abidjan, \u00e0 la prison \u00e0 perp\u00e9tuit\u00e9 pour \u00ab atteinte \u00e0 la s\u00fbret\u00e9 de l\u2019Etat \u00bb pour des faits commis fin 2019. La cour d\u2019assises d\u2019Abidjan a suivi les r\u00e9quisitions du parquet, tout [&hellip;]<\/p>\n","protected":false},"author":82,"featured_media":9320,"comment_status":"open","ping_status":"closed","sticky":false,"template":"","format":"standard","meta":{"footnotes":""},"categories":[11,2,20,10],"tags":[56,63,29],"class_list":["post-9321","post","type-post","status-publish","format-standard","has-post-thumbnail","hentry","category-homepage-french","category-politique","category-top-nouvelles","category-toutes-les-actualites","tag-africa-press","tag-africa-press-cote-divoire","tag-cote-divoire"],"yoast_head":"<!-- This site is optimized with the Yoast SEO Premium plugin v26.1 (Yoast SEO v27.0) - https:\/\/yoast.com\/product\/yoast-seo-premium-wordpress\/ -->\n<title>l\u2019ex-premier ministre Guillaume Soro condamn\u00e9 \u00e0 la prison \u00e0 perp\u00e9tuit\u00e9 pour \u00ab\u00a0atteinte \u00e0 la s\u00fbret\u00e9 de l\u2019Etat\u00a0\u00bb - C\u00f4te d&#039;Ivoire<\/title>\n<meta name=\"description\" content=\"L\u2019ancien premier ministre ivoirien et ex-chef rebelle Guillaume Soro a \u00e9t\u00e9 condamn\u00e9 en son absence, mercredi 23 juin, \u00e0 ...\" \/>\n<meta name=\"robots\" content=\"index, follow, max-snippet:-1, max-image-preview:large, max-video-preview:-1\" \/>\n<link rel=\"canonical\" href=\"https:\/\/www.africa-press.net\/cotedivoire\/politique\/cote-divoire-lex-premier-ministre-guillaume-soro-condamne-a-la-prison-a-perpetuite-pour-atteinte-a-la-surete-de-letat\" \/>\n<meta property=\"og:locale\" content=\"fr_FR\" \/>\n<meta property=\"og:type\" content=\"article\" \/>\n<meta property=\"og:title\" content=\"l\u2019ex-premier ministre Guillaume Soro condamn\u00e9 \u00e0 la prison \u00e0 perp\u00e9tuit\u00e9 pour \u00ab\u00a0atteinte \u00e0 la s\u00fbret\u00e9 de l\u2019Etat\u00a0\u00bb\" \/>\n<meta property=\"og:description\" content=\"L\u2019ancien premier ministre ivoirien et ex-chef rebelle Guillaume Soro a \u00e9t\u00e9 condamn\u00e9 en son absence, mercredi 23 juin, \u00e0 ...\" \/>\n<meta property=\"og:url\" content=\"https:\/\/www.africa-press.net\/cotedivoire\/politique\/cote-divoire-lex-premier-ministre-guillaume-soro-condamne-a-la-prison-a-perpetuite-pour-atteinte-a-la-surete-de-letat\" \/>\n<meta property=\"og:site_name\" content=\"C\u00f4te d&#039;Ivoire\" \/>\n<meta property=\"article:published_time\" content=\"2021-06-23T16:36:02+00:00\" \/>\n<meta property=\"article:modified_time\" content=\"2021-06-23T18:37:40+00:00\" \/>\n<meta property=\"og:image\" content=\"https:\/\/static.africa-press.net\/cote\/sites\/43\/2021\/06\/img-60d360c7cdf0c.jpg\" \/>\n\t<meta property=\"og:image:width\" content=\"1440\" \/>\n\t<meta property=\"og:image:height\" content=\"720\" \/>\n\t<meta property=\"og:image:type\" content=\"image\/jpeg\" \/>\n<meta name=\"author\" content=\"cfeditorfr\" \/>\n<meta name=\"twitter:card\" content=\"summary_large_image\" \/>\n<meta name=\"twitter:label1\" content=\"\u00c9crit par\" \/>\n\t<meta name=\"twitter:data1\" content=\"cfeditorfr\" \/>\n\t<meta name=\"twitter:label2\" content=\"Dur\u00e9e de lecture estim\u00e9e\" \/>\n\t<meta name=\"twitter:data2\" content=\"2 minutes\" \/>\n<script type=\"application\/ld+json\" class=\"yoast-schema-graph\">{\"@context\":\"https:\/\/schema.org\",\"@graph\":[{\"@type\":\"Article\",\"@id\":\"https:\/\/www.africa-press.net\/cotedivoire\/politique\/cote-divoire-lex-premier-ministre-guillaume-soro-condamne-a-la-prison-a-perpetuite-pour-atteinte-a-la-surete-de-letat#article\",\"isPartOf\":{\"@id\":\"https:\/\/www.africa-press.net\/cotedivoire\/politique\/cote-divoire-lex-premier-ministre-guillaume-soro-condamne-a-la-prison-a-perpetuite-pour-atteinte-a-la-surete-de-letat\"},\"author\":{\"name\":\"cfeditorfr\",\"@id\":\"https:\/\/www.africa-press.net\/cotedivoire\/#\/schema\/person\/2b1cf3cd81a31e3cd26889ca66d677f1\"},\"headline\":\"l\u2019ex-premier ministre Guillaume Soro condamn\u00e9 \u00e0 la prison \u00e0 perp\u00e9tuit\u00e9 pour \u00ab\u00a0atteinte \u00e0 la s\u00fbret\u00e9 de l\u2019Etat\u00a0\u00bb\",\"datePublished\":\"2021-06-23T16:36:02+00:00\",\"dateModified\":\"2021-06-23T18:37:40+00:00\",\"mainEntityOfPage\":{\"@id\":\"https:\/\/www.africa-press.net\/cotedivoire\/politique\/cote-divoire-lex-premier-ministre-guillaume-soro-condamne-a-la-prison-a-perpetuite-pour-atteinte-a-la-surete-de-letat\"},\"wordCount\":516,\"commentCount\":0,\"image\":{\"@id\":\"https:\/\/www.africa-press.net\/cotedivoire\/politique\/cote-divoire-lex-premier-ministre-guillaume-soro-condamne-a-la-prison-a-perpetuite-pour-atteinte-a-la-surete-de-letat#primaryimage\"},\"thumbnailUrl\":\"https:\/\/static.africa-press.net\/cote\/sites\/43\/2021\/06\/img-60d360c7cdf0c.jpg\",\"keywords\":[\"Africa Press\",\"Africa Press-C\u00f4te d'Ivoire\",\"C\u00d4TE D'IVOIRE\"],\"articleSection\":[\"homepage-french\",\"Politique\",\"Top Nouvelles\",\"Toutes les actualit\u00e9s\"],\"inLanguage\":\"fr-FR\",\"potentialAction\":[{\"@type\":\"CommentAction\",\"name\":\"Comment\",\"target\":[\"https:\/\/www.africa-press.net\/cotedivoire\/politique\/cote-divoire-lex-premier-ministre-guillaume-soro-condamne-a-la-prison-a-perpetuite-pour-atteinte-a-la-surete-de-letat#respond\"]}]},{\"@type\":\"WebPage\",\"@id\":\"https:\/\/www.africa-press.net\/cotedivoire\/politique\/cote-divoire-lex-premier-ministre-guillaume-soro-condamne-a-la-prison-a-perpetuite-pour-atteinte-a-la-surete-de-letat\",\"url\":\"https:\/\/www.africa-press.net\/cotedivoire\/politique\/cote-divoire-lex-premier-ministre-guillaume-soro-condamne-a-la-prison-a-perpetuite-pour-atteinte-a-la-surete-de-letat\",\"name\":\"l\u2019ex-premier ministre Guillaume Soro condamn\u00e9 \u00e0 la prison \u00e0 perp\u00e9tuit\u00e9 pour \u00ab\u00a0atteinte \u00e0 la s\u00fbret\u00e9 de l\u2019Etat\u00a0\u00bb - C\u00f4te d&#039;Ivoire\",\"isPartOf\":{\"@id\":\"https:\/\/www.africa-press.net\/cotedivoire\/#website\"},\"primaryImageOfPage\":{\"@id\":\"https:\/\/www.africa-press.net\/cotedivoire\/politique\/cote-divoire-lex-premier-ministre-guillaume-soro-condamne-a-la-prison-a-perpetuite-pour-atteinte-a-la-surete-de-letat#primaryimage\"},\"image\":{\"@id\":\"https:\/\/www.africa-press.net\/cotedivoire\/politique\/cote-divoire-lex-premier-ministre-guillaume-soro-condamne-a-la-prison-a-perpetuite-pour-atteinte-a-la-surete-de-letat#primaryimage\"},\"thumbnailUrl\":\"https:\/\/static.africa-press.net\/cote\/sites\/43\/2021\/06\/img-60d360c7cdf0c.jpg\",\"datePublished\":\"2021-06-23T16:36:02+00:00\",\"dateModified\":\"2021-06-23T18:37:40+00:00\",\"author\":{\"@id\":\"https:\/\/www.africa-press.net\/cotedivoire\/#\/schema\/person\/2b1cf3cd81a31e3cd26889ca66d677f1\"},\"description\":\"L\u2019ancien premier ministre ivoirien et ex-chef rebelle Guillaume Soro a \u00e9t\u00e9 condamn\u00e9 en son absence, mercredi 23 juin, \u00e0 ...\",\"breadcrumb\":{\"@id\":\"https:\/\/www.africa-press.net\/cotedivoire\/politique\/cote-divoire-lex-premier-ministre-guillaume-soro-condamne-a-la-prison-a-perpetuite-pour-atteinte-a-la-surete-de-letat#breadcrumb\"},\"inLanguage\":\"fr-FR\",\"potentialAction\":[{\"@type\":\"ReadAction\",\"target\":[\"https:\/\/www.africa-press.net\/cotedivoire\/politique\/cote-divoire-lex-premier-ministre-guillaume-soro-condamne-a-la-prison-a-perpetuite-pour-atteinte-a-la-surete-de-letat\"]}]},{\"@type\":\"ImageObject\",\"inLanguage\":\"fr-FR\",\"@id\":\"https:\/\/www.africa-press.net\/cotedivoire\/politique\/cote-divoire-lex-premier-ministre-guillaume-soro-condamne-a-la-prison-a-perpetuite-pour-atteinte-a-la-surete-de-letat#primaryimage\",\"url\":\"https:\/\/static.africa-press.net\/cote\/sites\/43\/2021\/06\/img-60d360c7cdf0c.jpg\",\"contentUrl\":\"https:\/\/static.africa-press.net\/cote\/sites\/43\/2021\/06\/img-60d360c7cdf0c.jpg\",\"width\":1440,\"height\":720,\"caption\":\"C\u00f4te d\u2019Ivoire\u00a0: l\u2019ex-premier ministre Guillaume Soro condamn\u00e9 \u00e0 la prison \u00e0 perp\u00e9tuit\u00e9 pour \u00ab\u00a0atteinte \u00e0 la s\u00fbret\u00e9 de l\u2019Etat\u00a0\u00bb\"},{\"@type\":\"BreadcrumbList\",\"@id\":\"https:\/\/www.africa-press.net\/cotedivoire\/politique\/cote-divoire-lex-premier-ministre-guillaume-soro-condamne-a-la-prison-a-perpetuite-pour-atteinte-a-la-surete-de-letat#breadcrumb\",\"itemListElement\":[{\"@type\":\"ListItem\",\"position\":1,\"name\":\"Accueil\",\"item\":\"https:\/\/www.africa-press.net\/cotedivoire\/\"},{\"@type\":\"ListItem\",\"position\":2,\"name\":\"l\u2019ex-premier ministre Guillaume Soro condamn\u00e9 \u00e0 la prison \u00e0 perp\u00e9tuit\u00e9 pour \u00ab\u00a0atteinte \u00e0 la s\u00fbret\u00e9 de l\u2019Etat\u00a0\u00bb\"}]},{\"@type\":\"WebSite\",\"@id\":\"https:\/\/www.africa-press.net\/cotedivoire\/#website\",\"url\":\"https:\/\/www.africa-press.net\/cotedivoire\/\",\"name\":\"C\u00f4te d&#039;Ivoire\",\"description\":\"Just another Africa News Agency Sites site\",\"potentialAction\":[{\"@type\":\"SearchAction\",\"target\":{\"@type\":\"EntryPoint\",\"urlTemplate\":\"https:\/\/www.africa-press.net\/cotedivoire\/?s={search_term_string}\"},\"query-input\":{\"@type\":\"PropertyValueSpecification\",\"valueRequired\":true,\"valueName\":\"search_term_string\"}}],\"inLanguage\":\"fr-FR\"},{\"@type\":\"Person\",\"@id\":\"https:\/\/www.africa-press.net\/cotedivoire\/#\/schema\/person\/2b1cf3cd81a31e3cd26889ca66d677f1\",\"name\":\"cfeditorfr\"}]}<\/script>\n<!-- \/ Yoast SEO Premium plugin. -->","yoast_head_json":{"title":"l\u2019ex-premier ministre Guillaume Soro condamn\u00e9 \u00e0 la prison \u00e0 perp\u00e9tuit\u00e9 pour \u00ab\u00a0atteinte \u00e0 la s\u00fbret\u00e9 de l\u2019Etat\u00a0\u00bb - C\u00f4te d&#039;Ivoire","description":"L\u2019ancien premier ministre ivoirien et ex-chef rebelle Guillaume Soro a \u00e9t\u00e9 condamn\u00e9 en son absence, mercredi 23 juin, \u00e0 ...","robots":{"index":"index","follow":"follow","max-snippet":"max-snippet:-1","max-image-preview":"max-image-preview:large","max-video-preview":"max-video-preview:-1"},"canonical":"https:\/\/www.africa-press.net\/cotedivoire\/politique\/cote-divoire-lex-premier-ministre-guillaume-soro-condamne-a-la-prison-a-perpetuite-pour-atteinte-a-la-surete-de-letat","og_locale":"fr_FR","og_type":"article","og_title":"l\u2019ex-premier ministre Guillaume Soro condamn\u00e9 \u00e0 la prison \u00e0 perp\u00e9tuit\u00e9 pour \u00ab\u00a0atteinte \u00e0 la s\u00fbret\u00e9 de l\u2019Etat\u00a0\u00bb","og_description":"L\u2019ancien premier ministre ivoirien et ex-chef rebelle Guillaume Soro a \u00e9t\u00e9 condamn\u00e9 en son absence, mercredi 23 juin, \u00e0 ...","og_url":"https:\/\/www.africa-press.net\/cotedivoire\/politique\/cote-divoire-lex-premier-ministre-guillaume-soro-condamne-a-la-prison-a-perpetuite-pour-atteinte-a-la-surete-de-letat","og_site_name":"C\u00f4te d&#039;Ivoire","article_published_time":"2021-06-23T16:36:02+00:00","article_modified_time":"2021-06-23T18:37:40+00:00","og_image":[{"width":1440,"height":720,"url":"https:\/\/static.africa-press.net\/cote\/sites\/43\/2021\/06\/img-60d360c7cdf0c.jpg","type":"image\/jpeg"}],"author":"cfeditorfr","twitter_card":"summary_large_image","twitter_misc":{"\u00c9crit par":"cfeditorfr","Dur\u00e9e de lecture estim\u00e9e":"2 minutes"},"schema":{"@context":"https:\/\/schema.org","@graph":[{"@type":"Article","@id":"https:\/\/www.africa-press.net\/cotedivoire\/politique\/cote-divoire-lex-premier-ministre-guillaume-soro-condamne-a-la-prison-a-perpetuite-pour-atteinte-a-la-surete-de-letat#article","isPartOf":{"@id":"https:\/\/www.africa-press.net\/cotedivoire\/politique\/cote-divoire-lex-premier-ministre-guillaume-soro-condamne-a-la-prison-a-perpetuite-pour-atteinte-a-la-surete-de-letat"},"author":{"name":"cfeditorfr","@id":"https:\/\/www.africa-press.net\/cotedivoire\/#\/schema\/person\/2b1cf3cd81a31e3cd26889ca66d677f1"},"headline":"l\u2019ex-premier ministre Guillaume Soro condamn\u00e9 \u00e0 la prison \u00e0 perp\u00e9tuit\u00e9 pour \u00ab\u00a0atteinte \u00e0 la s\u00fbret\u00e9 de l\u2019Etat\u00a0\u00bb","datePublished":"2021-06-23T16:36:02+00:00","dateModified":"2021-06-23T18:37:40+00:00","mainEntityOfPage":{"@id":"https:\/\/www.africa-press.net\/cotedivoire\/politique\/cote-divoire-lex-premier-ministre-guillaume-soro-condamne-a-la-prison-a-perpetuite-pour-atteinte-a-la-surete-de-letat"},"wordCount":516,"commentCount":0,"image":{"@id":"https:\/\/www.africa-press.net\/cotedivoire\/politique\/cote-divoire-lex-premier-ministre-guillaume-soro-condamne-a-la-prison-a-perpetuite-pour-atteinte-a-la-surete-de-letat#primaryimage"},"thumbnailUrl":"https:\/\/static.africa-press.net\/cote\/sites\/43\/2021\/06\/img-60d360c7cdf0c.jpg","keywords":["Africa Press","Africa Press-C\u00f4te d'Ivoire","C\u00d4TE D'IVOIRE"],"articleSection":["homepage-french","Politique","Top Nouvelles","Toutes les actualit\u00e9s"],"inLanguage":"fr-FR","potentialAction":[{"@type":"CommentAction","name":"Comment","target":["https:\/\/www.africa-press.net\/cotedivoire\/politique\/cote-divoire-lex-premier-ministre-guillaume-soro-condamne-a-la-prison-a-perpetuite-pour-atteinte-a-la-surete-de-letat#respond"]}]},{"@type":"WebPage","@id":"https:\/\/www.africa-press.net\/cotedivoire\/politique\/cote-divoire-lex-premier-ministre-guillaume-soro-condamne-a-la-prison-a-perpetuite-pour-atteinte-a-la-surete-de-letat","url":"https:\/\/www.africa-press.net\/cotedivoire\/politique\/cote-divoire-lex-premier-ministre-guillaume-soro-condamne-a-la-prison-a-perpetuite-pour-atteinte-a-la-surete-de-letat","name":"l\u2019ex-premier ministre Guillaume Soro condamn\u00e9 \u00e0 la prison \u00e0 perp\u00e9tuit\u00e9 pour \u00ab\u00a0atteinte \u00e0 la s\u00fbret\u00e9 de l\u2019Etat\u00a0\u00bb - C\u00f4te d&#039;Ivoire","isPartOf":{"@id":"https:\/\/www.africa-press.net\/cotedivoire\/#website"},"primaryImageOfPage":{"@id":"https:\/\/www.africa-press.net\/cotedivoire\/politique\/cote-divoire-lex-premier-ministre-guillaume-soro-condamne-a-la-prison-a-perpetuite-pour-atteinte-a-la-surete-de-letat#primaryimage"},"image":{"@id":"https:\/\/www.africa-press.net\/cotedivoire\/politique\/cote-divoire-lex-premier-ministre-guillaume-soro-condamne-a-la-prison-a-perpetuite-pour-atteinte-a-la-surete-de-letat#primaryimage"},"thumbnailUrl":"https:\/\/static.africa-press.net\/cote\/sites\/43\/2021\/06\/img-60d360c7cdf0c.jpg","datePublished":"2021-06-23T16:36:02+00:00","dateModified":"2021-06-23T18:37:40+00:00","author":{"@id":"https:\/\/www.africa-press.net\/cotedivoire\/#\/schema\/person\/2b1cf3cd81a31e3cd26889ca66d677f1"},"description":"L\u2019ancien premier ministre ivoirien et ex-chef rebelle Guillaume Soro a \u00e9t\u00e9 condamn\u00e9 en son absence, mercredi 23 juin, \u00e0 ...","breadcrumb":{"@id":"https:\/\/www.africa-press.net\/cotedivoire\/politique\/cote-divoire-lex-premier-ministre-guillaume-soro-condamne-a-la-prison-a-perpetuite-pour-atteinte-a-la-surete-de-letat#breadcrumb"},"inLanguage":"fr-FR","potentialAction":[{"@type":"ReadAction","target":["https:\/\/www.africa-press.net\/cotedivoire\/politique\/cote-divoire-lex-premier-ministre-guillaume-soro-condamne-a-la-prison-a-perpetuite-pour-atteinte-a-la-surete-de-letat"]}]},{"@type":"ImageObject","inLanguage":"fr-FR","@id":"https:\/\/www.africa-press.net\/cotedivoire\/politique\/cote-divoire-lex-premier-ministre-guillaume-soro-condamne-a-la-prison-a-perpetuite-pour-atteinte-a-la-surete-de-letat#primaryimage","url":"https:\/\/static.africa-press.net\/cote\/sites\/43\/2021\/06\/img-60d360c7cdf0c.jpg","contentUrl":"https:\/\/static.africa-press.net\/cote\/sites\/43\/2021\/06\/img-60d360c7cdf0c.jpg","width":1440,"height":720,"caption":"C\u00f4te d\u2019Ivoire\u00a0: l\u2019ex-premier ministre Guillaume Soro condamn\u00e9 \u00e0 la prison \u00e0 perp\u00e9tuit\u00e9 pour \u00ab\u00a0atteinte \u00e0 la s\u00fbret\u00e9 de l\u2019Etat\u00a0\u00bb"},{"@type":"BreadcrumbList","@id":"https:\/\/www.africa-press.net\/cotedivoire\/politique\/cote-divoire-lex-premier-ministre-guillaume-soro-condamne-a-la-prison-a-perpetuite-pour-atteinte-a-la-surete-de-letat#breadcrumb","itemListElement":[{"@type":"ListItem","position":1,"name":"Accueil","item":"https:\/\/www.africa-press.net\/cotedivoire\/"},{"@type":"ListItem","position":2,"name":"l\u2019ex-premier ministre Guillaume Soro condamn\u00e9 \u00e0 la prison \u00e0 perp\u00e9tuit\u00e9 pour \u00ab\u00a0atteinte \u00e0 la s\u00fbret\u00e9 de l\u2019Etat\u00a0\u00bb"}]},{"@type":"WebSite","@id":"https:\/\/www.africa-press.net\/cotedivoire\/#website","url":"https:\/\/www.africa-press.net\/cotedivoire\/","name":"C\u00f4te d&#039;Ivoire","description":"Just another Africa News Agency Sites site","potentialAction":[{"@type":"SearchAction","target":{"@type":"EntryPoint","urlTemplate":"https:\/\/www.africa-press.net\/cotedivoire\/?s={search_term_string}"},"query-input":{"@type":"PropertyValueSpecification","valueRequired":true,"valueName":"search_term_string"}}],"inLanguage":"fr-FR"},{"@type":"Person","@id":"https:\/\/www.africa-press.net\/cotedivoire\/#\/schema\/person\/2b1cf3cd81a31e3cd26889ca66d677f1","name":"cfeditorfr"}]}},"_links":{"self":[{"href":"https:\/\/www.africa-press.net\/cotedivoire\/wp-json\/wp\/v2\/posts\/9321","targetHints":{"allow":["GET"]}}],"collection":[{"href":"https:\/\/www.africa-press.net\/cotedivoire\/wp-json\/wp\/v2\/posts"}],"about":[{"href":"https:\/\/www.africa-press.net\/cotedivoire\/wp-json\/wp\/v2\/types\/post"}],"author":[{"embeddable":true,"href":"https:\/\/www.africa-press.net\/cotedivoire\/wp-json\/wp\/v2\/users\/82"}],"replies":[{"embeddable":true,"href":"https:\/\/www.africa-press.net\/cotedivoire\/wp-json\/wp\/v2\/comments?post=9321"}],"version-history":[{"count":0,"href":"https:\/\/www.africa-press.net\/cotedivoire\/wp-json\/wp\/v2\/posts\/9321\/revisions"}],"wp:featuredmedia":[{"embeddable":true,"href":"https:\/\/www.africa-press.net\/cotedivoire\/wp-json\/wp\/v2\/media\/9320"}],"wp:attachment":[{"href":"https:\/\/www.africa-press.net\/cotedivoire\/wp-json\/wp\/v2\/media?parent=9321"}],"wp:term":[{"taxonomy":"category","embeddable":true,"href":"https:\/\/www.africa-press.net\/cotedivoire\/wp-json\/wp\/v2\/categories?post=9321"},{"taxonomy":"post_tag","embeddable":true,"href":"https:\/\/www.africa-press.net\/cotedivoire\/wp-json\/wp\/v2\/tags?post=9321"}],"curies":[{"name":"wp","href":"https:\/\/api.w.org\/{rel}","templated":true}]}}