{"id":93218,"date":"2025-01-02T19:16:08","date_gmt":"2025-01-02T19:16:08","guid":{"rendered":"https:\/\/www.africa-press.net\/cotedivoire\/politique\/alassane-ouattara-prolonge-dun-an-huit-prefets-a-titre-exceptionnel"},"modified":"2025-01-02T19:41:33","modified_gmt":"2025-01-02T19:41:33","slug":"alassane-ouattara-prolonge-dun-an-huit-prefets-a-titre-exceptionnel","status":"publish","type":"post","link":"https:\/\/www.africa-press.net\/cotedivoire\/politique\/alassane-ouattara-prolonge-dun-an-huit-prefets-a-titre-exceptionnel","title":{"rendered":"Alassane Ouattara prolonge d&rsquo;un an huit pr\u00e9fets \u00ab \u00e0 titre exceptionnel \u00bb"},"content":{"rendered":"<p><span style=\"color: #ff6600\"><strong>Africa-Press &#8211; C\u00f4te d&rsquo;Ivoire. <\/strong><\/span>Dans un de\u0301cret en date du 26 de\u0301cembre 2024, Alassane Ouattara a prolonge\u0301 d&rsquo;un an, a\u0300 titre exceptionnel, huit pre\u0301fets.<\/p>\n<p>Sont maintenus en activite\u0301, a\u0300 titre exceptionnel, pour une pe\u0301riode d&rsquo;un (01) an a\u0300 compter du 1er janvier 2025, les membres du Corps Pre\u0301fectoral dont les noms suivent:<\/p>\n<p>&#8211; TUO Fozie\u0301, Matricule 417 455 L, Hors Grade, 3e e\u0301chelon ;<\/p>\n<p>&#8211; COULIBALY Ousmane, Matricule 417 452 R, Hors Grade, 3e e\u0301chelon ;<\/p>\n<p>&#8211; EKPONON Assomou Andre\u0301, Matricule 127 315 L, Hors Grade, 3\u00b0 e\u0301chelon ;<\/p>\n<p>&#8211; N&rsquo;ZI Kanga Remi, Matricule 202 366 K, Hors Grade, 3\u00b0 e\u0301chelon ;<\/p>\n<p>&#8211; SOUMAHORO Anliou, Matricule 202 637 B, Hors Grade, 3e e\u0301chelon ;<\/p>\n<p>&#8211; TRAORE Mamadou, Matricule 202 736 E, Hors Grade, 2e e\u0301chelon ;<\/p>\n<p>&#8211; TRAORE Vassiriki, Matricule 141 964 V, Hors Grade, 3e e\u0301chelon:<\/p>\n<p>&#8211; BAMBA Cheick Daniel, Matricule 204 538 A, Hors Grade, 3* e\u0301chelon.<\/p>\n<p>Les inte\u0301resse\u0301s be\u0301ne\u0301ficieront, a\u0300 compter du 1\u00b0 janvier 2025, des indemnite\u0301s et avantages attache\u0301s a\u0300 leurs fonctions.<\/p>\n<p>Lien ou pas, apre\u0300s un prolongement similaire du DG de la Gendarmerie, pour rappel, dans moins d&rsquo;un an, en octobre, se tiendra en Co\u0302te d&rsquo;Ivoire un scrutin pre\u0301sidentiel. Alassane Ouattara, pre\u0301sident sortant sans opposition de taille, pourrait bien briguer son dernier mandat selon la Constitution.<\/p>\n\r\n                <style type=\"text\/css\">\r\n                    \r\n                    #td_uid_1_69f349f4194a0  .td-doubleSlider-2 .td-item1 {\r\n                        background: url(https:\/\/static.africa-press.net\/cote\/sites\/43\/2025\/01\/sm_1735834250.913097-80x60.jpg) 0 0 no-repeat;\r\n                    }\r\n                <\/style>\r\n\r\n                <div id=\"td_uid_1_69f349f4194a0\" class=\"td-gallery td-slide-on-2-columns\">\r\n                    <div class=\"post_td_gallery\">\r\n                        <div class=\"td-gallery-slide-top\">\r\n                           <div class=\"td-gallery-title\"><\/div>\r\n\r\n                            <div class=\"td-gallery-controls-wrapper\">\r\n                                <div class=\"td-gallery-slide-count\"><span class=\"td-gallery-slide-item-focus\">1<\/span> de 1<\/div>\r\n                                <div class=\"td-gallery-slide-prev-next-but\">\r\n                                    <i class = \"td-icon-left doubleSliderPrevButton\"><\/i>\r\n                                    <i class = \"td-icon-right doubleSliderNextButton\"><\/i>\r\n                                <\/div>\r\n                            <\/div>\r\n                        <\/div>\r\n\r\n                        <div class = \"td-doubleSlider-1 \">\r\n                            <div class = \"td-slider\">\r\n                                \r\n                    <div class = \"td-slide-item td-item1\">\r\n                        <figure class=\"td-slide-galery-figure td-slide-popup-gallery\">\r\n                            <a class=\"slide-gallery-image-link\" href=\"https:\/\/static.africa-press.net\/cote\/sites\/43\/2025\/01\/sm_1735834250.913097.jpg\" title=\"sm_1735834250.913097\"  data-caption=\"\"  data-description=\"\">\r\n                                <img decoding=\"async\" src=\"https:\/\/static.africa-press.net\/cote\/sites\/43\/2025\/01\/sm_1735834250.913097.jpg\" srcset=\"https:\/\/static.africa-press.net\/cote\/sites\/43\/2025\/01\/sm_1735834250.913097.jpg 1000w, https:\/\/static.africa-press.net\/cote\/sites\/43\/2025\/01\/sm_1735834250.913097-300x186.jpg 300w, https:\/\/static.africa-press.net\/cote\/sites\/43\/2025\/01\/sm_1735834250.913097-768x476.jpg 768w, https:\/\/static.africa-press.net\/cote\/sites\/43\/2025\/01\/sm_1735834250.913097-356x220.jpg 356w\" sizes=\"(max-width: 1000px) 100vw, 1000px\" alt=\"\">\r\n                            <\/a>\r\n                            \r\n                        <\/figure>\r\n                    <\/div>\r\n                            <\/div>\r\n                        <\/div>\r\n\r\n                        <div class = \"td-doubleSlider-2\">\r\n                            <div class = \"td-slider\">\r\n                                \r\n                    <div class = \"td-button td-item1\">\r\n                        <div class = \"td-border\"><\/div>\r\n                    <\/div>\r\n                            <\/div>\r\n                        <\/div>\r\n\r\n                    <\/div>\r\n\r\n                <\/div>\r\n                \n<p><strong>Pour plus d&rsquo;informations et d&rsquo;analyses sur la <span style=\"color: #ff6600\">C\u00f4te d&rsquo;Ivoire<\/span>, suivez <span style=\"color: #ff6600\">Africa-Press<\/span><\/strong><\/p>\n","protected":false},"excerpt":{"rendered":"<p>Africa-Press &#8211; C\u00f4te d&rsquo;Ivoire. Dans un de\u0301cret en date du 26 de\u0301cembre 2024, Alassane Ouattara a prolonge\u0301 d&rsquo;un an, a\u0300 titre exceptionnel, huit pre\u0301fets. Sont maintenus en activite\u0301, a\u0300 titre exceptionnel, pour une pe\u0301riode d&rsquo;un (01) an a\u0300 compter du 1er janvier 2025, les membres du Corps Pre\u0301fectoral dont les noms suivent: &#8211; TUO Fozie\u0301, [&hellip;]<\/p>\n","protected":false},"author":82,"featured_media":93217,"comment_status":"open","ping_status":"closed","sticky":false,"template":"","format":"standard","meta":{"footnotes":""},"categories":[2,10],"tags":[38,29,1746,3828,5799],"class_list":["post-93218","post","type-post","status-publish","format-standard","has-post-thumbnail","hentry","category-politique","category-toutes-les-actualites","tag-alassane-ouattara","tag-cote-divoire","tag-decret","tag-prefet","tag-tuo-fozie"],"yoast_head":"<!-- This site is optimized with the Yoast SEO Premium plugin v26.1 (Yoast SEO v27.0) - https:\/\/yoast.com\/product\/yoast-seo-premium-wordpress\/ -->\n<title>Alassane Ouattara prolonge d&#039;un an huit pr\u00e9fets \u00ab \u00e0 titre exceptionnel \u00bb - C\u00f4te d&#039;Ivoire<\/title>\n<meta name=\"description\" content=\"Dans un de\u0301cret en date du 26 de\u0301cembre 2024, Alassane Ouattara a prolonge\u0301 d&#039;un an, a\u0300 titre exceptionnel, huit pre\u0301fet ...\" \/>\n<meta name=\"robots\" content=\"index, follow, max-snippet:-1, max-image-preview:large, max-video-preview:-1\" \/>\n<link rel=\"canonical\" href=\"https:\/\/www.africa-press.net\/cotedivoire\/politique\/alassane-ouattara-prolonge-dun-an-huit-prefets-a-titre-exceptionnel\" \/>\n<meta property=\"og:locale\" content=\"fr_FR\" \/>\n<meta property=\"og:type\" content=\"article\" \/>\n<meta property=\"og:title\" content=\"Alassane Ouattara prolonge d&#039;un an huit pr\u00e9fets \u00ab \u00e0 titre exceptionnel \u00bb\" \/>\n<meta property=\"og:description\" content=\"Dans un de\u0301cret en date du 26 de\u0301cembre 2024, Alassane Ouattara a prolonge\u0301 d&#039;un an, a\u0300 titre exceptionnel, huit pre\u0301fet ...\" \/>\n<meta property=\"og:url\" content=\"https:\/\/www.africa-press.net\/cotedivoire\/politique\/alassane-ouattara-prolonge-dun-an-huit-prefets-a-titre-exceptionnel\" \/>\n<meta property=\"og:site_name\" content=\"C\u00f4te d&#039;Ivoire\" \/>\n<meta property=\"article:published_time\" content=\"2025-01-02T19:16:08+00:00\" \/>\n<meta property=\"article:modified_time\" content=\"2025-01-02T19:41:33+00:00\" \/>\n<meta property=\"og:image\" content=\"https:\/\/static.africa-press.net\/cote\/sites\/43\/2025\/01\/sm_1735834256.214358.jpg\" \/>\n\t<meta property=\"og:image:width\" content=\"720\" \/>\n\t<meta property=\"og:image:height\" content=\"391\" \/>\n\t<meta property=\"og:image:type\" content=\"image\/jpeg\" \/>\n<meta name=\"author\" content=\"cfeditorfr\" \/>\n<meta name=\"twitter:card\" content=\"summary_large_image\" \/>\n<meta name=\"twitter:label1\" content=\"\u00c9crit par\" \/>\n\t<meta name=\"twitter:data1\" content=\"cfeditorfr\" \/>\n\t<meta name=\"twitter:label2\" content=\"Dur\u00e9e de lecture estim\u00e9e\" \/>\n\t<meta name=\"twitter:data2\" content=\"1 minute\" \/>\n<script type=\"application\/ld+json\" class=\"yoast-schema-graph\">{\"@context\":\"https:\/\/schema.org\",\"@graph\":[{\"@type\":\"Article\",\"@id\":\"https:\/\/www.africa-press.net\/cotedivoire\/politique\/alassane-ouattara-prolonge-dun-an-huit-prefets-a-titre-exceptionnel#article\",\"isPartOf\":{\"@id\":\"https:\/\/www.africa-press.net\/cotedivoire\/politique\/alassane-ouattara-prolonge-dun-an-huit-prefets-a-titre-exceptionnel\"},\"author\":{\"name\":\"cfeditorfr\",\"@id\":\"https:\/\/www.africa-press.net\/cotedivoire\/#\/schema\/person\/2b1cf3cd81a31e3cd26889ca66d677f1\"},\"headline\":\"Alassane Ouattara prolonge d&rsquo;un an huit pr\u00e9fets \u00ab \u00e0 titre exceptionnel \u00bb\",\"datePublished\":\"2025-01-02T19:16:08+00:00\",\"dateModified\":\"2025-01-02T19:41:33+00:00\",\"mainEntityOfPage\":{\"@id\":\"https:\/\/www.africa-press.net\/cotedivoire\/politique\/alassane-ouattara-prolonge-dun-an-huit-prefets-a-titre-exceptionnel\"},\"wordCount\":246,\"commentCount\":0,\"image\":{\"@id\":\"https:\/\/www.africa-press.net\/cotedivoire\/politique\/alassane-ouattara-prolonge-dun-an-huit-prefets-a-titre-exceptionnel#primaryimage\"},\"thumbnailUrl\":\"https:\/\/static.africa-press.net\/cote\/sites\/43\/2025\/01\/sm_1735834256.214358.jpg\",\"keywords\":[\"Alassane Ouattara\",\"C\u00d4TE D'IVOIRE\",\"d\u00e9cret\",\"Pr\u00e9fet\",\"Tuo Fozi\u00e9\"],\"articleSection\":[\"Politique\",\"Toutes les actualit\u00e9s\"],\"inLanguage\":\"fr-FR\",\"potentialAction\":[{\"@type\":\"CommentAction\",\"name\":\"Comment\",\"target\":[\"https:\/\/www.africa-press.net\/cotedivoire\/politique\/alassane-ouattara-prolonge-dun-an-huit-prefets-a-titre-exceptionnel#respond\"]}]},{\"@type\":\"WebPage\",\"@id\":\"https:\/\/www.africa-press.net\/cotedivoire\/politique\/alassane-ouattara-prolonge-dun-an-huit-prefets-a-titre-exceptionnel\",\"url\":\"https:\/\/www.africa-press.net\/cotedivoire\/politique\/alassane-ouattara-prolonge-dun-an-huit-prefets-a-titre-exceptionnel\",\"name\":\"Alassane Ouattara prolonge d'un an huit pr\u00e9fets \u00ab \u00e0 titre exceptionnel \u00bb - C\u00f4te d&#039;Ivoire\",\"isPartOf\":{\"@id\":\"https:\/\/www.africa-press.net\/cotedivoire\/#website\"},\"primaryImageOfPage\":{\"@id\":\"https:\/\/www.africa-press.net\/cotedivoire\/politique\/alassane-ouattara-prolonge-dun-an-huit-prefets-a-titre-exceptionnel#primaryimage\"},\"image\":{\"@id\":\"https:\/\/www.africa-press.net\/cotedivoire\/politique\/alassane-ouattara-prolonge-dun-an-huit-prefets-a-titre-exceptionnel#primaryimage\"},\"thumbnailUrl\":\"https:\/\/static.africa-press.net\/cote\/sites\/43\/2025\/01\/sm_1735834256.214358.jpg\",\"datePublished\":\"2025-01-02T19:16:08+00:00\",\"dateModified\":\"2025-01-02T19:41:33+00:00\",\"author\":{\"@id\":\"https:\/\/www.africa-press.net\/cotedivoire\/#\/schema\/person\/2b1cf3cd81a31e3cd26889ca66d677f1\"},\"description\":\"Dans un de\u0301cret en date du 26 de\u0301cembre 2024, Alassane Ouattara a prolonge\u0301 d'un an, a\u0300 titre exceptionnel, huit pre\u0301fet ...\",\"breadcrumb\":{\"@id\":\"https:\/\/www.africa-press.net\/cotedivoire\/politique\/alassane-ouattara-prolonge-dun-an-huit-prefets-a-titre-exceptionnel#breadcrumb\"},\"inLanguage\":\"fr-FR\",\"potentialAction\":[{\"@type\":\"ReadAction\",\"target\":[\"https:\/\/www.africa-press.net\/cotedivoire\/politique\/alassane-ouattara-prolonge-dun-an-huit-prefets-a-titre-exceptionnel\"]}]},{\"@type\":\"ImageObject\",\"inLanguage\":\"fr-FR\",\"@id\":\"https:\/\/www.africa-press.net\/cotedivoire\/politique\/alassane-ouattara-prolonge-dun-an-huit-prefets-a-titre-exceptionnel#primaryimage\",\"url\":\"https:\/\/static.africa-press.net\/cote\/sites\/43\/2025\/01\/sm_1735834256.214358.jpg\",\"contentUrl\":\"https:\/\/static.africa-press.net\/cote\/sites\/43\/2025\/01\/sm_1735834256.214358.jpg\",\"width\":720,\"height\":391,\"caption\":\"Alassane Ouattara prolonge d'un an huit pr\u00e9fets \u00ab \u00e0 titre exceptionnel \u00bb\"},{\"@type\":\"BreadcrumbList\",\"@id\":\"https:\/\/www.africa-press.net\/cotedivoire\/politique\/alassane-ouattara-prolonge-dun-an-huit-prefets-a-titre-exceptionnel#breadcrumb\",\"itemListElement\":[{\"@type\":\"ListItem\",\"position\":1,\"name\":\"Accueil\",\"item\":\"https:\/\/www.africa-press.net\/cotedivoire\/\"},{\"@type\":\"ListItem\",\"position\":2,\"name\":\"Alassane Ouattara prolonge d&#8217;un an huit pr\u00e9fets \u00ab \u00e0 titre exceptionnel \u00bb\"}]},{\"@type\":\"WebSite\",\"@id\":\"https:\/\/www.africa-press.net\/cotedivoire\/#website\",\"url\":\"https:\/\/www.africa-press.net\/cotedivoire\/\",\"name\":\"C\u00f4te d&#039;Ivoire\",\"description\":\"Just another Africa News Agency Sites site\",\"potentialAction\":[{\"@type\":\"SearchAction\",\"target\":{\"@type\":\"EntryPoint\",\"urlTemplate\":\"https:\/\/www.africa-press.net\/cotedivoire\/?s={search_term_string}\"},\"query-input\":{\"@type\":\"PropertyValueSpecification\",\"valueRequired\":true,\"valueName\":\"search_term_string\"}}],\"inLanguage\":\"fr-FR\"},{\"@type\":\"Person\",\"@id\":\"https:\/\/www.africa-press.net\/cotedivoire\/#\/schema\/person\/2b1cf3cd81a31e3cd26889ca66d677f1\",\"name\":\"cfeditorfr\"}]}<\/script>\n<!-- \/ Yoast SEO Premium plugin. -->","yoast_head_json":{"title":"Alassane Ouattara prolonge d'un an huit pr\u00e9fets \u00ab \u00e0 titre exceptionnel \u00bb - C\u00f4te d&#039;Ivoire","description":"Dans un de\u0301cret en date du 26 de\u0301cembre 2024, Alassane Ouattara a prolonge\u0301 d'un an, a\u0300 titre exceptionnel, huit pre\u0301fet ...","robots":{"index":"index","follow":"follow","max-snippet":"max-snippet:-1","max-image-preview":"max-image-preview:large","max-video-preview":"max-video-preview:-1"},"canonical":"https:\/\/www.africa-press.net\/cotedivoire\/politique\/alassane-ouattara-prolonge-dun-an-huit-prefets-a-titre-exceptionnel","og_locale":"fr_FR","og_type":"article","og_title":"Alassane Ouattara prolonge d'un an huit pr\u00e9fets \u00ab \u00e0 titre exceptionnel \u00bb","og_description":"Dans un de\u0301cret en date du 26 de\u0301cembre 2024, Alassane Ouattara a prolonge\u0301 d'un an, a\u0300 titre exceptionnel, huit pre\u0301fet ...","og_url":"https:\/\/www.africa-press.net\/cotedivoire\/politique\/alassane-ouattara-prolonge-dun-an-huit-prefets-a-titre-exceptionnel","og_site_name":"C\u00f4te d&#039;Ivoire","article_published_time":"2025-01-02T19:16:08+00:00","article_modified_time":"2025-01-02T19:41:33+00:00","og_image":[{"width":720,"height":391,"url":"https:\/\/static.africa-press.net\/cote\/sites\/43\/2025\/01\/sm_1735834256.214358.jpg","type":"image\/jpeg"}],"author":"cfeditorfr","twitter_card":"summary_large_image","twitter_misc":{"\u00c9crit par":"cfeditorfr","Dur\u00e9e de lecture estim\u00e9e":"1 minute"},"schema":{"@context":"https:\/\/schema.org","@graph":[{"@type":"Article","@id":"https:\/\/www.africa-press.net\/cotedivoire\/politique\/alassane-ouattara-prolonge-dun-an-huit-prefets-a-titre-exceptionnel#article","isPartOf":{"@id":"https:\/\/www.africa-press.net\/cotedivoire\/politique\/alassane-ouattara-prolonge-dun-an-huit-prefets-a-titre-exceptionnel"},"author":{"name":"cfeditorfr","@id":"https:\/\/www.africa-press.net\/cotedivoire\/#\/schema\/person\/2b1cf3cd81a31e3cd26889ca66d677f1"},"headline":"Alassane Ouattara prolonge d&rsquo;un an huit pr\u00e9fets \u00ab \u00e0 titre exceptionnel \u00bb","datePublished":"2025-01-02T19:16:08+00:00","dateModified":"2025-01-02T19:41:33+00:00","mainEntityOfPage":{"@id":"https:\/\/www.africa-press.net\/cotedivoire\/politique\/alassane-ouattara-prolonge-dun-an-huit-prefets-a-titre-exceptionnel"},"wordCount":246,"commentCount":0,"image":{"@id":"https:\/\/www.africa-press.net\/cotedivoire\/politique\/alassane-ouattara-prolonge-dun-an-huit-prefets-a-titre-exceptionnel#primaryimage"},"thumbnailUrl":"https:\/\/static.africa-press.net\/cote\/sites\/43\/2025\/01\/sm_1735834256.214358.jpg","keywords":["Alassane Ouattara","C\u00d4TE D'IVOIRE","d\u00e9cret","Pr\u00e9fet","Tuo Fozi\u00e9"],"articleSection":["Politique","Toutes les actualit\u00e9s"],"inLanguage":"fr-FR","potentialAction":[{"@type":"CommentAction","name":"Comment","target":["https:\/\/www.africa-press.net\/cotedivoire\/politique\/alassane-ouattara-prolonge-dun-an-huit-prefets-a-titre-exceptionnel#respond"]}]},{"@type":"WebPage","@id":"https:\/\/www.africa-press.net\/cotedivoire\/politique\/alassane-ouattara-prolonge-dun-an-huit-prefets-a-titre-exceptionnel","url":"https:\/\/www.africa-press.net\/cotedivoire\/politique\/alassane-ouattara-prolonge-dun-an-huit-prefets-a-titre-exceptionnel","name":"Alassane Ouattara prolonge d'un an huit pr\u00e9fets \u00ab \u00e0 titre exceptionnel \u00bb - C\u00f4te d&#039;Ivoire","isPartOf":{"@id":"https:\/\/www.africa-press.net\/cotedivoire\/#website"},"primaryImageOfPage":{"@id":"https:\/\/www.africa-press.net\/cotedivoire\/politique\/alassane-ouattara-prolonge-dun-an-huit-prefets-a-titre-exceptionnel#primaryimage"},"image":{"@id":"https:\/\/www.africa-press.net\/cotedivoire\/politique\/alassane-ouattara-prolonge-dun-an-huit-prefets-a-titre-exceptionnel#primaryimage"},"thumbnailUrl":"https:\/\/static.africa-press.net\/cote\/sites\/43\/2025\/01\/sm_1735834256.214358.jpg","datePublished":"2025-01-02T19:16:08+00:00","dateModified":"2025-01-02T19:41:33+00:00","author":{"@id":"https:\/\/www.africa-press.net\/cotedivoire\/#\/schema\/person\/2b1cf3cd81a31e3cd26889ca66d677f1"},"description":"Dans un de\u0301cret en date du 26 de\u0301cembre 2024, Alassane Ouattara a prolonge\u0301 d'un an, a\u0300 titre exceptionnel, huit pre\u0301fet ...","breadcrumb":{"@id":"https:\/\/www.africa-press.net\/cotedivoire\/politique\/alassane-ouattara-prolonge-dun-an-huit-prefets-a-titre-exceptionnel#breadcrumb"},"inLanguage":"fr-FR","potentialAction":[{"@type":"ReadAction","target":["https:\/\/www.africa-press.net\/cotedivoire\/politique\/alassane-ouattara-prolonge-dun-an-huit-prefets-a-titre-exceptionnel"]}]},{"@type":"ImageObject","inLanguage":"fr-FR","@id":"https:\/\/www.africa-press.net\/cotedivoire\/politique\/alassane-ouattara-prolonge-dun-an-huit-prefets-a-titre-exceptionnel#primaryimage","url":"https:\/\/static.africa-press.net\/cote\/sites\/43\/2025\/01\/sm_1735834256.214358.jpg","contentUrl":"https:\/\/static.africa-press.net\/cote\/sites\/43\/2025\/01\/sm_1735834256.214358.jpg","width":720,"height":391,"caption":"Alassane Ouattara prolonge d'un an huit pr\u00e9fets \u00ab \u00e0 titre exceptionnel \u00bb"},{"@type":"BreadcrumbList","@id":"https:\/\/www.africa-press.net\/cotedivoire\/politique\/alassane-ouattara-prolonge-dun-an-huit-prefets-a-titre-exceptionnel#breadcrumb","itemListElement":[{"@type":"ListItem","position":1,"name":"Accueil","item":"https:\/\/www.africa-press.net\/cotedivoire\/"},{"@type":"ListItem","position":2,"name":"Alassane Ouattara prolonge d&#8217;un an huit pr\u00e9fets \u00ab \u00e0 titre exceptionnel \u00bb"}]},{"@type":"WebSite","@id":"https:\/\/www.africa-press.net\/cotedivoire\/#website","url":"https:\/\/www.africa-press.net\/cotedivoire\/","name":"C\u00f4te d&#039;Ivoire","description":"Just another Africa News Agency Sites site","potentialAction":[{"@type":"SearchAction","target":{"@type":"EntryPoint","urlTemplate":"https:\/\/www.africa-press.net\/cotedivoire\/?s={search_term_string}"},"query-input":{"@type":"PropertyValueSpecification","valueRequired":true,"valueName":"search_term_string"}}],"inLanguage":"fr-FR"},{"@type":"Person","@id":"https:\/\/www.africa-press.net\/cotedivoire\/#\/schema\/person\/2b1cf3cd81a31e3cd26889ca66d677f1","name":"cfeditorfr"}]}},"_links":{"self":[{"href":"https:\/\/www.africa-press.net\/cotedivoire\/wp-json\/wp\/v2\/posts\/93218","targetHints":{"allow":["GET"]}}],"collection":[{"href":"https:\/\/www.africa-press.net\/cotedivoire\/wp-json\/wp\/v2\/posts"}],"about":[{"href":"https:\/\/www.africa-press.net\/cotedivoire\/wp-json\/wp\/v2\/types\/post"}],"author":[{"embeddable":true,"href":"https:\/\/www.africa-press.net\/cotedivoire\/wp-json\/wp\/v2\/users\/82"}],"replies":[{"embeddable":true,"href":"https:\/\/www.africa-press.net\/cotedivoire\/wp-json\/wp\/v2\/comments?post=93218"}],"version-history":[{"count":0,"href":"https:\/\/www.africa-press.net\/cotedivoire\/wp-json\/wp\/v2\/posts\/93218\/revisions"}],"wp:featuredmedia":[{"embeddable":true,"href":"https:\/\/www.africa-press.net\/cotedivoire\/wp-json\/wp\/v2\/media\/93217"}],"wp:attachment":[{"href":"https:\/\/www.africa-press.net\/cotedivoire\/wp-json\/wp\/v2\/media?parent=93218"}],"wp:term":[{"taxonomy":"category","embeddable":true,"href":"https:\/\/www.africa-press.net\/cotedivoire\/wp-json\/wp\/v2\/categories?post=93218"},{"taxonomy":"post_tag","embeddable":true,"href":"https:\/\/www.africa-press.net\/cotedivoire\/wp-json\/wp\/v2\/tags?post=93218"}],"curies":[{"name":"wp","href":"https:\/\/api.w.org\/{rel}","templated":true}]}}