{"id":9324,"date":"2021-06-23T16:44:48","date_gmt":"2021-06-23T16:44:48","guid":{"rendered":"https:\/\/www.africa-press.net\/cotedivoire\/?p=9324"},"modified":"2021-06-23T18:37:52","modified_gmt":"2021-06-23T18:37:52","slug":"en-cote-divoire-une-armee-verte-lutte-contre-la-deforestation","status":"publish","type":"post","link":"https:\/\/www.africa-press.net\/cotedivoire\/dossiers\/en-cote-divoire-une-armee-verte-lutte-contre-la-deforestation","title":{"rendered":"une \u00ab\u00a0arm\u00e9e\u00a0verte\u00a0\u00bb lutte contre la d\u00e9forestation"},"content":{"rendered":"<p><span style=\"color: #ff6600\"><strong><a href=\"https:\/\/www.africa-press.net\/\">Africa-Press<\/a> &#8211; <a href=\"https:\/\/www.africa-press.net\/cotedivoire\">C\u00f4te d&rsquo;Ivoire<\/a>. <\/strong><\/span>Trois v\u00e9hicules tout-terrain avalent \u00e0 la h\u00e2te les kilom\u00e8tres de piste dans l\u2019est ivoirien. Voil\u00e0 quelques jours d\u00e9j\u00e0 que les indics du village d\u2019Aprompron ont alert\u00e9 les autorit\u00e9s. Une centaine d\u2019orpailleurs clandestins seraient en train d\u2019extraire de l\u2019or au beau milieu de la for\u00eat class\u00e9e de Diamarakro. Un point GPS permet de localiser le site. En lisi\u00e8re de for\u00eat, une douzaine d\u2019hommes de la Brigade sp\u00e9ciale de surveillance et d\u2019intervention (BSSI), autrement appel\u00e9e \u00ab arm\u00e9e verte \u00bb, s\u2019approche.<\/p>\n<p>Le lieutenant Jean Kouakou Kouassi, chef de mission, inspecte les environs \u00e0 l\u2019aide d\u2019un drone. Les chercheurs d\u2019or sont cach\u00e9s dans une vaste clairi\u00e8re qu\u2019ils ont eux-m\u00eames d\u00e9frich\u00e9e. Sur les images a\u00e9riennes, la zone d\u00e9forest\u00e9e est nette : des dizaines de mares boueuses d\u00e9figurent le couvert forestier. Seuls quelques arbres ont surv\u00e9cu. \u00ab Les orpailleurs sont \u00e0 300 ou 400 m\u00e8tres seulement \u00bb, indique le lieutenant.<\/p>\n<p>Visage camoufl\u00e9, le commando poursuit l\u2019op\u00e9ration \u00e0 pied. Plusieurs \u00e9quipes encerclent la zone. Les talkies-walkies s\u2019emballent. De concert, l\u2019assaut est donn\u00e9. Des dizaines de jeunes orpailleurs torse nu d\u00e9talent \u00e0 toute vitesse. Intercept\u00e9, l\u2019un d\u2019eux est menott\u00e9 face contre terre. \u00ab Ne bougez plus ! Monsieur, couchez-vous ! \u00bb, lui ordonne le sergent-chef Gilles Bleu. Ils sont des dizaines d\u2019autres \u00e0 r\u00e9ussir \u00e0 s\u2019\u00e9chapper. Mais pas question de tirer, sauf en cas de l\u00e9gitime d\u00e9fense. \u00ab L\u2019id\u00e9e, c\u2019\u00e9tait vraiment de les dissuader. Pas de bavure \u00bb, explique le lieutenant Kouakou Kouassi.<\/p>\n<p><b>\u00ab Le danger peut venir de partout \u00bb<\/b><\/p>\n<p>Pourtant, le risque existe. \u00ab Ils peuvent \u00eatre arm\u00e9s, soyez sur vos gardes. Sur un site d\u2019orpaillage, le danger peut venir de partout \u00bb, rappelle le sergent-chef \u00e0 ses hommes. Au total, huit orpailleurs seront arr\u00eat\u00e9s et sept motopompes saisies. \u00ab Un bilan mitig\u00e9 \u00bb, conc\u00e8de le lieutenant. Une \u00e9quipe de nuit prendra le relais pour surveiller les r\u00e9cidivistes. Les fautifs, essentiellement des petites mains, ont \u00e9t\u00e9 pr\u00e9sent\u00e9s devant le procureur pour \u00ab d\u00e9lit d\u2019extraction de minerais dans un domaine forestier prot\u00e9g\u00e9 \u00bb et risquent jusqu\u2019\u00e0 deux ans de prison.<\/p>\n<p>Cr\u00e9\u00e9e par d\u00e9cret en janvier 2018, l\u2019arm\u00e9e verte est op\u00e9rationnelle depuis ao\u00fbt 2020 et d\u00e9pend du minist\u00e8re des eaux et for\u00eat. Ses 650 hommes form\u00e9s par les forces sp\u00e9ciales ont m\u00eame une devise : \u00ab La for\u00eat est sacr\u00e9e, je dois la prot\u00e9ger et m\u2019engager \u00e0 la d\u00e9fendre, m\u00eame au p\u00e9ril de ma vie. \u00bb L\u2019enjeu est de freiner l\u2019avanc\u00e9e de la d\u00e9forestation en luttant, par le renseignement, la pr\u00e9vention, l\u2019intervention et la r\u00e9pression, contre les nombreuses activit\u00e9s ill\u00e9gales. Car l\u2019orpaillage, l\u2019abattage d\u2019arbres, leur sciage \u00ab \u00e0 fa\u00e7on \u00bb [sur place], ainsi que l\u2019agriculture ont toujours cours dans les 232 for\u00eats class\u00e9es du pays.<\/p>\n<p><b>\u00ab Nous avons perdu plus de 80 % de notre for\u00eat depuis 1960, il y avait feu en la demeure \u00bb<\/b><\/p>\n<p>, souligne Alain-Richard Donwahi, ministre des eaux et for\u00eats depuis juillet 2017. La mise en place de cette arm\u00e9e est la r\u00e9ponse \u00e0 un \u00ab constat pragmatique \u00bb et certainement pas \u00ab un aveu d\u2019\u00e9chec \u00bb, assure-t-il.<\/p>\n<p>Depuis sa cr\u00e9ation, la brigade a dress\u00e9 232 proc\u00e8s-verbaux, condamn\u00e9 sept d\u00e9linquants, d\u00e9mantel\u00e9 seize sites clandestins d\u2019orpaillage et saisi cinquante v\u00e9hicules transportant des produits forestiers frauduleux. \u00ab Avec plus de moyens, on pourrait aller encore plus loin, mais c\u2019est encourageant \u00bb, estime un sup\u00e9rieur de l\u2019arm\u00e9e verte. Il faut dire que la surveillance est d\u00e9licate dans les zones foresti\u00e8res recul\u00e9es, parfois hostiles et difficiles \u00e0 quadriller. Et la collaboration n\u2019est pas toujours harmonieuse entre les diff\u00e9rents repr\u00e9sentants des autorit\u00e9s.<\/p>\n<p><b>Complicit\u00e9s<\/b><\/p>\n<p>Ainsi, quelques heures avant l\u2019intervention de la BSSI, une op\u00e9ration similaire a \u00e9t\u00e9 organis\u00e9e dans la matin\u00e9e, au m\u00eame endroit, par un autre organe du minist\u00e8re : la Soci\u00e9t\u00e9 de d\u00e9veloppement des for\u00eats (Sodefor). \u00ab En additionnant les forces, on en aurait arr\u00eat\u00e9 plus \u00bb, peste un \u00ab soldat vert \u00bb. \u00ab On a \u00e9t\u00e9 pr\u00e9venus tr\u00e8s tardivement, alors que \u00e7a se voit, le site existe depuis un moment d\u00e9j\u00e0 \u00bb, souffle un autre.<\/p>\n<p>Selon eux, difficile de croire que les membres de la Sodefor, dont certains travaillent sur place, n\u2019\u00e9taient pas au courant depuis d\u00e9j\u00e0 longtemps. \u00ab Lorsque les sites s\u2019\u00e9tablissent, il y a certainement des complicit\u00e9s, nous en sommes conscients et nous devons lutter contre cela \u00bb, conc\u00e8de le ministre, qui s\u2019engage \u00e0 \u00ab r\u00e9parer toutes les d\u00e9rives que nous avons constat\u00e9es \u00bb, et veut faire bouger les lignes. Au point de supprimer la Sodefor, r\u00e9put\u00e9e peu efficace et corrompue ? \u00ab C\u2019est envisageable \u00bb, r\u00e9pond-il.<\/p>\n<p>M. Donwahi souhaite tripler les effectifs de l\u2019arm\u00e9e verte. Deux autres brigades de 650 personnes chacune seront bient\u00f4t cr\u00e9\u00e9es : une consacr\u00e9e aux ressources en eau, dont beaucoup sont pollu\u00e9es par l\u2019orpaillage et l\u2019agriculture, l\u2019autre d\u00e9di\u00e9e \u00e0 la protection de la faune, mise \u00e0 mal depuis des d\u00e9cennies par les braconniers et la d\u00e9forestation. Une politique environnementale \u00ab qui va co\u00fbter cher \u00bb, poursuit le ministre : 616 milliards de francs CFA, soit environ 1 milliard d\u2019euros \u00e0 mobiliser sur dix ans.<\/p>\n<p>Pour trouver les financements, le ministre compte aussi sur le secteur priv\u00e9. \u00ab Les acteurs de la cacaoculture et les industriels du bois ont pris conscience de leurs responsabilit\u00e9s et doivent participer \u00e0 la reconstruction du couvert forestier \u00bb, souligne M. Donwahi, qui envisage de confier une partie de la surveillance des for\u00eats class\u00e9es aux entrepreneurs lorsqu\u2019ils s\u2019engagent \u00e0 financer le reboisement.<\/p>\n<p>Ibrahim Lakiss se verrait bien jouer un tel r\u00f4le. Avec sa quarantaine d\u2019indics en brousse, le directeur de la plus grosse scierie d\u2019Abengourou court depuis des mois apr\u00e8s les scieurs clandestins, \u00ab souvent originaires du Ghana voisin \u00bb, affirme-t-il. L\u2019entrepreneur, propri\u00e9taire de plus de 250 000 hectares de for\u00eats, vient d\u2019apprendre que des dizaines d\u2019arbres de son p\u00e9rim\u00e8tre ont \u00e9t\u00e9 tron\u00e7onn\u00e9s et transform\u00e9s sur place en planches de bois \u00ab revendues 3 000 francs [environ 4,5 euros] l\u2019unit\u00e9 \u00bb. Rattrap\u00e9s par le jour, les scieurs n\u2019ont pas r\u00e9ussi \u00e0 tout emporter. \u00ab Vous avez vu le massacre, peste-t-il : des framir\u00e9s qui ne sont m\u00eame pas arriv\u00e9s \u00e0 maturit\u00e9. Et \u00e7a, c\u2019est quasi quotidien, le sciage clandestin est un fl\u00e9au. \u00bb Au loin, la for\u00eat r\u00e9sonne du vacarme d\u2019autres tron\u00e7onneuses qui poursuivent le travail de d\u00e9forestation, au grand dam de l\u2019industriel. A l\u2019oreille, les membres de l\u2019arm\u00e9e verte se lancent \u00e0 leur recherche. En vain.<\/p>\n<p><b>Laboratoire d\u2019agroforesterie<\/b><\/p>\n<p>A quelques kilom\u00e8tres de l\u00e0, un lieu donne toutefois un peu d\u2019espoir : la for\u00eat class\u00e9e de B\u00e9ki est depuis plus de vingt ans le laboratoire agroforestier de la r\u00e9gion. Si les plantations de cacao les plus r\u00e9centes y sont automatiquement ras\u00e9es, la Sodefor y a sem\u00e9 des graines de frak\u00e9, de tiama et de b\u00e9t\u00e9 sur les anciennes parcelles clandestines pour d\u00e9velopper le couvert forestier de la zone et sensibiliser les planteurs de cacao aux bienfaits de l\u2019agroforesterie, cens\u00e9e r\u00e9tablir les sols et stopper le ruissellement des eaux de pluie.<\/p>\n<p>Une strat\u00e9gie qui vise \u00e0 contrecarrer au plus vite les effets du changement climatique. \u00ab Les saisons sont boulevers\u00e9es avec des mois tr\u00e8s arides et des p\u00e9riodes de pr\u00e9cipitations tr\u00e8s violentes. La for\u00eat doit continuer \u00e0 jouer son r\u00f4le de r\u00e9gulateur \u00bb, insiste le commandant Gnago Charbel, directeur r\u00e9gional des eaux et for\u00eats.<\/p>\n<p>Ces initiatives semblent avoir un impact positif. L\u2019ONG Mighty Earth note en effet un recul du taux de d\u00e9forestation dans le pays en 2020. La brigade verte n\u2019en est qu\u2019\u00e0 ses d\u00e9buts, mais c\u2019est surtout \u00ab la convergence d\u2019actions qui permet d\u2019aboutir \u00e0 ce r\u00e9sultat \u00bb, selon le ministre.<\/p>\n<p>La C\u00f4te d\u2019Ivoire s\u2019est engag\u00e9e \u00e0 augmenter son couvert forestier, passant de 11 % \u00e0 20 % de son territoire d\u2019ici \u00e0 2030 et lance, pour y parvenir, des op\u00e9rations de reboisement \u00e0 grande \u00e9chelle. Apr\u00e8s avoir plant\u00e9 un million d\u2019arbres en 2019, cinq millions en 2020, le minist\u00e8re vise les 50 millions en 2021. Encore bien loin, toutefois, de l\u2019objectif officiel de 3 milliards d\u2019arbres sur dix ans.<\/p>\n","protected":false},"excerpt":{"rendered":"<p>Africa-Press &#8211; C\u00f4te d&rsquo;Ivoire. Trois v\u00e9hicules tout-terrain avalent \u00e0 la h\u00e2te les kilom\u00e8tres de piste dans l\u2019est ivoirien. Voil\u00e0 quelques jours d\u00e9j\u00e0 que les indics du village d\u2019Aprompron ont alert\u00e9 les autorit\u00e9s. Une centaine d\u2019orpailleurs clandestins seraient en train d\u2019extraire de l\u2019or au beau milieu de la for\u00eat class\u00e9e de Diamarakro. Un point GPS permet [&hellip;]<\/p>\n","protected":false},"author":82,"featured_media":9323,"comment_status":"open","ping_status":"closed","sticky":false,"template":"","format":"standard","meta":{"footnotes":""},"categories":[7,11,20,10],"tags":[56,63,29],"class_list":["post-9324","post","type-post","status-publish","format-standard","has-post-thumbnail","hentry","category-dossiers","category-homepage-french","category-top-nouvelles","category-toutes-les-actualites","tag-africa-press","tag-africa-press-cote-divoire","tag-cote-divoire"],"yoast_head":"<!-- This site is optimized with the Yoast SEO Premium plugin v26.1 (Yoast SEO v27.0) - https:\/\/yoast.com\/product\/yoast-seo-premium-wordpress\/ -->\n<title>une \u00ab\u00a0arm\u00e9e\u00a0verte\u00a0\u00bb lutte contre la d\u00e9forestation - C\u00f4te d&#039;Ivoire<\/title>\n<meta name=\"description\" content=\"Trois v\u00e9hicules tout-terrain avalent \u00e0 la h\u00e2te les kilom\u00e8tres de piste dans l\u2019est ivoirien. Voil\u00e0 quelques jours d\u00e9j\u00e0 qu ...\" \/>\n<meta name=\"robots\" content=\"index, follow, max-snippet:-1, max-image-preview:large, max-video-preview:-1\" \/>\n<link rel=\"canonical\" href=\"https:\/\/www.africa-press.net\/cotedivoire\/dossiers\/en-cote-divoire-une-armee-verte-lutte-contre-la-deforestation\" \/>\n<meta property=\"og:locale\" content=\"fr_FR\" \/>\n<meta property=\"og:type\" content=\"article\" \/>\n<meta property=\"og:title\" content=\"une \u00ab\u00a0arm\u00e9e\u00a0verte\u00a0\u00bb lutte contre la d\u00e9forestation\" \/>\n<meta property=\"og:description\" content=\"Trois v\u00e9hicules tout-terrain avalent \u00e0 la h\u00e2te les kilom\u00e8tres de piste dans l\u2019est ivoirien. Voil\u00e0 quelques jours d\u00e9j\u00e0 qu ...\" \/>\n<meta property=\"og:url\" content=\"https:\/\/www.africa-press.net\/cotedivoire\/dossiers\/en-cote-divoire-une-armee-verte-lutte-contre-la-deforestation\" \/>\n<meta property=\"og:site_name\" content=\"C\u00f4te d&#039;Ivoire\" \/>\n<meta property=\"article:published_time\" content=\"2021-06-23T16:44:48+00:00\" \/>\n<meta property=\"article:modified_time\" content=\"2021-06-23T18:37:52+00:00\" \/>\n<meta property=\"og:image\" content=\"https:\/\/static.africa-press.net\/cote\/sites\/43\/2021\/06\/img-60d360f51bb76.jpg\" \/>\n\t<meta property=\"og:image:width\" content=\"1440\" \/>\n\t<meta property=\"og:image:height\" content=\"720\" \/>\n\t<meta property=\"og:image:type\" content=\"image\/jpeg\" \/>\n<meta name=\"author\" content=\"cfeditorfr\" \/>\n<meta name=\"twitter:card\" content=\"summary_large_image\" \/>\n<meta name=\"twitter:label1\" content=\"\u00c9crit par\" \/>\n\t<meta name=\"twitter:data1\" content=\"cfeditorfr\" \/>\n\t<meta name=\"twitter:label2\" content=\"Dur\u00e9e de lecture estim\u00e9e\" \/>\n\t<meta name=\"twitter:data2\" content=\"7 minutes\" \/>\n<script type=\"application\/ld+json\" class=\"yoast-schema-graph\">{\"@context\":\"https:\/\/schema.org\",\"@graph\":[{\"@type\":\"Article\",\"@id\":\"https:\/\/www.africa-press.net\/cotedivoire\/dossiers\/en-cote-divoire-une-armee-verte-lutte-contre-la-deforestation#article\",\"isPartOf\":{\"@id\":\"https:\/\/www.africa-press.net\/cotedivoire\/dossiers\/en-cote-divoire-une-armee-verte-lutte-contre-la-deforestation\"},\"author\":{\"name\":\"cfeditorfr\",\"@id\":\"https:\/\/www.africa-press.net\/cotedivoire\/#\/schema\/person\/2b1cf3cd81a31e3cd26889ca66d677f1\"},\"headline\":\"une \u00ab\u00a0arm\u00e9e\u00a0verte\u00a0\u00bb lutte contre la d\u00e9forestation\",\"datePublished\":\"2021-06-23T16:44:48+00:00\",\"dateModified\":\"2021-06-23T18:37:52+00:00\",\"mainEntityOfPage\":{\"@id\":\"https:\/\/www.africa-press.net\/cotedivoire\/dossiers\/en-cote-divoire-une-armee-verte-lutte-contre-la-deforestation\"},\"wordCount\":1429,\"commentCount\":0,\"image\":{\"@id\":\"https:\/\/www.africa-press.net\/cotedivoire\/dossiers\/en-cote-divoire-une-armee-verte-lutte-contre-la-deforestation#primaryimage\"},\"thumbnailUrl\":\"https:\/\/static.africa-press.net\/cote\/sites\/43\/2021\/06\/img-60d360f51bb76.jpg\",\"keywords\":[\"Africa Press\",\"Africa Press-C\u00f4te d'Ivoire\",\"C\u00d4TE D'IVOIRE\"],\"articleSection\":[\"Dossiers\",\"homepage-french\",\"Top Nouvelles\",\"Toutes les actualit\u00e9s\"],\"inLanguage\":\"fr-FR\",\"potentialAction\":[{\"@type\":\"CommentAction\",\"name\":\"Comment\",\"target\":[\"https:\/\/www.africa-press.net\/cotedivoire\/dossiers\/en-cote-divoire-une-armee-verte-lutte-contre-la-deforestation#respond\"]}]},{\"@type\":\"WebPage\",\"@id\":\"https:\/\/www.africa-press.net\/cotedivoire\/dossiers\/en-cote-divoire-une-armee-verte-lutte-contre-la-deforestation\",\"url\":\"https:\/\/www.africa-press.net\/cotedivoire\/dossiers\/en-cote-divoire-une-armee-verte-lutte-contre-la-deforestation\",\"name\":\"une \u00ab\u00a0arm\u00e9e\u00a0verte\u00a0\u00bb lutte contre la d\u00e9forestation - C\u00f4te d&#039;Ivoire\",\"isPartOf\":{\"@id\":\"https:\/\/www.africa-press.net\/cotedivoire\/#website\"},\"primaryImageOfPage\":{\"@id\":\"https:\/\/www.africa-press.net\/cotedivoire\/dossiers\/en-cote-divoire-une-armee-verte-lutte-contre-la-deforestation#primaryimage\"},\"image\":{\"@id\":\"https:\/\/www.africa-press.net\/cotedivoire\/dossiers\/en-cote-divoire-une-armee-verte-lutte-contre-la-deforestation#primaryimage\"},\"thumbnailUrl\":\"https:\/\/static.africa-press.net\/cote\/sites\/43\/2021\/06\/img-60d360f51bb76.jpg\",\"datePublished\":\"2021-06-23T16:44:48+00:00\",\"dateModified\":\"2021-06-23T18:37:52+00:00\",\"author\":{\"@id\":\"https:\/\/www.africa-press.net\/cotedivoire\/#\/schema\/person\/2b1cf3cd81a31e3cd26889ca66d677f1\"},\"description\":\"Trois v\u00e9hicules tout-terrain avalent \u00e0 la h\u00e2te les kilom\u00e8tres de piste dans l\u2019est ivoirien. Voil\u00e0 quelques jours d\u00e9j\u00e0 qu ...\",\"breadcrumb\":{\"@id\":\"https:\/\/www.africa-press.net\/cotedivoire\/dossiers\/en-cote-divoire-une-armee-verte-lutte-contre-la-deforestation#breadcrumb\"},\"inLanguage\":\"fr-FR\",\"potentialAction\":[{\"@type\":\"ReadAction\",\"target\":[\"https:\/\/www.africa-press.net\/cotedivoire\/dossiers\/en-cote-divoire-une-armee-verte-lutte-contre-la-deforestation\"]}]},{\"@type\":\"ImageObject\",\"inLanguage\":\"fr-FR\",\"@id\":\"https:\/\/www.africa-press.net\/cotedivoire\/dossiers\/en-cote-divoire-une-armee-verte-lutte-contre-la-deforestation#primaryimage\",\"url\":\"https:\/\/static.africa-press.net\/cote\/sites\/43\/2021\/06\/img-60d360f51bb76.jpg\",\"contentUrl\":\"https:\/\/static.africa-press.net\/cote\/sites\/43\/2021\/06\/img-60d360f51bb76.jpg\",\"width\":1440,\"height\":720,\"caption\":\"En C\u00f4te d\u2019Ivoire, une \u00ab\u00a0arm\u00e9e\u00a0verte\u00a0\u00bb lutte contre la d\u00e9forestation\"},{\"@type\":\"BreadcrumbList\",\"@id\":\"https:\/\/www.africa-press.net\/cotedivoire\/dossiers\/en-cote-divoire-une-armee-verte-lutte-contre-la-deforestation#breadcrumb\",\"itemListElement\":[{\"@type\":\"ListItem\",\"position\":1,\"name\":\"Accueil\",\"item\":\"https:\/\/www.africa-press.net\/cotedivoire\/\"},{\"@type\":\"ListItem\",\"position\":2,\"name\":\"une \u00ab\u00a0arm\u00e9e\u00a0verte\u00a0\u00bb lutte contre la d\u00e9forestation\"}]},{\"@type\":\"WebSite\",\"@id\":\"https:\/\/www.africa-press.net\/cotedivoire\/#website\",\"url\":\"https:\/\/www.africa-press.net\/cotedivoire\/\",\"name\":\"C\u00f4te d&#039;Ivoire\",\"description\":\"Just another Africa News Agency Sites site\",\"potentialAction\":[{\"@type\":\"SearchAction\",\"target\":{\"@type\":\"EntryPoint\",\"urlTemplate\":\"https:\/\/www.africa-press.net\/cotedivoire\/?s={search_term_string}\"},\"query-input\":{\"@type\":\"PropertyValueSpecification\",\"valueRequired\":true,\"valueName\":\"search_term_string\"}}],\"inLanguage\":\"fr-FR\"},{\"@type\":\"Person\",\"@id\":\"https:\/\/www.africa-press.net\/cotedivoire\/#\/schema\/person\/2b1cf3cd81a31e3cd26889ca66d677f1\",\"name\":\"cfeditorfr\"}]}<\/script>\n<!-- \/ Yoast SEO Premium plugin. -->","yoast_head_json":{"title":"une \u00ab\u00a0arm\u00e9e\u00a0verte\u00a0\u00bb lutte contre la d\u00e9forestation - C\u00f4te d&#039;Ivoire","description":"Trois v\u00e9hicules tout-terrain avalent \u00e0 la h\u00e2te les kilom\u00e8tres de piste dans l\u2019est ivoirien. Voil\u00e0 quelques jours d\u00e9j\u00e0 qu ...","robots":{"index":"index","follow":"follow","max-snippet":"max-snippet:-1","max-image-preview":"max-image-preview:large","max-video-preview":"max-video-preview:-1"},"canonical":"https:\/\/www.africa-press.net\/cotedivoire\/dossiers\/en-cote-divoire-une-armee-verte-lutte-contre-la-deforestation","og_locale":"fr_FR","og_type":"article","og_title":"une \u00ab\u00a0arm\u00e9e\u00a0verte\u00a0\u00bb lutte contre la d\u00e9forestation","og_description":"Trois v\u00e9hicules tout-terrain avalent \u00e0 la h\u00e2te les kilom\u00e8tres de piste dans l\u2019est ivoirien. Voil\u00e0 quelques jours d\u00e9j\u00e0 qu ...","og_url":"https:\/\/www.africa-press.net\/cotedivoire\/dossiers\/en-cote-divoire-une-armee-verte-lutte-contre-la-deforestation","og_site_name":"C\u00f4te d&#039;Ivoire","article_published_time":"2021-06-23T16:44:48+00:00","article_modified_time":"2021-06-23T18:37:52+00:00","og_image":[{"width":1440,"height":720,"url":"https:\/\/static.africa-press.net\/cote\/sites\/43\/2021\/06\/img-60d360f51bb76.jpg","type":"image\/jpeg"}],"author":"cfeditorfr","twitter_card":"summary_large_image","twitter_misc":{"\u00c9crit par":"cfeditorfr","Dur\u00e9e de lecture estim\u00e9e":"7 minutes"},"schema":{"@context":"https:\/\/schema.org","@graph":[{"@type":"Article","@id":"https:\/\/www.africa-press.net\/cotedivoire\/dossiers\/en-cote-divoire-une-armee-verte-lutte-contre-la-deforestation#article","isPartOf":{"@id":"https:\/\/www.africa-press.net\/cotedivoire\/dossiers\/en-cote-divoire-une-armee-verte-lutte-contre-la-deforestation"},"author":{"name":"cfeditorfr","@id":"https:\/\/www.africa-press.net\/cotedivoire\/#\/schema\/person\/2b1cf3cd81a31e3cd26889ca66d677f1"},"headline":"une \u00ab\u00a0arm\u00e9e\u00a0verte\u00a0\u00bb lutte contre la d\u00e9forestation","datePublished":"2021-06-23T16:44:48+00:00","dateModified":"2021-06-23T18:37:52+00:00","mainEntityOfPage":{"@id":"https:\/\/www.africa-press.net\/cotedivoire\/dossiers\/en-cote-divoire-une-armee-verte-lutte-contre-la-deforestation"},"wordCount":1429,"commentCount":0,"image":{"@id":"https:\/\/www.africa-press.net\/cotedivoire\/dossiers\/en-cote-divoire-une-armee-verte-lutte-contre-la-deforestation#primaryimage"},"thumbnailUrl":"https:\/\/static.africa-press.net\/cote\/sites\/43\/2021\/06\/img-60d360f51bb76.jpg","keywords":["Africa Press","Africa Press-C\u00f4te d'Ivoire","C\u00d4TE D'IVOIRE"],"articleSection":["Dossiers","homepage-french","Top Nouvelles","Toutes les actualit\u00e9s"],"inLanguage":"fr-FR","potentialAction":[{"@type":"CommentAction","name":"Comment","target":["https:\/\/www.africa-press.net\/cotedivoire\/dossiers\/en-cote-divoire-une-armee-verte-lutte-contre-la-deforestation#respond"]}]},{"@type":"WebPage","@id":"https:\/\/www.africa-press.net\/cotedivoire\/dossiers\/en-cote-divoire-une-armee-verte-lutte-contre-la-deforestation","url":"https:\/\/www.africa-press.net\/cotedivoire\/dossiers\/en-cote-divoire-une-armee-verte-lutte-contre-la-deforestation","name":"une \u00ab\u00a0arm\u00e9e\u00a0verte\u00a0\u00bb lutte contre la d\u00e9forestation - C\u00f4te d&#039;Ivoire","isPartOf":{"@id":"https:\/\/www.africa-press.net\/cotedivoire\/#website"},"primaryImageOfPage":{"@id":"https:\/\/www.africa-press.net\/cotedivoire\/dossiers\/en-cote-divoire-une-armee-verte-lutte-contre-la-deforestation#primaryimage"},"image":{"@id":"https:\/\/www.africa-press.net\/cotedivoire\/dossiers\/en-cote-divoire-une-armee-verte-lutte-contre-la-deforestation#primaryimage"},"thumbnailUrl":"https:\/\/static.africa-press.net\/cote\/sites\/43\/2021\/06\/img-60d360f51bb76.jpg","datePublished":"2021-06-23T16:44:48+00:00","dateModified":"2021-06-23T18:37:52+00:00","author":{"@id":"https:\/\/www.africa-press.net\/cotedivoire\/#\/schema\/person\/2b1cf3cd81a31e3cd26889ca66d677f1"},"description":"Trois v\u00e9hicules tout-terrain avalent \u00e0 la h\u00e2te les kilom\u00e8tres de piste dans l\u2019est ivoirien. Voil\u00e0 quelques jours d\u00e9j\u00e0 qu ...","breadcrumb":{"@id":"https:\/\/www.africa-press.net\/cotedivoire\/dossiers\/en-cote-divoire-une-armee-verte-lutte-contre-la-deforestation#breadcrumb"},"inLanguage":"fr-FR","potentialAction":[{"@type":"ReadAction","target":["https:\/\/www.africa-press.net\/cotedivoire\/dossiers\/en-cote-divoire-une-armee-verte-lutte-contre-la-deforestation"]}]},{"@type":"ImageObject","inLanguage":"fr-FR","@id":"https:\/\/www.africa-press.net\/cotedivoire\/dossiers\/en-cote-divoire-une-armee-verte-lutte-contre-la-deforestation#primaryimage","url":"https:\/\/static.africa-press.net\/cote\/sites\/43\/2021\/06\/img-60d360f51bb76.jpg","contentUrl":"https:\/\/static.africa-press.net\/cote\/sites\/43\/2021\/06\/img-60d360f51bb76.jpg","width":1440,"height":720,"caption":"En C\u00f4te d\u2019Ivoire, une \u00ab\u00a0arm\u00e9e\u00a0verte\u00a0\u00bb lutte contre la d\u00e9forestation"},{"@type":"BreadcrumbList","@id":"https:\/\/www.africa-press.net\/cotedivoire\/dossiers\/en-cote-divoire-une-armee-verte-lutte-contre-la-deforestation#breadcrumb","itemListElement":[{"@type":"ListItem","position":1,"name":"Accueil","item":"https:\/\/www.africa-press.net\/cotedivoire\/"},{"@type":"ListItem","position":2,"name":"une \u00ab\u00a0arm\u00e9e\u00a0verte\u00a0\u00bb lutte contre la d\u00e9forestation"}]},{"@type":"WebSite","@id":"https:\/\/www.africa-press.net\/cotedivoire\/#website","url":"https:\/\/www.africa-press.net\/cotedivoire\/","name":"C\u00f4te d&#039;Ivoire","description":"Just another Africa News Agency Sites site","potentialAction":[{"@type":"SearchAction","target":{"@type":"EntryPoint","urlTemplate":"https:\/\/www.africa-press.net\/cotedivoire\/?s={search_term_string}"},"query-input":{"@type":"PropertyValueSpecification","valueRequired":true,"valueName":"search_term_string"}}],"inLanguage":"fr-FR"},{"@type":"Person","@id":"https:\/\/www.africa-press.net\/cotedivoire\/#\/schema\/person\/2b1cf3cd81a31e3cd26889ca66d677f1","name":"cfeditorfr"}]}},"_links":{"self":[{"href":"https:\/\/www.africa-press.net\/cotedivoire\/wp-json\/wp\/v2\/posts\/9324","targetHints":{"allow":["GET"]}}],"collection":[{"href":"https:\/\/www.africa-press.net\/cotedivoire\/wp-json\/wp\/v2\/posts"}],"about":[{"href":"https:\/\/www.africa-press.net\/cotedivoire\/wp-json\/wp\/v2\/types\/post"}],"author":[{"embeddable":true,"href":"https:\/\/www.africa-press.net\/cotedivoire\/wp-json\/wp\/v2\/users\/82"}],"replies":[{"embeddable":true,"href":"https:\/\/www.africa-press.net\/cotedivoire\/wp-json\/wp\/v2\/comments?post=9324"}],"version-history":[{"count":0,"href":"https:\/\/www.africa-press.net\/cotedivoire\/wp-json\/wp\/v2\/posts\/9324\/revisions"}],"wp:featuredmedia":[{"embeddable":true,"href":"https:\/\/www.africa-press.net\/cotedivoire\/wp-json\/wp\/v2\/media\/9323"}],"wp:attachment":[{"href":"https:\/\/www.africa-press.net\/cotedivoire\/wp-json\/wp\/v2\/media?parent=9324"}],"wp:term":[{"taxonomy":"category","embeddable":true,"href":"https:\/\/www.africa-press.net\/cotedivoire\/wp-json\/wp\/v2\/categories?post=9324"},{"taxonomy":"post_tag","embeddable":true,"href":"https:\/\/www.africa-press.net\/cotedivoire\/wp-json\/wp\/v2\/tags?post=9324"}],"curies":[{"name":"wp","href":"https:\/\/api.w.org\/{rel}","templated":true}]}}