{"id":9330,"date":"2021-06-23T17:02:30","date_gmt":"2021-06-23T17:02:30","guid":{"rendered":"https:\/\/www.africa-press.net\/cotedivoire\/?p=9330"},"modified":"2021-06-23T18:38:10","modified_gmt":"2021-06-23T18:38:10","slug":"cote-divoire-les-coulisses-du-bras-de-fer-entre-les-chaines-privees-de-la-tnt-et-la-rti","status":"publish","type":"post","link":"https:\/\/www.africa-press.net\/cotedivoire\/economie\/cote-divoire-les-coulisses-du-bras-de-fer-entre-les-chaines-privees-de-la-tnt-et-la-rti","title":{"rendered":"les coulisses du bras de fer entre les cha\u00eenes priv\u00e9es de la TNT et la RTI"},"content":{"rendered":"<p><span style=\"color: #ff6600\"><strong><a href=\"https:\/\/www.africa-press.net\/\">Africa-Press<\/a> &#8211; <a href=\"https:\/\/www.africa-press.net\/cotedivoire\">C\u00f4te d&rsquo;Ivoire<\/a>. <\/strong><\/span>Le financement des nouvelles cha\u00eenes de la TNT sera au c\u0153ur d\u2019une rencontre entre les op\u00e9rateurs et les autorit\u00e9s, le 24 juin \u00e0 Abidjan. Selon nos informations, la Haute autorit\u00e9 de la communication audiovisuelle (HACA), pr\u00e9sid\u00e9e par Ren\u00e9 Bourgoin, r\u00e9unira les acteurs de la TNT ivoirienne le 24 juin \u00e0 l\u2019h\u00f4tel Tiama, dans le quartier du Plateau. En plus des \u00e9diteurs, publics et priv\u00e9s, les op\u00e9rateurs de multiplex payants (le Chinois Startimes Media C\u00f4te d\u2019Ivoire et T\u00e9l\u00e9num C\u00f4te d\u2019Ivoire ) et gratuits (Soci\u00e9t\u00e9 ivoirienne de t\u00e9l\u00e9diffusion -IDT-), les minist\u00e8res de la Communication, de l\u2019\u00c9conomie et du Budget sont convi\u00e9s \u00e0 cette rencontre.<\/p>\n<p>L\u2019\u00e9pineuse question de la viabilit\u00e9 \u00e9conomique des nouvelles cha\u00eenes, cr\u00e9\u00e9es apr\u00e8s la lib\u00e9ralisation du secteur en 2019, sera au c\u0153ur des discussions.<\/p>\n<p><b>\u00a0<\/b><\/p>\n","protected":false},"excerpt":{"rendered":"<p>Africa-Press &#8211; C\u00f4te d&rsquo;Ivoire. Le financement des nouvelles cha\u00eenes de la TNT sera au c\u0153ur d\u2019une rencontre entre les op\u00e9rateurs et les autorit\u00e9s, le 24 juin \u00e0 Abidjan. Selon nos informations, la Haute autorit\u00e9 de la communication audiovisuelle (HACA), pr\u00e9sid\u00e9e par Ren\u00e9 Bourgoin, r\u00e9unira les acteurs de la TNT ivoirienne le 24 juin \u00e0 l\u2019h\u00f4tel [&hellip;]<\/p>\n","protected":false},"author":82,"featured_media":9329,"comment_status":"open","ping_status":"closed","sticky":false,"template":"","format":"standard","meta":{"footnotes":""},"categories":[3,11,10],"tags":[56,63,29],"class_list":["post-9330","post","type-post","status-publish","format-standard","has-post-thumbnail","hentry","category-economie","category-homepage-french","category-toutes-les-actualites","tag-africa-press","tag-africa-press-cote-divoire","tag-cote-divoire"],"yoast_head":"<!-- This site is optimized with the Yoast SEO Premium plugin v26.1 (Yoast SEO v27.0) - https:\/\/yoast.com\/product\/yoast-seo-premium-wordpress\/ -->\n<title>les coulisses du bras de fer entre les cha\u00eenes priv\u00e9es de la TNT et la RTI - C\u00f4te d&#039;Ivoire<\/title>\n<meta name=\"description\" content=\"Le financement des nouvelles cha\u00eenes de la TNT sera au c\u0153ur d\u2019une rencontre entre les op\u00e9rateurs et les autorit\u00e9s, le 24 ...\" \/>\n<meta name=\"robots\" content=\"index, follow, max-snippet:-1, max-image-preview:large, max-video-preview:-1\" \/>\n<link rel=\"canonical\" href=\"https:\/\/www.africa-press.net\/cotedivoire\/economie\/cote-divoire-les-coulisses-du-bras-de-fer-entre-les-chaines-privees-de-la-tnt-et-la-rti\" \/>\n<meta property=\"og:locale\" content=\"fr_FR\" \/>\n<meta property=\"og:type\" content=\"article\" \/>\n<meta property=\"og:title\" content=\"les coulisses du bras de fer entre les cha\u00eenes priv\u00e9es de la TNT et la RTI\" \/>\n<meta property=\"og:description\" content=\"Le financement des nouvelles cha\u00eenes de la TNT sera au c\u0153ur d\u2019une rencontre entre les op\u00e9rateurs et les autorit\u00e9s, le 24 ...\" \/>\n<meta property=\"og:url\" content=\"https:\/\/www.africa-press.net\/cotedivoire\/economie\/cote-divoire-les-coulisses-du-bras-de-fer-entre-les-chaines-privees-de-la-tnt-et-la-rti\" \/>\n<meta property=\"og:site_name\" content=\"C\u00f4te d&#039;Ivoire\" \/>\n<meta property=\"article:published_time\" content=\"2021-06-23T17:02:30+00:00\" \/>\n<meta property=\"article:modified_time\" content=\"2021-06-23T18:38:10+00:00\" \/>\n<meta property=\"og:image\" content=\"https:\/\/static.africa-press.net\/cote\/sites\/43\/2021\/06\/img-60d3615d11b6d.jpg\" \/>\n\t<meta property=\"og:image:width\" content=\"720\" \/>\n\t<meta property=\"og:image:height\" content=\"360\" \/>\n\t<meta property=\"og:image:type\" content=\"image\/jpeg\" \/>\n<meta name=\"author\" content=\"cfeditorfr\" \/>\n<meta name=\"twitter:card\" content=\"summary_large_image\" \/>\n<meta name=\"twitter:label1\" content=\"\u00c9crit par\" \/>\n\t<meta name=\"twitter:data1\" content=\"cfeditorfr\" \/>\n\t<meta name=\"twitter:label2\" content=\"Dur\u00e9e de lecture estim\u00e9e\" \/>\n\t<meta name=\"twitter:data2\" content=\"1 minute\" \/>\n<script type=\"application\/ld+json\" class=\"yoast-schema-graph\">{\"@context\":\"https:\/\/schema.org\",\"@graph\":[{\"@type\":\"Article\",\"@id\":\"https:\/\/www.africa-press.net\/cotedivoire\/economie\/cote-divoire-les-coulisses-du-bras-de-fer-entre-les-chaines-privees-de-la-tnt-et-la-rti#article\",\"isPartOf\":{\"@id\":\"https:\/\/www.africa-press.net\/cotedivoire\/economie\/cote-divoire-les-coulisses-du-bras-de-fer-entre-les-chaines-privees-de-la-tnt-et-la-rti\"},\"author\":{\"name\":\"cfeditorfr\",\"@id\":\"https:\/\/www.africa-press.net\/cotedivoire\/#\/schema\/person\/2b1cf3cd81a31e3cd26889ca66d677f1\"},\"headline\":\"les coulisses du bras de fer entre les cha\u00eenes priv\u00e9es de la TNT et la RTI\",\"datePublished\":\"2021-06-23T17:02:30+00:00\",\"dateModified\":\"2021-06-23T18:38:10+00:00\",\"mainEntityOfPage\":{\"@id\":\"https:\/\/www.africa-press.net\/cotedivoire\/economie\/cote-divoire-les-coulisses-du-bras-de-fer-entre-les-chaines-privees-de-la-tnt-et-la-rti\"},\"wordCount\":171,\"commentCount\":0,\"image\":{\"@id\":\"https:\/\/www.africa-press.net\/cotedivoire\/economie\/cote-divoire-les-coulisses-du-bras-de-fer-entre-les-chaines-privees-de-la-tnt-et-la-rti#primaryimage\"},\"thumbnailUrl\":\"https:\/\/static.africa-press.net\/cote\/sites\/43\/2021\/06\/img-60d3615d11b6d.jpg\",\"keywords\":[\"Africa Press\",\"Africa Press-C\u00f4te d'Ivoire\",\"C\u00d4TE D'IVOIRE\"],\"articleSection\":[\"\u00c9conomie\",\"homepage-french\",\"Toutes les actualit\u00e9s\"],\"inLanguage\":\"fr-FR\",\"potentialAction\":[{\"@type\":\"CommentAction\",\"name\":\"Comment\",\"target\":[\"https:\/\/www.africa-press.net\/cotedivoire\/economie\/cote-divoire-les-coulisses-du-bras-de-fer-entre-les-chaines-privees-de-la-tnt-et-la-rti#respond\"]}]},{\"@type\":\"WebPage\",\"@id\":\"https:\/\/www.africa-press.net\/cotedivoire\/economie\/cote-divoire-les-coulisses-du-bras-de-fer-entre-les-chaines-privees-de-la-tnt-et-la-rti\",\"url\":\"https:\/\/www.africa-press.net\/cotedivoire\/economie\/cote-divoire-les-coulisses-du-bras-de-fer-entre-les-chaines-privees-de-la-tnt-et-la-rti\",\"name\":\"les coulisses du bras de fer entre les cha\u00eenes priv\u00e9es de la TNT et la RTI - C\u00f4te d&#039;Ivoire\",\"isPartOf\":{\"@id\":\"https:\/\/www.africa-press.net\/cotedivoire\/#website\"},\"primaryImageOfPage\":{\"@id\":\"https:\/\/www.africa-press.net\/cotedivoire\/economie\/cote-divoire-les-coulisses-du-bras-de-fer-entre-les-chaines-privees-de-la-tnt-et-la-rti#primaryimage\"},\"image\":{\"@id\":\"https:\/\/www.africa-press.net\/cotedivoire\/economie\/cote-divoire-les-coulisses-du-bras-de-fer-entre-les-chaines-privees-de-la-tnt-et-la-rti#primaryimage\"},\"thumbnailUrl\":\"https:\/\/static.africa-press.net\/cote\/sites\/43\/2021\/06\/img-60d3615d11b6d.jpg\",\"datePublished\":\"2021-06-23T17:02:30+00:00\",\"dateModified\":\"2021-06-23T18:38:10+00:00\",\"author\":{\"@id\":\"https:\/\/www.africa-press.net\/cotedivoire\/#\/schema\/person\/2b1cf3cd81a31e3cd26889ca66d677f1\"},\"description\":\"Le financement des nouvelles cha\u00eenes de la TNT sera au c\u0153ur d\u2019une rencontre entre les op\u00e9rateurs et les autorit\u00e9s, le 24 ...\",\"breadcrumb\":{\"@id\":\"https:\/\/www.africa-press.net\/cotedivoire\/economie\/cote-divoire-les-coulisses-du-bras-de-fer-entre-les-chaines-privees-de-la-tnt-et-la-rti#breadcrumb\"},\"inLanguage\":\"fr-FR\",\"potentialAction\":[{\"@type\":\"ReadAction\",\"target\":[\"https:\/\/www.africa-press.net\/cotedivoire\/economie\/cote-divoire-les-coulisses-du-bras-de-fer-entre-les-chaines-privees-de-la-tnt-et-la-rti\"]}]},{\"@type\":\"ImageObject\",\"inLanguage\":\"fr-FR\",\"@id\":\"https:\/\/www.africa-press.net\/cotedivoire\/economie\/cote-divoire-les-coulisses-du-bras-de-fer-entre-les-chaines-privees-de-la-tnt-et-la-rti#primaryimage\",\"url\":\"https:\/\/static.africa-press.net\/cote\/sites\/43\/2021\/06\/img-60d3615d11b6d.jpg\",\"contentUrl\":\"https:\/\/static.africa-press.net\/cote\/sites\/43\/2021\/06\/img-60d3615d11b6d.jpg\",\"width\":720,\"height\":360,\"caption\":\"C\u00f4te d\u2019Ivoire : les coulisses du bras de fer entre les cha\u00eenes priv\u00e9es de la TNT et la RTI\"},{\"@type\":\"BreadcrumbList\",\"@id\":\"https:\/\/www.africa-press.net\/cotedivoire\/economie\/cote-divoire-les-coulisses-du-bras-de-fer-entre-les-chaines-privees-de-la-tnt-et-la-rti#breadcrumb\",\"itemListElement\":[{\"@type\":\"ListItem\",\"position\":1,\"name\":\"Accueil\",\"item\":\"https:\/\/www.africa-press.net\/cotedivoire\/\"},{\"@type\":\"ListItem\",\"position\":2,\"name\":\"les coulisses du bras de fer entre les cha\u00eenes priv\u00e9es de la TNT et la RTI\"}]},{\"@type\":\"WebSite\",\"@id\":\"https:\/\/www.africa-press.net\/cotedivoire\/#website\",\"url\":\"https:\/\/www.africa-press.net\/cotedivoire\/\",\"name\":\"C\u00f4te d&#039;Ivoire\",\"description\":\"Just another Africa News Agency Sites site\",\"potentialAction\":[{\"@type\":\"SearchAction\",\"target\":{\"@type\":\"EntryPoint\",\"urlTemplate\":\"https:\/\/www.africa-press.net\/cotedivoire\/?s={search_term_string}\"},\"query-input\":{\"@type\":\"PropertyValueSpecification\",\"valueRequired\":true,\"valueName\":\"search_term_string\"}}],\"inLanguage\":\"fr-FR\"},{\"@type\":\"Person\",\"@id\":\"https:\/\/www.africa-press.net\/cotedivoire\/#\/schema\/person\/2b1cf3cd81a31e3cd26889ca66d677f1\",\"name\":\"cfeditorfr\"}]}<\/script>\n<!-- \/ Yoast SEO Premium plugin. -->","yoast_head_json":{"title":"les coulisses du bras de fer entre les cha\u00eenes priv\u00e9es de la TNT et la RTI - C\u00f4te d&#039;Ivoire","description":"Le financement des nouvelles cha\u00eenes de la TNT sera au c\u0153ur d\u2019une rencontre entre les op\u00e9rateurs et les autorit\u00e9s, le 24 ...","robots":{"index":"index","follow":"follow","max-snippet":"max-snippet:-1","max-image-preview":"max-image-preview:large","max-video-preview":"max-video-preview:-1"},"canonical":"https:\/\/www.africa-press.net\/cotedivoire\/economie\/cote-divoire-les-coulisses-du-bras-de-fer-entre-les-chaines-privees-de-la-tnt-et-la-rti","og_locale":"fr_FR","og_type":"article","og_title":"les coulisses du bras de fer entre les cha\u00eenes priv\u00e9es de la TNT et la RTI","og_description":"Le financement des nouvelles cha\u00eenes de la TNT sera au c\u0153ur d\u2019une rencontre entre les op\u00e9rateurs et les autorit\u00e9s, le 24 ...","og_url":"https:\/\/www.africa-press.net\/cotedivoire\/economie\/cote-divoire-les-coulisses-du-bras-de-fer-entre-les-chaines-privees-de-la-tnt-et-la-rti","og_site_name":"C\u00f4te d&#039;Ivoire","article_published_time":"2021-06-23T17:02:30+00:00","article_modified_time":"2021-06-23T18:38:10+00:00","og_image":[{"width":720,"height":360,"url":"https:\/\/static.africa-press.net\/cote\/sites\/43\/2021\/06\/img-60d3615d11b6d.jpg","type":"image\/jpeg"}],"author":"cfeditorfr","twitter_card":"summary_large_image","twitter_misc":{"\u00c9crit par":"cfeditorfr","Dur\u00e9e de lecture estim\u00e9e":"1 minute"},"schema":{"@context":"https:\/\/schema.org","@graph":[{"@type":"Article","@id":"https:\/\/www.africa-press.net\/cotedivoire\/economie\/cote-divoire-les-coulisses-du-bras-de-fer-entre-les-chaines-privees-de-la-tnt-et-la-rti#article","isPartOf":{"@id":"https:\/\/www.africa-press.net\/cotedivoire\/economie\/cote-divoire-les-coulisses-du-bras-de-fer-entre-les-chaines-privees-de-la-tnt-et-la-rti"},"author":{"name":"cfeditorfr","@id":"https:\/\/www.africa-press.net\/cotedivoire\/#\/schema\/person\/2b1cf3cd81a31e3cd26889ca66d677f1"},"headline":"les coulisses du bras de fer entre les cha\u00eenes priv\u00e9es de la TNT et la RTI","datePublished":"2021-06-23T17:02:30+00:00","dateModified":"2021-06-23T18:38:10+00:00","mainEntityOfPage":{"@id":"https:\/\/www.africa-press.net\/cotedivoire\/economie\/cote-divoire-les-coulisses-du-bras-de-fer-entre-les-chaines-privees-de-la-tnt-et-la-rti"},"wordCount":171,"commentCount":0,"image":{"@id":"https:\/\/www.africa-press.net\/cotedivoire\/economie\/cote-divoire-les-coulisses-du-bras-de-fer-entre-les-chaines-privees-de-la-tnt-et-la-rti#primaryimage"},"thumbnailUrl":"https:\/\/static.africa-press.net\/cote\/sites\/43\/2021\/06\/img-60d3615d11b6d.jpg","keywords":["Africa Press","Africa Press-C\u00f4te d'Ivoire","C\u00d4TE D'IVOIRE"],"articleSection":["\u00c9conomie","homepage-french","Toutes les actualit\u00e9s"],"inLanguage":"fr-FR","potentialAction":[{"@type":"CommentAction","name":"Comment","target":["https:\/\/www.africa-press.net\/cotedivoire\/economie\/cote-divoire-les-coulisses-du-bras-de-fer-entre-les-chaines-privees-de-la-tnt-et-la-rti#respond"]}]},{"@type":"WebPage","@id":"https:\/\/www.africa-press.net\/cotedivoire\/economie\/cote-divoire-les-coulisses-du-bras-de-fer-entre-les-chaines-privees-de-la-tnt-et-la-rti","url":"https:\/\/www.africa-press.net\/cotedivoire\/economie\/cote-divoire-les-coulisses-du-bras-de-fer-entre-les-chaines-privees-de-la-tnt-et-la-rti","name":"les coulisses du bras de fer entre les cha\u00eenes priv\u00e9es de la TNT et la RTI - C\u00f4te d&#039;Ivoire","isPartOf":{"@id":"https:\/\/www.africa-press.net\/cotedivoire\/#website"},"primaryImageOfPage":{"@id":"https:\/\/www.africa-press.net\/cotedivoire\/economie\/cote-divoire-les-coulisses-du-bras-de-fer-entre-les-chaines-privees-de-la-tnt-et-la-rti#primaryimage"},"image":{"@id":"https:\/\/www.africa-press.net\/cotedivoire\/economie\/cote-divoire-les-coulisses-du-bras-de-fer-entre-les-chaines-privees-de-la-tnt-et-la-rti#primaryimage"},"thumbnailUrl":"https:\/\/static.africa-press.net\/cote\/sites\/43\/2021\/06\/img-60d3615d11b6d.jpg","datePublished":"2021-06-23T17:02:30+00:00","dateModified":"2021-06-23T18:38:10+00:00","author":{"@id":"https:\/\/www.africa-press.net\/cotedivoire\/#\/schema\/person\/2b1cf3cd81a31e3cd26889ca66d677f1"},"description":"Le financement des nouvelles cha\u00eenes de la TNT sera au c\u0153ur d\u2019une rencontre entre les op\u00e9rateurs et les autorit\u00e9s, le 24 ...","breadcrumb":{"@id":"https:\/\/www.africa-press.net\/cotedivoire\/economie\/cote-divoire-les-coulisses-du-bras-de-fer-entre-les-chaines-privees-de-la-tnt-et-la-rti#breadcrumb"},"inLanguage":"fr-FR","potentialAction":[{"@type":"ReadAction","target":["https:\/\/www.africa-press.net\/cotedivoire\/economie\/cote-divoire-les-coulisses-du-bras-de-fer-entre-les-chaines-privees-de-la-tnt-et-la-rti"]}]},{"@type":"ImageObject","inLanguage":"fr-FR","@id":"https:\/\/www.africa-press.net\/cotedivoire\/economie\/cote-divoire-les-coulisses-du-bras-de-fer-entre-les-chaines-privees-de-la-tnt-et-la-rti#primaryimage","url":"https:\/\/static.africa-press.net\/cote\/sites\/43\/2021\/06\/img-60d3615d11b6d.jpg","contentUrl":"https:\/\/static.africa-press.net\/cote\/sites\/43\/2021\/06\/img-60d3615d11b6d.jpg","width":720,"height":360,"caption":"C\u00f4te d\u2019Ivoire : les coulisses du bras de fer entre les cha\u00eenes priv\u00e9es de la TNT et la RTI"},{"@type":"BreadcrumbList","@id":"https:\/\/www.africa-press.net\/cotedivoire\/economie\/cote-divoire-les-coulisses-du-bras-de-fer-entre-les-chaines-privees-de-la-tnt-et-la-rti#breadcrumb","itemListElement":[{"@type":"ListItem","position":1,"name":"Accueil","item":"https:\/\/www.africa-press.net\/cotedivoire\/"},{"@type":"ListItem","position":2,"name":"les coulisses du bras de fer entre les cha\u00eenes priv\u00e9es de la TNT et la RTI"}]},{"@type":"WebSite","@id":"https:\/\/www.africa-press.net\/cotedivoire\/#website","url":"https:\/\/www.africa-press.net\/cotedivoire\/","name":"C\u00f4te d&#039;Ivoire","description":"Just another Africa News Agency Sites site","potentialAction":[{"@type":"SearchAction","target":{"@type":"EntryPoint","urlTemplate":"https:\/\/www.africa-press.net\/cotedivoire\/?s={search_term_string}"},"query-input":{"@type":"PropertyValueSpecification","valueRequired":true,"valueName":"search_term_string"}}],"inLanguage":"fr-FR"},{"@type":"Person","@id":"https:\/\/www.africa-press.net\/cotedivoire\/#\/schema\/person\/2b1cf3cd81a31e3cd26889ca66d677f1","name":"cfeditorfr"}]}},"_links":{"self":[{"href":"https:\/\/www.africa-press.net\/cotedivoire\/wp-json\/wp\/v2\/posts\/9330","targetHints":{"allow":["GET"]}}],"collection":[{"href":"https:\/\/www.africa-press.net\/cotedivoire\/wp-json\/wp\/v2\/posts"}],"about":[{"href":"https:\/\/www.africa-press.net\/cotedivoire\/wp-json\/wp\/v2\/types\/post"}],"author":[{"embeddable":true,"href":"https:\/\/www.africa-press.net\/cotedivoire\/wp-json\/wp\/v2\/users\/82"}],"replies":[{"embeddable":true,"href":"https:\/\/www.africa-press.net\/cotedivoire\/wp-json\/wp\/v2\/comments?post=9330"}],"version-history":[{"count":0,"href":"https:\/\/www.africa-press.net\/cotedivoire\/wp-json\/wp\/v2\/posts\/9330\/revisions"}],"wp:featuredmedia":[{"embeddable":true,"href":"https:\/\/www.africa-press.net\/cotedivoire\/wp-json\/wp\/v2\/media\/9329"}],"wp:attachment":[{"href":"https:\/\/www.africa-press.net\/cotedivoire\/wp-json\/wp\/v2\/media?parent=9330"}],"wp:term":[{"taxonomy":"category","embeddable":true,"href":"https:\/\/www.africa-press.net\/cotedivoire\/wp-json\/wp\/v2\/categories?post=9330"},{"taxonomy":"post_tag","embeddable":true,"href":"https:\/\/www.africa-press.net\/cotedivoire\/wp-json\/wp\/v2\/tags?post=9330"}],"curies":[{"name":"wp","href":"https:\/\/api.w.org\/{rel}","templated":true}]}}