{"id":93313,"date":"2025-01-04T15:08:18","date_gmt":"2025-01-04T15:08:18","guid":{"rendered":"https:\/\/www.africa-press.net\/cotedivoire\/politique\/reformes-foncieres-les-chefs-atchans-et-akye-emettent-des-reserves-sur-ladu-demande-de-report-dun-an-mambe-annonce-les-recevoir"},"modified":"2025-01-04T15:19:13","modified_gmt":"2025-01-04T15:19:13","slug":"reformes-foncieres-les-chefs-atchans-et-akye-emettent-des-reserves-sur-ladu-demande-de-report-dun-an-mambe-annonce-les-recevoir","status":"publish","type":"post","link":"https:\/\/www.africa-press.net\/cotedivoire\/politique\/reformes-foncieres-les-chefs-atchans-et-akye-emettent-des-reserves-sur-ladu-demande-de-report-dun-an-mambe-annonce-les-recevoir","title":{"rendered":"Reformes fonci\u00e8res, les chefs Atchans et Aky\u00e9 \u00e9mettent des r\u00e9serves sur l&rsquo;ADU, demande de report d&rsquo;un an, Mamb\u00e9 annonce les recevoir"},"content":{"rendered":"<p><span style=\"color: #ff6600\"><strong>Africa-Press &#8211; C\u00f4te d&rsquo;Ivoire. <\/strong><\/span>Les alentours d&rsquo;Abidjan, notamment en pays Akye\u0301 deviennent progressivement sa banlieue urbaine. Les chefs Atchans et Akye\u0301 du district autonome d&rsquo;Abidjan et le chef du gouvernement ivoirien et son ministre de la construction se sont donne\u0301 rendez-vous a\u0300 Songon Abiatie\u0301 pour e\u0301changer sur la re\u0301forme foncie\u0300re entre\u0301e en vigueur depuis le 1er janvier 2025.<\/p>\n<p>\u00ab\u00a0Nous voudrions que vous facilitiez un report d&rsquo;au moins un an de la date d\u2019entre\u0301e en vigueur de l\u2019ADU et des re\u0301formes du foncier\u00a0\u00bb, a plaide\u0301 le chef Nangui Thomas, porte-parole des chefs Atchans, lors des e\u0301changes qu&rsquo;ils ont eus, ce vendredi 03 janvier 2025 avec le Premier ministre Robert Beugre\u0301 Mambe\u0301 et le ministre de la construction et de l\u2019urbanisme, Bruno Nabagne\u0301 Kone\u0301, en pre\u0301sence du pre\u0301sident de l&rsquo;Assemble\u0301e nationale Adama Bictogo et du ministre des eaux et fore\u0302ts, Laurent Tchagba a\u0300 Songon Abiatie\u0301.<\/p>\n<p>Adhe\u0301rant pleinement a\u0300 la re\u0301forme foncie\u0300re, le peuple Atchan et Akye\u0301 estiment cependant, que la re\u0301forme actuelle comporte des insuffisances a\u0300 corriger avant sa mise en vigueur.<\/p>\n<p>\u00ab\u00a0Si l&rsquo;ADU et les autres re\u0301formes se veulent des outils d\u2019assainissement, de se\u0301curisation, de re\u0301gularisation du foncier et de transparence, elle n\u2019inte\u0300gre pas pleinement les re\u0301alite\u0301s et les inte\u0301re\u0302ts des peuples autochtones, notamment celles des Atchan et Akye\u0301, mais aussi de nombreux peuples de Co\u0302te d\u2019Ivoire \u00ab\u00a0, a explique\u0301 le chef Nangui Thomas au nom de ses pairs. \u00ab\u00a0L&rsquo;ADU, dans sa forme actuelle, insiste-t-il sur les raisons de la re\u0301serve des peuples du district autonome d&rsquo;Abidjan, n\u2019offre pas suffisamment d\u2019assurance aux proprie\u0301taires terriens. Bien au contraire, elle est source de beaucoup d\u2019incompre\u0301hension, d\u2019inquie\u0301tude et de me\u0301fiance au sein de nos communaute\u0301s respectives\u00a0\u00bb. Un sentiment qui, selon ses propres termes, est \u00ab\u00a0amplifie\u0301 par l\u2019empressement avec lequel le ministe\u0300re de la construction veut mettre en \u0153uvre lesdites formes et ceux de fac\u0327on presque unilate\u0301rale\u00a0\u00bb.<\/p>\n<p>Bien avant cette intervention, le ministre Bruno Kone\u0301 a pourtant semble\u0301 trancher la question en annonc\u0327ant la prorogation de la mise en vigueur de cette re\u0301forme foncie\u0300re qui depuis son annonce ne fait que faire couler encre et salive.<\/p>\n<p>\u00ab\u00a0Monsieur le Premier Ministre, sur votre orientation, il a e\u0301te\u0301 convenu de donner encore un peu de de\u0301lai a\u0300 tous ceux qui de\u0301tiennent aujourd\u2019hui une attestation villageoise. Donc un de\u0301lai supple\u0301mentaire a e\u0301te\u0301 donne\u0301 qui e\u0301tend a\u0300 trois mois a\u0300 compter du 1er janvier a\u0300 fin mars 2025, la pe\u0301riode pendant laquelle toutes les attestations qui sont aujourd\u2019hui de\u0301livre\u0301es a\u0300 quelqu\u2019un peuvent e\u0302tre rec\u0327u a\u0300 tous les guichets, de ministe\u0300re de la construction et e\u0302tre traite\u0301. Et je vous rassure, la de\u0301cision qui a e\u0301te\u0301 prise dit qu\u2019a\u0300 partir du 1er janvier, entre en vigueur le de\u0301cret qui re\u0301git les lotissements et qui met en place l\u2019attestation de droit d&rsquo;usage. C\u2019est ce qui a e\u0301te\u0301 de\u0301cide\u0301 et c\u2019est sur cela que nous communiquons. Nous n\u2019avons jamais dit, et je souhaite vraiment le dire haut et fort ici, qu\u2019une attestation de\u0301ja\u0300 de\u0301livre\u0301e signe\u0301e par un chef, une attestation qui est authentique, ne sera pas rec\u0327u. Quelle que soit la date, je vous rassure, cette attestation sera rec\u0327ue a\u0300 nos bureaux et traite\u0301e. La seule chose que nous demandons respectueusement, c\u2019est qu&rsquo;a\u0300 partir du 1er janvier 2025, ensemble, que nous mettions en application le de\u0301cret re\u0301gissant les lotissements et l\u2019ADU de de\u0301cembre 2021. Ce n\u2019est pas un de\u0301cret qui date d\u2019avant-hier, c\u2019est un de\u0301cret de de\u0301cembre 2021\u00a0\u00bb, a explique\u0301 le ministre ivoirien de la construction, Bruno Nabagne\u0301 Kone\u0301.<\/p>\n<p>\u00ab\u00a0Nous ne sommes pas contre ces re\u0301formes. Bien au contraire, nous y adhe\u0301rons pleinement. Il s\u2019agit d\u2019assainir, de se\u0301curiser et ce sont des re\u0301formes qui vont me\u0302me nous faciliter notre travail au quotidien. Ces re\u0301formes vont nous faciliter la vie. Seulement, nous estimons qu\u2019il y a encore quelques re\u0301glages a\u0300 faire\u00a0\u00bb, a pre\u0301cise\u0301 le chef Nangui Thomas qui, rappelle-t-il, se faisait fort, en tant que porte-parole des chefs, de porter a\u0300 la connaissance de l&rsquo;autorite\u0301 ce qui constitue les points de pre\u0301occupations des chefs.<\/p>\n<p>\u00ab\u00a0Vous remerciant encore pour l\u2019effort que vous avez fait en conce\u0301dant les trois mois, les Chefs et moi ici pre\u0301sents, avons de\u0301ja\u0300 pre\u0301pare\u0301 quelque chose. Je ne peux pas de fac\u0327on unilate\u0301rale m&rsquo;y de\u0301roger. Et c\u2019est ce que nous pensions vraiment. Et c\u2019est cher a\u0300 notre c\u0153ur que nous avions voulu vous soumettre\u00a0\u00bb, a-t-il conclu avec plusieurs dole\u0301ances.<\/p>\n<p>Ils souhaitent que leur soit facilite\u0301e la mise en place d\u2019un groupe de travail mixte compose\u0301 au moins de spe\u0301cialistes du ministe\u0300re de la construction et des personnes-ressources commises par le collectif des chefs coutumiers pour analyser et amender toutes les dispositions de l&rsquo;ADU, les re\u0301formes foncie\u0300res, sources d&rsquo;incompre\u0301hensions et d\u2019inquie\u0301tudes qui prennent en compte les inte\u0301re\u0302ts de toutes les parties en vue d\u2019e\u0301viter ou de minimiser autant que possible, d\u2019e\u0301ventuelles frustrations et des ressentiments de nos populations.<\/p>\n<p>A cela s\u2019ajoute la prise de mesure exceptionnelle simplifie\u0301e pour l\u2019approbation de lotissement en cours et non encore approuve\u0301. Ils veulent e\u0301galement que l&rsquo;ACD soit et demeure, a\u0300 l\u2019instar de tout document administratif, un document attaquable et susceptible d\u2019e\u0302tre annule\u0301 s&rsquo;il est e\u0301labore\u0301 de manie\u0300re irre\u0301gulie\u0300re et que les textes le re\u0301gissant soient tre\u0300s explicites sur la question.<\/p>\n<p>Les chefs Atchans et Akye\u0301 proposent enfin que les autorite\u0301s re\u0301fle\u0301chissent a\u0300 donner a\u0300 la tradition toute sa place et a\u0300 la concilier avec le modernisme pour une gestion harmonieuse et durable du domaine foncier.<\/p>\n<p>Le Premier Ministre, Robert Beugre\u0301 Mambe\u0301, annonce une rencontre avec les chefs atchan et attie\u0301 du District autonome d&rsquo;Abidjan<\/p>\n<p>Songon (District d&rsquo;Abidjan), le 03 janvier 2025- Le Premier Ministre, Robert Beugre\u0301 Mambe\u0301, a annonce\u0301 que le ministre de la Construction, du Logement et de l&rsquo;Urbanisme, Bruno Nabagne\u0301 Kone\u0301, va recevoir, en sa pre\u0301sence, les chefs de villages atchan et attie\u0301 du District autonome d&rsquo;Abidjan afin de donner des re\u0301ponses a\u0300 leurs pre\u0301occupations relatives a\u0300 l&rsquo;Attestation de Droit d&rsquo;Usage coutumier (ADU) et autres re\u0301formes du foncier.<\/p>\n<p>Le Chef du gouvernement a fait cette annonce, le vendredi 03 janvier 2025 a\u0300 Songon, pre\u0301cise\u0301ment dans le village d&rsquo;Abiate\u0301, a\u0300 l&rsquo;occasion d&rsquo;une rencontre avec les chefs de villages atchan et attie\u0301 du District autonome d&rsquo;Abidjan.<\/p>\n<p>Par ailleurs, Robert Beugre\u0301 Mambe\u0301 a, pour le de\u0301but de nouvel an, souhaite\u0301 que les populations cultivent l&rsquo;amour fraternel de sorte que \u00ab la Co\u0302te d&rsquo;Ivoire soit toujours en paix et respecte\u0301e \u00bb.<\/p>\n<p>De son co\u0302te\u0301, le ministre Bruno Nabagne\u0301 Kone\u0301 a rassure\u0301 les chefs: \u00ab Je vous rassure que la de\u0301cision qui a e\u0301te\u0301 prise dit seulement qu&rsquo;a\u0300 partir du 1er janvier 2025 entre en vigueur le de\u0301cret qui re\u0301git les lotissements et qui met en place l&rsquo;ADU dont le de\u0301cret date de de\u0301cembre 2021. Mais, nous n&rsquo;avons jamais dit qu&rsquo;une attestation de\u0301ja\u0300 de\u0301livre\u0301e et signe\u0301e par un chef ne sera pas rec\u0327ue. Quelle que soit la date, je vous rassure, cette attestation sera rec\u0327ue a\u0300 nos bureaux et traite\u0301e \u00bb.<\/p>\n<p>Il a rappele\u0301 qu&rsquo;un de\u0301lai de trois mois a e\u0301te\u0301 donne\u0301 a\u0300 tous ceux qui de\u0301tiennent aujourd&rsquo;hui une attestation villageoise pour re\u0301gulariser leur situation: \u00ab Donc entre maintenant et fin mars 2025, vous disposez d&rsquo;une pe\u0301riode pendant laquelle toutes les attestations qui sont aujourd&rsquo;hui de\u0301livre\u0301es a\u0300 quelqu&rsquo;un peuvent e\u0302tre rec\u0327ues a\u0300 tous les guichets du ministe\u0300re de la Construction et traite\u0301es \u00bb.<\/p>\n\r\n                <style type=\"text\/css\">\r\n                    \r\n                    #td_uid_1_69f5cd48b56a7  .td-doubleSlider-2 .td-item1 {\r\n                        background: url(https:\/\/static.africa-press.net\/cote\/sites\/43\/2025\/01\/sm_1735991324.918187-80x60.jpg) 0 0 no-repeat;\r\n                    }\r\n                    #td_uid_1_69f5cd48b56a7  .td-doubleSlider-2 .td-item2 {\r\n                        background: url(https:\/\/static.africa-press.net\/cote\/sites\/43\/2025\/01\/sm_1735991328.707909-80x60.jpg) 0 0 no-repeat;\r\n                    }\r\n                <\/style>\r\n\r\n                <div id=\"td_uid_1_69f5cd48b56a7\" class=\"td-gallery td-slide-on-2-columns\">\r\n                    <div class=\"post_td_gallery\">\r\n                        <div class=\"td-gallery-slide-top\">\r\n                           <div class=\"td-gallery-title\"><\/div>\r\n\r\n                            <div class=\"td-gallery-controls-wrapper\">\r\n                                <div class=\"td-gallery-slide-count\"><span class=\"td-gallery-slide-item-focus\">1<\/span> de 2<\/div>\r\n                                <div class=\"td-gallery-slide-prev-next-but\">\r\n                                    <i class = \"td-icon-left doubleSliderPrevButton\"><\/i>\r\n                                    <i class = \"td-icon-right doubleSliderNextButton\"><\/i>\r\n                                <\/div>\r\n                            <\/div>\r\n                        <\/div>\r\n\r\n                        <div class = \"td-doubleSlider-1 \">\r\n                            <div class = \"td-slider\">\r\n                                \r\n                    <div class = \"td-slide-item td-item1\">\r\n                        <figure class=\"td-slide-galery-figure td-slide-popup-gallery\">\r\n                            <a class=\"slide-gallery-image-link\" href=\"https:\/\/static.africa-press.net\/cote\/sites\/43\/2025\/01\/sm_1735991324.918187.jpg\" title=\"sm_1735991324.918187\"  data-caption=\"\"  data-description=\"\">\r\n                                <img decoding=\"async\" src=\"https:\/\/static.africa-press.net\/cote\/sites\/43\/2025\/01\/sm_1735991324.918187.jpg\" srcset=\"https:\/\/static.africa-press.net\/cote\/sites\/43\/2025\/01\/sm_1735991324.918187.jpg 1000w, https:\/\/static.africa-press.net\/cote\/sites\/43\/2025\/01\/sm_1735991324.918187-300x200.jpg 300w, https:\/\/static.africa-press.net\/cote\/sites\/43\/2025\/01\/sm_1735991324.918187-768x512.jpg 768w\" sizes=\"(max-width: 1000px) 100vw, 1000px\" alt=\"\">\r\n                            <\/a>\r\n                            \r\n                        <\/figure>\r\n                    <\/div>\r\n                    <div class = \"td-slide-item td-item2\">\r\n                        <figure class=\"td-slide-galery-figure td-slide-popup-gallery\">\r\n                            <a class=\"slide-gallery-image-link\" href=\"https:\/\/static.africa-press.net\/cote\/sites\/43\/2025\/01\/sm_1735991328.707909.jpg\" title=\"sm_1735991328.707909\"  data-caption=\"\"  data-description=\"\">\r\n                                <img decoding=\"async\" src=\"https:\/\/static.africa-press.net\/cote\/sites\/43\/2025\/01\/sm_1735991328.707909.jpg\" srcset=\"https:\/\/static.africa-press.net\/cote\/sites\/43\/2025\/01\/sm_1735991328.707909.jpg 1000w, https:\/\/static.africa-press.net\/cote\/sites\/43\/2025\/01\/sm_1735991328.707909-300x142.jpg 300w, https:\/\/static.africa-press.net\/cote\/sites\/43\/2025\/01\/sm_1735991328.707909-768x362.jpg 768w\" sizes=\"(max-width: 1000px) 100vw, 1000px\" alt=\"\">\r\n                            <\/a>\r\n                            \r\n                        <\/figure>\r\n                    <\/div>\r\n                            <\/div>\r\n                        <\/div>\r\n\r\n                        <div class = \"td-doubleSlider-2\">\r\n                            <div class = \"td-slider\">\r\n                                \r\n                    <div class = \"td-button td-item1\">\r\n                        <div class = \"td-border\"><\/div>\r\n                    <\/div>\r\n                    <div class = \"td-button td-item2\">\r\n                        <div class = \"td-border\"><\/div>\r\n                    <\/div>\r\n                            <\/div>\r\n                        <\/div>\r\n\r\n                    <\/div>\r\n\r\n                <\/div>\r\n                \n<p><strong>Pour plus d&rsquo;informations et d&rsquo;analyses sur la <span style=\"color: #ff6600\">C\u00f4te d&rsquo;Ivoire<\/span>, suivez <span style=\"color: #ff6600\">Africa-Press<\/span><\/strong><\/p>\n","protected":false},"excerpt":{"rendered":"<p>Africa-Press &#8211; C\u00f4te d&rsquo;Ivoire. Les alentours d&rsquo;Abidjan, notamment en pays Akye\u0301 deviennent progressivement sa banlieue urbaine. Les chefs Atchans et Akye\u0301 du district autonome d&rsquo;Abidjan et le chef du gouvernement ivoirien et son ministre de la construction se sont donne\u0301 rendez-vous a\u0300 Songon Abiatie\u0301 pour e\u0301changer sur la re\u0301forme foncie\u0300re entre\u0301e en vigueur depuis le [&hellip;]<\/p>\n","protected":false},"author":82,"featured_media":93312,"comment_status":"open","ping_status":"closed","sticky":false,"template":"","format":"standard","meta":{"footnotes":""},"categories":[8,2,10],"tags":[14016,8354,1286,1713,29,947,9980],"class_list":["post-93313","post","type-post","status-publish","format-standard","has-post-thumbnail","hentry","category-photo","category-politique","category-toutes-les-actualites","tag-adu","tag-akye","tag-atchan","tag-bruno-kone","tag-cote-divoire","tag-foncier","tag-robert-beugre-mambe"],"yoast_head":"<!-- This site is optimized with the Yoast SEO Premium plugin v26.1 (Yoast SEO v27.0) - https:\/\/yoast.com\/product\/yoast-seo-premium-wordpress\/ -->\n<title>Reformes fonci\u00e8res, les chefs Atchans et Aky\u00e9 \u00e9mettent des r\u00e9serves sur l&#039;ADU, demande de report d&#039;un an, Mamb\u00e9 annonce les recevoir - C\u00f4te d&#039;Ivoire<\/title>\n<meta name=\"description\" content=\"Les alentours d&#039;Abidjan, notamment en pays Akye\u0301 deviennent progressivement sa banlieue urbaine. Les chefs Atchans et Ak ...\" \/>\n<meta name=\"robots\" content=\"index, follow, max-snippet:-1, max-image-preview:large, max-video-preview:-1\" \/>\n<link rel=\"canonical\" href=\"https:\/\/www.africa-press.net\/cotedivoire\/politique\/reformes-foncieres-les-chefs-atchans-et-akye-emettent-des-reserves-sur-ladu-demande-de-report-dun-an-mambe-annonce-les-recevoir\" \/>\n<meta property=\"og:locale\" content=\"fr_FR\" \/>\n<meta property=\"og:type\" content=\"article\" \/>\n<meta property=\"og:title\" content=\"Reformes fonci\u00e8res, les chefs Atchans et Aky\u00e9 \u00e9mettent des r\u00e9serves sur l&#039;ADU, demande de report d&#039;un an, Mamb\u00e9 annonce les recevoir\" \/>\n<meta property=\"og:description\" content=\"Les alentours d&#039;Abidjan, notamment en pays Akye\u0301 deviennent progressivement sa banlieue urbaine. Les chefs Atchans et Ak ...\" \/>\n<meta property=\"og:url\" content=\"https:\/\/www.africa-press.net\/cotedivoire\/politique\/reformes-foncieres-les-chefs-atchans-et-akye-emettent-des-reserves-sur-ladu-demande-de-report-dun-an-mambe-annonce-les-recevoir\" \/>\n<meta property=\"og:site_name\" content=\"C\u00f4te d&#039;Ivoire\" \/>\n<meta property=\"article:published_time\" content=\"2025-01-04T15:08:18+00:00\" \/>\n<meta property=\"article:modified_time\" content=\"2025-01-04T15:19:13+00:00\" \/>\n<meta property=\"og:image\" content=\"https:\/\/static.africa-press.net\/cote\/sites\/43\/2025\/01\/sm_1735991335.756319.jpg\" \/>\n\t<meta property=\"og:image:width\" content=\"720\" \/>\n\t<meta property=\"og:image:height\" content=\"340\" \/>\n\t<meta property=\"og:image:type\" content=\"image\/jpeg\" \/>\n<meta name=\"author\" content=\"cfeditorfr\" \/>\n<meta name=\"twitter:card\" content=\"summary_large_image\" \/>\n<meta name=\"twitter:label1\" content=\"\u00c9crit par\" \/>\n\t<meta name=\"twitter:data1\" content=\"cfeditorfr\" \/>\n\t<meta name=\"twitter:label2\" content=\"Dur\u00e9e de lecture estim\u00e9e\" \/>\n\t<meta name=\"twitter:data2\" content=\"7 minutes\" \/>\n<script type=\"application\/ld+json\" class=\"yoast-schema-graph\">{\"@context\":\"https:\/\/schema.org\",\"@graph\":[{\"@type\":\"Article\",\"@id\":\"https:\/\/www.africa-press.net\/cotedivoire\/politique\/reformes-foncieres-les-chefs-atchans-et-akye-emettent-des-reserves-sur-ladu-demande-de-report-dun-an-mambe-annonce-les-recevoir#article\",\"isPartOf\":{\"@id\":\"https:\/\/www.africa-press.net\/cotedivoire\/politique\/reformes-foncieres-les-chefs-atchans-et-akye-emettent-des-reserves-sur-ladu-demande-de-report-dun-an-mambe-annonce-les-recevoir\"},\"author\":{\"name\":\"cfeditorfr\",\"@id\":\"https:\/\/www.africa-press.net\/cotedivoire\/#\/schema\/person\/2b1cf3cd81a31e3cd26889ca66d677f1\"},\"headline\":\"Reformes fonci\u00e8res, les chefs Atchans et Aky\u00e9 \u00e9mettent des r\u00e9serves sur l&rsquo;ADU, demande de report d&rsquo;un an, Mamb\u00e9 annonce les recevoir\",\"datePublished\":\"2025-01-04T15:08:18+00:00\",\"dateModified\":\"2025-01-04T15:19:13+00:00\",\"mainEntityOfPage\":{\"@id\":\"https:\/\/www.africa-press.net\/cotedivoire\/politique\/reformes-foncieres-les-chefs-atchans-et-akye-emettent-des-reserves-sur-ladu-demande-de-report-dun-an-mambe-annonce-les-recevoir\"},\"wordCount\":1437,\"commentCount\":0,\"image\":{\"@id\":\"https:\/\/www.africa-press.net\/cotedivoire\/politique\/reformes-foncieres-les-chefs-atchans-et-akye-emettent-des-reserves-sur-ladu-demande-de-report-dun-an-mambe-annonce-les-recevoir#primaryimage\"},\"thumbnailUrl\":\"https:\/\/static.africa-press.net\/cote\/sites\/43\/2025\/01\/sm_1735991335.756319.jpg\",\"keywords\":[\"ADU\",\"Aky\u00e9\",\"Atchan\",\"Bruno Kon\u00e9\",\"C\u00d4TE D'IVOIRE\",\"foncier\",\"Robert Beugr\u00e9 Mamb\u00e9\"],\"articleSection\":[\"Photo\",\"Politique\",\"Toutes les actualit\u00e9s\"],\"inLanguage\":\"fr-FR\",\"potentialAction\":[{\"@type\":\"CommentAction\",\"name\":\"Comment\",\"target\":[\"https:\/\/www.africa-press.net\/cotedivoire\/politique\/reformes-foncieres-les-chefs-atchans-et-akye-emettent-des-reserves-sur-ladu-demande-de-report-dun-an-mambe-annonce-les-recevoir#respond\"]}]},{\"@type\":\"WebPage\",\"@id\":\"https:\/\/www.africa-press.net\/cotedivoire\/politique\/reformes-foncieres-les-chefs-atchans-et-akye-emettent-des-reserves-sur-ladu-demande-de-report-dun-an-mambe-annonce-les-recevoir\",\"url\":\"https:\/\/www.africa-press.net\/cotedivoire\/politique\/reformes-foncieres-les-chefs-atchans-et-akye-emettent-des-reserves-sur-ladu-demande-de-report-dun-an-mambe-annonce-les-recevoir\",\"name\":\"Reformes fonci\u00e8res, les chefs Atchans et Aky\u00e9 \u00e9mettent des r\u00e9serves sur l'ADU, demande de report d'un an, Mamb\u00e9 annonce les recevoir - C\u00f4te d&#039;Ivoire\",\"isPartOf\":{\"@id\":\"https:\/\/www.africa-press.net\/cotedivoire\/#website\"},\"primaryImageOfPage\":{\"@id\":\"https:\/\/www.africa-press.net\/cotedivoire\/politique\/reformes-foncieres-les-chefs-atchans-et-akye-emettent-des-reserves-sur-ladu-demande-de-report-dun-an-mambe-annonce-les-recevoir#primaryimage\"},\"image\":{\"@id\":\"https:\/\/www.africa-press.net\/cotedivoire\/politique\/reformes-foncieres-les-chefs-atchans-et-akye-emettent-des-reserves-sur-ladu-demande-de-report-dun-an-mambe-annonce-les-recevoir#primaryimage\"},\"thumbnailUrl\":\"https:\/\/static.africa-press.net\/cote\/sites\/43\/2025\/01\/sm_1735991335.756319.jpg\",\"datePublished\":\"2025-01-04T15:08:18+00:00\",\"dateModified\":\"2025-01-04T15:19:13+00:00\",\"author\":{\"@id\":\"https:\/\/www.africa-press.net\/cotedivoire\/#\/schema\/person\/2b1cf3cd81a31e3cd26889ca66d677f1\"},\"description\":\"Les alentours d'Abidjan, notamment en pays Akye\u0301 deviennent progressivement sa banlieue urbaine. Les chefs Atchans et Ak ...\",\"breadcrumb\":{\"@id\":\"https:\/\/www.africa-press.net\/cotedivoire\/politique\/reformes-foncieres-les-chefs-atchans-et-akye-emettent-des-reserves-sur-ladu-demande-de-report-dun-an-mambe-annonce-les-recevoir#breadcrumb\"},\"inLanguage\":\"fr-FR\",\"potentialAction\":[{\"@type\":\"ReadAction\",\"target\":[\"https:\/\/www.africa-press.net\/cotedivoire\/politique\/reformes-foncieres-les-chefs-atchans-et-akye-emettent-des-reserves-sur-ladu-demande-de-report-dun-an-mambe-annonce-les-recevoir\"]}]},{\"@type\":\"ImageObject\",\"inLanguage\":\"fr-FR\",\"@id\":\"https:\/\/www.africa-press.net\/cotedivoire\/politique\/reformes-foncieres-les-chefs-atchans-et-akye-emettent-des-reserves-sur-ladu-demande-de-report-dun-an-mambe-annonce-les-recevoir#primaryimage\",\"url\":\"https:\/\/static.africa-press.net\/cote\/sites\/43\/2025\/01\/sm_1735991335.756319.jpg\",\"contentUrl\":\"https:\/\/static.africa-press.net\/cote\/sites\/43\/2025\/01\/sm_1735991335.756319.jpg\",\"width\":720,\"height\":340,\"caption\":\"Reformes fonci\u00e8res, les chefs Atchans et Aky\u00e9 \u00e9mettent des r\u00e9serves sur l'ADU, demande de report d'un an, Mamb\u00e9 annonce les recevoir\"},{\"@type\":\"BreadcrumbList\",\"@id\":\"https:\/\/www.africa-press.net\/cotedivoire\/politique\/reformes-foncieres-les-chefs-atchans-et-akye-emettent-des-reserves-sur-ladu-demande-de-report-dun-an-mambe-annonce-les-recevoir#breadcrumb\",\"itemListElement\":[{\"@type\":\"ListItem\",\"position\":1,\"name\":\"Accueil\",\"item\":\"https:\/\/www.africa-press.net\/cotedivoire\/\"},{\"@type\":\"ListItem\",\"position\":2,\"name\":\"Reformes fonci\u00e8res, les chefs Atchans et Aky\u00e9 \u00e9mettent des r\u00e9serves sur l&#8217;ADU, demande de report d&#8217;un an, Mamb\u00e9 annonce les recevoir\"}]},{\"@type\":\"WebSite\",\"@id\":\"https:\/\/www.africa-press.net\/cotedivoire\/#website\",\"url\":\"https:\/\/www.africa-press.net\/cotedivoire\/\",\"name\":\"C\u00f4te d&#039;Ivoire\",\"description\":\"Just another Africa News Agency Sites site\",\"potentialAction\":[{\"@type\":\"SearchAction\",\"target\":{\"@type\":\"EntryPoint\",\"urlTemplate\":\"https:\/\/www.africa-press.net\/cotedivoire\/?s={search_term_string}\"},\"query-input\":{\"@type\":\"PropertyValueSpecification\",\"valueRequired\":true,\"valueName\":\"search_term_string\"}}],\"inLanguage\":\"fr-FR\"},{\"@type\":\"Person\",\"@id\":\"https:\/\/www.africa-press.net\/cotedivoire\/#\/schema\/person\/2b1cf3cd81a31e3cd26889ca66d677f1\",\"name\":\"cfeditorfr\"}]}<\/script>\n<!-- \/ Yoast SEO Premium plugin. -->","yoast_head_json":{"title":"Reformes fonci\u00e8res, les chefs Atchans et Aky\u00e9 \u00e9mettent des r\u00e9serves sur l'ADU, demande de report d'un an, Mamb\u00e9 annonce les recevoir - C\u00f4te d&#039;Ivoire","description":"Les alentours d'Abidjan, notamment en pays Akye\u0301 deviennent progressivement sa banlieue urbaine. Les chefs Atchans et Ak ...","robots":{"index":"index","follow":"follow","max-snippet":"max-snippet:-1","max-image-preview":"max-image-preview:large","max-video-preview":"max-video-preview:-1"},"canonical":"https:\/\/www.africa-press.net\/cotedivoire\/politique\/reformes-foncieres-les-chefs-atchans-et-akye-emettent-des-reserves-sur-ladu-demande-de-report-dun-an-mambe-annonce-les-recevoir","og_locale":"fr_FR","og_type":"article","og_title":"Reformes fonci\u00e8res, les chefs Atchans et Aky\u00e9 \u00e9mettent des r\u00e9serves sur l'ADU, demande de report d'un an, Mamb\u00e9 annonce les recevoir","og_description":"Les alentours d'Abidjan, notamment en pays Akye\u0301 deviennent progressivement sa banlieue urbaine. Les chefs Atchans et Ak ...","og_url":"https:\/\/www.africa-press.net\/cotedivoire\/politique\/reformes-foncieres-les-chefs-atchans-et-akye-emettent-des-reserves-sur-ladu-demande-de-report-dun-an-mambe-annonce-les-recevoir","og_site_name":"C\u00f4te d&#039;Ivoire","article_published_time":"2025-01-04T15:08:18+00:00","article_modified_time":"2025-01-04T15:19:13+00:00","og_image":[{"width":720,"height":340,"url":"https:\/\/static.africa-press.net\/cote\/sites\/43\/2025\/01\/sm_1735991335.756319.jpg","type":"image\/jpeg"}],"author":"cfeditorfr","twitter_card":"summary_large_image","twitter_misc":{"\u00c9crit par":"cfeditorfr","Dur\u00e9e de lecture estim\u00e9e":"7 minutes"},"schema":{"@context":"https:\/\/schema.org","@graph":[{"@type":"Article","@id":"https:\/\/www.africa-press.net\/cotedivoire\/politique\/reformes-foncieres-les-chefs-atchans-et-akye-emettent-des-reserves-sur-ladu-demande-de-report-dun-an-mambe-annonce-les-recevoir#article","isPartOf":{"@id":"https:\/\/www.africa-press.net\/cotedivoire\/politique\/reformes-foncieres-les-chefs-atchans-et-akye-emettent-des-reserves-sur-ladu-demande-de-report-dun-an-mambe-annonce-les-recevoir"},"author":{"name":"cfeditorfr","@id":"https:\/\/www.africa-press.net\/cotedivoire\/#\/schema\/person\/2b1cf3cd81a31e3cd26889ca66d677f1"},"headline":"Reformes fonci\u00e8res, les chefs Atchans et Aky\u00e9 \u00e9mettent des r\u00e9serves sur l&rsquo;ADU, demande de report d&rsquo;un an, Mamb\u00e9 annonce les recevoir","datePublished":"2025-01-04T15:08:18+00:00","dateModified":"2025-01-04T15:19:13+00:00","mainEntityOfPage":{"@id":"https:\/\/www.africa-press.net\/cotedivoire\/politique\/reformes-foncieres-les-chefs-atchans-et-akye-emettent-des-reserves-sur-ladu-demande-de-report-dun-an-mambe-annonce-les-recevoir"},"wordCount":1437,"commentCount":0,"image":{"@id":"https:\/\/www.africa-press.net\/cotedivoire\/politique\/reformes-foncieres-les-chefs-atchans-et-akye-emettent-des-reserves-sur-ladu-demande-de-report-dun-an-mambe-annonce-les-recevoir#primaryimage"},"thumbnailUrl":"https:\/\/static.africa-press.net\/cote\/sites\/43\/2025\/01\/sm_1735991335.756319.jpg","keywords":["ADU","Aky\u00e9","Atchan","Bruno Kon\u00e9","C\u00d4TE D'IVOIRE","foncier","Robert Beugr\u00e9 Mamb\u00e9"],"articleSection":["Photo","Politique","Toutes les actualit\u00e9s"],"inLanguage":"fr-FR","potentialAction":[{"@type":"CommentAction","name":"Comment","target":["https:\/\/www.africa-press.net\/cotedivoire\/politique\/reformes-foncieres-les-chefs-atchans-et-akye-emettent-des-reserves-sur-ladu-demande-de-report-dun-an-mambe-annonce-les-recevoir#respond"]}]},{"@type":"WebPage","@id":"https:\/\/www.africa-press.net\/cotedivoire\/politique\/reformes-foncieres-les-chefs-atchans-et-akye-emettent-des-reserves-sur-ladu-demande-de-report-dun-an-mambe-annonce-les-recevoir","url":"https:\/\/www.africa-press.net\/cotedivoire\/politique\/reformes-foncieres-les-chefs-atchans-et-akye-emettent-des-reserves-sur-ladu-demande-de-report-dun-an-mambe-annonce-les-recevoir","name":"Reformes fonci\u00e8res, les chefs Atchans et Aky\u00e9 \u00e9mettent des r\u00e9serves sur l'ADU, demande de report d'un an, Mamb\u00e9 annonce les recevoir - C\u00f4te d&#039;Ivoire","isPartOf":{"@id":"https:\/\/www.africa-press.net\/cotedivoire\/#website"},"primaryImageOfPage":{"@id":"https:\/\/www.africa-press.net\/cotedivoire\/politique\/reformes-foncieres-les-chefs-atchans-et-akye-emettent-des-reserves-sur-ladu-demande-de-report-dun-an-mambe-annonce-les-recevoir#primaryimage"},"image":{"@id":"https:\/\/www.africa-press.net\/cotedivoire\/politique\/reformes-foncieres-les-chefs-atchans-et-akye-emettent-des-reserves-sur-ladu-demande-de-report-dun-an-mambe-annonce-les-recevoir#primaryimage"},"thumbnailUrl":"https:\/\/static.africa-press.net\/cote\/sites\/43\/2025\/01\/sm_1735991335.756319.jpg","datePublished":"2025-01-04T15:08:18+00:00","dateModified":"2025-01-04T15:19:13+00:00","author":{"@id":"https:\/\/www.africa-press.net\/cotedivoire\/#\/schema\/person\/2b1cf3cd81a31e3cd26889ca66d677f1"},"description":"Les alentours d'Abidjan, notamment en pays Akye\u0301 deviennent progressivement sa banlieue urbaine. Les chefs Atchans et Ak ...","breadcrumb":{"@id":"https:\/\/www.africa-press.net\/cotedivoire\/politique\/reformes-foncieres-les-chefs-atchans-et-akye-emettent-des-reserves-sur-ladu-demande-de-report-dun-an-mambe-annonce-les-recevoir#breadcrumb"},"inLanguage":"fr-FR","potentialAction":[{"@type":"ReadAction","target":["https:\/\/www.africa-press.net\/cotedivoire\/politique\/reformes-foncieres-les-chefs-atchans-et-akye-emettent-des-reserves-sur-ladu-demande-de-report-dun-an-mambe-annonce-les-recevoir"]}]},{"@type":"ImageObject","inLanguage":"fr-FR","@id":"https:\/\/www.africa-press.net\/cotedivoire\/politique\/reformes-foncieres-les-chefs-atchans-et-akye-emettent-des-reserves-sur-ladu-demande-de-report-dun-an-mambe-annonce-les-recevoir#primaryimage","url":"https:\/\/static.africa-press.net\/cote\/sites\/43\/2025\/01\/sm_1735991335.756319.jpg","contentUrl":"https:\/\/static.africa-press.net\/cote\/sites\/43\/2025\/01\/sm_1735991335.756319.jpg","width":720,"height":340,"caption":"Reformes fonci\u00e8res, les chefs Atchans et Aky\u00e9 \u00e9mettent des r\u00e9serves sur l'ADU, demande de report d'un an, Mamb\u00e9 annonce les recevoir"},{"@type":"BreadcrumbList","@id":"https:\/\/www.africa-press.net\/cotedivoire\/politique\/reformes-foncieres-les-chefs-atchans-et-akye-emettent-des-reserves-sur-ladu-demande-de-report-dun-an-mambe-annonce-les-recevoir#breadcrumb","itemListElement":[{"@type":"ListItem","position":1,"name":"Accueil","item":"https:\/\/www.africa-press.net\/cotedivoire\/"},{"@type":"ListItem","position":2,"name":"Reformes fonci\u00e8res, les chefs Atchans et Aky\u00e9 \u00e9mettent des r\u00e9serves sur l&#8217;ADU, demande de report d&#8217;un an, Mamb\u00e9 annonce les recevoir"}]},{"@type":"WebSite","@id":"https:\/\/www.africa-press.net\/cotedivoire\/#website","url":"https:\/\/www.africa-press.net\/cotedivoire\/","name":"C\u00f4te d&#039;Ivoire","description":"Just another Africa News Agency Sites site","potentialAction":[{"@type":"SearchAction","target":{"@type":"EntryPoint","urlTemplate":"https:\/\/www.africa-press.net\/cotedivoire\/?s={search_term_string}"},"query-input":{"@type":"PropertyValueSpecification","valueRequired":true,"valueName":"search_term_string"}}],"inLanguage":"fr-FR"},{"@type":"Person","@id":"https:\/\/www.africa-press.net\/cotedivoire\/#\/schema\/person\/2b1cf3cd81a31e3cd26889ca66d677f1","name":"cfeditorfr"}]}},"_links":{"self":[{"href":"https:\/\/www.africa-press.net\/cotedivoire\/wp-json\/wp\/v2\/posts\/93313","targetHints":{"allow":["GET"]}}],"collection":[{"href":"https:\/\/www.africa-press.net\/cotedivoire\/wp-json\/wp\/v2\/posts"}],"about":[{"href":"https:\/\/www.africa-press.net\/cotedivoire\/wp-json\/wp\/v2\/types\/post"}],"author":[{"embeddable":true,"href":"https:\/\/www.africa-press.net\/cotedivoire\/wp-json\/wp\/v2\/users\/82"}],"replies":[{"embeddable":true,"href":"https:\/\/www.africa-press.net\/cotedivoire\/wp-json\/wp\/v2\/comments?post=93313"}],"version-history":[{"count":0,"href":"https:\/\/www.africa-press.net\/cotedivoire\/wp-json\/wp\/v2\/posts\/93313\/revisions"}],"wp:featuredmedia":[{"embeddable":true,"href":"https:\/\/www.africa-press.net\/cotedivoire\/wp-json\/wp\/v2\/media\/93312"}],"wp:attachment":[{"href":"https:\/\/www.africa-press.net\/cotedivoire\/wp-json\/wp\/v2\/media?parent=93313"}],"wp:term":[{"taxonomy":"category","embeddable":true,"href":"https:\/\/www.africa-press.net\/cotedivoire\/wp-json\/wp\/v2\/categories?post=93313"},{"taxonomy":"post_tag","embeddable":true,"href":"https:\/\/www.africa-press.net\/cotedivoire\/wp-json\/wp\/v2\/tags?post=93313"}],"curies":[{"name":"wp","href":"https:\/\/api.w.org\/{rel}","templated":true}]}}