{"id":93321,"date":"2025-01-04T15:10:03","date_gmt":"2025-01-04T15:10:03","guid":{"rendered":"https:\/\/www.africa-press.net\/cotedivoire\/politique\/anne-ouloto-le-cavally-et-toulepleu-2025-avec-le-president-alassane-ouattara"},"modified":"2025-01-04T15:19:52","modified_gmt":"2025-01-04T15:19:52","slug":"anne-ouloto-le-cavally-et-toulepleu-2025-avec-le-president-alassane-ouattara","status":"publish","type":"post","link":"https:\/\/www.africa-press.net\/cotedivoire\/politique\/anne-ouloto-le-cavally-et-toulepleu-2025-avec-le-president-alassane-ouattara","title":{"rendered":"Anne Ouloto, le Cavally et Toulepleu, 2025 avec le Pr\u00e9sident Alassane Ouattara"},"content":{"rendered":"<p><span style=\"color: #ff6600\"><strong>Africa-Press &#8211; C\u00f4te d&rsquo;Ivoire. <\/strong><\/span>Les festivite\u0301s marquant le passage a\u0300 la nouvelle anne\u0301e ont e\u0301te\u0301 diversement ve\u0301cues par les populations de Toulepleu.<\/p>\n<p>Comme il est de coutume les anne\u0301es pre\u0301ce\u0301dentes, une frange importante des habitants de la ville ont prie\u0301 d\u2019assaut les points chauds de la ville, pour trinquer, danser et boire a\u0300 gogo.<\/p>\n<p>Cependant, certains habitants de la ville, ont choisi de passer le re\u0301veillon de la Saint Sylvestre a\u0300 l&rsquo;e\u0301glise pour implorer le seigneur pour garder le Pre\u0301sident Alassane Ouattara dans le creux de ses mains a\u0300 l&rsquo;initiative de la ministre d&rsquo;E\u0301tat Anne Ouloto qui a e\u0301galement offert un feu d&rsquo;artifice ge\u0301ant qui a illumine\u0301 la ville pendant plus d&rsquo;une demie heure<\/p>\n<p>Il est 23h50, Carrefour bonne. Dans dix minutes, c\u2019est l\u2019entre\u0301e dans la nouvelle anne\u0301e. Malgre\u0301 le froid glacial du\u0302 a\u0300 l\u2019 harmattan, rues et ruelles du centre-ville sont bonde\u0301es de monde. Tous sont venus ce\u0301le\u0301brer le changement d\u2019anne\u0301e.<\/p>\n<p>A motos, en taxis, tricycles et ve\u0301hicules personnels, les fe\u0302tards de\u0301barquent de tous les co\u0302te\u0301s de la ville. Du fait de l\u2019embouteillage cre\u0301e\u0301 par cette mare\u0301e humaine, partir du Carrefour 116 pour rallier la place Alassane Ouattara, re\u0301ve\u0300le d\u2019un ve\u0301ritable parcours de combattant. Pour une distance d\u2019environ 500m, notre e\u0301quipe de reportage a mis plus de vingt minutes.<\/p>\n<p>\u00abC&rsquo;est la fe\u0302te. Il faut en profiter pour changer d\u2019air en vue d\u2019entrer avec joie et espe\u0301rance dans la nouvelle anne\u0301e. C\u2019est ce qui justifie ma pre\u0301sence a\u0300 cette heure tardive avec les membres de ma famille. Merci a\u0300 notre s\u0153ur Anne Ouloto qui a illumine\u0301 toute la ville\u00bb, indique Doua Raphae\u0308l devant un glacier.<\/p>\n<p>Derrie\u0300re la boulangerie \u00ab\u00a0Les de\u0301lices du Cavally \u00a0\u00bb l\u2019espace ou\u0300 se concentrent les principaux maquis de Toulepleu, l\u2019heure est e\u0301galement a\u0300 la fe\u0302te. Pendant que d\u2019autres mangent, d\u2019autres boivent ou dansent. Poulet frite, ro\u0302tis, poissons braise\u0301s&#8230; sont les mets re\u0301gulie\u0300rement aperc\u0327us dans les assiettes des fe\u0302tards.<\/p>\n<p>Un tour dans les bars dans le pe\u0301rime\u0300tre nous permet de de\u0301couvrir une facette plus romantique de la ce\u0301le\u0301bration de la saint sylvestre dans la ville frontalie\u0300re ou libe\u0301riens et ivoiriens s&rsquo;enjaillent. Loin du vacarme des rues et maquis, c\u2019est le lieu choisi par les couples amoureux pour marquer d\u2019une pierre blanche le premier jour de l\u2019an 2025.<\/p>\n<p>De l\u2019aveu des ge\u0301rants de maquis rencontre\u0301s, pour ce qui est du business, les affaires bougent cette nuit et ce gra\u0302ce a\u0300 la pre\u0301sidente du conseil re\u0301gional du Cavally qui a sensibilise\u0301 les populations sur l&rsquo;entrepreneuriat et la cohe\u0301sion sociale. Quand arrive minuit, les feux d\u2019artifices offerts par la ministre d&rsquo;E\u0301tat Anne Ouloto a\u0300 la place Alassane Ouattara illuminent. Pendant une trentaine de minutes, des jets de feux d&rsquo;artifice aux sons retentissants de rafale ont illumine\u0301 le ciel de Toulepleu sous les notes musicales en vogue. La chanson de J C Pluriel: \u00ab\u00a0Cette anne\u0301e, l&rsquo;anne\u0301e de mon anne\u0301e\u00a0\u00bb a e\u0301te\u0301 reprise en c\u0153ur par une foule immense en liesse durant trente minutes. Comme des frises, les feux d\u2019artifice dessinaient des sche\u0301mas multicolores dans un ciel nocturne. A\u0300 la place Alassane Ouattara de Toulepleu, jeunes, femmes, vieux et enfants, n\u2019ont pas voulu se faire compter la fin d&rsquo;anne\u0301e. Scandant en ch\u0153ur \u00ab\u00a0Maman Ouloto ! Merci Maman Ouloto !!!\u00a0\u00bb.<\/p>\n<p>En plus des feux d&rsquo;artifice, elle a e\u0301galement offert un buffet et un concert ge\u0301ant a\u0300 la population. Ambiance plus calme au quartier Toulepleu Village, a\u0300 proximite\u0301 de l&rsquo;ho\u0302pital. Re\u0301unis autour du the\u0301 des jeunes e\u0301changent sur les actions de la ministre d&rsquo;E\u0301tat Anne Ouloto qui impactent positivement leur quotidien. Pour eux, la jeunesse est la cheville ouvrie\u0300re de la politique de de\u0301veloppement participatif de la ministre d&rsquo;E\u0301tat Anne Ouloto.<\/p>\n<p>Anne Ouloto a exprime\u0301 sa gratitude aux responsables et e\u0301lus locaux, au corps pre\u0301fectoral, aux directeurs et chefs de service et aux populations a\u0300 qui elle a demande\u0301 de faire confiance au gouvernement du Premier ministre Beugre\u0301 Mambe\u0301 et au pre\u0301sident de la Re\u0301publique, Alassane Ouattara.<\/p>\n<p>Le pre\u0301fet Etienne Bini Koffi a pour sa part exhorte\u0301 ses administre\u0301s a\u0300 maintenir le climat de paix qui pre\u0301vaut dans le de\u0301partement depuis la fin de la crise de 2011.<\/p>\n<p>Le Pre\u0301sident de la jeunesse Sahou Alain et le de\u0301pute\u0301 Kahiba Lambert ont rendu hommage a\u0300 la ministre d&rsquo;E\u0301tat pour ses nombreuses actions de de\u0301veloppement en faveur les populations de Toulepleu.<\/p>\n<p><strong>Pour plus d&rsquo;informations et d&rsquo;analyses sur la <span style=\"color: #ff6600\">C\u00f4te d&rsquo;Ivoire<\/span>, suivez <span style=\"color: #ff6600\">Africa-Press<\/span><\/strong><\/p>\n","protected":false},"excerpt":{"rendered":"<p>Africa-Press &#8211; C\u00f4te d&rsquo;Ivoire. Les festivite\u0301s marquant le passage a\u0300 la nouvelle anne\u0301e ont e\u0301te\u0301 diversement ve\u0301cues par les populations de Toulepleu. Comme il est de coutume les anne\u0301es pre\u0301ce\u0301dentes, une frange importante des habitants de la ville ont prie\u0301 d\u2019assaut les points chauds de la ville, pour trinquer, danser et boire a\u0300 gogo. Cependant, [&hellip;]<\/p>\n","protected":false},"author":82,"featured_media":93320,"comment_status":"open","ping_status":"closed","sticky":false,"template":"","format":"standard","meta":{"footnotes":""},"categories":[2,10],"tags":[1687,29,2968],"class_list":["post-93321","post","type-post","status-publish","format-standard","has-post-thumbnail","hentry","category-politique","category-toutes-les-actualites","tag-anne-ouloto","tag-cote-divoire","tag-toulepleu"],"yoast_head":"<!-- This site is optimized with the Yoast SEO Premium plugin v26.1 (Yoast SEO v27.0) - https:\/\/yoast.com\/product\/yoast-seo-premium-wordpress\/ -->\n<title>Anne Ouloto, le Cavally et Toulepleu, 2025 avec le Pr\u00e9sident Alassane Ouattara - C\u00f4te d&#039;Ivoire<\/title>\n<meta name=\"description\" content=\"Les festivite\u0301s marquant le passage a\u0300 la nouvelle anne\u0301e ont e\u0301te\u0301 diversement ve\u0301cues par les populations de Toulepleu ...\" \/>\n<meta name=\"robots\" content=\"index, follow, max-snippet:-1, max-image-preview:large, max-video-preview:-1\" \/>\n<link rel=\"canonical\" href=\"https:\/\/www.africa-press.net\/cotedivoire\/politique\/anne-ouloto-le-cavally-et-toulepleu-2025-avec-le-president-alassane-ouattara\" \/>\n<meta property=\"og:locale\" content=\"fr_FR\" \/>\n<meta property=\"og:type\" content=\"article\" \/>\n<meta property=\"og:title\" content=\"Anne Ouloto, le Cavally et Toulepleu, 2025 avec le Pr\u00e9sident Alassane Ouattara\" \/>\n<meta property=\"og:description\" content=\"Les festivite\u0301s marquant le passage a\u0300 la nouvelle anne\u0301e ont e\u0301te\u0301 diversement ve\u0301cues par les populations de Toulepleu ...\" \/>\n<meta property=\"og:url\" content=\"https:\/\/www.africa-press.net\/cotedivoire\/politique\/anne-ouloto-le-cavally-et-toulepleu-2025-avec-le-president-alassane-ouattara\" \/>\n<meta property=\"og:site_name\" content=\"C\u00f4te d&#039;Ivoire\" \/>\n<meta property=\"article:published_time\" content=\"2025-01-04T15:10:03+00:00\" \/>\n<meta property=\"article:modified_time\" content=\"2025-01-04T15:19:52+00:00\" \/>\n<meta property=\"og:image\" content=\"https:\/\/static.africa-press.net\/cote\/sites\/43\/2025\/01\/sm_1735991371.867263.jpg\" \/>\n\t<meta property=\"og:image:width\" content=\"1000\" \/>\n\t<meta property=\"og:image:height\" content=\"651\" \/>\n\t<meta property=\"og:image:type\" content=\"image\/jpeg\" \/>\n<meta name=\"author\" content=\"cfeditorfr\" \/>\n<meta name=\"twitter:card\" content=\"summary_large_image\" \/>\n<meta name=\"twitter:label1\" content=\"\u00c9crit par\" \/>\n\t<meta name=\"twitter:data1\" content=\"cfeditorfr\" \/>\n\t<meta name=\"twitter:label2\" content=\"Dur\u00e9e de lecture estim\u00e9e\" \/>\n\t<meta name=\"twitter:data2\" content=\"4 minutes\" \/>\n<script type=\"application\/ld+json\" class=\"yoast-schema-graph\">{\"@context\":\"https:\/\/schema.org\",\"@graph\":[{\"@type\":\"Article\",\"@id\":\"https:\/\/www.africa-press.net\/cotedivoire\/politique\/anne-ouloto-le-cavally-et-toulepleu-2025-avec-le-president-alassane-ouattara#article\",\"isPartOf\":{\"@id\":\"https:\/\/www.africa-press.net\/cotedivoire\/politique\/anne-ouloto-le-cavally-et-toulepleu-2025-avec-le-president-alassane-ouattara\"},\"author\":{\"name\":\"cfeditorfr\",\"@id\":\"https:\/\/www.africa-press.net\/cotedivoire\/#\/schema\/person\/2b1cf3cd81a31e3cd26889ca66d677f1\"},\"headline\":\"Anne Ouloto, le Cavally et Toulepleu, 2025 avec le Pr\u00e9sident Alassane Ouattara\",\"datePublished\":\"2025-01-04T15:10:03+00:00\",\"dateModified\":\"2025-01-04T15:19:52+00:00\",\"mainEntityOfPage\":{\"@id\":\"https:\/\/www.africa-press.net\/cotedivoire\/politique\/anne-ouloto-le-cavally-et-toulepleu-2025-avec-le-president-alassane-ouattara\"},\"wordCount\":854,\"commentCount\":0,\"image\":{\"@id\":\"https:\/\/www.africa-press.net\/cotedivoire\/politique\/anne-ouloto-le-cavally-et-toulepleu-2025-avec-le-president-alassane-ouattara#primaryimage\"},\"thumbnailUrl\":\"https:\/\/static.africa-press.net\/cote\/sites\/43\/2025\/01\/sm_1735991371.867263.jpg\",\"keywords\":[\"Anne Ouloto\",\"C\u00d4TE D'IVOIRE\",\"Toul\u00e9pleu\"],\"articleSection\":[\"Politique\",\"Toutes les actualit\u00e9s\"],\"inLanguage\":\"fr-FR\",\"potentialAction\":[{\"@type\":\"CommentAction\",\"name\":\"Comment\",\"target\":[\"https:\/\/www.africa-press.net\/cotedivoire\/politique\/anne-ouloto-le-cavally-et-toulepleu-2025-avec-le-president-alassane-ouattara#respond\"]}]},{\"@type\":\"WebPage\",\"@id\":\"https:\/\/www.africa-press.net\/cotedivoire\/politique\/anne-ouloto-le-cavally-et-toulepleu-2025-avec-le-president-alassane-ouattara\",\"url\":\"https:\/\/www.africa-press.net\/cotedivoire\/politique\/anne-ouloto-le-cavally-et-toulepleu-2025-avec-le-president-alassane-ouattara\",\"name\":\"Anne Ouloto, le Cavally et Toulepleu, 2025 avec le Pr\u00e9sident Alassane Ouattara - C\u00f4te d&#039;Ivoire\",\"isPartOf\":{\"@id\":\"https:\/\/www.africa-press.net\/cotedivoire\/#website\"},\"primaryImageOfPage\":{\"@id\":\"https:\/\/www.africa-press.net\/cotedivoire\/politique\/anne-ouloto-le-cavally-et-toulepleu-2025-avec-le-president-alassane-ouattara#primaryimage\"},\"image\":{\"@id\":\"https:\/\/www.africa-press.net\/cotedivoire\/politique\/anne-ouloto-le-cavally-et-toulepleu-2025-avec-le-president-alassane-ouattara#primaryimage\"},\"thumbnailUrl\":\"https:\/\/static.africa-press.net\/cote\/sites\/43\/2025\/01\/sm_1735991371.867263.jpg\",\"datePublished\":\"2025-01-04T15:10:03+00:00\",\"dateModified\":\"2025-01-04T15:19:52+00:00\",\"author\":{\"@id\":\"https:\/\/www.africa-press.net\/cotedivoire\/#\/schema\/person\/2b1cf3cd81a31e3cd26889ca66d677f1\"},\"description\":\"Les festivite\u0301s marquant le passage a\u0300 la nouvelle anne\u0301e ont e\u0301te\u0301 diversement ve\u0301cues par les populations de Toulepleu ...\",\"breadcrumb\":{\"@id\":\"https:\/\/www.africa-press.net\/cotedivoire\/politique\/anne-ouloto-le-cavally-et-toulepleu-2025-avec-le-president-alassane-ouattara#breadcrumb\"},\"inLanguage\":\"fr-FR\",\"potentialAction\":[{\"@type\":\"ReadAction\",\"target\":[\"https:\/\/www.africa-press.net\/cotedivoire\/politique\/anne-ouloto-le-cavally-et-toulepleu-2025-avec-le-president-alassane-ouattara\"]}]},{\"@type\":\"ImageObject\",\"inLanguage\":\"fr-FR\",\"@id\":\"https:\/\/www.africa-press.net\/cotedivoire\/politique\/anne-ouloto-le-cavally-et-toulepleu-2025-avec-le-president-alassane-ouattara#primaryimage\",\"url\":\"https:\/\/static.africa-press.net\/cote\/sites\/43\/2025\/01\/sm_1735991371.867263.jpg\",\"contentUrl\":\"https:\/\/static.africa-press.net\/cote\/sites\/43\/2025\/01\/sm_1735991371.867263.jpg\",\"width\":1000,\"height\":651,\"caption\":\"Anne Ouloto, le Cavally et Toulepleu, 2025 avec le Pr\u00e9sident Alassane Ouattara\"},{\"@type\":\"BreadcrumbList\",\"@id\":\"https:\/\/www.africa-press.net\/cotedivoire\/politique\/anne-ouloto-le-cavally-et-toulepleu-2025-avec-le-president-alassane-ouattara#breadcrumb\",\"itemListElement\":[{\"@type\":\"ListItem\",\"position\":1,\"name\":\"Accueil\",\"item\":\"https:\/\/www.africa-press.net\/cotedivoire\/\"},{\"@type\":\"ListItem\",\"position\":2,\"name\":\"Anne Ouloto, le Cavally et Toulepleu, 2025 avec le Pr\u00e9sident Alassane Ouattara\"}]},{\"@type\":\"WebSite\",\"@id\":\"https:\/\/www.africa-press.net\/cotedivoire\/#website\",\"url\":\"https:\/\/www.africa-press.net\/cotedivoire\/\",\"name\":\"C\u00f4te d&#039;Ivoire\",\"description\":\"Just another Africa News Agency Sites site\",\"potentialAction\":[{\"@type\":\"SearchAction\",\"target\":{\"@type\":\"EntryPoint\",\"urlTemplate\":\"https:\/\/www.africa-press.net\/cotedivoire\/?s={search_term_string}\"},\"query-input\":{\"@type\":\"PropertyValueSpecification\",\"valueRequired\":true,\"valueName\":\"search_term_string\"}}],\"inLanguage\":\"fr-FR\"},{\"@type\":\"Person\",\"@id\":\"https:\/\/www.africa-press.net\/cotedivoire\/#\/schema\/person\/2b1cf3cd81a31e3cd26889ca66d677f1\",\"name\":\"cfeditorfr\"}]}<\/script>\n<!-- \/ Yoast SEO Premium plugin. -->","yoast_head_json":{"title":"Anne Ouloto, le Cavally et Toulepleu, 2025 avec le Pr\u00e9sident Alassane Ouattara - C\u00f4te d&#039;Ivoire","description":"Les festivite\u0301s marquant le passage a\u0300 la nouvelle anne\u0301e ont e\u0301te\u0301 diversement ve\u0301cues par les populations de Toulepleu ...","robots":{"index":"index","follow":"follow","max-snippet":"max-snippet:-1","max-image-preview":"max-image-preview:large","max-video-preview":"max-video-preview:-1"},"canonical":"https:\/\/www.africa-press.net\/cotedivoire\/politique\/anne-ouloto-le-cavally-et-toulepleu-2025-avec-le-president-alassane-ouattara","og_locale":"fr_FR","og_type":"article","og_title":"Anne Ouloto, le Cavally et Toulepleu, 2025 avec le Pr\u00e9sident Alassane Ouattara","og_description":"Les festivite\u0301s marquant le passage a\u0300 la nouvelle anne\u0301e ont e\u0301te\u0301 diversement ve\u0301cues par les populations de Toulepleu ...","og_url":"https:\/\/www.africa-press.net\/cotedivoire\/politique\/anne-ouloto-le-cavally-et-toulepleu-2025-avec-le-president-alassane-ouattara","og_site_name":"C\u00f4te d&#039;Ivoire","article_published_time":"2025-01-04T15:10:03+00:00","article_modified_time":"2025-01-04T15:19:52+00:00","og_image":[{"width":1000,"height":651,"url":"https:\/\/static.africa-press.net\/cote\/sites\/43\/2025\/01\/sm_1735991371.867263.jpg","type":"image\/jpeg"}],"author":"cfeditorfr","twitter_card":"summary_large_image","twitter_misc":{"\u00c9crit par":"cfeditorfr","Dur\u00e9e de lecture estim\u00e9e":"4 minutes"},"schema":{"@context":"https:\/\/schema.org","@graph":[{"@type":"Article","@id":"https:\/\/www.africa-press.net\/cotedivoire\/politique\/anne-ouloto-le-cavally-et-toulepleu-2025-avec-le-president-alassane-ouattara#article","isPartOf":{"@id":"https:\/\/www.africa-press.net\/cotedivoire\/politique\/anne-ouloto-le-cavally-et-toulepleu-2025-avec-le-president-alassane-ouattara"},"author":{"name":"cfeditorfr","@id":"https:\/\/www.africa-press.net\/cotedivoire\/#\/schema\/person\/2b1cf3cd81a31e3cd26889ca66d677f1"},"headline":"Anne Ouloto, le Cavally et Toulepleu, 2025 avec le Pr\u00e9sident Alassane Ouattara","datePublished":"2025-01-04T15:10:03+00:00","dateModified":"2025-01-04T15:19:52+00:00","mainEntityOfPage":{"@id":"https:\/\/www.africa-press.net\/cotedivoire\/politique\/anne-ouloto-le-cavally-et-toulepleu-2025-avec-le-president-alassane-ouattara"},"wordCount":854,"commentCount":0,"image":{"@id":"https:\/\/www.africa-press.net\/cotedivoire\/politique\/anne-ouloto-le-cavally-et-toulepleu-2025-avec-le-president-alassane-ouattara#primaryimage"},"thumbnailUrl":"https:\/\/static.africa-press.net\/cote\/sites\/43\/2025\/01\/sm_1735991371.867263.jpg","keywords":["Anne Ouloto","C\u00d4TE D'IVOIRE","Toul\u00e9pleu"],"articleSection":["Politique","Toutes les actualit\u00e9s"],"inLanguage":"fr-FR","potentialAction":[{"@type":"CommentAction","name":"Comment","target":["https:\/\/www.africa-press.net\/cotedivoire\/politique\/anne-ouloto-le-cavally-et-toulepleu-2025-avec-le-president-alassane-ouattara#respond"]}]},{"@type":"WebPage","@id":"https:\/\/www.africa-press.net\/cotedivoire\/politique\/anne-ouloto-le-cavally-et-toulepleu-2025-avec-le-president-alassane-ouattara","url":"https:\/\/www.africa-press.net\/cotedivoire\/politique\/anne-ouloto-le-cavally-et-toulepleu-2025-avec-le-president-alassane-ouattara","name":"Anne Ouloto, le Cavally et Toulepleu, 2025 avec le Pr\u00e9sident Alassane Ouattara - C\u00f4te d&#039;Ivoire","isPartOf":{"@id":"https:\/\/www.africa-press.net\/cotedivoire\/#website"},"primaryImageOfPage":{"@id":"https:\/\/www.africa-press.net\/cotedivoire\/politique\/anne-ouloto-le-cavally-et-toulepleu-2025-avec-le-president-alassane-ouattara#primaryimage"},"image":{"@id":"https:\/\/www.africa-press.net\/cotedivoire\/politique\/anne-ouloto-le-cavally-et-toulepleu-2025-avec-le-president-alassane-ouattara#primaryimage"},"thumbnailUrl":"https:\/\/static.africa-press.net\/cote\/sites\/43\/2025\/01\/sm_1735991371.867263.jpg","datePublished":"2025-01-04T15:10:03+00:00","dateModified":"2025-01-04T15:19:52+00:00","author":{"@id":"https:\/\/www.africa-press.net\/cotedivoire\/#\/schema\/person\/2b1cf3cd81a31e3cd26889ca66d677f1"},"description":"Les festivite\u0301s marquant le passage a\u0300 la nouvelle anne\u0301e ont e\u0301te\u0301 diversement ve\u0301cues par les populations de Toulepleu ...","breadcrumb":{"@id":"https:\/\/www.africa-press.net\/cotedivoire\/politique\/anne-ouloto-le-cavally-et-toulepleu-2025-avec-le-president-alassane-ouattara#breadcrumb"},"inLanguage":"fr-FR","potentialAction":[{"@type":"ReadAction","target":["https:\/\/www.africa-press.net\/cotedivoire\/politique\/anne-ouloto-le-cavally-et-toulepleu-2025-avec-le-president-alassane-ouattara"]}]},{"@type":"ImageObject","inLanguage":"fr-FR","@id":"https:\/\/www.africa-press.net\/cotedivoire\/politique\/anne-ouloto-le-cavally-et-toulepleu-2025-avec-le-president-alassane-ouattara#primaryimage","url":"https:\/\/static.africa-press.net\/cote\/sites\/43\/2025\/01\/sm_1735991371.867263.jpg","contentUrl":"https:\/\/static.africa-press.net\/cote\/sites\/43\/2025\/01\/sm_1735991371.867263.jpg","width":1000,"height":651,"caption":"Anne Ouloto, le Cavally et Toulepleu, 2025 avec le Pr\u00e9sident Alassane Ouattara"},{"@type":"BreadcrumbList","@id":"https:\/\/www.africa-press.net\/cotedivoire\/politique\/anne-ouloto-le-cavally-et-toulepleu-2025-avec-le-president-alassane-ouattara#breadcrumb","itemListElement":[{"@type":"ListItem","position":1,"name":"Accueil","item":"https:\/\/www.africa-press.net\/cotedivoire\/"},{"@type":"ListItem","position":2,"name":"Anne Ouloto, le Cavally et Toulepleu, 2025 avec le Pr\u00e9sident Alassane Ouattara"}]},{"@type":"WebSite","@id":"https:\/\/www.africa-press.net\/cotedivoire\/#website","url":"https:\/\/www.africa-press.net\/cotedivoire\/","name":"C\u00f4te d&#039;Ivoire","description":"Just another Africa News Agency Sites site","potentialAction":[{"@type":"SearchAction","target":{"@type":"EntryPoint","urlTemplate":"https:\/\/www.africa-press.net\/cotedivoire\/?s={search_term_string}"},"query-input":{"@type":"PropertyValueSpecification","valueRequired":true,"valueName":"search_term_string"}}],"inLanguage":"fr-FR"},{"@type":"Person","@id":"https:\/\/www.africa-press.net\/cotedivoire\/#\/schema\/person\/2b1cf3cd81a31e3cd26889ca66d677f1","name":"cfeditorfr"}]}},"_links":{"self":[{"href":"https:\/\/www.africa-press.net\/cotedivoire\/wp-json\/wp\/v2\/posts\/93321","targetHints":{"allow":["GET"]}}],"collection":[{"href":"https:\/\/www.africa-press.net\/cotedivoire\/wp-json\/wp\/v2\/posts"}],"about":[{"href":"https:\/\/www.africa-press.net\/cotedivoire\/wp-json\/wp\/v2\/types\/post"}],"author":[{"embeddable":true,"href":"https:\/\/www.africa-press.net\/cotedivoire\/wp-json\/wp\/v2\/users\/82"}],"replies":[{"embeddable":true,"href":"https:\/\/www.africa-press.net\/cotedivoire\/wp-json\/wp\/v2\/comments?post=93321"}],"version-history":[{"count":0,"href":"https:\/\/www.africa-press.net\/cotedivoire\/wp-json\/wp\/v2\/posts\/93321\/revisions"}],"wp:featuredmedia":[{"embeddable":true,"href":"https:\/\/www.africa-press.net\/cotedivoire\/wp-json\/wp\/v2\/media\/93320"}],"wp:attachment":[{"href":"https:\/\/www.africa-press.net\/cotedivoire\/wp-json\/wp\/v2\/media?parent=93321"}],"wp:term":[{"taxonomy":"category","embeddable":true,"href":"https:\/\/www.africa-press.net\/cotedivoire\/wp-json\/wp\/v2\/categories?post=93321"},{"taxonomy":"post_tag","embeddable":true,"href":"https:\/\/www.africa-press.net\/cotedivoire\/wp-json\/wp\/v2\/tags?post=93321"}],"curies":[{"name":"wp","href":"https:\/\/api.w.org\/{rel}","templated":true}]}}