{"id":9333,"date":"2021-06-23T17:10:11","date_gmt":"2021-06-23T17:10:11","guid":{"rendered":"https:\/\/www.africa-press.net\/cotedivoire\/?p=9333"},"modified":"2021-06-23T18:38:15","modified_gmt":"2021-06-23T18:38:15","slug":"alassane-ouattara-photocopie-patrick-achi-fidele-sarassoro-le-nouveau-systeme-du-president-ivoirien","status":"publish","type":"post","link":"https:\/\/www.africa-press.net\/cotedivoire\/dossiers\/alassane-ouattara-photocopie-patrick-achi-fidele-sarassoro-le-nouveau-systeme-du-president-ivoirien","title":{"rendered":"Alassane Ouattara : \u00ab\u00a0Photocopie\u00a0\u00bb, Patrick Achi, Fid\u00e8le Sarassoro\u2026 Le nouveau syst\u00e8me du pr\u00e9sident ivoirien"},"content":{"rendered":"<p><span style=\"color: #ff6600\"><strong><a href=\"https:\/\/www.africa-press.net\/\">Africa-Press<\/a> &#8211; <a href=\"https:\/\/www.africa-press.net\/cotedivoire\">C\u00f4te d&rsquo;Ivoire<\/a>. <\/strong><\/span>\u00c9branl\u00e9 par la perte de deux Premiers ministres, le chef de l\u2019\u00c9tat a revu le fonctionnement de l\u2019ex\u00e9cutif. Son fr\u00e8re, ministre de la D\u00e9fense, et son directeur de cabinet y jouent un r\u00f4le plus important que jamais. Explications.<\/p>\n<p>Il y a des \u00e2ges o\u00f9 l\u2019on n\u2019aime gu\u00e8re bousculer ses habitudes. \u00c0 79 ans, Alassane Ouattara (ADO) y a \u00e9t\u00e9 contraint et forc\u00e9, surpris par la perte soudaine d\u2019Amadou Gon Coulibaly (AGC) en juillet 2020, puis par celle d\u2019Hamed Bakayoko, en mars 2021. Deux piliers de son syst\u00e8me, d\u00e9c\u00e9d\u00e9s tragiquement en moins d\u2019un an\u2026 Un coup du sort aux lourdes cons\u00e9quences.<\/p>\n<p>Le chef de l\u2019\u00c9tat ivoirien aimait dire d\u2019AGC qu\u2019il \u00e9tait son double sur le plan intellectuel. Au cours de plus de trente ann\u00e9es de compagnonnage, ils avaient appris \u00e0 travailler ensemble. Ces deux technocrates parlaient le m\u00eame langage. ADO en avait fait un secr\u00e9taire g\u00e9n\u00e9ral tout-puissant de la pr\u00e9sidence. Tous les dossiers passaient par son bureau ou celui de ses nombreux conseillers qui le suivirent \u00e0 la primature lorsqu\u2019il fut nomm\u00e9 en janvier 2017.<\/p>\n<p><b>Amadou Gon Coulibaly, le double<\/b><\/p>\n<p>AGC \u00e9tait aussi la pierre angulaire du Rassemblement des houphou\u00ebtistes pour la d\u00e9mocratie et la paix (RHDP). Ce parti avait \u00e9t\u00e9 taill\u00e9 sur mesure pour lui. Ses cadres, redevables, devaient l\u2019accompagner dans la conqu\u00eate du pouvoir. Hamed Bakayoko \u00e9tait l\u2019homme des missions sensibles, parfois secr\u00e8tes<\/p>\n<p>La mort d\u2019Hamed Bakayoko a \u00e9galement impact\u00e9 le chef de l\u2019\u00c9tat. Ministre de l\u2019Int\u00e9rieur, puis de la D\u00e9fense et enfin Premier ministre au d\u00e9c\u00e8s d\u2019AGC, le golden boy faisait partie du carr\u00e9 des fid\u00e8les d\u2019ADO. Il s\u2019\u00e9tait rendu indispensable dans la gestion de certains dossiers s\u00e9curitaires.<\/p>\n","protected":false},"excerpt":{"rendered":"<p>Africa-Press &#8211; C\u00f4te d&rsquo;Ivoire. \u00c9branl\u00e9 par la perte de deux Premiers ministres, le chef de l\u2019\u00c9tat a revu le fonctionnement de l\u2019ex\u00e9cutif. Son fr\u00e8re, ministre de la D\u00e9fense, et son directeur de cabinet y jouent un r\u00f4le plus important que jamais. Explications. Il y a des \u00e2ges o\u00f9 l\u2019on n\u2019aime gu\u00e8re bousculer ses habitudes. \u00c0 [&hellip;]<\/p>\n","protected":false},"author":82,"featured_media":9332,"comment_status":"open","ping_status":"closed","sticky":false,"template":"","format":"standard","meta":{"footnotes":""},"categories":[7,11,20,10],"tags":[56,63,29],"class_list":["post-9333","post","type-post","status-publish","format-standard","has-post-thumbnail","hentry","category-dossiers","category-homepage-french","category-top-nouvelles","category-toutes-les-actualites","tag-africa-press","tag-africa-press-cote-divoire","tag-cote-divoire"],"yoast_head":"<!-- This site is optimized with the Yoast SEO Premium plugin v26.1 (Yoast SEO v27.0) - https:\/\/yoast.com\/product\/yoast-seo-premium-wordpress\/ -->\n<title>Alassane Ouattara : \u00ab\u00a0Photocopie\u00a0\u00bb, Patrick Achi, Fid\u00e8le Sarassoro\u2026 Le nouveau syst\u00e8me du pr\u00e9sident ivoirien - C\u00f4te d&#039;Ivoire<\/title>\n<meta name=\"description\" content=\"\u00c9branl\u00e9 par la perte de deux Premiers ministres, le chef de l\u2019\u00c9tat a revu le fonctionnement de l\u2019ex\u00e9cutif. Son fr\u00e8re, mi ...\" \/>\n<meta name=\"robots\" content=\"index, follow, max-snippet:-1, max-image-preview:large, max-video-preview:-1\" \/>\n<link rel=\"canonical\" href=\"https:\/\/www.africa-press.net\/cotedivoire\/dossiers\/alassane-ouattara-photocopie-patrick-achi-fidele-sarassoro-le-nouveau-systeme-du-president-ivoirien\" \/>\n<meta property=\"og:locale\" content=\"fr_FR\" \/>\n<meta property=\"og:type\" content=\"article\" \/>\n<meta property=\"og:title\" content=\"Alassane Ouattara : \u00ab\u00a0Photocopie\u00a0\u00bb, Patrick Achi, Fid\u00e8le Sarassoro\u2026 Le nouveau syst\u00e8me du pr\u00e9sident ivoirien\" \/>\n<meta property=\"og:description\" content=\"\u00c9branl\u00e9 par la perte de deux Premiers ministres, le chef de l\u2019\u00c9tat a revu le fonctionnement de l\u2019ex\u00e9cutif. Son fr\u00e8re, mi ...\" \/>\n<meta property=\"og:url\" content=\"https:\/\/www.africa-press.net\/cotedivoire\/dossiers\/alassane-ouattara-photocopie-patrick-achi-fidele-sarassoro-le-nouveau-systeme-du-president-ivoirien\" \/>\n<meta property=\"og:site_name\" content=\"C\u00f4te d&#039;Ivoire\" \/>\n<meta property=\"article:published_time\" content=\"2021-06-23T17:10:11+00:00\" \/>\n<meta property=\"article:modified_time\" content=\"2021-06-23T18:38:15+00:00\" \/>\n<meta property=\"og:image\" content=\"https:\/\/static.africa-press.net\/cote\/sites\/43\/2021\/06\/img-60d3618653570.jpg\" \/>\n\t<meta property=\"og:image:width\" content=\"720\" \/>\n\t<meta property=\"og:image:height\" content=\"360\" \/>\n\t<meta property=\"og:image:type\" content=\"image\/jpeg\" \/>\n<meta name=\"author\" content=\"cfeditorfr\" \/>\n<meta name=\"twitter:card\" content=\"summary_large_image\" \/>\n<meta name=\"twitter:label1\" content=\"\u00c9crit par\" \/>\n\t<meta name=\"twitter:data1\" content=\"cfeditorfr\" \/>\n\t<meta name=\"twitter:label2\" content=\"Dur\u00e9e de lecture estim\u00e9e\" \/>\n\t<meta name=\"twitter:data2\" content=\"2 minutes\" \/>\n<script type=\"application\/ld+json\" class=\"yoast-schema-graph\">{\"@context\":\"https:\/\/schema.org\",\"@graph\":[{\"@type\":\"Article\",\"@id\":\"https:\/\/www.africa-press.net\/cotedivoire\/dossiers\/alassane-ouattara-photocopie-patrick-achi-fidele-sarassoro-le-nouveau-systeme-du-president-ivoirien#article\",\"isPartOf\":{\"@id\":\"https:\/\/www.africa-press.net\/cotedivoire\/dossiers\/alassane-ouattara-photocopie-patrick-achi-fidele-sarassoro-le-nouveau-systeme-du-president-ivoirien\"},\"author\":{\"name\":\"cfeditorfr\",\"@id\":\"https:\/\/www.africa-press.net\/cotedivoire\/#\/schema\/person\/2b1cf3cd81a31e3cd26889ca66d677f1\"},\"headline\":\"Alassane Ouattara : \u00ab\u00a0Photocopie\u00a0\u00bb, Patrick Achi, Fid\u00e8le Sarassoro\u2026 Le nouveau syst\u00e8me du pr\u00e9sident ivoirien\",\"datePublished\":\"2021-06-23T17:10:11+00:00\",\"dateModified\":\"2021-06-23T18:38:15+00:00\",\"mainEntityOfPage\":{\"@id\":\"https:\/\/www.africa-press.net\/cotedivoire\/dossiers\/alassane-ouattara-photocopie-patrick-achi-fidele-sarassoro-le-nouveau-systeme-du-president-ivoirien\"},\"wordCount\":330,\"commentCount\":0,\"image\":{\"@id\":\"https:\/\/www.africa-press.net\/cotedivoire\/dossiers\/alassane-ouattara-photocopie-patrick-achi-fidele-sarassoro-le-nouveau-systeme-du-president-ivoirien#primaryimage\"},\"thumbnailUrl\":\"https:\/\/static.africa-press.net\/cote\/sites\/43\/2021\/06\/img-60d3618653570.jpg\",\"keywords\":[\"Africa Press\",\"Africa Press-C\u00f4te d'Ivoire\",\"C\u00d4TE D'IVOIRE\"],\"articleSection\":[\"Dossiers\",\"homepage-french\",\"Top Nouvelles\",\"Toutes les actualit\u00e9s\"],\"inLanguage\":\"fr-FR\",\"potentialAction\":[{\"@type\":\"CommentAction\",\"name\":\"Comment\",\"target\":[\"https:\/\/www.africa-press.net\/cotedivoire\/dossiers\/alassane-ouattara-photocopie-patrick-achi-fidele-sarassoro-le-nouveau-systeme-du-president-ivoirien#respond\"]}]},{\"@type\":\"WebPage\",\"@id\":\"https:\/\/www.africa-press.net\/cotedivoire\/dossiers\/alassane-ouattara-photocopie-patrick-achi-fidele-sarassoro-le-nouveau-systeme-du-president-ivoirien\",\"url\":\"https:\/\/www.africa-press.net\/cotedivoire\/dossiers\/alassane-ouattara-photocopie-patrick-achi-fidele-sarassoro-le-nouveau-systeme-du-president-ivoirien\",\"name\":\"Alassane Ouattara : \u00ab\u00a0Photocopie\u00a0\u00bb, Patrick Achi, Fid\u00e8le Sarassoro\u2026 Le nouveau syst\u00e8me du pr\u00e9sident ivoirien - C\u00f4te d&#039;Ivoire\",\"isPartOf\":{\"@id\":\"https:\/\/www.africa-press.net\/cotedivoire\/#website\"},\"primaryImageOfPage\":{\"@id\":\"https:\/\/www.africa-press.net\/cotedivoire\/dossiers\/alassane-ouattara-photocopie-patrick-achi-fidele-sarassoro-le-nouveau-systeme-du-president-ivoirien#primaryimage\"},\"image\":{\"@id\":\"https:\/\/www.africa-press.net\/cotedivoire\/dossiers\/alassane-ouattara-photocopie-patrick-achi-fidele-sarassoro-le-nouveau-systeme-du-president-ivoirien#primaryimage\"},\"thumbnailUrl\":\"https:\/\/static.africa-press.net\/cote\/sites\/43\/2021\/06\/img-60d3618653570.jpg\",\"datePublished\":\"2021-06-23T17:10:11+00:00\",\"dateModified\":\"2021-06-23T18:38:15+00:00\",\"author\":{\"@id\":\"https:\/\/www.africa-press.net\/cotedivoire\/#\/schema\/person\/2b1cf3cd81a31e3cd26889ca66d677f1\"},\"description\":\"\u00c9branl\u00e9 par la perte de deux Premiers ministres, le chef de l\u2019\u00c9tat a revu le fonctionnement de l\u2019ex\u00e9cutif. Son fr\u00e8re, mi ...\",\"breadcrumb\":{\"@id\":\"https:\/\/www.africa-press.net\/cotedivoire\/dossiers\/alassane-ouattara-photocopie-patrick-achi-fidele-sarassoro-le-nouveau-systeme-du-president-ivoirien#breadcrumb\"},\"inLanguage\":\"fr-FR\",\"potentialAction\":[{\"@type\":\"ReadAction\",\"target\":[\"https:\/\/www.africa-press.net\/cotedivoire\/dossiers\/alassane-ouattara-photocopie-patrick-achi-fidele-sarassoro-le-nouveau-systeme-du-president-ivoirien\"]}]},{\"@type\":\"ImageObject\",\"inLanguage\":\"fr-FR\",\"@id\":\"https:\/\/www.africa-press.net\/cotedivoire\/dossiers\/alassane-ouattara-photocopie-patrick-achi-fidele-sarassoro-le-nouveau-systeme-du-president-ivoirien#primaryimage\",\"url\":\"https:\/\/static.africa-press.net\/cote\/sites\/43\/2021\/06\/img-60d3618653570.jpg\",\"contentUrl\":\"https:\/\/static.africa-press.net\/cote\/sites\/43\/2021\/06\/img-60d3618653570.jpg\",\"width\":720,\"height\":360,\"caption\":\"Alassane Ouattara : \u00ab\u00a0Photocopie\u00a0\u00bb, Patrick Achi, Fid\u00e8le Sarassoro\u2026 Le nouveau syst\u00e8me du pr\u00e9sident ivoirien\"},{\"@type\":\"BreadcrumbList\",\"@id\":\"https:\/\/www.africa-press.net\/cotedivoire\/dossiers\/alassane-ouattara-photocopie-patrick-achi-fidele-sarassoro-le-nouveau-systeme-du-president-ivoirien#breadcrumb\",\"itemListElement\":[{\"@type\":\"ListItem\",\"position\":1,\"name\":\"Accueil\",\"item\":\"https:\/\/www.africa-press.net\/cotedivoire\/\"},{\"@type\":\"ListItem\",\"position\":2,\"name\":\"Alassane Ouattara : \u00ab\u00a0Photocopie\u00a0\u00bb, Patrick Achi, Fid\u00e8le Sarassoro\u2026 Le nouveau syst\u00e8me du pr\u00e9sident ivoirien\"}]},{\"@type\":\"WebSite\",\"@id\":\"https:\/\/www.africa-press.net\/cotedivoire\/#website\",\"url\":\"https:\/\/www.africa-press.net\/cotedivoire\/\",\"name\":\"C\u00f4te d&#039;Ivoire\",\"description\":\"Just another Africa News Agency Sites site\",\"potentialAction\":[{\"@type\":\"SearchAction\",\"target\":{\"@type\":\"EntryPoint\",\"urlTemplate\":\"https:\/\/www.africa-press.net\/cotedivoire\/?s={search_term_string}\"},\"query-input\":{\"@type\":\"PropertyValueSpecification\",\"valueRequired\":true,\"valueName\":\"search_term_string\"}}],\"inLanguage\":\"fr-FR\"},{\"@type\":\"Person\",\"@id\":\"https:\/\/www.africa-press.net\/cotedivoire\/#\/schema\/person\/2b1cf3cd81a31e3cd26889ca66d677f1\",\"name\":\"cfeditorfr\"}]}<\/script>\n<!-- \/ Yoast SEO Premium plugin. -->","yoast_head_json":{"title":"Alassane Ouattara : \u00ab\u00a0Photocopie\u00a0\u00bb, Patrick Achi, Fid\u00e8le Sarassoro\u2026 Le nouveau syst\u00e8me du pr\u00e9sident ivoirien - C\u00f4te d&#039;Ivoire","description":"\u00c9branl\u00e9 par la perte de deux Premiers ministres, le chef de l\u2019\u00c9tat a revu le fonctionnement de l\u2019ex\u00e9cutif. Son fr\u00e8re, mi ...","robots":{"index":"index","follow":"follow","max-snippet":"max-snippet:-1","max-image-preview":"max-image-preview:large","max-video-preview":"max-video-preview:-1"},"canonical":"https:\/\/www.africa-press.net\/cotedivoire\/dossiers\/alassane-ouattara-photocopie-patrick-achi-fidele-sarassoro-le-nouveau-systeme-du-president-ivoirien","og_locale":"fr_FR","og_type":"article","og_title":"Alassane Ouattara : \u00ab\u00a0Photocopie\u00a0\u00bb, Patrick Achi, Fid\u00e8le Sarassoro\u2026 Le nouveau syst\u00e8me du pr\u00e9sident ivoirien","og_description":"\u00c9branl\u00e9 par la perte de deux Premiers ministres, le chef de l\u2019\u00c9tat a revu le fonctionnement de l\u2019ex\u00e9cutif. Son fr\u00e8re, mi ...","og_url":"https:\/\/www.africa-press.net\/cotedivoire\/dossiers\/alassane-ouattara-photocopie-patrick-achi-fidele-sarassoro-le-nouveau-systeme-du-president-ivoirien","og_site_name":"C\u00f4te d&#039;Ivoire","article_published_time":"2021-06-23T17:10:11+00:00","article_modified_time":"2021-06-23T18:38:15+00:00","og_image":[{"width":720,"height":360,"url":"https:\/\/static.africa-press.net\/cote\/sites\/43\/2021\/06\/img-60d3618653570.jpg","type":"image\/jpeg"}],"author":"cfeditorfr","twitter_card":"summary_large_image","twitter_misc":{"\u00c9crit par":"cfeditorfr","Dur\u00e9e de lecture estim\u00e9e":"2 minutes"},"schema":{"@context":"https:\/\/schema.org","@graph":[{"@type":"Article","@id":"https:\/\/www.africa-press.net\/cotedivoire\/dossiers\/alassane-ouattara-photocopie-patrick-achi-fidele-sarassoro-le-nouveau-systeme-du-president-ivoirien#article","isPartOf":{"@id":"https:\/\/www.africa-press.net\/cotedivoire\/dossiers\/alassane-ouattara-photocopie-patrick-achi-fidele-sarassoro-le-nouveau-systeme-du-president-ivoirien"},"author":{"name":"cfeditorfr","@id":"https:\/\/www.africa-press.net\/cotedivoire\/#\/schema\/person\/2b1cf3cd81a31e3cd26889ca66d677f1"},"headline":"Alassane Ouattara : \u00ab\u00a0Photocopie\u00a0\u00bb, Patrick Achi, Fid\u00e8le Sarassoro\u2026 Le nouveau syst\u00e8me du pr\u00e9sident ivoirien","datePublished":"2021-06-23T17:10:11+00:00","dateModified":"2021-06-23T18:38:15+00:00","mainEntityOfPage":{"@id":"https:\/\/www.africa-press.net\/cotedivoire\/dossiers\/alassane-ouattara-photocopie-patrick-achi-fidele-sarassoro-le-nouveau-systeme-du-president-ivoirien"},"wordCount":330,"commentCount":0,"image":{"@id":"https:\/\/www.africa-press.net\/cotedivoire\/dossiers\/alassane-ouattara-photocopie-patrick-achi-fidele-sarassoro-le-nouveau-systeme-du-president-ivoirien#primaryimage"},"thumbnailUrl":"https:\/\/static.africa-press.net\/cote\/sites\/43\/2021\/06\/img-60d3618653570.jpg","keywords":["Africa Press","Africa Press-C\u00f4te d'Ivoire","C\u00d4TE D'IVOIRE"],"articleSection":["Dossiers","homepage-french","Top Nouvelles","Toutes les actualit\u00e9s"],"inLanguage":"fr-FR","potentialAction":[{"@type":"CommentAction","name":"Comment","target":["https:\/\/www.africa-press.net\/cotedivoire\/dossiers\/alassane-ouattara-photocopie-patrick-achi-fidele-sarassoro-le-nouveau-systeme-du-president-ivoirien#respond"]}]},{"@type":"WebPage","@id":"https:\/\/www.africa-press.net\/cotedivoire\/dossiers\/alassane-ouattara-photocopie-patrick-achi-fidele-sarassoro-le-nouveau-systeme-du-president-ivoirien","url":"https:\/\/www.africa-press.net\/cotedivoire\/dossiers\/alassane-ouattara-photocopie-patrick-achi-fidele-sarassoro-le-nouveau-systeme-du-president-ivoirien","name":"Alassane Ouattara : \u00ab\u00a0Photocopie\u00a0\u00bb, Patrick Achi, Fid\u00e8le Sarassoro\u2026 Le nouveau syst\u00e8me du pr\u00e9sident ivoirien - C\u00f4te d&#039;Ivoire","isPartOf":{"@id":"https:\/\/www.africa-press.net\/cotedivoire\/#website"},"primaryImageOfPage":{"@id":"https:\/\/www.africa-press.net\/cotedivoire\/dossiers\/alassane-ouattara-photocopie-patrick-achi-fidele-sarassoro-le-nouveau-systeme-du-president-ivoirien#primaryimage"},"image":{"@id":"https:\/\/www.africa-press.net\/cotedivoire\/dossiers\/alassane-ouattara-photocopie-patrick-achi-fidele-sarassoro-le-nouveau-systeme-du-president-ivoirien#primaryimage"},"thumbnailUrl":"https:\/\/static.africa-press.net\/cote\/sites\/43\/2021\/06\/img-60d3618653570.jpg","datePublished":"2021-06-23T17:10:11+00:00","dateModified":"2021-06-23T18:38:15+00:00","author":{"@id":"https:\/\/www.africa-press.net\/cotedivoire\/#\/schema\/person\/2b1cf3cd81a31e3cd26889ca66d677f1"},"description":"\u00c9branl\u00e9 par la perte de deux Premiers ministres, le chef de l\u2019\u00c9tat a revu le fonctionnement de l\u2019ex\u00e9cutif. Son fr\u00e8re, mi ...","breadcrumb":{"@id":"https:\/\/www.africa-press.net\/cotedivoire\/dossiers\/alassane-ouattara-photocopie-patrick-achi-fidele-sarassoro-le-nouveau-systeme-du-president-ivoirien#breadcrumb"},"inLanguage":"fr-FR","potentialAction":[{"@type":"ReadAction","target":["https:\/\/www.africa-press.net\/cotedivoire\/dossiers\/alassane-ouattara-photocopie-patrick-achi-fidele-sarassoro-le-nouveau-systeme-du-president-ivoirien"]}]},{"@type":"ImageObject","inLanguage":"fr-FR","@id":"https:\/\/www.africa-press.net\/cotedivoire\/dossiers\/alassane-ouattara-photocopie-patrick-achi-fidele-sarassoro-le-nouveau-systeme-du-president-ivoirien#primaryimage","url":"https:\/\/static.africa-press.net\/cote\/sites\/43\/2021\/06\/img-60d3618653570.jpg","contentUrl":"https:\/\/static.africa-press.net\/cote\/sites\/43\/2021\/06\/img-60d3618653570.jpg","width":720,"height":360,"caption":"Alassane Ouattara : \u00ab\u00a0Photocopie\u00a0\u00bb, Patrick Achi, Fid\u00e8le Sarassoro\u2026 Le nouveau syst\u00e8me du pr\u00e9sident ivoirien"},{"@type":"BreadcrumbList","@id":"https:\/\/www.africa-press.net\/cotedivoire\/dossiers\/alassane-ouattara-photocopie-patrick-achi-fidele-sarassoro-le-nouveau-systeme-du-president-ivoirien#breadcrumb","itemListElement":[{"@type":"ListItem","position":1,"name":"Accueil","item":"https:\/\/www.africa-press.net\/cotedivoire\/"},{"@type":"ListItem","position":2,"name":"Alassane Ouattara : \u00ab\u00a0Photocopie\u00a0\u00bb, Patrick Achi, Fid\u00e8le Sarassoro\u2026 Le nouveau syst\u00e8me du pr\u00e9sident ivoirien"}]},{"@type":"WebSite","@id":"https:\/\/www.africa-press.net\/cotedivoire\/#website","url":"https:\/\/www.africa-press.net\/cotedivoire\/","name":"C\u00f4te d&#039;Ivoire","description":"Just another Africa News Agency Sites site","potentialAction":[{"@type":"SearchAction","target":{"@type":"EntryPoint","urlTemplate":"https:\/\/www.africa-press.net\/cotedivoire\/?s={search_term_string}"},"query-input":{"@type":"PropertyValueSpecification","valueRequired":true,"valueName":"search_term_string"}}],"inLanguage":"fr-FR"},{"@type":"Person","@id":"https:\/\/www.africa-press.net\/cotedivoire\/#\/schema\/person\/2b1cf3cd81a31e3cd26889ca66d677f1","name":"cfeditorfr"}]}},"_links":{"self":[{"href":"https:\/\/www.africa-press.net\/cotedivoire\/wp-json\/wp\/v2\/posts\/9333","targetHints":{"allow":["GET"]}}],"collection":[{"href":"https:\/\/www.africa-press.net\/cotedivoire\/wp-json\/wp\/v2\/posts"}],"about":[{"href":"https:\/\/www.africa-press.net\/cotedivoire\/wp-json\/wp\/v2\/types\/post"}],"author":[{"embeddable":true,"href":"https:\/\/www.africa-press.net\/cotedivoire\/wp-json\/wp\/v2\/users\/82"}],"replies":[{"embeddable":true,"href":"https:\/\/www.africa-press.net\/cotedivoire\/wp-json\/wp\/v2\/comments?post=9333"}],"version-history":[{"count":0,"href":"https:\/\/www.africa-press.net\/cotedivoire\/wp-json\/wp\/v2\/posts\/9333\/revisions"}],"wp:featuredmedia":[{"embeddable":true,"href":"https:\/\/www.africa-press.net\/cotedivoire\/wp-json\/wp\/v2\/media\/9332"}],"wp:attachment":[{"href":"https:\/\/www.africa-press.net\/cotedivoire\/wp-json\/wp\/v2\/media?parent=9333"}],"wp:term":[{"taxonomy":"category","embeddable":true,"href":"https:\/\/www.africa-press.net\/cotedivoire\/wp-json\/wp\/v2\/categories?post=9333"},{"taxonomy":"post_tag","embeddable":true,"href":"https:\/\/www.africa-press.net\/cotedivoire\/wp-json\/wp\/v2\/tags?post=9333"}],"curies":[{"name":"wp","href":"https:\/\/api.w.org\/{rel}","templated":true}]}}