{"id":9336,"date":"2021-06-23T17:13:50","date_gmt":"2021-06-23T17:13:50","guid":{"rendered":"https:\/\/www.africa-press.net\/cotedivoire\/?p=9336"},"modified":"2021-06-23T18:38:23","modified_gmt":"2021-06-23T18:38:23","slug":"cote-divoire-guillaume-soro-condamne-a-la-prison-a-perpetuite","status":"publish","type":"post","link":"https:\/\/www.africa-press.net\/cotedivoire\/politique\/cote-divoire-guillaume-soro-condamne-a-la-prison-a-perpetuite","title":{"rendered":"Guillaume Soro condamn\u00e9 \u00e0 la prison \u00e0 perp\u00e9tuit\u00e9"},"content":{"rendered":"<p><span style=\"color: #ff6600\"><strong><a href=\"https:\/\/www.africa-press.net\/\">Africa-Press<\/a> &#8211; <a href=\"https:\/\/www.africa-press.net\/cotedivoire\">C\u00f4te d&rsquo;Ivoire<\/a>. <\/strong><\/span>L\u2019ancien pr\u00e9sident de l\u2019Assembl\u00e9e nationale a \u00e9t\u00e9 reconnu coupable d\u2019\u00ab atteinte \u00e0 la s\u00fbret\u00e9 de l\u2019\u00c9tat \u00bb et condamn\u00e9 par contumace \u00e0 la prison \u00e0 perp\u00e9tuit\u00e9.<\/p>\n<p>La cour d\u2019assises d\u2019Abidjan a donc suivi les r\u00e9quisitions du parquet. Ce mercredi 23 juin, Guillaume Soro a \u00e9t\u00e9 condamn\u00e9 par contumace \u00e0 une peine de prison \u00e0 perp\u00e9tuit\u00e9 pour \u00ab atteinte \u00e0 la s\u00fbret\u00e9 nationale \u00bb, comme l\u2019avait r\u00e9clam\u00e9 Richard Adou, le procureur de la R\u00e9publique, une semaine plus t\u00f4t. En exil depuis deux ans, l\u2019ancien Premier ministre n\u2019a pas assist\u00e9 \u00e0 ce proc\u00e8s.<\/p>\n<p>Le tribunal a aussi suivi les r\u00e9quisitions du parquet pour plusieurs de ses proches collaborateurs. Son ex-chef du protocole, Souleymane Kamagat\u00e9, dit \u00ab Soul to Soul \u00bb, son avocate et ancienne ministre, Affoussiata Bamba Lamine, et son responsable de la communication, Moussa Tour\u00e9, ont tous \u00e9cop\u00e9 d\u2019une peine de vingt ans de prison.<\/p>\n<p>\u00ab Ce verdict n\u2019a rien d\u2019une surprise, nous nous y attendions, r\u00e9agit un proche de Soro. Nous condamnons ces condamnations. Il s\u2019agit d\u2019une d\u00e9cision politique, pas d\u2019une d\u00e9cision de justice. \u00bb L\u2019ancien ministre Alain Lobognon, ainsi que Simon et Rigobert Soro, les fr\u00e8res de Guillaume Soro, ont eux \u00e9t\u00e9 condamn\u00e9s \u00e0 dix-sept mois de prison ferme pour \u00ab trouble \u00e0 l\u2019ordre public \u00bb. Ayant d\u00e9j\u00e0 purg\u00e9 leur peine, ils devraient \u00eatre lib\u00e9r\u00e9s dans la soir\u00e9e. La cour d\u2019assises d\u2019Abidjan a aussi annonc\u00e9 la dissolution de G\u00e9n\u00e9rations et peuples solidaires (GPS), le mouvement politique lanc\u00e9 par Soro en juillet 2019.<\/p>\n<p><b>\u00ab Complot \u00bb<\/b><\/p>\n<p>L\u2019ex-chef de la r\u00e9bellion des Forces nouvelles (FN) et dix-neuf de ses partisans \u00e9taient accus\u00e9s de \u00ab complot \u00bb, \u00ab tentative d\u2019atteinte contre l\u2019autorit\u00e9 de l\u2019\u00c9tat \u00bb ainsi que de \u00ab diffusion et publication de nouvelles fausses jetant le discr\u00e9dit sur les institutions et leur fonctionnement, ayant entra\u00een\u00e9 une atteinte au moral des populations \u00bb.<\/p>\n<p>Les faits remontent au 23 d\u00e9cembre 2019. Alors qu\u2019il \u00e9tait \u00e0 bord d\u2019un avion pour rentrer \u00e0 Abidjan, les autorit\u00e9s ivoiriennes l\u2019avaient accus\u00e9 de tentative d\u2019\u00ab atteinte \u00e0 la s\u00fbret\u00e9 de l\u2019\u00c9tat \u00bb et de \u00ab d\u00e9tournement de deniers publics \u00bb. Soro avait finalement atterri \u00e0 Accra et plusieurs de ses proches avaient \u00e9t\u00e9 arr\u00eat\u00e9s en C\u00f4te d\u2019Ivoire.<\/p>\n<p>Les autorit\u00e9s avaient bas\u00e9 leurs accusations sur ce qu\u2019elles pr\u00e9sentaient comme des enregistrements t\u00e9l\u00e9phoniques, dans lesquels Guillaume Soro \u00e9voquait ses soutiens au sein de l\u2019arm\u00e9e, se disait \u00ab positionn\u00e9 un peu partout \u00bb et indiquait avoir la \u00ab t\u00e9l\u00e9commande \u00bb pour passer \u00e0 l\u2019action. Selon le procureur Richard Adou, des perquisitions avaient aussi permis de saisir une cinquantaine de fusils d\u2019assaut Kalachnikov et des lance-roquettes.<\/p>\n<p>En avril 2020, l\u2019ancien pr\u00e9sident de l\u2019Assembl\u00e9e nationale avait d\u00e9j\u00e0 \u00e9t\u00e9 condamn\u00e9 \u00e0 vingt ans de prison ferme, 4,5 milliards de francs CFA d\u2019amende et \u00e0 la privation de ses droits civiques pour une p\u00e9riode de cinq ans apr\u00e8s avoir \u00e9t\u00e9 reconnu coupable de recel de deniers publics d\u00e9tourn\u00e9s et de blanchiment de capitaux. Le parquet l\u2019accusait d\u2019avoir acquis une villa \u00e0 Marcory r\u00e9sidentiel, un quartier hupp\u00e9 d\u2019Abidjan, en 2007, alors qu\u2019il \u00e9tait Premier ministre, gr\u00e2ce \u00e0 des fonds du tr\u00e9sor public ivoirien.<\/p>\n","protected":false},"excerpt":{"rendered":"<p>Africa-Press &#8211; C\u00f4te d&rsquo;Ivoire. L\u2019ancien pr\u00e9sident de l\u2019Assembl\u00e9e nationale a \u00e9t\u00e9 reconnu coupable d\u2019\u00ab atteinte \u00e0 la s\u00fbret\u00e9 de l\u2019\u00c9tat \u00bb et condamn\u00e9 par contumace \u00e0 la prison \u00e0 perp\u00e9tuit\u00e9. La cour d\u2019assises d\u2019Abidjan a donc suivi les r\u00e9quisitions du parquet. Ce mercredi 23 juin, Guillaume Soro a \u00e9t\u00e9 condamn\u00e9 par contumace \u00e0 une peine [&hellip;]<\/p>\n","protected":false},"author":82,"featured_media":9335,"comment_status":"open","ping_status":"closed","sticky":false,"template":"","format":"standard","meta":{"footnotes":""},"categories":[11,2,10],"tags":[56,63,29],"class_list":["post-9336","post","type-post","status-publish","format-standard","has-post-thumbnail","hentry","category-homepage-french","category-politique","category-toutes-les-actualites","tag-africa-press","tag-africa-press-cote-divoire","tag-cote-divoire"],"yoast_head":"<!-- This site is optimized with the Yoast SEO Premium plugin v26.1 (Yoast SEO v27.0) - https:\/\/yoast.com\/product\/yoast-seo-premium-wordpress\/ -->\n<title>Guillaume Soro condamn\u00e9 \u00e0 la prison \u00e0 perp\u00e9tuit\u00e9 - C\u00f4te d&#039;Ivoire<\/title>\n<meta name=\"description\" content=\"L\u2019ancien pr\u00e9sident de l\u2019Assembl\u00e9e nationale a \u00e9t\u00e9 reconnu coupable d\u2019\u00ab atteinte \u00e0 la s\u00fbret\u00e9 de l\u2019\u00c9tat \u00bb et condamn\u00e9 par ...\" \/>\n<meta name=\"robots\" content=\"index, follow, max-snippet:-1, max-image-preview:large, max-video-preview:-1\" \/>\n<link rel=\"canonical\" href=\"https:\/\/www.africa-press.net\/cotedivoire\/politique\/cote-divoire-guillaume-soro-condamne-a-la-prison-a-perpetuite\" \/>\n<meta property=\"og:locale\" content=\"fr_FR\" \/>\n<meta property=\"og:type\" content=\"article\" \/>\n<meta property=\"og:title\" content=\"Guillaume Soro condamn\u00e9 \u00e0 la prison \u00e0 perp\u00e9tuit\u00e9\" \/>\n<meta property=\"og:description\" content=\"L\u2019ancien pr\u00e9sident de l\u2019Assembl\u00e9e nationale a \u00e9t\u00e9 reconnu coupable d\u2019\u00ab atteinte \u00e0 la s\u00fbret\u00e9 de l\u2019\u00c9tat \u00bb et condamn\u00e9 par ...\" \/>\n<meta property=\"og:url\" content=\"https:\/\/www.africa-press.net\/cotedivoire\/politique\/cote-divoire-guillaume-soro-condamne-a-la-prison-a-perpetuite\" \/>\n<meta property=\"og:site_name\" content=\"C\u00f4te d&#039;Ivoire\" \/>\n<meta property=\"article:published_time\" content=\"2021-06-23T17:13:50+00:00\" \/>\n<meta property=\"article:modified_time\" content=\"2021-06-23T18:38:23+00:00\" \/>\n<meta property=\"og:image\" content=\"https:\/\/static.africa-press.net\/cote\/sites\/43\/2021\/06\/img-60d361ad13371.jpg\" \/>\n\t<meta property=\"og:image:width\" content=\"720\" \/>\n\t<meta property=\"og:image:height\" content=\"360\" \/>\n\t<meta property=\"og:image:type\" content=\"image\/jpeg\" \/>\n<meta name=\"author\" content=\"cfeditorfr\" \/>\n<meta name=\"twitter:card\" content=\"summary_large_image\" \/>\n<meta name=\"twitter:label1\" content=\"\u00c9crit par\" \/>\n\t<meta name=\"twitter:data1\" content=\"cfeditorfr\" \/>\n\t<meta name=\"twitter:label2\" content=\"Dur\u00e9e de lecture estim\u00e9e\" \/>\n\t<meta name=\"twitter:data2\" content=\"3 minutes\" \/>\n<script type=\"application\/ld+json\" class=\"yoast-schema-graph\">{\"@context\":\"https:\/\/schema.org\",\"@graph\":[{\"@type\":\"Article\",\"@id\":\"https:\/\/www.africa-press.net\/cotedivoire\/politique\/cote-divoire-guillaume-soro-condamne-a-la-prison-a-perpetuite#article\",\"isPartOf\":{\"@id\":\"https:\/\/www.africa-press.net\/cotedivoire\/politique\/cote-divoire-guillaume-soro-condamne-a-la-prison-a-perpetuite\"},\"author\":{\"name\":\"cfeditorfr\",\"@id\":\"https:\/\/www.africa-press.net\/cotedivoire\/#\/schema\/person\/2b1cf3cd81a31e3cd26889ca66d677f1\"},\"headline\":\"Guillaume Soro condamn\u00e9 \u00e0 la prison \u00e0 perp\u00e9tuit\u00e9\",\"datePublished\":\"2021-06-23T17:13:50+00:00\",\"dateModified\":\"2021-06-23T18:38:23+00:00\",\"mainEntityOfPage\":{\"@id\":\"https:\/\/www.africa-press.net\/cotedivoire\/politique\/cote-divoire-guillaume-soro-condamne-a-la-prison-a-perpetuite\"},\"wordCount\":560,\"commentCount\":0,\"image\":{\"@id\":\"https:\/\/www.africa-press.net\/cotedivoire\/politique\/cote-divoire-guillaume-soro-condamne-a-la-prison-a-perpetuite#primaryimage\"},\"thumbnailUrl\":\"https:\/\/static.africa-press.net\/cote\/sites\/43\/2021\/06\/img-60d361ad13371.jpg\",\"keywords\":[\"Africa Press\",\"Africa Press-C\u00f4te d'Ivoire\",\"C\u00d4TE D'IVOIRE\"],\"articleSection\":[\"homepage-french\",\"Politique\",\"Toutes les actualit\u00e9s\"],\"inLanguage\":\"fr-FR\",\"potentialAction\":[{\"@type\":\"CommentAction\",\"name\":\"Comment\",\"target\":[\"https:\/\/www.africa-press.net\/cotedivoire\/politique\/cote-divoire-guillaume-soro-condamne-a-la-prison-a-perpetuite#respond\"]}]},{\"@type\":\"WebPage\",\"@id\":\"https:\/\/www.africa-press.net\/cotedivoire\/politique\/cote-divoire-guillaume-soro-condamne-a-la-prison-a-perpetuite\",\"url\":\"https:\/\/www.africa-press.net\/cotedivoire\/politique\/cote-divoire-guillaume-soro-condamne-a-la-prison-a-perpetuite\",\"name\":\"Guillaume Soro condamn\u00e9 \u00e0 la prison \u00e0 perp\u00e9tuit\u00e9 - C\u00f4te d&#039;Ivoire\",\"isPartOf\":{\"@id\":\"https:\/\/www.africa-press.net\/cotedivoire\/#website\"},\"primaryImageOfPage\":{\"@id\":\"https:\/\/www.africa-press.net\/cotedivoire\/politique\/cote-divoire-guillaume-soro-condamne-a-la-prison-a-perpetuite#primaryimage\"},\"image\":{\"@id\":\"https:\/\/www.africa-press.net\/cotedivoire\/politique\/cote-divoire-guillaume-soro-condamne-a-la-prison-a-perpetuite#primaryimage\"},\"thumbnailUrl\":\"https:\/\/static.africa-press.net\/cote\/sites\/43\/2021\/06\/img-60d361ad13371.jpg\",\"datePublished\":\"2021-06-23T17:13:50+00:00\",\"dateModified\":\"2021-06-23T18:38:23+00:00\",\"author\":{\"@id\":\"https:\/\/www.africa-press.net\/cotedivoire\/#\/schema\/person\/2b1cf3cd81a31e3cd26889ca66d677f1\"},\"description\":\"L\u2019ancien pr\u00e9sident de l\u2019Assembl\u00e9e nationale a \u00e9t\u00e9 reconnu coupable d\u2019\u00ab atteinte \u00e0 la s\u00fbret\u00e9 de l\u2019\u00c9tat \u00bb et condamn\u00e9 par ...\",\"breadcrumb\":{\"@id\":\"https:\/\/www.africa-press.net\/cotedivoire\/politique\/cote-divoire-guillaume-soro-condamne-a-la-prison-a-perpetuite#breadcrumb\"},\"inLanguage\":\"fr-FR\",\"potentialAction\":[{\"@type\":\"ReadAction\",\"target\":[\"https:\/\/www.africa-press.net\/cotedivoire\/politique\/cote-divoire-guillaume-soro-condamne-a-la-prison-a-perpetuite\"]}]},{\"@type\":\"ImageObject\",\"inLanguage\":\"fr-FR\",\"@id\":\"https:\/\/www.africa-press.net\/cotedivoire\/politique\/cote-divoire-guillaume-soro-condamne-a-la-prison-a-perpetuite#primaryimage\",\"url\":\"https:\/\/static.africa-press.net\/cote\/sites\/43\/2021\/06\/img-60d361ad13371.jpg\",\"contentUrl\":\"https:\/\/static.africa-press.net\/cote\/sites\/43\/2021\/06\/img-60d361ad13371.jpg\",\"width\":720,\"height\":360,\"caption\":\"C\u00f4te d\u2019Ivoire : Guillaume Soro condamn\u00e9 \u00e0 la prison \u00e0 perp\u00e9tuit\u00e9\"},{\"@type\":\"BreadcrumbList\",\"@id\":\"https:\/\/www.africa-press.net\/cotedivoire\/politique\/cote-divoire-guillaume-soro-condamne-a-la-prison-a-perpetuite#breadcrumb\",\"itemListElement\":[{\"@type\":\"ListItem\",\"position\":1,\"name\":\"Accueil\",\"item\":\"https:\/\/www.africa-press.net\/cotedivoire\/\"},{\"@type\":\"ListItem\",\"position\":2,\"name\":\"Guillaume Soro condamn\u00e9 \u00e0 la prison \u00e0 perp\u00e9tuit\u00e9\"}]},{\"@type\":\"WebSite\",\"@id\":\"https:\/\/www.africa-press.net\/cotedivoire\/#website\",\"url\":\"https:\/\/www.africa-press.net\/cotedivoire\/\",\"name\":\"C\u00f4te d&#039;Ivoire\",\"description\":\"Just another Africa News Agency Sites site\",\"potentialAction\":[{\"@type\":\"SearchAction\",\"target\":{\"@type\":\"EntryPoint\",\"urlTemplate\":\"https:\/\/www.africa-press.net\/cotedivoire\/?s={search_term_string}\"},\"query-input\":{\"@type\":\"PropertyValueSpecification\",\"valueRequired\":true,\"valueName\":\"search_term_string\"}}],\"inLanguage\":\"fr-FR\"},{\"@type\":\"Person\",\"@id\":\"https:\/\/www.africa-press.net\/cotedivoire\/#\/schema\/person\/2b1cf3cd81a31e3cd26889ca66d677f1\",\"name\":\"cfeditorfr\"}]}<\/script>\n<!-- \/ Yoast SEO Premium plugin. -->","yoast_head_json":{"title":"Guillaume Soro condamn\u00e9 \u00e0 la prison \u00e0 perp\u00e9tuit\u00e9 - C\u00f4te d&#039;Ivoire","description":"L\u2019ancien pr\u00e9sident de l\u2019Assembl\u00e9e nationale a \u00e9t\u00e9 reconnu coupable d\u2019\u00ab atteinte \u00e0 la s\u00fbret\u00e9 de l\u2019\u00c9tat \u00bb et condamn\u00e9 par ...","robots":{"index":"index","follow":"follow","max-snippet":"max-snippet:-1","max-image-preview":"max-image-preview:large","max-video-preview":"max-video-preview:-1"},"canonical":"https:\/\/www.africa-press.net\/cotedivoire\/politique\/cote-divoire-guillaume-soro-condamne-a-la-prison-a-perpetuite","og_locale":"fr_FR","og_type":"article","og_title":"Guillaume Soro condamn\u00e9 \u00e0 la prison \u00e0 perp\u00e9tuit\u00e9","og_description":"L\u2019ancien pr\u00e9sident de l\u2019Assembl\u00e9e nationale a \u00e9t\u00e9 reconnu coupable d\u2019\u00ab atteinte \u00e0 la s\u00fbret\u00e9 de l\u2019\u00c9tat \u00bb et condamn\u00e9 par ...","og_url":"https:\/\/www.africa-press.net\/cotedivoire\/politique\/cote-divoire-guillaume-soro-condamne-a-la-prison-a-perpetuite","og_site_name":"C\u00f4te d&#039;Ivoire","article_published_time":"2021-06-23T17:13:50+00:00","article_modified_time":"2021-06-23T18:38:23+00:00","og_image":[{"width":720,"height":360,"url":"https:\/\/static.africa-press.net\/cote\/sites\/43\/2021\/06\/img-60d361ad13371.jpg","type":"image\/jpeg"}],"author":"cfeditorfr","twitter_card":"summary_large_image","twitter_misc":{"\u00c9crit par":"cfeditorfr","Dur\u00e9e de lecture estim\u00e9e":"3 minutes"},"schema":{"@context":"https:\/\/schema.org","@graph":[{"@type":"Article","@id":"https:\/\/www.africa-press.net\/cotedivoire\/politique\/cote-divoire-guillaume-soro-condamne-a-la-prison-a-perpetuite#article","isPartOf":{"@id":"https:\/\/www.africa-press.net\/cotedivoire\/politique\/cote-divoire-guillaume-soro-condamne-a-la-prison-a-perpetuite"},"author":{"name":"cfeditorfr","@id":"https:\/\/www.africa-press.net\/cotedivoire\/#\/schema\/person\/2b1cf3cd81a31e3cd26889ca66d677f1"},"headline":"Guillaume Soro condamn\u00e9 \u00e0 la prison \u00e0 perp\u00e9tuit\u00e9","datePublished":"2021-06-23T17:13:50+00:00","dateModified":"2021-06-23T18:38:23+00:00","mainEntityOfPage":{"@id":"https:\/\/www.africa-press.net\/cotedivoire\/politique\/cote-divoire-guillaume-soro-condamne-a-la-prison-a-perpetuite"},"wordCount":560,"commentCount":0,"image":{"@id":"https:\/\/www.africa-press.net\/cotedivoire\/politique\/cote-divoire-guillaume-soro-condamne-a-la-prison-a-perpetuite#primaryimage"},"thumbnailUrl":"https:\/\/static.africa-press.net\/cote\/sites\/43\/2021\/06\/img-60d361ad13371.jpg","keywords":["Africa Press","Africa Press-C\u00f4te d'Ivoire","C\u00d4TE D'IVOIRE"],"articleSection":["homepage-french","Politique","Toutes les actualit\u00e9s"],"inLanguage":"fr-FR","potentialAction":[{"@type":"CommentAction","name":"Comment","target":["https:\/\/www.africa-press.net\/cotedivoire\/politique\/cote-divoire-guillaume-soro-condamne-a-la-prison-a-perpetuite#respond"]}]},{"@type":"WebPage","@id":"https:\/\/www.africa-press.net\/cotedivoire\/politique\/cote-divoire-guillaume-soro-condamne-a-la-prison-a-perpetuite","url":"https:\/\/www.africa-press.net\/cotedivoire\/politique\/cote-divoire-guillaume-soro-condamne-a-la-prison-a-perpetuite","name":"Guillaume Soro condamn\u00e9 \u00e0 la prison \u00e0 perp\u00e9tuit\u00e9 - C\u00f4te d&#039;Ivoire","isPartOf":{"@id":"https:\/\/www.africa-press.net\/cotedivoire\/#website"},"primaryImageOfPage":{"@id":"https:\/\/www.africa-press.net\/cotedivoire\/politique\/cote-divoire-guillaume-soro-condamne-a-la-prison-a-perpetuite#primaryimage"},"image":{"@id":"https:\/\/www.africa-press.net\/cotedivoire\/politique\/cote-divoire-guillaume-soro-condamne-a-la-prison-a-perpetuite#primaryimage"},"thumbnailUrl":"https:\/\/static.africa-press.net\/cote\/sites\/43\/2021\/06\/img-60d361ad13371.jpg","datePublished":"2021-06-23T17:13:50+00:00","dateModified":"2021-06-23T18:38:23+00:00","author":{"@id":"https:\/\/www.africa-press.net\/cotedivoire\/#\/schema\/person\/2b1cf3cd81a31e3cd26889ca66d677f1"},"description":"L\u2019ancien pr\u00e9sident de l\u2019Assembl\u00e9e nationale a \u00e9t\u00e9 reconnu coupable d\u2019\u00ab atteinte \u00e0 la s\u00fbret\u00e9 de l\u2019\u00c9tat \u00bb et condamn\u00e9 par ...","breadcrumb":{"@id":"https:\/\/www.africa-press.net\/cotedivoire\/politique\/cote-divoire-guillaume-soro-condamne-a-la-prison-a-perpetuite#breadcrumb"},"inLanguage":"fr-FR","potentialAction":[{"@type":"ReadAction","target":["https:\/\/www.africa-press.net\/cotedivoire\/politique\/cote-divoire-guillaume-soro-condamne-a-la-prison-a-perpetuite"]}]},{"@type":"ImageObject","inLanguage":"fr-FR","@id":"https:\/\/www.africa-press.net\/cotedivoire\/politique\/cote-divoire-guillaume-soro-condamne-a-la-prison-a-perpetuite#primaryimage","url":"https:\/\/static.africa-press.net\/cote\/sites\/43\/2021\/06\/img-60d361ad13371.jpg","contentUrl":"https:\/\/static.africa-press.net\/cote\/sites\/43\/2021\/06\/img-60d361ad13371.jpg","width":720,"height":360,"caption":"C\u00f4te d\u2019Ivoire : Guillaume Soro condamn\u00e9 \u00e0 la prison \u00e0 perp\u00e9tuit\u00e9"},{"@type":"BreadcrumbList","@id":"https:\/\/www.africa-press.net\/cotedivoire\/politique\/cote-divoire-guillaume-soro-condamne-a-la-prison-a-perpetuite#breadcrumb","itemListElement":[{"@type":"ListItem","position":1,"name":"Accueil","item":"https:\/\/www.africa-press.net\/cotedivoire\/"},{"@type":"ListItem","position":2,"name":"Guillaume Soro condamn\u00e9 \u00e0 la prison \u00e0 perp\u00e9tuit\u00e9"}]},{"@type":"WebSite","@id":"https:\/\/www.africa-press.net\/cotedivoire\/#website","url":"https:\/\/www.africa-press.net\/cotedivoire\/","name":"C\u00f4te d&#039;Ivoire","description":"Just another Africa News Agency Sites site","potentialAction":[{"@type":"SearchAction","target":{"@type":"EntryPoint","urlTemplate":"https:\/\/www.africa-press.net\/cotedivoire\/?s={search_term_string}"},"query-input":{"@type":"PropertyValueSpecification","valueRequired":true,"valueName":"search_term_string"}}],"inLanguage":"fr-FR"},{"@type":"Person","@id":"https:\/\/www.africa-press.net\/cotedivoire\/#\/schema\/person\/2b1cf3cd81a31e3cd26889ca66d677f1","name":"cfeditorfr"}]}},"_links":{"self":[{"href":"https:\/\/www.africa-press.net\/cotedivoire\/wp-json\/wp\/v2\/posts\/9336","targetHints":{"allow":["GET"]}}],"collection":[{"href":"https:\/\/www.africa-press.net\/cotedivoire\/wp-json\/wp\/v2\/posts"}],"about":[{"href":"https:\/\/www.africa-press.net\/cotedivoire\/wp-json\/wp\/v2\/types\/post"}],"author":[{"embeddable":true,"href":"https:\/\/www.africa-press.net\/cotedivoire\/wp-json\/wp\/v2\/users\/82"}],"replies":[{"embeddable":true,"href":"https:\/\/www.africa-press.net\/cotedivoire\/wp-json\/wp\/v2\/comments?post=9336"}],"version-history":[{"count":0,"href":"https:\/\/www.africa-press.net\/cotedivoire\/wp-json\/wp\/v2\/posts\/9336\/revisions"}],"wp:featuredmedia":[{"embeddable":true,"href":"https:\/\/www.africa-press.net\/cotedivoire\/wp-json\/wp\/v2\/media\/9335"}],"wp:attachment":[{"href":"https:\/\/www.africa-press.net\/cotedivoire\/wp-json\/wp\/v2\/media?parent=9336"}],"wp:term":[{"taxonomy":"category","embeddable":true,"href":"https:\/\/www.africa-press.net\/cotedivoire\/wp-json\/wp\/v2\/categories?post=9336"},{"taxonomy":"post_tag","embeddable":true,"href":"https:\/\/www.africa-press.net\/cotedivoire\/wp-json\/wp\/v2\/tags?post=9336"}],"curies":[{"name":"wp","href":"https:\/\/api.w.org\/{rel}","templated":true}]}}