{"id":93376,"date":"2025-01-06T18:08:22","date_gmt":"2025-01-06T18:08:22","guid":{"rendered":"https:\/\/www.africa-press.net\/cotedivoire\/politique\/presidentielle-2025-les-cadres-pdci-du-hambol-tournent-le-dos-a-jean-louis-billon"},"modified":"2025-01-06T18:25:12","modified_gmt":"2025-01-06T18:25:12","slug":"presidentielle-2025-les-cadres-pdci-du-hambol-tournent-le-dos-a-jean-louis-billon","status":"publish","type":"post","link":"https:\/\/www.africa-press.net\/cotedivoire\/politique\/presidentielle-2025-les-cadres-pdci-du-hambol-tournent-le-dos-a-jean-louis-billon","title":{"rendered":"Pr\u00e9sidentielle 2025, les cadres PDCI du Hambol tournent le dos \u00e0 Jean-Louis Billon"},"content":{"rendered":"<p><span style=\"color: #ff6600\"><strong>Africa-Press &#8211; C\u00f4te d&rsquo;Ivoire. <\/strong><\/span>Le samedi 4 janvier 2025, au sie\u0300ge du PDCI-RDA de Katiola, le Personnel politique de ce parti dans la re\u0301gion du Hambol a fait une de\u0301claration importante concernant la situation interne de leur parti. Rassemble\u0301s autour de la Vice-pre\u0301sidente du PDCI-RDA, des membres du Bureau Politique, des De\u0301le\u0301gue\u0301s de\u0301partementaux de Dabakala 2 et 3, de Katiola, de Niakara 1, 2 et 3, ainsi que des Secre\u0301taires ge\u0301ne\u0301raux de section et des Pre\u0301sidents des UFPDCI et JPDCI, les responsables ont exprime\u0301 leur position sur les re\u0301centes actions et de\u0301clarations de Monsieur Jean-Louis Billon.<\/p>\n<p>Jean-Louis Billon, De\u0301le\u0301gue\u0301 de\u0301partemental du PDCI-RDA de Dabakala 1, a re\u0301cemment pris position publiquement pour de\u0301fendre sa candidature a\u0300 l\u2019e\u0301lection pre\u0301sidentielle de 2025, suscitant ainsi une controverse au sein du parti. A\u0300 travers les re\u0301seaux sociaux et la presse, M. Billon a mis en avant son ambition de briguer la pre\u0301sidence, au grand regret de nombreux cadres du PDCI-RDA, qui conside\u0300rent ses propos et ses actions comme nuisibles a\u0300 l\u2019unite\u0301 et a\u0300 la cohe\u0301sion du parti.<\/p>\n<p>Dans leur de\u0301claration, le Personnel politique du PDCI-RDA du Hambol a clairement exprime\u0301 son de\u0301saccord avec les initiatives de M. Billon, soulignant que ce dernier agit \u00ab en toute liberte\u0301 \u00bb, mais sans l\u2019assentiment ni l\u2019implication des responsables de la re\u0301gion du Hambol. Ils ont insiste\u0301 sur leur volonte\u0301 de maintenir l&rsquo;unite\u0301 et la solidarite\u0301 au sein du PDCI-RDA, un principe qu\u2019ils conside\u0300rent essentiel pour le succe\u0300s du parti.<\/p>\n<p>Les responsables du Hambol ont adresse\u0301 un appel solennel a\u0300 Jean Louis Billon pour qu\u2019il privile\u0301gie le dialogue, un outil que le Pe\u0300re Fondateur du PDCI-RDA, le Pre\u0301sident Fe\u0301lix Houphoue\u0308t-Boigny, qualifiait d\u2019\u00ab arme des forts \u00bb. Selon eux, la re\u0301solution des diffe\u0301rends au sein du parti doit se faire par la concertation et non par des actions qui risquent de diviser davantage les membres du PDCI-RDA.<\/p>\n<p>Le Personnel politique du PDCI-RDA du Hambol a e\u0301galement exprime\u0301 son soutien inde\u0301fectible au Pre\u0301sident du PDCI-RDA, Tidjane Thiam. Ils ont implore\u0301 ce dernier d\u2019utiliser son autorite\u0301 pour intervenir dans le diffe\u0301rend opposant Jean Louis Billon a\u0300 la haute direction du parti, en particulier en ce qui concerne la proce\u0301dure disciplinaire engage\u0301e contre ce dernier par le Conseil de Discipline du PDCI-RDA. Les de\u0301le\u0301gue\u0301s du Hambol ont exhorte\u0301 a\u0300 ce que la prochaine Convention du Parti soit ouverte et inclusive, afin d\u2019assurer la transparence et l\u2019unite\u0301 du PDCI-RDA.<\/p>\n<p>Enfin, les responsables politiques du Hambol ont re\u0301affirme\u0301 leur fide\u0301lite\u0301 et leur loyaute\u0301 a\u0300 la direction actuelle du PDCI-RDA, en particulier a\u0300 Monsieur Tidjane Thiam, dans cette pe\u0301riode certes difficile pour le parti vide\u0301 par le RHDP, affaibli dans les urnes, sans re\u0301els moyens et enclin aux division pour le reste, mais charnie\u0300re de pre\u0301paration aux e\u0301lections de 2025.<\/p>\n<p>Cette de\u0301claration met en lumie\u0300re les tensions au sein du PDCI-RDA et appelle a\u0300 la re\u0301conciliation et a\u0300 la discipline pour maintenir l\u2019unite\u0301 et la force du parti en vue des prochaines e\u0301che\u0301ances e\u0301lectorales.<\/p>\n<p>Pour rappel, apre\u0300s le \u00ab\u00a0putsch\u00a0\u00bb post Be\u0301die\u0301 de Thiam au PDCI, de retour apre\u0300s une se\u0301rie de de\u0301boires en Europe et plus de 20 ans d&rsquo;absence, Jean-Louis Billon estime que Thiam, de\u0301passe\u0301 et loin des re\u0301alite\u0301s ivoiriennes, n&rsquo;a aucune le\u0301gilitime\u0301 politique pour se pre\u0301senter a\u0300 une e\u0301lection Pre\u0301sidentielle en Co\u0302te d&rsquo;Ivoire<\/p>\n<p><strong>Pour plus d&rsquo;informations et d&rsquo;analyses sur la <span style=\"color: #ff6600\">C\u00f4te d&rsquo;Ivoire<\/span>, suivez <span style=\"color: #ff6600\">Africa-Press<\/span><\/strong><\/p>\n","protected":false},"excerpt":{"rendered":"<p>Africa-Press &#8211; C\u00f4te d&rsquo;Ivoire. Le samedi 4 janvier 2025, au sie\u0300ge du PDCI-RDA de Katiola, le Personnel politique de ce parti dans la re\u0301gion du Hambol a fait une de\u0301claration importante concernant la situation interne de leur parti. Rassemble\u0301s autour de la Vice-pre\u0301sidente du PDCI-RDA, des membres du Bureau Politique, des De\u0301le\u0301gue\u0301s de\u0301partementaux de Dabakala [&hellip;]<\/p>\n","protected":false},"author":82,"featured_media":93375,"comment_status":"open","ping_status":"closed","sticky":false,"template":"","format":"standard","meta":{"footnotes":""},"categories":[2,20,10],"tags":[29,3284,743,4160,739,2442],"class_list":["post-93376","post","type-post","status-publish","format-standard","has-post-thumbnail","hentry","category-politique","category-top-nouvelles","category-toutes-les-actualites","tag-cote-divoire","tag-hambol","tag-jean-louis-billon-2","tag-katiola","tag-pdci-rda","tag-tidjane-thiam"],"yoast_head":"<!-- This site is optimized with the Yoast SEO Premium plugin v26.1 (Yoast SEO v27.0) - https:\/\/yoast.com\/product\/yoast-seo-premium-wordpress\/ -->\n<title>Pr\u00e9sidentielle 2025, les cadres PDCI du Hambol tournent le dos \u00e0 Jean-Louis Billon - C\u00f4te d&#039;Ivoire<\/title>\n<meta name=\"description\" content=\"Le samedi 4 janvier 2025, au sie\u0300ge du PDCI-RDA de Katiola, le Personnel politique de ce parti dans la re\u0301gion du Hambol ...\" \/>\n<meta name=\"robots\" content=\"index, follow, max-snippet:-1, max-image-preview:large, max-video-preview:-1\" \/>\n<link rel=\"canonical\" href=\"https:\/\/www.africa-press.net\/cotedivoire\/politique\/presidentielle-2025-les-cadres-pdci-du-hambol-tournent-le-dos-a-jean-louis-billon\" \/>\n<meta property=\"og:locale\" content=\"fr_FR\" \/>\n<meta property=\"og:type\" content=\"article\" \/>\n<meta property=\"og:title\" content=\"Pr\u00e9sidentielle 2025, les cadres PDCI du Hambol tournent le dos \u00e0 Jean-Louis Billon\" \/>\n<meta property=\"og:description\" content=\"Le samedi 4 janvier 2025, au sie\u0300ge du PDCI-RDA de Katiola, le Personnel politique de ce parti dans la re\u0301gion du Hambol ...\" \/>\n<meta property=\"og:url\" content=\"https:\/\/www.africa-press.net\/cotedivoire\/politique\/presidentielle-2025-les-cadres-pdci-du-hambol-tournent-le-dos-a-jean-louis-billon\" \/>\n<meta property=\"og:site_name\" content=\"C\u00f4te d&#039;Ivoire\" \/>\n<meta property=\"article:published_time\" content=\"2025-01-06T18:08:22+00:00\" \/>\n<meta property=\"article:modified_time\" content=\"2025-01-06T18:25:12+00:00\" \/>\n<meta property=\"og:image\" content=\"https:\/\/static.africa-press.net\/cote\/sites\/43\/2025\/01\/sm_1736175279.716787.jpg\" \/>\n\t<meta property=\"og:image:width\" content=\"720\" \/>\n\t<meta property=\"og:image:height\" content=\"360\" \/>\n\t<meta property=\"og:image:type\" content=\"image\/jpeg\" \/>\n<meta name=\"author\" content=\"cfeditorfr\" \/>\n<meta name=\"twitter:card\" content=\"summary_large_image\" \/>\n<meta name=\"twitter:label1\" content=\"\u00c9crit par\" \/>\n\t<meta name=\"twitter:data1\" content=\"cfeditorfr\" \/>\n\t<meta name=\"twitter:label2\" content=\"Dur\u00e9e de lecture estim\u00e9e\" \/>\n\t<meta name=\"twitter:data2\" content=\"3 minutes\" \/>\n<script type=\"application\/ld+json\" class=\"yoast-schema-graph\">{\"@context\":\"https:\/\/schema.org\",\"@graph\":[{\"@type\":\"Article\",\"@id\":\"https:\/\/www.africa-press.net\/cotedivoire\/politique\/presidentielle-2025-les-cadres-pdci-du-hambol-tournent-le-dos-a-jean-louis-billon#article\",\"isPartOf\":{\"@id\":\"https:\/\/www.africa-press.net\/cotedivoire\/politique\/presidentielle-2025-les-cadres-pdci-du-hambol-tournent-le-dos-a-jean-louis-billon\"},\"author\":{\"name\":\"cfeditorfr\",\"@id\":\"https:\/\/www.africa-press.net\/cotedivoire\/#\/schema\/person\/2b1cf3cd81a31e3cd26889ca66d677f1\"},\"headline\":\"Pr\u00e9sidentielle 2025, les cadres PDCI du Hambol tournent le dos \u00e0 Jean-Louis Billon\",\"datePublished\":\"2025-01-06T18:08:22+00:00\",\"dateModified\":\"2025-01-06T18:25:12+00:00\",\"mainEntityOfPage\":{\"@id\":\"https:\/\/www.africa-press.net\/cotedivoire\/politique\/presidentielle-2025-les-cadres-pdci-du-hambol-tournent-le-dos-a-jean-louis-billon\"},\"wordCount\":641,\"commentCount\":0,\"image\":{\"@id\":\"https:\/\/www.africa-press.net\/cotedivoire\/politique\/presidentielle-2025-les-cadres-pdci-du-hambol-tournent-le-dos-a-jean-louis-billon#primaryimage\"},\"thumbnailUrl\":\"https:\/\/static.africa-press.net\/cote\/sites\/43\/2025\/01\/sm_1736175279.716787.jpg\",\"keywords\":[\"C\u00d4TE D'IVOIRE\",\"Hambol\",\"Jean-Louis Billon\",\"Katiola\",\"PDCI-RDA\",\"Tidjane Thiam\"],\"articleSection\":[\"Politique\",\"Top Nouvelles\",\"Toutes les actualit\u00e9s\"],\"inLanguage\":\"fr-FR\",\"potentialAction\":[{\"@type\":\"CommentAction\",\"name\":\"Comment\",\"target\":[\"https:\/\/www.africa-press.net\/cotedivoire\/politique\/presidentielle-2025-les-cadres-pdci-du-hambol-tournent-le-dos-a-jean-louis-billon#respond\"]}]},{\"@type\":\"WebPage\",\"@id\":\"https:\/\/www.africa-press.net\/cotedivoire\/politique\/presidentielle-2025-les-cadres-pdci-du-hambol-tournent-le-dos-a-jean-louis-billon\",\"url\":\"https:\/\/www.africa-press.net\/cotedivoire\/politique\/presidentielle-2025-les-cadres-pdci-du-hambol-tournent-le-dos-a-jean-louis-billon\",\"name\":\"Pr\u00e9sidentielle 2025, les cadres PDCI du Hambol tournent le dos \u00e0 Jean-Louis Billon - C\u00f4te d&#039;Ivoire\",\"isPartOf\":{\"@id\":\"https:\/\/www.africa-press.net\/cotedivoire\/#website\"},\"primaryImageOfPage\":{\"@id\":\"https:\/\/www.africa-press.net\/cotedivoire\/politique\/presidentielle-2025-les-cadres-pdci-du-hambol-tournent-le-dos-a-jean-louis-billon#primaryimage\"},\"image\":{\"@id\":\"https:\/\/www.africa-press.net\/cotedivoire\/politique\/presidentielle-2025-les-cadres-pdci-du-hambol-tournent-le-dos-a-jean-louis-billon#primaryimage\"},\"thumbnailUrl\":\"https:\/\/static.africa-press.net\/cote\/sites\/43\/2025\/01\/sm_1736175279.716787.jpg\",\"datePublished\":\"2025-01-06T18:08:22+00:00\",\"dateModified\":\"2025-01-06T18:25:12+00:00\",\"author\":{\"@id\":\"https:\/\/www.africa-press.net\/cotedivoire\/#\/schema\/person\/2b1cf3cd81a31e3cd26889ca66d677f1\"},\"description\":\"Le samedi 4 janvier 2025, au sie\u0300ge du PDCI-RDA de Katiola, le Personnel politique de ce parti dans la re\u0301gion du Hambol ...\",\"breadcrumb\":{\"@id\":\"https:\/\/www.africa-press.net\/cotedivoire\/politique\/presidentielle-2025-les-cadres-pdci-du-hambol-tournent-le-dos-a-jean-louis-billon#breadcrumb\"},\"inLanguage\":\"fr-FR\",\"potentialAction\":[{\"@type\":\"ReadAction\",\"target\":[\"https:\/\/www.africa-press.net\/cotedivoire\/politique\/presidentielle-2025-les-cadres-pdci-du-hambol-tournent-le-dos-a-jean-louis-billon\"]}]},{\"@type\":\"ImageObject\",\"inLanguage\":\"fr-FR\",\"@id\":\"https:\/\/www.africa-press.net\/cotedivoire\/politique\/presidentielle-2025-les-cadres-pdci-du-hambol-tournent-le-dos-a-jean-louis-billon#primaryimage\",\"url\":\"https:\/\/static.africa-press.net\/cote\/sites\/43\/2025\/01\/sm_1736175279.716787.jpg\",\"contentUrl\":\"https:\/\/static.africa-press.net\/cote\/sites\/43\/2025\/01\/sm_1736175279.716787.jpg\",\"width\":720,\"height\":360,\"caption\":\"Pr\u00e9sidentielle 2025, les cadres PDCI du Hambol tournent le dos \u00e0 Jean-Louis Billon\"},{\"@type\":\"BreadcrumbList\",\"@id\":\"https:\/\/www.africa-press.net\/cotedivoire\/politique\/presidentielle-2025-les-cadres-pdci-du-hambol-tournent-le-dos-a-jean-louis-billon#breadcrumb\",\"itemListElement\":[{\"@type\":\"ListItem\",\"position\":1,\"name\":\"Accueil\",\"item\":\"https:\/\/www.africa-press.net\/cotedivoire\/\"},{\"@type\":\"ListItem\",\"position\":2,\"name\":\"Pr\u00e9sidentielle 2025, les cadres PDCI du Hambol tournent le dos \u00e0 Jean-Louis Billon\"}]},{\"@type\":\"WebSite\",\"@id\":\"https:\/\/www.africa-press.net\/cotedivoire\/#website\",\"url\":\"https:\/\/www.africa-press.net\/cotedivoire\/\",\"name\":\"C\u00f4te d&#039;Ivoire\",\"description\":\"Just another Africa News Agency Sites site\",\"potentialAction\":[{\"@type\":\"SearchAction\",\"target\":{\"@type\":\"EntryPoint\",\"urlTemplate\":\"https:\/\/www.africa-press.net\/cotedivoire\/?s={search_term_string}\"},\"query-input\":{\"@type\":\"PropertyValueSpecification\",\"valueRequired\":true,\"valueName\":\"search_term_string\"}}],\"inLanguage\":\"fr-FR\"},{\"@type\":\"Person\",\"@id\":\"https:\/\/www.africa-press.net\/cotedivoire\/#\/schema\/person\/2b1cf3cd81a31e3cd26889ca66d677f1\",\"name\":\"cfeditorfr\"}]}<\/script>\n<!-- \/ Yoast SEO Premium plugin. -->","yoast_head_json":{"title":"Pr\u00e9sidentielle 2025, les cadres PDCI du Hambol tournent le dos \u00e0 Jean-Louis Billon - C\u00f4te d&#039;Ivoire","description":"Le samedi 4 janvier 2025, au sie\u0300ge du PDCI-RDA de Katiola, le Personnel politique de ce parti dans la re\u0301gion du Hambol ...","robots":{"index":"index","follow":"follow","max-snippet":"max-snippet:-1","max-image-preview":"max-image-preview:large","max-video-preview":"max-video-preview:-1"},"canonical":"https:\/\/www.africa-press.net\/cotedivoire\/politique\/presidentielle-2025-les-cadres-pdci-du-hambol-tournent-le-dos-a-jean-louis-billon","og_locale":"fr_FR","og_type":"article","og_title":"Pr\u00e9sidentielle 2025, les cadres PDCI du Hambol tournent le dos \u00e0 Jean-Louis Billon","og_description":"Le samedi 4 janvier 2025, au sie\u0300ge du PDCI-RDA de Katiola, le Personnel politique de ce parti dans la re\u0301gion du Hambol ...","og_url":"https:\/\/www.africa-press.net\/cotedivoire\/politique\/presidentielle-2025-les-cadres-pdci-du-hambol-tournent-le-dos-a-jean-louis-billon","og_site_name":"C\u00f4te d&#039;Ivoire","article_published_time":"2025-01-06T18:08:22+00:00","article_modified_time":"2025-01-06T18:25:12+00:00","og_image":[{"width":720,"height":360,"url":"https:\/\/static.africa-press.net\/cote\/sites\/43\/2025\/01\/sm_1736175279.716787.jpg","type":"image\/jpeg"}],"author":"cfeditorfr","twitter_card":"summary_large_image","twitter_misc":{"\u00c9crit par":"cfeditorfr","Dur\u00e9e de lecture estim\u00e9e":"3 minutes"},"schema":{"@context":"https:\/\/schema.org","@graph":[{"@type":"Article","@id":"https:\/\/www.africa-press.net\/cotedivoire\/politique\/presidentielle-2025-les-cadres-pdci-du-hambol-tournent-le-dos-a-jean-louis-billon#article","isPartOf":{"@id":"https:\/\/www.africa-press.net\/cotedivoire\/politique\/presidentielle-2025-les-cadres-pdci-du-hambol-tournent-le-dos-a-jean-louis-billon"},"author":{"name":"cfeditorfr","@id":"https:\/\/www.africa-press.net\/cotedivoire\/#\/schema\/person\/2b1cf3cd81a31e3cd26889ca66d677f1"},"headline":"Pr\u00e9sidentielle 2025, les cadres PDCI du Hambol tournent le dos \u00e0 Jean-Louis Billon","datePublished":"2025-01-06T18:08:22+00:00","dateModified":"2025-01-06T18:25:12+00:00","mainEntityOfPage":{"@id":"https:\/\/www.africa-press.net\/cotedivoire\/politique\/presidentielle-2025-les-cadres-pdci-du-hambol-tournent-le-dos-a-jean-louis-billon"},"wordCount":641,"commentCount":0,"image":{"@id":"https:\/\/www.africa-press.net\/cotedivoire\/politique\/presidentielle-2025-les-cadres-pdci-du-hambol-tournent-le-dos-a-jean-louis-billon#primaryimage"},"thumbnailUrl":"https:\/\/static.africa-press.net\/cote\/sites\/43\/2025\/01\/sm_1736175279.716787.jpg","keywords":["C\u00d4TE D'IVOIRE","Hambol","Jean-Louis Billon","Katiola","PDCI-RDA","Tidjane Thiam"],"articleSection":["Politique","Top Nouvelles","Toutes les actualit\u00e9s"],"inLanguage":"fr-FR","potentialAction":[{"@type":"CommentAction","name":"Comment","target":["https:\/\/www.africa-press.net\/cotedivoire\/politique\/presidentielle-2025-les-cadres-pdci-du-hambol-tournent-le-dos-a-jean-louis-billon#respond"]}]},{"@type":"WebPage","@id":"https:\/\/www.africa-press.net\/cotedivoire\/politique\/presidentielle-2025-les-cadres-pdci-du-hambol-tournent-le-dos-a-jean-louis-billon","url":"https:\/\/www.africa-press.net\/cotedivoire\/politique\/presidentielle-2025-les-cadres-pdci-du-hambol-tournent-le-dos-a-jean-louis-billon","name":"Pr\u00e9sidentielle 2025, les cadres PDCI du Hambol tournent le dos \u00e0 Jean-Louis Billon - C\u00f4te d&#039;Ivoire","isPartOf":{"@id":"https:\/\/www.africa-press.net\/cotedivoire\/#website"},"primaryImageOfPage":{"@id":"https:\/\/www.africa-press.net\/cotedivoire\/politique\/presidentielle-2025-les-cadres-pdci-du-hambol-tournent-le-dos-a-jean-louis-billon#primaryimage"},"image":{"@id":"https:\/\/www.africa-press.net\/cotedivoire\/politique\/presidentielle-2025-les-cadres-pdci-du-hambol-tournent-le-dos-a-jean-louis-billon#primaryimage"},"thumbnailUrl":"https:\/\/static.africa-press.net\/cote\/sites\/43\/2025\/01\/sm_1736175279.716787.jpg","datePublished":"2025-01-06T18:08:22+00:00","dateModified":"2025-01-06T18:25:12+00:00","author":{"@id":"https:\/\/www.africa-press.net\/cotedivoire\/#\/schema\/person\/2b1cf3cd81a31e3cd26889ca66d677f1"},"description":"Le samedi 4 janvier 2025, au sie\u0300ge du PDCI-RDA de Katiola, le Personnel politique de ce parti dans la re\u0301gion du Hambol ...","breadcrumb":{"@id":"https:\/\/www.africa-press.net\/cotedivoire\/politique\/presidentielle-2025-les-cadres-pdci-du-hambol-tournent-le-dos-a-jean-louis-billon#breadcrumb"},"inLanguage":"fr-FR","potentialAction":[{"@type":"ReadAction","target":["https:\/\/www.africa-press.net\/cotedivoire\/politique\/presidentielle-2025-les-cadres-pdci-du-hambol-tournent-le-dos-a-jean-louis-billon"]}]},{"@type":"ImageObject","inLanguage":"fr-FR","@id":"https:\/\/www.africa-press.net\/cotedivoire\/politique\/presidentielle-2025-les-cadres-pdci-du-hambol-tournent-le-dos-a-jean-louis-billon#primaryimage","url":"https:\/\/static.africa-press.net\/cote\/sites\/43\/2025\/01\/sm_1736175279.716787.jpg","contentUrl":"https:\/\/static.africa-press.net\/cote\/sites\/43\/2025\/01\/sm_1736175279.716787.jpg","width":720,"height":360,"caption":"Pr\u00e9sidentielle 2025, les cadres PDCI du Hambol tournent le dos \u00e0 Jean-Louis Billon"},{"@type":"BreadcrumbList","@id":"https:\/\/www.africa-press.net\/cotedivoire\/politique\/presidentielle-2025-les-cadres-pdci-du-hambol-tournent-le-dos-a-jean-louis-billon#breadcrumb","itemListElement":[{"@type":"ListItem","position":1,"name":"Accueil","item":"https:\/\/www.africa-press.net\/cotedivoire\/"},{"@type":"ListItem","position":2,"name":"Pr\u00e9sidentielle 2025, les cadres PDCI du Hambol tournent le dos \u00e0 Jean-Louis Billon"}]},{"@type":"WebSite","@id":"https:\/\/www.africa-press.net\/cotedivoire\/#website","url":"https:\/\/www.africa-press.net\/cotedivoire\/","name":"C\u00f4te d&#039;Ivoire","description":"Just another Africa News Agency Sites site","potentialAction":[{"@type":"SearchAction","target":{"@type":"EntryPoint","urlTemplate":"https:\/\/www.africa-press.net\/cotedivoire\/?s={search_term_string}"},"query-input":{"@type":"PropertyValueSpecification","valueRequired":true,"valueName":"search_term_string"}}],"inLanguage":"fr-FR"},{"@type":"Person","@id":"https:\/\/www.africa-press.net\/cotedivoire\/#\/schema\/person\/2b1cf3cd81a31e3cd26889ca66d677f1","name":"cfeditorfr"}]}},"_links":{"self":[{"href":"https:\/\/www.africa-press.net\/cotedivoire\/wp-json\/wp\/v2\/posts\/93376","targetHints":{"allow":["GET"]}}],"collection":[{"href":"https:\/\/www.africa-press.net\/cotedivoire\/wp-json\/wp\/v2\/posts"}],"about":[{"href":"https:\/\/www.africa-press.net\/cotedivoire\/wp-json\/wp\/v2\/types\/post"}],"author":[{"embeddable":true,"href":"https:\/\/www.africa-press.net\/cotedivoire\/wp-json\/wp\/v2\/users\/82"}],"replies":[{"embeddable":true,"href":"https:\/\/www.africa-press.net\/cotedivoire\/wp-json\/wp\/v2\/comments?post=93376"}],"version-history":[{"count":0,"href":"https:\/\/www.africa-press.net\/cotedivoire\/wp-json\/wp\/v2\/posts\/93376\/revisions"}],"wp:featuredmedia":[{"embeddable":true,"href":"https:\/\/www.africa-press.net\/cotedivoire\/wp-json\/wp\/v2\/media\/93375"}],"wp:attachment":[{"href":"https:\/\/www.africa-press.net\/cotedivoire\/wp-json\/wp\/v2\/media?parent=93376"}],"wp:term":[{"taxonomy":"category","embeddable":true,"href":"https:\/\/www.africa-press.net\/cotedivoire\/wp-json\/wp\/v2\/categories?post=93376"},{"taxonomy":"post_tag","embeddable":true,"href":"https:\/\/www.africa-press.net\/cotedivoire\/wp-json\/wp\/v2\/tags?post=93376"}],"curies":[{"name":"wp","href":"https:\/\/api.w.org\/{rel}","templated":true}]}}