{"id":9342,"date":"2021-06-23T17:31:08","date_gmt":"2021-06-23T17:31:08","guid":{"rendered":"https:\/\/www.africa-press.net\/cotedivoire\/?p=9342"},"modified":"2021-06-23T18:38:57","modified_gmt":"2021-06-23T18:38:57","slug":"comparez-gbagbo-a-nelson-mandela-nest-pas-rentre-de-prison-avec-une-jeune-dame-de-moins-de-30-ans-que-lui","status":"publish","type":"post","link":"https:\/\/www.africa-press.net\/cotedivoire\/politique\/comparez-gbagbo-a-nelson-mandela-nest-pas-rentre-de-prison-avec-une-jeune-dame-de-moins-de-30-ans-que-lui","title":{"rendered":"Comparez Gbagbo \u00e0 Nelson ? \u00abMandela n\u2019est pas rentr\u00e9 de prison avec une jeune dame de moins de 30 ans que lui\u00bb"},"content":{"rendered":"<p><span style=\"color: #ff6600\"><strong><a href=\"https:\/\/www.africa-press.net\/\">Africa-Press<\/a> &#8211; <a href=\"https:\/\/www.africa-press.net\/cotedivoire\">C\u00f4te d&rsquo;Ivoire<\/a>. <\/strong><\/span>Alors qu\u2019il ne s\u2019\u00e9tait pas officiellement prononc\u00e9 depuis le d\u00e9but de l\u2019affaire, Andr\u00e9 Silver Konan, le journaliste-\u00e9crivain, fondateur du journal d\u2019investigation le plus influent du moment, Ivoir\u2019Hebdo, a livr\u00e9 une analyse sur l\u2019affaire du divorce de Laurent et de Simone Gbagbo. Il a compar\u00e9 le processus avec celui de Nelson Mandela.<\/p>\n<p>En fait, jusque-l\u00e0, je m\u2019\u00e9tais juste content\u00e9 de partager des avis et opinions d\u2019autres personnes, sans donner ma propre position. Ma position personnelle tient en trois points.<\/p>\n<p>Premier point : Laurent Gbagbo est libre de demander le divorce avec Simone Gbagbo. Il a pris cette d\u00e9cision et nous devons la respecter. Simone Gbagbo est libre de ne pas accepter le divorce ou de l\u2019accepter. Elle est libre de rejeter un r\u00e8glement \u00e0 l\u2019amiable. Nous devons aussi respecter cela.<\/p>\n<p>Deuxi\u00e8me point : ceux qui commentent cette affaire ont le droit le plus absolu de le faire. Je comprends que certains GOR soient g\u00ean\u00e9s qu\u2019on en parle, qu\u2019ils en aient honte ou qu\u2019ils n\u2019aiment pas l\u2019emballage m\u00e9diatique autour de celle-ci. Je ne suis pas s\u00fbr qu\u2019ils auraient ainsi raisonn\u00e9 s\u2019il s\u2019agissait d\u2019Alassane Ouattara. S\u2019ils ont quelque chose \u00e0 reprocher \u00e0 une personne, ce n\u2019est pas \u00e0 ceux qui commentent l\u2019affaire, mais \u00e0 Laurent Gbagbo lui-m\u00eame, qui a autoris\u00e9 son avocat, Me Claude Mentenon (qui n\u2019est pas n\u2019importe qui au niveau du barreau, vu qu\u2019il a \u00e9t\u00e9 b\u00e2tonnier) \u00e0 produire un communiqu\u00e9 que le cabinet a pris soin d\u2019envoyer massivement aux m\u00e9dias du monde entier. Cela signifie que Laurent Gbagbo a choisi de m\u00e9diatiser son divorce. Pour quelle raison, je l\u2019ignore.<\/p>\n<p>Troisi\u00e8me point : en d\u00e9pit de ce que je respecte la double d\u00e9cision prise par Laurent Gbagbo de saisir la justice ivoirienne (la m\u00eame justice que des responsables du FPI ont pourfendu quand il s\u2019agissait de Pascal Affi N\u2019Guessan) puis de m\u00e9diatiser celle-ci ; je ne suis pas d\u2019accord avec la mani\u00e8re choisie pour tourner la page Simone Gbagbo.<\/p>\n<p>Pour \u00e9tayer ma position, je vais prendre le cas de Nelson Mandela, puisque c\u2019est l\u2019exemple imparfait que certains prennent sur ce sujet. Le 11 f\u00e9vrier 1990, jour de sa lib\u00e9ration, alors qu\u2019il savait d\u00e9j\u00e0 qu\u2019il se s\u00e9parerait de Winnie (une affaire d\u2019infid\u00e9lit\u00e9), Mandela n\u2019a pas envoy\u00e9 d\u2019\u00e9missaire \u00e0 cette derni\u00e8re, la veille, pour l\u2019emp\u00eacher d\u2019\u00eatre \u00e0 son accueil. Bien au contraire. Winnie a partag\u00e9 avec son compagnon de lutte, son moment de gloire. Les images sont rest\u00e9es. Pour l\u2019histoire et pour ce qu\u2019elle a \u00e9t\u00e9 dans la vie de Mandela. C\u2019\u00e9tait un geste de grandeur de la part d\u2019un homme qui se sentait trahi, bless\u00e9.<\/p>\n<p>Ensuite, Mandela n\u2019a pas introduit une demande de divorce quatre jours apr\u00e8s sa lib\u00e9ration. Il a attendu deux ans pour annoncer leur s\u00e9paration, en 1992. Leur divorce est intervenu quatre ans plus tard, en 1996. Mandela a attendu encore deux ans, avant de se marier \u00e0 Gra\u00e7a Machel, veuve d\u2019un ancien Pr\u00e9sident mozambicain. Cette douce fa\u00e7on de proc\u00e9der de Nelson Mandela tranche, avouons-le, avec la brutalit\u00e9 avec laquelle le processus de divorce de Laurent Gbagbo est conduit.<\/p>\n<p>A mon avis (et je peux me tromper), tout cela aurait pu se passer autrement. Surtout que la m\u00e9diatisation de la demande de divorce est venue de Laurent Gbagbo. Ceci est un d\u00e9tail important. En effet, on peut soup\u00e7onner une volont\u00e9 de nuire, d\u2019humilier et cela choque quelque peu ceux qui estiment qu\u2019une mani\u00e8re plus douce aurait pu \u00eatre utilis\u00e9e. En C\u00f4te d\u2019Ivoire, le mariage coutumier qui pr\u00e9c\u00e8de g\u00e9n\u00e9ralement le mariage civil, unit deux familles. La dot contient aussi le m\u00e9canisme de s\u00e9paration d\u2019un couple. Je pense, qu\u2019un consensus sur les termes du divorce (entendons-nous bien, je ne d\u00e9fends pas le fait qu\u2019ils doivent continuer de vivre ensemble, \u00e0 76 ans, Laurent Gbagbo, tout comme Simone qui a souffl\u00e9 ses 72 ans, a besoin de ne pas avoir de stress en amour) aurait d\u00fb \u00eatre trouv\u00e9, par les voies coutumi\u00e8res, avant que cela n\u2019arrive au tribunal. Le tribunal du pouvoir RHDP d\u2019Alassane Ouattara, je r\u00e9p\u00e8te.<\/p>\n<p>Notez-le aussi tr\u00e8s bien. Dans le communiqu\u00e9 de l\u2019avocat, il y a ce d\u00e9tail qui vaut tout son pesant d\u2019or de compr\u00e9hension : \u00ab voie de r\u00e8glement appropri\u00e9e \u00e0 leurs statuts personnel et politique r\u00e9ciproques \u00bb. En clair, Laurent Gbagbo ne demande pas seulement un divorce au civil avec Simone, il lui demande aussi le divorce politique. C\u2019est profond\u2026<\/p>\n<p>En d\u00e9finitive, \u00e0 moins que Laurent Gbagbo ne prouve, dans les jours qui suivent que Simone a fait quelque chose de tr\u00e8s grave, qui touche \u00e0 son honneur et \u00e0 sa dignit\u00e9 d\u2019homme, je peux attester que cela passera tr\u00e8s mal, dans une partie de l\u2019opinion. Et il devra alors en assumer les cons\u00e9quences politiques. Au demeurant, s\u2019il y a bien un camp qui doit se frotter les mains, c\u2019est bien le pouvoir RHDP. Ce retour chaotique \u00e0 l\u2019a\u00e9roport et le d\u00e9sordre dans la communication de l\u2019ancien chef d\u2019Etat, n\u2019est ni celui de l\u2019enfant prodige, encore moins celui du h\u00e9ros.<\/p>\n<p>J\u2019imagine que le pouvoir n\u2019a pas manqu\u00e9 de multiplier les c\u00e2bles diplomatiques \u00e0 l\u2019endroit des chancelleries du monde entier, comme pour dire : \u00ab vous voyez, on vous l\u2019avait dit, c\u2019est ainsi qu\u2019il a dirig\u00e9 le pays et il n\u2019a pas chang\u00e9 \u00bb. Et c\u2019est bien dommage pour ces hommes et femmes qui, durant dix ans, ont battu le pav\u00e9 et esp\u00e9r\u00e9 retrouver en Laurent Gbagbo, un nouveau Nelson Mandela. Vraiment dommage !<\/p>\n<p>&nbsp;<\/p>\n","protected":false},"excerpt":{"rendered":"<p>Africa-Press &#8211; C\u00f4te d&rsquo;Ivoire. Alors qu\u2019il ne s\u2019\u00e9tait pas officiellement prononc\u00e9 depuis le d\u00e9but de l\u2019affaire, Andr\u00e9 Silver Konan, le journaliste-\u00e9crivain, fondateur du journal d\u2019investigation le plus influent du moment, Ivoir\u2019Hebdo, a livr\u00e9 une analyse sur l\u2019affaire du divorce de Laurent et de Simone Gbagbo. Il a compar\u00e9 le processus avec celui de Nelson Mandela. [&hellip;]<\/p>\n","protected":false},"author":82,"featured_media":9341,"comment_status":"open","ping_status":"closed","sticky":false,"template":"","format":"standard","meta":{"footnotes":""},"categories":[11,2,10],"tags":[56,63,29],"class_list":["post-9342","post","type-post","status-publish","format-standard","has-post-thumbnail","hentry","category-homepage-french","category-politique","category-toutes-les-actualites","tag-africa-press","tag-africa-press-cote-divoire","tag-cote-divoire"],"yoast_head":"<!-- This site is optimized with the Yoast SEO Premium plugin v26.1 (Yoast SEO v27.0) - https:\/\/yoast.com\/product\/yoast-seo-premium-wordpress\/ -->\n<title>Comparez Gbagbo \u00e0 Nelson ? \u00abMandela n\u2019est pas rentr\u00e9 de prison avec une jeune dame de moins de 30 ans que lui\u00bb - C\u00f4te d&#039;Ivoire<\/title>\n<meta name=\"description\" content=\"Alors qu\u2019il ne s\u2019\u00e9tait pas officiellement prononc\u00e9 depuis le d\u00e9but de l\u2019affaire, Andr\u00e9 Silver Konan, le journaliste-\u00e9cri ...\" \/>\n<meta name=\"robots\" content=\"index, follow, max-snippet:-1, max-image-preview:large, max-video-preview:-1\" \/>\n<link rel=\"canonical\" href=\"https:\/\/www.africa-press.net\/cotedivoire\/politique\/comparez-gbagbo-a-nelson-mandela-nest-pas-rentre-de-prison-avec-une-jeune-dame-de-moins-de-30-ans-que-lui\" \/>\n<meta property=\"og:locale\" content=\"fr_FR\" \/>\n<meta property=\"og:type\" content=\"article\" \/>\n<meta property=\"og:title\" content=\"Comparez Gbagbo \u00e0 Nelson ? \u00abMandela n\u2019est pas rentr\u00e9 de prison avec une jeune dame de moins de 30 ans que lui\u00bb\" \/>\n<meta property=\"og:description\" content=\"Alors qu\u2019il ne s\u2019\u00e9tait pas officiellement prononc\u00e9 depuis le d\u00e9but de l\u2019affaire, Andr\u00e9 Silver Konan, le journaliste-\u00e9cri ...\" \/>\n<meta property=\"og:url\" content=\"https:\/\/www.africa-press.net\/cotedivoire\/politique\/comparez-gbagbo-a-nelson-mandela-nest-pas-rentre-de-prison-avec-une-jeune-dame-de-moins-de-30-ans-que-lui\" \/>\n<meta property=\"og:site_name\" content=\"C\u00f4te d&#039;Ivoire\" \/>\n<meta property=\"article:published_time\" content=\"2021-06-23T17:31:08+00:00\" \/>\n<meta property=\"article:modified_time\" content=\"2021-06-23T18:38:57+00:00\" \/>\n<meta property=\"og:image\" content=\"https:\/\/static.africa-press.net\/cote\/sites\/43\/2021\/06\/img-60d361fba455d.jpg\" \/>\n\t<meta property=\"og:image:width\" content=\"720\" \/>\n\t<meta property=\"og:image:height\" content=\"386\" \/>\n\t<meta property=\"og:image:type\" content=\"image\/jpeg\" \/>\n<meta name=\"author\" content=\"cfeditorfr\" \/>\n<meta name=\"twitter:card\" content=\"summary_large_image\" \/>\n<meta name=\"twitter:label1\" content=\"\u00c9crit par\" \/>\n\t<meta name=\"twitter:data1\" content=\"cfeditorfr\" \/>\n\t<meta name=\"twitter:label2\" content=\"Dur\u00e9e de lecture estim\u00e9e\" \/>\n\t<meta name=\"twitter:data2\" content=\"4 minutes\" \/>\n<script type=\"application\/ld+json\" class=\"yoast-schema-graph\">{\"@context\":\"https:\/\/schema.org\",\"@graph\":[{\"@type\":\"Article\",\"@id\":\"https:\/\/www.africa-press.net\/cotedivoire\/politique\/comparez-gbagbo-a-nelson-mandela-nest-pas-rentre-de-prison-avec-une-jeune-dame-de-moins-de-30-ans-que-lui#article\",\"isPartOf\":{\"@id\":\"https:\/\/www.africa-press.net\/cotedivoire\/politique\/comparez-gbagbo-a-nelson-mandela-nest-pas-rentre-de-prison-avec-une-jeune-dame-de-moins-de-30-ans-que-lui\"},\"author\":{\"name\":\"cfeditorfr\",\"@id\":\"https:\/\/www.africa-press.net\/cotedivoire\/#\/schema\/person\/2b1cf3cd81a31e3cd26889ca66d677f1\"},\"headline\":\"Comparez Gbagbo \u00e0 Nelson ? \u00abMandela n\u2019est pas rentr\u00e9 de prison avec une jeune dame de moins de 30 ans que lui\u00bb\",\"datePublished\":\"2021-06-23T17:31:08+00:00\",\"dateModified\":\"2021-06-23T18:38:57+00:00\",\"mainEntityOfPage\":{\"@id\":\"https:\/\/www.africa-press.net\/cotedivoire\/politique\/comparez-gbagbo-a-nelson-mandela-nest-pas-rentre-de-prison-avec-une-jeune-dame-de-moins-de-30-ans-que-lui\"},\"wordCount\":1019,\"commentCount\":0,\"image\":{\"@id\":\"https:\/\/www.africa-press.net\/cotedivoire\/politique\/comparez-gbagbo-a-nelson-mandela-nest-pas-rentre-de-prison-avec-une-jeune-dame-de-moins-de-30-ans-que-lui#primaryimage\"},\"thumbnailUrl\":\"https:\/\/static.africa-press.net\/cote\/sites\/43\/2021\/06\/img-60d361fba455d.jpg\",\"keywords\":[\"Africa Press\",\"Africa Press-C\u00f4te d'Ivoire\",\"C\u00d4TE D'IVOIRE\"],\"articleSection\":[\"homepage-french\",\"Politique\",\"Toutes les actualit\u00e9s\"],\"inLanguage\":\"fr-FR\",\"potentialAction\":[{\"@type\":\"CommentAction\",\"name\":\"Comment\",\"target\":[\"https:\/\/www.africa-press.net\/cotedivoire\/politique\/comparez-gbagbo-a-nelson-mandela-nest-pas-rentre-de-prison-avec-une-jeune-dame-de-moins-de-30-ans-que-lui#respond\"]}]},{\"@type\":\"WebPage\",\"@id\":\"https:\/\/www.africa-press.net\/cotedivoire\/politique\/comparez-gbagbo-a-nelson-mandela-nest-pas-rentre-de-prison-avec-une-jeune-dame-de-moins-de-30-ans-que-lui\",\"url\":\"https:\/\/www.africa-press.net\/cotedivoire\/politique\/comparez-gbagbo-a-nelson-mandela-nest-pas-rentre-de-prison-avec-une-jeune-dame-de-moins-de-30-ans-que-lui\",\"name\":\"Comparez Gbagbo \u00e0 Nelson ? \u00abMandela n\u2019est pas rentr\u00e9 de prison avec une jeune dame de moins de 30 ans que lui\u00bb - C\u00f4te d&#039;Ivoire\",\"isPartOf\":{\"@id\":\"https:\/\/www.africa-press.net\/cotedivoire\/#website\"},\"primaryImageOfPage\":{\"@id\":\"https:\/\/www.africa-press.net\/cotedivoire\/politique\/comparez-gbagbo-a-nelson-mandela-nest-pas-rentre-de-prison-avec-une-jeune-dame-de-moins-de-30-ans-que-lui#primaryimage\"},\"image\":{\"@id\":\"https:\/\/www.africa-press.net\/cotedivoire\/politique\/comparez-gbagbo-a-nelson-mandela-nest-pas-rentre-de-prison-avec-une-jeune-dame-de-moins-de-30-ans-que-lui#primaryimage\"},\"thumbnailUrl\":\"https:\/\/static.africa-press.net\/cote\/sites\/43\/2021\/06\/img-60d361fba455d.jpg\",\"datePublished\":\"2021-06-23T17:31:08+00:00\",\"dateModified\":\"2021-06-23T18:38:57+00:00\",\"author\":{\"@id\":\"https:\/\/www.africa-press.net\/cotedivoire\/#\/schema\/person\/2b1cf3cd81a31e3cd26889ca66d677f1\"},\"description\":\"Alors qu\u2019il ne s\u2019\u00e9tait pas officiellement prononc\u00e9 depuis le d\u00e9but de l\u2019affaire, Andr\u00e9 Silver Konan, le journaliste-\u00e9cri ...\",\"breadcrumb\":{\"@id\":\"https:\/\/www.africa-press.net\/cotedivoire\/politique\/comparez-gbagbo-a-nelson-mandela-nest-pas-rentre-de-prison-avec-une-jeune-dame-de-moins-de-30-ans-que-lui#breadcrumb\"},\"inLanguage\":\"fr-FR\",\"potentialAction\":[{\"@type\":\"ReadAction\",\"target\":[\"https:\/\/www.africa-press.net\/cotedivoire\/politique\/comparez-gbagbo-a-nelson-mandela-nest-pas-rentre-de-prison-avec-une-jeune-dame-de-moins-de-30-ans-que-lui\"]}]},{\"@type\":\"ImageObject\",\"inLanguage\":\"fr-FR\",\"@id\":\"https:\/\/www.africa-press.net\/cotedivoire\/politique\/comparez-gbagbo-a-nelson-mandela-nest-pas-rentre-de-prison-avec-une-jeune-dame-de-moins-de-30-ans-que-lui#primaryimage\",\"url\":\"https:\/\/static.africa-press.net\/cote\/sites\/43\/2021\/06\/img-60d361fba455d.jpg\",\"contentUrl\":\"https:\/\/static.africa-press.net\/cote\/sites\/43\/2021\/06\/img-60d361fba455d.jpg\",\"width\":720,\"height\":386,\"caption\":\"Comparez Gbagbo \u00e0 Nelson ? \u00abMandela n\u2019est pas rentr\u00e9 de prison avec une jeune dame de moins de 30 ans que lui\u00bb\"},{\"@type\":\"BreadcrumbList\",\"@id\":\"https:\/\/www.africa-press.net\/cotedivoire\/politique\/comparez-gbagbo-a-nelson-mandela-nest-pas-rentre-de-prison-avec-une-jeune-dame-de-moins-de-30-ans-que-lui#breadcrumb\",\"itemListElement\":[{\"@type\":\"ListItem\",\"position\":1,\"name\":\"Accueil\",\"item\":\"https:\/\/www.africa-press.net\/cotedivoire\/\"},{\"@type\":\"ListItem\",\"position\":2,\"name\":\"Comparez Gbagbo \u00e0 Nelson ? \u00abMandela n\u2019est pas rentr\u00e9 de prison avec une jeune dame de moins de 30 ans que lui\u00bb\"}]},{\"@type\":\"WebSite\",\"@id\":\"https:\/\/www.africa-press.net\/cotedivoire\/#website\",\"url\":\"https:\/\/www.africa-press.net\/cotedivoire\/\",\"name\":\"C\u00f4te d&#039;Ivoire\",\"description\":\"Just another Africa News Agency Sites site\",\"potentialAction\":[{\"@type\":\"SearchAction\",\"target\":{\"@type\":\"EntryPoint\",\"urlTemplate\":\"https:\/\/www.africa-press.net\/cotedivoire\/?s={search_term_string}\"},\"query-input\":{\"@type\":\"PropertyValueSpecification\",\"valueRequired\":true,\"valueName\":\"search_term_string\"}}],\"inLanguage\":\"fr-FR\"},{\"@type\":\"Person\",\"@id\":\"https:\/\/www.africa-press.net\/cotedivoire\/#\/schema\/person\/2b1cf3cd81a31e3cd26889ca66d677f1\",\"name\":\"cfeditorfr\"}]}<\/script>\n<!-- \/ Yoast SEO Premium plugin. -->","yoast_head_json":{"title":"Comparez Gbagbo \u00e0 Nelson ? \u00abMandela n\u2019est pas rentr\u00e9 de prison avec une jeune dame de moins de 30 ans que lui\u00bb - C\u00f4te d&#039;Ivoire","description":"Alors qu\u2019il ne s\u2019\u00e9tait pas officiellement prononc\u00e9 depuis le d\u00e9but de l\u2019affaire, Andr\u00e9 Silver Konan, le journaliste-\u00e9cri ...","robots":{"index":"index","follow":"follow","max-snippet":"max-snippet:-1","max-image-preview":"max-image-preview:large","max-video-preview":"max-video-preview:-1"},"canonical":"https:\/\/www.africa-press.net\/cotedivoire\/politique\/comparez-gbagbo-a-nelson-mandela-nest-pas-rentre-de-prison-avec-une-jeune-dame-de-moins-de-30-ans-que-lui","og_locale":"fr_FR","og_type":"article","og_title":"Comparez Gbagbo \u00e0 Nelson ? \u00abMandela n\u2019est pas rentr\u00e9 de prison avec une jeune dame de moins de 30 ans que lui\u00bb","og_description":"Alors qu\u2019il ne s\u2019\u00e9tait pas officiellement prononc\u00e9 depuis le d\u00e9but de l\u2019affaire, Andr\u00e9 Silver Konan, le journaliste-\u00e9cri ...","og_url":"https:\/\/www.africa-press.net\/cotedivoire\/politique\/comparez-gbagbo-a-nelson-mandela-nest-pas-rentre-de-prison-avec-une-jeune-dame-de-moins-de-30-ans-que-lui","og_site_name":"C\u00f4te d&#039;Ivoire","article_published_time":"2021-06-23T17:31:08+00:00","article_modified_time":"2021-06-23T18:38:57+00:00","og_image":[{"width":720,"height":386,"url":"https:\/\/static.africa-press.net\/cote\/sites\/43\/2021\/06\/img-60d361fba455d.jpg","type":"image\/jpeg"}],"author":"cfeditorfr","twitter_card":"summary_large_image","twitter_misc":{"\u00c9crit par":"cfeditorfr","Dur\u00e9e de lecture estim\u00e9e":"4 minutes"},"schema":{"@context":"https:\/\/schema.org","@graph":[{"@type":"Article","@id":"https:\/\/www.africa-press.net\/cotedivoire\/politique\/comparez-gbagbo-a-nelson-mandela-nest-pas-rentre-de-prison-avec-une-jeune-dame-de-moins-de-30-ans-que-lui#article","isPartOf":{"@id":"https:\/\/www.africa-press.net\/cotedivoire\/politique\/comparez-gbagbo-a-nelson-mandela-nest-pas-rentre-de-prison-avec-une-jeune-dame-de-moins-de-30-ans-que-lui"},"author":{"name":"cfeditorfr","@id":"https:\/\/www.africa-press.net\/cotedivoire\/#\/schema\/person\/2b1cf3cd81a31e3cd26889ca66d677f1"},"headline":"Comparez Gbagbo \u00e0 Nelson ? \u00abMandela n\u2019est pas rentr\u00e9 de prison avec une jeune dame de moins de 30 ans que lui\u00bb","datePublished":"2021-06-23T17:31:08+00:00","dateModified":"2021-06-23T18:38:57+00:00","mainEntityOfPage":{"@id":"https:\/\/www.africa-press.net\/cotedivoire\/politique\/comparez-gbagbo-a-nelson-mandela-nest-pas-rentre-de-prison-avec-une-jeune-dame-de-moins-de-30-ans-que-lui"},"wordCount":1019,"commentCount":0,"image":{"@id":"https:\/\/www.africa-press.net\/cotedivoire\/politique\/comparez-gbagbo-a-nelson-mandela-nest-pas-rentre-de-prison-avec-une-jeune-dame-de-moins-de-30-ans-que-lui#primaryimage"},"thumbnailUrl":"https:\/\/static.africa-press.net\/cote\/sites\/43\/2021\/06\/img-60d361fba455d.jpg","keywords":["Africa Press","Africa Press-C\u00f4te d'Ivoire","C\u00d4TE D'IVOIRE"],"articleSection":["homepage-french","Politique","Toutes les actualit\u00e9s"],"inLanguage":"fr-FR","potentialAction":[{"@type":"CommentAction","name":"Comment","target":["https:\/\/www.africa-press.net\/cotedivoire\/politique\/comparez-gbagbo-a-nelson-mandela-nest-pas-rentre-de-prison-avec-une-jeune-dame-de-moins-de-30-ans-que-lui#respond"]}]},{"@type":"WebPage","@id":"https:\/\/www.africa-press.net\/cotedivoire\/politique\/comparez-gbagbo-a-nelson-mandela-nest-pas-rentre-de-prison-avec-une-jeune-dame-de-moins-de-30-ans-que-lui","url":"https:\/\/www.africa-press.net\/cotedivoire\/politique\/comparez-gbagbo-a-nelson-mandela-nest-pas-rentre-de-prison-avec-une-jeune-dame-de-moins-de-30-ans-que-lui","name":"Comparez Gbagbo \u00e0 Nelson ? \u00abMandela n\u2019est pas rentr\u00e9 de prison avec une jeune dame de moins de 30 ans que lui\u00bb - C\u00f4te d&#039;Ivoire","isPartOf":{"@id":"https:\/\/www.africa-press.net\/cotedivoire\/#website"},"primaryImageOfPage":{"@id":"https:\/\/www.africa-press.net\/cotedivoire\/politique\/comparez-gbagbo-a-nelson-mandela-nest-pas-rentre-de-prison-avec-une-jeune-dame-de-moins-de-30-ans-que-lui#primaryimage"},"image":{"@id":"https:\/\/www.africa-press.net\/cotedivoire\/politique\/comparez-gbagbo-a-nelson-mandela-nest-pas-rentre-de-prison-avec-une-jeune-dame-de-moins-de-30-ans-que-lui#primaryimage"},"thumbnailUrl":"https:\/\/static.africa-press.net\/cote\/sites\/43\/2021\/06\/img-60d361fba455d.jpg","datePublished":"2021-06-23T17:31:08+00:00","dateModified":"2021-06-23T18:38:57+00:00","author":{"@id":"https:\/\/www.africa-press.net\/cotedivoire\/#\/schema\/person\/2b1cf3cd81a31e3cd26889ca66d677f1"},"description":"Alors qu\u2019il ne s\u2019\u00e9tait pas officiellement prononc\u00e9 depuis le d\u00e9but de l\u2019affaire, Andr\u00e9 Silver Konan, le journaliste-\u00e9cri ...","breadcrumb":{"@id":"https:\/\/www.africa-press.net\/cotedivoire\/politique\/comparez-gbagbo-a-nelson-mandela-nest-pas-rentre-de-prison-avec-une-jeune-dame-de-moins-de-30-ans-que-lui#breadcrumb"},"inLanguage":"fr-FR","potentialAction":[{"@type":"ReadAction","target":["https:\/\/www.africa-press.net\/cotedivoire\/politique\/comparez-gbagbo-a-nelson-mandela-nest-pas-rentre-de-prison-avec-une-jeune-dame-de-moins-de-30-ans-que-lui"]}]},{"@type":"ImageObject","inLanguage":"fr-FR","@id":"https:\/\/www.africa-press.net\/cotedivoire\/politique\/comparez-gbagbo-a-nelson-mandela-nest-pas-rentre-de-prison-avec-une-jeune-dame-de-moins-de-30-ans-que-lui#primaryimage","url":"https:\/\/static.africa-press.net\/cote\/sites\/43\/2021\/06\/img-60d361fba455d.jpg","contentUrl":"https:\/\/static.africa-press.net\/cote\/sites\/43\/2021\/06\/img-60d361fba455d.jpg","width":720,"height":386,"caption":"Comparez Gbagbo \u00e0 Nelson ? \u00abMandela n\u2019est pas rentr\u00e9 de prison avec une jeune dame de moins de 30 ans que lui\u00bb"},{"@type":"BreadcrumbList","@id":"https:\/\/www.africa-press.net\/cotedivoire\/politique\/comparez-gbagbo-a-nelson-mandela-nest-pas-rentre-de-prison-avec-une-jeune-dame-de-moins-de-30-ans-que-lui#breadcrumb","itemListElement":[{"@type":"ListItem","position":1,"name":"Accueil","item":"https:\/\/www.africa-press.net\/cotedivoire\/"},{"@type":"ListItem","position":2,"name":"Comparez Gbagbo \u00e0 Nelson ? \u00abMandela n\u2019est pas rentr\u00e9 de prison avec une jeune dame de moins de 30 ans que lui\u00bb"}]},{"@type":"WebSite","@id":"https:\/\/www.africa-press.net\/cotedivoire\/#website","url":"https:\/\/www.africa-press.net\/cotedivoire\/","name":"C\u00f4te d&#039;Ivoire","description":"Just another Africa News Agency Sites site","potentialAction":[{"@type":"SearchAction","target":{"@type":"EntryPoint","urlTemplate":"https:\/\/www.africa-press.net\/cotedivoire\/?s={search_term_string}"},"query-input":{"@type":"PropertyValueSpecification","valueRequired":true,"valueName":"search_term_string"}}],"inLanguage":"fr-FR"},{"@type":"Person","@id":"https:\/\/www.africa-press.net\/cotedivoire\/#\/schema\/person\/2b1cf3cd81a31e3cd26889ca66d677f1","name":"cfeditorfr"}]}},"_links":{"self":[{"href":"https:\/\/www.africa-press.net\/cotedivoire\/wp-json\/wp\/v2\/posts\/9342","targetHints":{"allow":["GET"]}}],"collection":[{"href":"https:\/\/www.africa-press.net\/cotedivoire\/wp-json\/wp\/v2\/posts"}],"about":[{"href":"https:\/\/www.africa-press.net\/cotedivoire\/wp-json\/wp\/v2\/types\/post"}],"author":[{"embeddable":true,"href":"https:\/\/www.africa-press.net\/cotedivoire\/wp-json\/wp\/v2\/users\/82"}],"replies":[{"embeddable":true,"href":"https:\/\/www.africa-press.net\/cotedivoire\/wp-json\/wp\/v2\/comments?post=9342"}],"version-history":[{"count":0,"href":"https:\/\/www.africa-press.net\/cotedivoire\/wp-json\/wp\/v2\/posts\/9342\/revisions"}],"wp:featuredmedia":[{"embeddable":true,"href":"https:\/\/www.africa-press.net\/cotedivoire\/wp-json\/wp\/v2\/media\/9341"}],"wp:attachment":[{"href":"https:\/\/www.africa-press.net\/cotedivoire\/wp-json\/wp\/v2\/media?parent=9342"}],"wp:term":[{"taxonomy":"category","embeddable":true,"href":"https:\/\/www.africa-press.net\/cotedivoire\/wp-json\/wp\/v2\/categories?post=9342"},{"taxonomy":"post_tag","embeddable":true,"href":"https:\/\/www.africa-press.net\/cotedivoire\/wp-json\/wp\/v2\/tags?post=9342"}],"curies":[{"name":"wp","href":"https:\/\/api.w.org\/{rel}","templated":true}]}}