{"id":9345,"date":"2021-06-23T17:40:51","date_gmt":"2021-06-23T17:40:51","guid":{"rendered":"https:\/\/www.africa-press.net\/cotedivoire\/?p=9345"},"modified":"2021-06-23T18:39:16","modified_gmt":"2021-06-23T18:39:16","slug":"cote-divoire-la-reaction-de-soro-apres-sa-condamnation-a-la-prison-a-vie-je-rejette-totalement-ces-verdicts","status":"publish","type":"post","link":"https:\/\/www.africa-press.net\/cotedivoire\/politique\/cote-divoire-la-reaction-de-soro-apres-sa-condamnation-a-la-prison-a-vie-je-rejette-totalement-ces-verdicts","title":{"rendered":"La r\u00e9action de Soro apr\u00e8s sa condamnation \u00e0 la prison \u00e0 vie \u00ab\u00a0je rejette totalement ces verdicts\u00a0\u00bb"},"content":{"rendered":"<p><span style=\"color: #ff6600\"><strong><a href=\"https:\/\/www.africa-press.net\/\">Africa-Press<\/a> &#8211; <a href=\"https:\/\/www.africa-press.net\/cotedivoire\">C\u00f4te d&rsquo;Ivoire<\/a>.\u00a0 <\/strong><\/span>La justice ivoirienne a condamn\u00e9 mercredi \u00e0 Abidjan, l\u2019ex-pr\u00e9sident de l\u2019Assembl\u00e9e nationale, Guillaume Soro \u00e0 la prison \u00ab \u00e0 vie \u00bb pour complot et atteinte \u00e0 l\u2019autorit\u00e9 de l\u2019Etat, \u00e0 l\u2019issue d\u2019un proc\u00e8s.<\/p>\n<p>L\u2019ex-pr\u00e9sident de l\u2019Assembl\u00e9e nationale a \u00e9t\u00e9 reconnu coupable pour complot et atteinte \u00e0 l\u2019autorit\u00e9 de l\u2019Etat et condamn\u00e9 \u00e0 la prison \u00ab \u00e0 vie \u00bb, a indiqu\u00e9 le juge \u00e0 l\u2019\u00e9nonc\u00e9 du verdict.<\/p>\n<p>Une d\u00e9cision qui s\u2019ajoute \u00e0 sa condamnation \u00e0 20 ans de prison ferme, 4,5 milliards de FCFA d\u2019amende, et \u00e0 la privation de ses droits civiques pendant cinq ans pour recel de deniers publics d\u00e9tourn\u00e9s et de blanchiment de capitaux.<\/p>\n<p>Apr\u00e8s le r\u00e9quisitoire du Procureur de la R\u00e9publique, Richard Adou et les plaidoiries des avocats de la d\u00e9fense, le juge a prononc\u00e9 le verdict du proc\u00e8s de Guillaume Soro et 19 de ses proches \u201c\u201cpour complot et atteinte \u00e0 l\u2019autorit\u00e9 de l\u2019Etat\u2019\u2019.<\/p>\n<p>Son responsable de la Communication Tour\u00e9 Moussa, l\u2019ancienne ministre Affoussy Bamba, Kamagat\u00e9 Souleymane (Soul To Soul), le Commandant Kouam\u00e9 Jean-Baptiste ont \u00e9cop\u00e9 de 20 ans de prison.<\/p>\n<p>Quant \u00e0 Alain Lobognon, les fr\u00e8res Soro, notamment Rigobert et Simon et F\u00e9licien S\u00e9kongo, ecopent de 17 mois de prison et 500.000 FCFA d\u2019amende pour trouble \u00e0 l\u2019ordre public et diffusion de fausses nouvelles.<\/p>\n<p>Le juge a prononc\u00e9 la dissolution et la confiscation des biens de G\u00e9n\u00e9rations et Peuples Solidaires (GPS), mouvement proche de Guillaume Soro.<\/p>\n<p>Le proc\u00e8s de Guillaume Soro et 19 de ses proches \u201c\u201cpour complot et atteinte \u00e0 l\u2019autorit\u00e9 de l\u2019Etat\u2019\u2019 s\u2019est ouvert le 19 mai.<\/p>\n<p>Treize des 20 accus\u00e9s \u00e9taient pr\u00e9sents dans le box. Parmi eux, l\u2019ancien ministre Alain Lobognon, Soul To Soul, F\u00e9licien Sekongo, les deux fr\u00e8res cadets de Guillaume Soro, Simon et Rigobert Soro. Traor\u00e9 Babou, un autre proche de l\u2019ancien Pr\u00e9sident de l\u2019Assembl\u00e9e nationale, comparaissait, quant \u00e0 lui, libre.<\/p>\n<p>En exil ou en fuite, six autres accus\u00e9s dont Guillaume Soro lui-m\u00eame, son responsable de la Communication Tour\u00e9 Moussa, l\u2019ancienne ministre Affoussy Bamba, l\u2019ex-Directeur g\u00e9n\u00e9ral de la Loterie nationale de C\u00f4te d\u2019Ivoire (LONACI) Issiaka Fofana \u00e9taient absents.<\/p>\n<p>&nbsp;<\/p>\n","protected":false},"excerpt":{"rendered":"<p>Africa-Press &#8211; C\u00f4te d&rsquo;Ivoire.\u00a0 La justice ivoirienne a condamn\u00e9 mercredi \u00e0 Abidjan, l\u2019ex-pr\u00e9sident de l\u2019Assembl\u00e9e nationale, Guillaume Soro \u00e0 la prison \u00ab \u00e0 vie \u00bb pour complot et atteinte \u00e0 l\u2019autorit\u00e9 de l\u2019Etat, \u00e0 l\u2019issue d\u2019un proc\u00e8s. L\u2019ex-pr\u00e9sident de l\u2019Assembl\u00e9e nationale a \u00e9t\u00e9 reconnu coupable pour complot et atteinte \u00e0 l\u2019autorit\u00e9 de l\u2019Etat et condamn\u00e9 [&hellip;]<\/p>\n","protected":false},"author":82,"featured_media":9344,"comment_status":"open","ping_status":"closed","sticky":false,"template":"","format":"standard","meta":{"footnotes":""},"categories":[11,2,20,10],"tags":[56,63,29],"class_list":["post-9345","post","type-post","status-publish","format-standard","has-post-thumbnail","hentry","category-homepage-french","category-politique","category-top-nouvelles","category-toutes-les-actualites","tag-africa-press","tag-africa-press-cote-divoire","tag-cote-divoire"],"yoast_head":"<!-- This site is optimized with the Yoast SEO Premium plugin v26.1 (Yoast SEO v27.0) - https:\/\/yoast.com\/product\/yoast-seo-premium-wordpress\/ -->\n<title>La r\u00e9action de Soro apr\u00e8s sa condamnation \u00e0 la prison \u00e0 vie \u00ab\u00a0je rejette totalement ces verdicts\u00a0\u00bb - C\u00f4te d&#039;Ivoire<\/title>\n<meta name=\"description\" content=\"Djamal AKINBOLA La justice ivoirienne a condamn\u00e9 mercredi \u00e0 Abidjan, l\u2019ex-pr\u00e9sident de l\u2019Assembl\u00e9e nationale, Guillaume ...\" \/>\n<meta name=\"robots\" content=\"index, follow, max-snippet:-1, max-image-preview:large, max-video-preview:-1\" \/>\n<link rel=\"canonical\" href=\"https:\/\/www.africa-press.net\/cotedivoire\/politique\/cote-divoire-la-reaction-de-soro-apres-sa-condamnation-a-la-prison-a-vie-je-rejette-totalement-ces-verdicts\" \/>\n<meta property=\"og:locale\" content=\"fr_FR\" \/>\n<meta property=\"og:type\" content=\"article\" \/>\n<meta property=\"og:title\" content=\"La r\u00e9action de Soro apr\u00e8s sa condamnation \u00e0 la prison \u00e0 vie \u00ab\u00a0je rejette totalement ces verdicts\u00a0\u00bb\" \/>\n<meta property=\"og:description\" content=\"Djamal AKINBOLA La justice ivoirienne a condamn\u00e9 mercredi \u00e0 Abidjan, l\u2019ex-pr\u00e9sident de l\u2019Assembl\u00e9e nationale, Guillaume ...\" \/>\n<meta property=\"og:url\" content=\"https:\/\/www.africa-press.net\/cotedivoire\/politique\/cote-divoire-la-reaction-de-soro-apres-sa-condamnation-a-la-prison-a-vie-je-rejette-totalement-ces-verdicts\" \/>\n<meta property=\"og:site_name\" content=\"C\u00f4te d&#039;Ivoire\" \/>\n<meta property=\"article:published_time\" content=\"2021-06-23T17:40:51+00:00\" \/>\n<meta property=\"article:modified_time\" content=\"2021-06-23T18:39:16+00:00\" \/>\n<meta property=\"og:image\" content=\"https:\/\/static.africa-press.net\/cote\/sites\/43\/2021\/06\/img-60d3622627239.jpg\" \/>\n\t<meta property=\"og:image:width\" content=\"720\" \/>\n\t<meta property=\"og:image:height\" content=\"580\" \/>\n\t<meta property=\"og:image:type\" content=\"image\/jpeg\" \/>\n<meta name=\"author\" content=\"cfeditorfr\" \/>\n<meta name=\"twitter:card\" content=\"summary_large_image\" \/>\n<meta name=\"twitter:label1\" content=\"\u00c9crit par\" \/>\n\t<meta name=\"twitter:data1\" content=\"cfeditorfr\" \/>\n\t<meta name=\"twitter:label2\" content=\"Dur\u00e9e de lecture estim\u00e9e\" \/>\n\t<meta name=\"twitter:data2\" content=\"2 minutes\" \/>\n<script type=\"application\/ld+json\" class=\"yoast-schema-graph\">{\"@context\":\"https:\/\/schema.org\",\"@graph\":[{\"@type\":\"Article\",\"@id\":\"https:\/\/www.africa-press.net\/cotedivoire\/politique\/cote-divoire-la-reaction-de-soro-apres-sa-condamnation-a-la-prison-a-vie-je-rejette-totalement-ces-verdicts#article\",\"isPartOf\":{\"@id\":\"https:\/\/www.africa-press.net\/cotedivoire\/politique\/cote-divoire-la-reaction-de-soro-apres-sa-condamnation-a-la-prison-a-vie-je-rejette-totalement-ces-verdicts\"},\"author\":{\"name\":\"cfeditorfr\",\"@id\":\"https:\/\/www.africa-press.net\/cotedivoire\/#\/schema\/person\/2b1cf3cd81a31e3cd26889ca66d677f1\"},\"headline\":\"La r\u00e9action de Soro apr\u00e8s sa condamnation \u00e0 la prison \u00e0 vie \u00ab\u00a0je rejette totalement ces verdicts\u00a0\u00bb\",\"datePublished\":\"2021-06-23T17:40:51+00:00\",\"dateModified\":\"2021-06-23T18:39:16+00:00\",\"mainEntityOfPage\":{\"@id\":\"https:\/\/www.africa-press.net\/cotedivoire\/politique\/cote-divoire-la-reaction-de-soro-apres-sa-condamnation-a-la-prison-a-vie-je-rejette-totalement-ces-verdicts\"},\"wordCount\":389,\"commentCount\":0,\"image\":{\"@id\":\"https:\/\/www.africa-press.net\/cotedivoire\/politique\/cote-divoire-la-reaction-de-soro-apres-sa-condamnation-a-la-prison-a-vie-je-rejette-totalement-ces-verdicts#primaryimage\"},\"thumbnailUrl\":\"https:\/\/static.africa-press.net\/cote\/sites\/43\/2021\/06\/img-60d3622627239.jpg\",\"keywords\":[\"Africa Press\",\"Africa Press-C\u00f4te d'Ivoire\",\"C\u00d4TE D'IVOIRE\"],\"articleSection\":[\"homepage-french\",\"Politique\",\"Top Nouvelles\",\"Toutes les actualit\u00e9s\"],\"inLanguage\":\"fr-FR\",\"potentialAction\":[{\"@type\":\"CommentAction\",\"name\":\"Comment\",\"target\":[\"https:\/\/www.africa-press.net\/cotedivoire\/politique\/cote-divoire-la-reaction-de-soro-apres-sa-condamnation-a-la-prison-a-vie-je-rejette-totalement-ces-verdicts#respond\"]}]},{\"@type\":\"WebPage\",\"@id\":\"https:\/\/www.africa-press.net\/cotedivoire\/politique\/cote-divoire-la-reaction-de-soro-apres-sa-condamnation-a-la-prison-a-vie-je-rejette-totalement-ces-verdicts\",\"url\":\"https:\/\/www.africa-press.net\/cotedivoire\/politique\/cote-divoire-la-reaction-de-soro-apres-sa-condamnation-a-la-prison-a-vie-je-rejette-totalement-ces-verdicts\",\"name\":\"La r\u00e9action de Soro apr\u00e8s sa condamnation \u00e0 la prison \u00e0 vie \u00ab\u00a0je rejette totalement ces verdicts\u00a0\u00bb - C\u00f4te d&#039;Ivoire\",\"isPartOf\":{\"@id\":\"https:\/\/www.africa-press.net\/cotedivoire\/#website\"},\"primaryImageOfPage\":{\"@id\":\"https:\/\/www.africa-press.net\/cotedivoire\/politique\/cote-divoire-la-reaction-de-soro-apres-sa-condamnation-a-la-prison-a-vie-je-rejette-totalement-ces-verdicts#primaryimage\"},\"image\":{\"@id\":\"https:\/\/www.africa-press.net\/cotedivoire\/politique\/cote-divoire-la-reaction-de-soro-apres-sa-condamnation-a-la-prison-a-vie-je-rejette-totalement-ces-verdicts#primaryimage\"},\"thumbnailUrl\":\"https:\/\/static.africa-press.net\/cote\/sites\/43\/2021\/06\/img-60d3622627239.jpg\",\"datePublished\":\"2021-06-23T17:40:51+00:00\",\"dateModified\":\"2021-06-23T18:39:16+00:00\",\"author\":{\"@id\":\"https:\/\/www.africa-press.net\/cotedivoire\/#\/schema\/person\/2b1cf3cd81a31e3cd26889ca66d677f1\"},\"description\":\"Djamal AKINBOLA La justice ivoirienne a condamn\u00e9 mercredi \u00e0 Abidjan, l\u2019ex-pr\u00e9sident de l\u2019Assembl\u00e9e nationale, Guillaume ...\",\"breadcrumb\":{\"@id\":\"https:\/\/www.africa-press.net\/cotedivoire\/politique\/cote-divoire-la-reaction-de-soro-apres-sa-condamnation-a-la-prison-a-vie-je-rejette-totalement-ces-verdicts#breadcrumb\"},\"inLanguage\":\"fr-FR\",\"potentialAction\":[{\"@type\":\"ReadAction\",\"target\":[\"https:\/\/www.africa-press.net\/cotedivoire\/politique\/cote-divoire-la-reaction-de-soro-apres-sa-condamnation-a-la-prison-a-vie-je-rejette-totalement-ces-verdicts\"]}]},{\"@type\":\"ImageObject\",\"inLanguage\":\"fr-FR\",\"@id\":\"https:\/\/www.africa-press.net\/cotedivoire\/politique\/cote-divoire-la-reaction-de-soro-apres-sa-condamnation-a-la-prison-a-vie-je-rejette-totalement-ces-verdicts#primaryimage\",\"url\":\"https:\/\/static.africa-press.net\/cote\/sites\/43\/2021\/06\/img-60d3622627239.jpg\",\"contentUrl\":\"https:\/\/static.africa-press.net\/cote\/sites\/43\/2021\/06\/img-60d3622627239.jpg\",\"width\":720,\"height\":580,\"caption\":\"C\u00f4te-d\u2019Ivoire: La r\u00e9action de Soro apr\u00e8s sa condamnation \u00e0 la prison \u00e0 vie \u00ab\u00a0je rejette totalement ces verdicts\u00a0\u00bb\"},{\"@type\":\"BreadcrumbList\",\"@id\":\"https:\/\/www.africa-press.net\/cotedivoire\/politique\/cote-divoire-la-reaction-de-soro-apres-sa-condamnation-a-la-prison-a-vie-je-rejette-totalement-ces-verdicts#breadcrumb\",\"itemListElement\":[{\"@type\":\"ListItem\",\"position\":1,\"name\":\"Accueil\",\"item\":\"https:\/\/www.africa-press.net\/cotedivoire\/\"},{\"@type\":\"ListItem\",\"position\":2,\"name\":\"La r\u00e9action de Soro apr\u00e8s sa condamnation \u00e0 la prison \u00e0 vie \u00ab\u00a0je rejette totalement ces verdicts\u00a0\u00bb\"}]},{\"@type\":\"WebSite\",\"@id\":\"https:\/\/www.africa-press.net\/cotedivoire\/#website\",\"url\":\"https:\/\/www.africa-press.net\/cotedivoire\/\",\"name\":\"C\u00f4te d&#039;Ivoire\",\"description\":\"Just another Africa News Agency Sites site\",\"potentialAction\":[{\"@type\":\"SearchAction\",\"target\":{\"@type\":\"EntryPoint\",\"urlTemplate\":\"https:\/\/www.africa-press.net\/cotedivoire\/?s={search_term_string}\"},\"query-input\":{\"@type\":\"PropertyValueSpecification\",\"valueRequired\":true,\"valueName\":\"search_term_string\"}}],\"inLanguage\":\"fr-FR\"},{\"@type\":\"Person\",\"@id\":\"https:\/\/www.africa-press.net\/cotedivoire\/#\/schema\/person\/2b1cf3cd81a31e3cd26889ca66d677f1\",\"name\":\"cfeditorfr\"}]}<\/script>\n<!-- \/ Yoast SEO Premium plugin. -->","yoast_head_json":{"title":"La r\u00e9action de Soro apr\u00e8s sa condamnation \u00e0 la prison \u00e0 vie \u00ab\u00a0je rejette totalement ces verdicts\u00a0\u00bb - C\u00f4te d&#039;Ivoire","description":"Djamal AKINBOLA La justice ivoirienne a condamn\u00e9 mercredi \u00e0 Abidjan, l\u2019ex-pr\u00e9sident de l\u2019Assembl\u00e9e nationale, Guillaume ...","robots":{"index":"index","follow":"follow","max-snippet":"max-snippet:-1","max-image-preview":"max-image-preview:large","max-video-preview":"max-video-preview:-1"},"canonical":"https:\/\/www.africa-press.net\/cotedivoire\/politique\/cote-divoire-la-reaction-de-soro-apres-sa-condamnation-a-la-prison-a-vie-je-rejette-totalement-ces-verdicts","og_locale":"fr_FR","og_type":"article","og_title":"La r\u00e9action de Soro apr\u00e8s sa condamnation \u00e0 la prison \u00e0 vie \u00ab\u00a0je rejette totalement ces verdicts\u00a0\u00bb","og_description":"Djamal AKINBOLA La justice ivoirienne a condamn\u00e9 mercredi \u00e0 Abidjan, l\u2019ex-pr\u00e9sident de l\u2019Assembl\u00e9e nationale, Guillaume ...","og_url":"https:\/\/www.africa-press.net\/cotedivoire\/politique\/cote-divoire-la-reaction-de-soro-apres-sa-condamnation-a-la-prison-a-vie-je-rejette-totalement-ces-verdicts","og_site_name":"C\u00f4te d&#039;Ivoire","article_published_time":"2021-06-23T17:40:51+00:00","article_modified_time":"2021-06-23T18:39:16+00:00","og_image":[{"width":720,"height":580,"url":"https:\/\/static.africa-press.net\/cote\/sites\/43\/2021\/06\/img-60d3622627239.jpg","type":"image\/jpeg"}],"author":"cfeditorfr","twitter_card":"summary_large_image","twitter_misc":{"\u00c9crit par":"cfeditorfr","Dur\u00e9e de lecture estim\u00e9e":"2 minutes"},"schema":{"@context":"https:\/\/schema.org","@graph":[{"@type":"Article","@id":"https:\/\/www.africa-press.net\/cotedivoire\/politique\/cote-divoire-la-reaction-de-soro-apres-sa-condamnation-a-la-prison-a-vie-je-rejette-totalement-ces-verdicts#article","isPartOf":{"@id":"https:\/\/www.africa-press.net\/cotedivoire\/politique\/cote-divoire-la-reaction-de-soro-apres-sa-condamnation-a-la-prison-a-vie-je-rejette-totalement-ces-verdicts"},"author":{"name":"cfeditorfr","@id":"https:\/\/www.africa-press.net\/cotedivoire\/#\/schema\/person\/2b1cf3cd81a31e3cd26889ca66d677f1"},"headline":"La r\u00e9action de Soro apr\u00e8s sa condamnation \u00e0 la prison \u00e0 vie \u00ab\u00a0je rejette totalement ces verdicts\u00a0\u00bb","datePublished":"2021-06-23T17:40:51+00:00","dateModified":"2021-06-23T18:39:16+00:00","mainEntityOfPage":{"@id":"https:\/\/www.africa-press.net\/cotedivoire\/politique\/cote-divoire-la-reaction-de-soro-apres-sa-condamnation-a-la-prison-a-vie-je-rejette-totalement-ces-verdicts"},"wordCount":389,"commentCount":0,"image":{"@id":"https:\/\/www.africa-press.net\/cotedivoire\/politique\/cote-divoire-la-reaction-de-soro-apres-sa-condamnation-a-la-prison-a-vie-je-rejette-totalement-ces-verdicts#primaryimage"},"thumbnailUrl":"https:\/\/static.africa-press.net\/cote\/sites\/43\/2021\/06\/img-60d3622627239.jpg","keywords":["Africa Press","Africa Press-C\u00f4te d'Ivoire","C\u00d4TE D'IVOIRE"],"articleSection":["homepage-french","Politique","Top Nouvelles","Toutes les actualit\u00e9s"],"inLanguage":"fr-FR","potentialAction":[{"@type":"CommentAction","name":"Comment","target":["https:\/\/www.africa-press.net\/cotedivoire\/politique\/cote-divoire-la-reaction-de-soro-apres-sa-condamnation-a-la-prison-a-vie-je-rejette-totalement-ces-verdicts#respond"]}]},{"@type":"WebPage","@id":"https:\/\/www.africa-press.net\/cotedivoire\/politique\/cote-divoire-la-reaction-de-soro-apres-sa-condamnation-a-la-prison-a-vie-je-rejette-totalement-ces-verdicts","url":"https:\/\/www.africa-press.net\/cotedivoire\/politique\/cote-divoire-la-reaction-de-soro-apres-sa-condamnation-a-la-prison-a-vie-je-rejette-totalement-ces-verdicts","name":"La r\u00e9action de Soro apr\u00e8s sa condamnation \u00e0 la prison \u00e0 vie \u00ab\u00a0je rejette totalement ces verdicts\u00a0\u00bb - C\u00f4te d&#039;Ivoire","isPartOf":{"@id":"https:\/\/www.africa-press.net\/cotedivoire\/#website"},"primaryImageOfPage":{"@id":"https:\/\/www.africa-press.net\/cotedivoire\/politique\/cote-divoire-la-reaction-de-soro-apres-sa-condamnation-a-la-prison-a-vie-je-rejette-totalement-ces-verdicts#primaryimage"},"image":{"@id":"https:\/\/www.africa-press.net\/cotedivoire\/politique\/cote-divoire-la-reaction-de-soro-apres-sa-condamnation-a-la-prison-a-vie-je-rejette-totalement-ces-verdicts#primaryimage"},"thumbnailUrl":"https:\/\/static.africa-press.net\/cote\/sites\/43\/2021\/06\/img-60d3622627239.jpg","datePublished":"2021-06-23T17:40:51+00:00","dateModified":"2021-06-23T18:39:16+00:00","author":{"@id":"https:\/\/www.africa-press.net\/cotedivoire\/#\/schema\/person\/2b1cf3cd81a31e3cd26889ca66d677f1"},"description":"Djamal AKINBOLA La justice ivoirienne a condamn\u00e9 mercredi \u00e0 Abidjan, l\u2019ex-pr\u00e9sident de l\u2019Assembl\u00e9e nationale, Guillaume ...","breadcrumb":{"@id":"https:\/\/www.africa-press.net\/cotedivoire\/politique\/cote-divoire-la-reaction-de-soro-apres-sa-condamnation-a-la-prison-a-vie-je-rejette-totalement-ces-verdicts#breadcrumb"},"inLanguage":"fr-FR","potentialAction":[{"@type":"ReadAction","target":["https:\/\/www.africa-press.net\/cotedivoire\/politique\/cote-divoire-la-reaction-de-soro-apres-sa-condamnation-a-la-prison-a-vie-je-rejette-totalement-ces-verdicts"]}]},{"@type":"ImageObject","inLanguage":"fr-FR","@id":"https:\/\/www.africa-press.net\/cotedivoire\/politique\/cote-divoire-la-reaction-de-soro-apres-sa-condamnation-a-la-prison-a-vie-je-rejette-totalement-ces-verdicts#primaryimage","url":"https:\/\/static.africa-press.net\/cote\/sites\/43\/2021\/06\/img-60d3622627239.jpg","contentUrl":"https:\/\/static.africa-press.net\/cote\/sites\/43\/2021\/06\/img-60d3622627239.jpg","width":720,"height":580,"caption":"C\u00f4te-d\u2019Ivoire: La r\u00e9action de Soro apr\u00e8s sa condamnation \u00e0 la prison \u00e0 vie \u00ab\u00a0je rejette totalement ces verdicts\u00a0\u00bb"},{"@type":"BreadcrumbList","@id":"https:\/\/www.africa-press.net\/cotedivoire\/politique\/cote-divoire-la-reaction-de-soro-apres-sa-condamnation-a-la-prison-a-vie-je-rejette-totalement-ces-verdicts#breadcrumb","itemListElement":[{"@type":"ListItem","position":1,"name":"Accueil","item":"https:\/\/www.africa-press.net\/cotedivoire\/"},{"@type":"ListItem","position":2,"name":"La r\u00e9action de Soro apr\u00e8s sa condamnation \u00e0 la prison \u00e0 vie \u00ab\u00a0je rejette totalement ces verdicts\u00a0\u00bb"}]},{"@type":"WebSite","@id":"https:\/\/www.africa-press.net\/cotedivoire\/#website","url":"https:\/\/www.africa-press.net\/cotedivoire\/","name":"C\u00f4te d&#039;Ivoire","description":"Just another Africa News Agency Sites site","potentialAction":[{"@type":"SearchAction","target":{"@type":"EntryPoint","urlTemplate":"https:\/\/www.africa-press.net\/cotedivoire\/?s={search_term_string}"},"query-input":{"@type":"PropertyValueSpecification","valueRequired":true,"valueName":"search_term_string"}}],"inLanguage":"fr-FR"},{"@type":"Person","@id":"https:\/\/www.africa-press.net\/cotedivoire\/#\/schema\/person\/2b1cf3cd81a31e3cd26889ca66d677f1","name":"cfeditorfr"}]}},"_links":{"self":[{"href":"https:\/\/www.africa-press.net\/cotedivoire\/wp-json\/wp\/v2\/posts\/9345","targetHints":{"allow":["GET"]}}],"collection":[{"href":"https:\/\/www.africa-press.net\/cotedivoire\/wp-json\/wp\/v2\/posts"}],"about":[{"href":"https:\/\/www.africa-press.net\/cotedivoire\/wp-json\/wp\/v2\/types\/post"}],"author":[{"embeddable":true,"href":"https:\/\/www.africa-press.net\/cotedivoire\/wp-json\/wp\/v2\/users\/82"}],"replies":[{"embeddable":true,"href":"https:\/\/www.africa-press.net\/cotedivoire\/wp-json\/wp\/v2\/comments?post=9345"}],"version-history":[{"count":0,"href":"https:\/\/www.africa-press.net\/cotedivoire\/wp-json\/wp\/v2\/posts\/9345\/revisions"}],"wp:featuredmedia":[{"embeddable":true,"href":"https:\/\/www.africa-press.net\/cotedivoire\/wp-json\/wp\/v2\/media\/9344"}],"wp:attachment":[{"href":"https:\/\/www.africa-press.net\/cotedivoire\/wp-json\/wp\/v2\/media?parent=9345"}],"wp:term":[{"taxonomy":"category","embeddable":true,"href":"https:\/\/www.africa-press.net\/cotedivoire\/wp-json\/wp\/v2\/categories?post=9345"},{"taxonomy":"post_tag","embeddable":true,"href":"https:\/\/www.africa-press.net\/cotedivoire\/wp-json\/wp\/v2\/tags?post=9345"}],"curies":[{"name":"wp","href":"https:\/\/api.w.org\/{rel}","templated":true}]}}