{"id":93485,"date":"2025-01-08T14:40:53","date_gmt":"2025-01-08T14:40:53","guid":{"rendered":"https:\/\/www.africa-press.net\/cotedivoire\/politique\/mercato-lelephant-christopher-operi-quitte-le-havre-et-sengage-avec-le-club-turc-distanbul-basaksehir"},"modified":"2025-01-08T17:25:13","modified_gmt":"2025-01-08T17:25:13","slug":"mercato-lelephant-christopher-operi-quitte-le-havre-et-sengage-avec-le-club-turc-distanbul-basaksehir","status":"publish","type":"post","link":"https:\/\/www.africa-press.net\/cotedivoire\/sports\/mercato-lelephant-christopher-operi-quitte-le-havre-et-sengage-avec-le-club-turc-distanbul-basaksehir","title":{"rendered":"Mercato, l&rsquo;\u00e9l\u00e9phant Christopher Op\u00e9ri quitte le Havre et s&rsquo;engage avec le club Turc d&rsquo;Istanbul Basaksehir"},"content":{"rendered":"<p><span style=\"color: #ff6600\"><strong>Africa-Press &#8211; C\u00f4te d&rsquo;Ivoire. <\/strong><\/span>Le Mercato hivernal bat son plein en Europe en vue de la deuxie\u0300me de la saison 2024-2025. Les clubs europe\u0301ens se renforcent afin de bien terminer la saison. C\u2019est le cas d\u2019Istanbul Basaksehir, actuellement septie\u0300me du championnat turc de premie\u0300re Division.<\/p>\n<p>Le club aux couleurs orange-bleu fonce\u0301 s\u2019est offert le late\u0301ral gauche des e\u0301le\u0301phants de Co\u0302te d\u2019Ivoire, Christopher Operi pour un contrat de trois ans et demi sans re\u0301ve\u0301ler le montant de la transaction.<\/p>\n<p>Notre club a signe\u0301 un accord de 3,5 ans avec Christopher Operi, joueur de l&rsquo;e\u0301quipe nationale d&rsquo;Ivoire, qui a re\u0301cemment joue\u0301 pour le club du Havre, l&rsquo;une des e\u0301quipes franc\u0327aises de Ligue 1.Nous souhaitons la bienvenue a\u0300 Christopher Ope\u0301ri dans notre famille et lui souhaitons du succe\u0300s avec notre maillot orange-bleu fonce\u0301 \u00bb, a poste\u0301 le club Turc.<\/p>\n<p>Jusque-la\u0300, Operi e\u0301voluait en Ligue1 Franc\u0327aise avec le Havre. Son arrive\u0301e en Turquie devrait e\u0302tre be\u0301ne\u0301fique pour les e\u0301le\u0301phants en vue des e\u0301liminatoires de la Coupe du Monde 2026 qui reprennent au mois de Mars prochain et surtout la CAN 2025 pre\u0301vue au Maroc, du 21 decembre au 18 janvier 2026.<\/p>\n<p><strong>Pour plus d&rsquo;informations et d&rsquo;analyses sur la <span style=\"color: #ff6600\">C\u00f4te d&rsquo;Ivoire<\/span>, suivez <span style=\"color: #ff6600\">Africa-Press<\/span><\/strong><\/p>\n","protected":false},"excerpt":{"rendered":"<p>Africa-Press &#8211; C\u00f4te d&rsquo;Ivoire. Le Mercato hivernal bat son plein en Europe en vue de la deuxie\u0300me de la saison 2024-2025. Les clubs europe\u0301ens se renforcent afin de bien terminer la saison. C\u2019est le cas d\u2019Istanbul Basaksehir, actuellement septie\u0300me du championnat turc de premie\u0300re Division. Le club aux couleurs orange-bleu fonce\u0301 s\u2019est offert le late\u0301ral [&hellip;]<\/p>\n","protected":false},"author":82,"featured_media":93484,"comment_status":"open","ping_status":"closed","sticky":false,"template":"","format":"standard","meta":{"footnotes":""},"categories":[6,10],"tags":[16252,29,3455,5228,16253,10829],"class_list":["post-93485","post","type-post","status-publish","format-standard","has-post-thumbnail","hentry","category-sports","category-toutes-les-actualites","tag-christopher-operi","tag-cote-divoire","tag-elephant","tag-havre","tag-istanbul-basaksehir","tag-mercato"],"yoast_head":"<!-- This site is optimized with the Yoast SEO Premium plugin v26.1 (Yoast SEO v27.0) - https:\/\/yoast.com\/product\/yoast-seo-premium-wordpress\/ -->\n<title>Mercato, l&#039;\u00e9l\u00e9phant Christopher Op\u00e9ri quitte le Havre et s&#039;engage avec le club Turc d&#039;Istanbul Basaksehir - C\u00f4te d&#039;Ivoire<\/title>\n<meta name=\"description\" content=\"Le Mercato hivernal bat son plein en Europe en vue de la deuxie\u0300me de la saison 2024-2025. Les clubs europe\u0301ens se renfo ...\" \/>\n<meta name=\"robots\" content=\"index, follow, max-snippet:-1, max-image-preview:large, max-video-preview:-1\" \/>\n<link rel=\"canonical\" href=\"https:\/\/www.africa-press.net\/cotedivoire\/sports\/mercato-lelephant-christopher-operi-quitte-le-havre-et-sengage-avec-le-club-turc-distanbul-basaksehir\" \/>\n<meta property=\"og:locale\" content=\"fr_FR\" \/>\n<meta property=\"og:type\" content=\"article\" \/>\n<meta property=\"og:title\" content=\"Mercato, l&#039;\u00e9l\u00e9phant Christopher Op\u00e9ri quitte le Havre et s&#039;engage avec le club Turc d&#039;Istanbul Basaksehir\" \/>\n<meta property=\"og:description\" content=\"Le Mercato hivernal bat son plein en Europe en vue de la deuxie\u0300me de la saison 2024-2025. Les clubs europe\u0301ens se renfo ...\" \/>\n<meta property=\"og:url\" content=\"https:\/\/www.africa-press.net\/cotedivoire\/sports\/mercato-lelephant-christopher-operi-quitte-le-havre-et-sengage-avec-le-club-turc-distanbul-basaksehir\" \/>\n<meta property=\"og:site_name\" content=\"C\u00f4te d&#039;Ivoire\" \/>\n<meta property=\"article:published_time\" content=\"2025-01-08T14:40:53+00:00\" \/>\n<meta property=\"article:modified_time\" content=\"2025-01-08T17:25:13+00:00\" \/>\n<meta property=\"og:image\" content=\"https:\/\/static.africa-press.net\/cote\/sites\/43\/2025\/01\/sm_1736339538.491341.jpg\" \/>\n\t<meta property=\"og:image:width\" content=\"720\" \/>\n\t<meta property=\"og:image:height\" content=\"422\" \/>\n\t<meta property=\"og:image:type\" content=\"image\/jpeg\" \/>\n<meta name=\"author\" content=\"cfeditorfr\" \/>\n<meta name=\"twitter:card\" content=\"summary_large_image\" \/>\n<meta name=\"twitter:label1\" content=\"\u00c9crit par\" \/>\n\t<meta name=\"twitter:data1\" content=\"cfeditorfr\" \/>\n\t<meta name=\"twitter:label2\" content=\"Dur\u00e9e de lecture estim\u00e9e\" \/>\n\t<meta name=\"twitter:data2\" content=\"1 minute\" \/>\n<script type=\"application\/ld+json\" class=\"yoast-schema-graph\">{\"@context\":\"https:\/\/schema.org\",\"@graph\":[{\"@type\":\"Article\",\"@id\":\"https:\/\/www.africa-press.net\/cotedivoire\/sports\/mercato-lelephant-christopher-operi-quitte-le-havre-et-sengage-avec-le-club-turc-distanbul-basaksehir#article\",\"isPartOf\":{\"@id\":\"https:\/\/www.africa-press.net\/cotedivoire\/sports\/mercato-lelephant-christopher-operi-quitte-le-havre-et-sengage-avec-le-club-turc-distanbul-basaksehir\"},\"author\":{\"name\":\"cfeditorfr\",\"@id\":\"https:\/\/www.africa-press.net\/cotedivoire\/#\/schema\/person\/2b1cf3cd81a31e3cd26889ca66d677f1\"},\"headline\":\"Mercato, l&rsquo;\u00e9l\u00e9phant Christopher Op\u00e9ri quitte le Havre et s&rsquo;engage avec le club Turc d&rsquo;Istanbul Basaksehir\",\"datePublished\":\"2025-01-08T14:40:53+00:00\",\"dateModified\":\"2025-01-08T17:25:13+00:00\",\"mainEntityOfPage\":{\"@id\":\"https:\/\/www.africa-press.net\/cotedivoire\/sports\/mercato-lelephant-christopher-operi-quitte-le-havre-et-sengage-avec-le-club-turc-distanbul-basaksehir\"},\"wordCount\":250,\"commentCount\":0,\"image\":{\"@id\":\"https:\/\/www.africa-press.net\/cotedivoire\/sports\/mercato-lelephant-christopher-operi-quitte-le-havre-et-sengage-avec-le-club-turc-distanbul-basaksehir#primaryimage\"},\"thumbnailUrl\":\"https:\/\/static.africa-press.net\/cote\/sites\/43\/2025\/01\/sm_1736339538.491341.jpg\",\"keywords\":[\"Christopher Op\u00e9ri\",\"C\u00d4TE D'IVOIRE\",\"\u00e9l\u00e9phant\",\"Havre\",\"Istanbul Basaksehir\",\"Mercato\"],\"articleSection\":[\"Sports\",\"Toutes les actualit\u00e9s\"],\"inLanguage\":\"fr-FR\",\"potentialAction\":[{\"@type\":\"CommentAction\",\"name\":\"Comment\",\"target\":[\"https:\/\/www.africa-press.net\/cotedivoire\/sports\/mercato-lelephant-christopher-operi-quitte-le-havre-et-sengage-avec-le-club-turc-distanbul-basaksehir#respond\"]}]},{\"@type\":\"WebPage\",\"@id\":\"https:\/\/www.africa-press.net\/cotedivoire\/sports\/mercato-lelephant-christopher-operi-quitte-le-havre-et-sengage-avec-le-club-turc-distanbul-basaksehir\",\"url\":\"https:\/\/www.africa-press.net\/cotedivoire\/sports\/mercato-lelephant-christopher-operi-quitte-le-havre-et-sengage-avec-le-club-turc-distanbul-basaksehir\",\"name\":\"Mercato, l'\u00e9l\u00e9phant Christopher Op\u00e9ri quitte le Havre et s'engage avec le club Turc d'Istanbul Basaksehir - C\u00f4te d&#039;Ivoire\",\"isPartOf\":{\"@id\":\"https:\/\/www.africa-press.net\/cotedivoire\/#website\"},\"primaryImageOfPage\":{\"@id\":\"https:\/\/www.africa-press.net\/cotedivoire\/sports\/mercato-lelephant-christopher-operi-quitte-le-havre-et-sengage-avec-le-club-turc-distanbul-basaksehir#primaryimage\"},\"image\":{\"@id\":\"https:\/\/www.africa-press.net\/cotedivoire\/sports\/mercato-lelephant-christopher-operi-quitte-le-havre-et-sengage-avec-le-club-turc-distanbul-basaksehir#primaryimage\"},\"thumbnailUrl\":\"https:\/\/static.africa-press.net\/cote\/sites\/43\/2025\/01\/sm_1736339538.491341.jpg\",\"datePublished\":\"2025-01-08T14:40:53+00:00\",\"dateModified\":\"2025-01-08T17:25:13+00:00\",\"author\":{\"@id\":\"https:\/\/www.africa-press.net\/cotedivoire\/#\/schema\/person\/2b1cf3cd81a31e3cd26889ca66d677f1\"},\"description\":\"Le Mercato hivernal bat son plein en Europe en vue de la deuxie\u0300me de la saison 2024-2025. Les clubs europe\u0301ens se renfo ...\",\"breadcrumb\":{\"@id\":\"https:\/\/www.africa-press.net\/cotedivoire\/sports\/mercato-lelephant-christopher-operi-quitte-le-havre-et-sengage-avec-le-club-turc-distanbul-basaksehir#breadcrumb\"},\"inLanguage\":\"fr-FR\",\"potentialAction\":[{\"@type\":\"ReadAction\",\"target\":[\"https:\/\/www.africa-press.net\/cotedivoire\/sports\/mercato-lelephant-christopher-operi-quitte-le-havre-et-sengage-avec-le-club-turc-distanbul-basaksehir\"]}]},{\"@type\":\"ImageObject\",\"inLanguage\":\"fr-FR\",\"@id\":\"https:\/\/www.africa-press.net\/cotedivoire\/sports\/mercato-lelephant-christopher-operi-quitte-le-havre-et-sengage-avec-le-club-turc-distanbul-basaksehir#primaryimage\",\"url\":\"https:\/\/static.africa-press.net\/cote\/sites\/43\/2025\/01\/sm_1736339538.491341.jpg\",\"contentUrl\":\"https:\/\/static.africa-press.net\/cote\/sites\/43\/2025\/01\/sm_1736339538.491341.jpg\",\"width\":720,\"height\":422,\"caption\":\"Mercato, l'\u00e9l\u00e9phant Christopher Op\u00e9ri quitte le Havre et s'engage avec le club Turc d'Istanbul Basaksehir\"},{\"@type\":\"BreadcrumbList\",\"@id\":\"https:\/\/www.africa-press.net\/cotedivoire\/sports\/mercato-lelephant-christopher-operi-quitte-le-havre-et-sengage-avec-le-club-turc-distanbul-basaksehir#breadcrumb\",\"itemListElement\":[{\"@type\":\"ListItem\",\"position\":1,\"name\":\"Accueil\",\"item\":\"https:\/\/www.africa-press.net\/cotedivoire\/\"},{\"@type\":\"ListItem\",\"position\":2,\"name\":\"Mercato, l&rsquo;\u00e9l\u00e9phant Christopher Op\u00e9ri quitte le Havre et s&rsquo;engage avec le club Turc d&rsquo;Istanbul Basaksehir\"}]},{\"@type\":\"WebSite\",\"@id\":\"https:\/\/www.africa-press.net\/cotedivoire\/#website\",\"url\":\"https:\/\/www.africa-press.net\/cotedivoire\/\",\"name\":\"C\u00f4te d&#039;Ivoire\",\"description\":\"Just another Africa News Agency Sites site\",\"potentialAction\":[{\"@type\":\"SearchAction\",\"target\":{\"@type\":\"EntryPoint\",\"urlTemplate\":\"https:\/\/www.africa-press.net\/cotedivoire\/?s={search_term_string}\"},\"query-input\":{\"@type\":\"PropertyValueSpecification\",\"valueRequired\":true,\"valueName\":\"search_term_string\"}}],\"inLanguage\":\"fr-FR\"},{\"@type\":\"Person\",\"@id\":\"https:\/\/www.africa-press.net\/cotedivoire\/#\/schema\/person\/2b1cf3cd81a31e3cd26889ca66d677f1\",\"name\":\"cfeditorfr\"}]}<\/script>\n<!-- \/ Yoast SEO Premium plugin. -->","yoast_head_json":{"title":"Mercato, l'\u00e9l\u00e9phant Christopher Op\u00e9ri quitte le Havre et s'engage avec le club Turc d'Istanbul Basaksehir - C\u00f4te d&#039;Ivoire","description":"Le Mercato hivernal bat son plein en Europe en vue de la deuxie\u0300me de la saison 2024-2025. Les clubs europe\u0301ens se renfo ...","robots":{"index":"index","follow":"follow","max-snippet":"max-snippet:-1","max-image-preview":"max-image-preview:large","max-video-preview":"max-video-preview:-1"},"canonical":"https:\/\/www.africa-press.net\/cotedivoire\/sports\/mercato-lelephant-christopher-operi-quitte-le-havre-et-sengage-avec-le-club-turc-distanbul-basaksehir","og_locale":"fr_FR","og_type":"article","og_title":"Mercato, l'\u00e9l\u00e9phant Christopher Op\u00e9ri quitte le Havre et s'engage avec le club Turc d'Istanbul Basaksehir","og_description":"Le Mercato hivernal bat son plein en Europe en vue de la deuxie\u0300me de la saison 2024-2025. Les clubs europe\u0301ens se renfo ...","og_url":"https:\/\/www.africa-press.net\/cotedivoire\/sports\/mercato-lelephant-christopher-operi-quitte-le-havre-et-sengage-avec-le-club-turc-distanbul-basaksehir","og_site_name":"C\u00f4te d&#039;Ivoire","article_published_time":"2025-01-08T14:40:53+00:00","article_modified_time":"2025-01-08T17:25:13+00:00","og_image":[{"width":720,"height":422,"url":"https:\/\/static.africa-press.net\/cote\/sites\/43\/2025\/01\/sm_1736339538.491341.jpg","type":"image\/jpeg"}],"author":"cfeditorfr","twitter_card":"summary_large_image","twitter_misc":{"\u00c9crit par":"cfeditorfr","Dur\u00e9e de lecture estim\u00e9e":"1 minute"},"schema":{"@context":"https:\/\/schema.org","@graph":[{"@type":"Article","@id":"https:\/\/www.africa-press.net\/cotedivoire\/sports\/mercato-lelephant-christopher-operi-quitte-le-havre-et-sengage-avec-le-club-turc-distanbul-basaksehir#article","isPartOf":{"@id":"https:\/\/www.africa-press.net\/cotedivoire\/sports\/mercato-lelephant-christopher-operi-quitte-le-havre-et-sengage-avec-le-club-turc-distanbul-basaksehir"},"author":{"name":"cfeditorfr","@id":"https:\/\/www.africa-press.net\/cotedivoire\/#\/schema\/person\/2b1cf3cd81a31e3cd26889ca66d677f1"},"headline":"Mercato, l&rsquo;\u00e9l\u00e9phant Christopher Op\u00e9ri quitte le Havre et s&rsquo;engage avec le club Turc d&rsquo;Istanbul Basaksehir","datePublished":"2025-01-08T14:40:53+00:00","dateModified":"2025-01-08T17:25:13+00:00","mainEntityOfPage":{"@id":"https:\/\/www.africa-press.net\/cotedivoire\/sports\/mercato-lelephant-christopher-operi-quitte-le-havre-et-sengage-avec-le-club-turc-distanbul-basaksehir"},"wordCount":250,"commentCount":0,"image":{"@id":"https:\/\/www.africa-press.net\/cotedivoire\/sports\/mercato-lelephant-christopher-operi-quitte-le-havre-et-sengage-avec-le-club-turc-distanbul-basaksehir#primaryimage"},"thumbnailUrl":"https:\/\/static.africa-press.net\/cote\/sites\/43\/2025\/01\/sm_1736339538.491341.jpg","keywords":["Christopher Op\u00e9ri","C\u00d4TE D'IVOIRE","\u00e9l\u00e9phant","Havre","Istanbul Basaksehir","Mercato"],"articleSection":["Sports","Toutes les actualit\u00e9s"],"inLanguage":"fr-FR","potentialAction":[{"@type":"CommentAction","name":"Comment","target":["https:\/\/www.africa-press.net\/cotedivoire\/sports\/mercato-lelephant-christopher-operi-quitte-le-havre-et-sengage-avec-le-club-turc-distanbul-basaksehir#respond"]}]},{"@type":"WebPage","@id":"https:\/\/www.africa-press.net\/cotedivoire\/sports\/mercato-lelephant-christopher-operi-quitte-le-havre-et-sengage-avec-le-club-turc-distanbul-basaksehir","url":"https:\/\/www.africa-press.net\/cotedivoire\/sports\/mercato-lelephant-christopher-operi-quitte-le-havre-et-sengage-avec-le-club-turc-distanbul-basaksehir","name":"Mercato, l'\u00e9l\u00e9phant Christopher Op\u00e9ri quitte le Havre et s'engage avec le club Turc d'Istanbul Basaksehir - C\u00f4te d&#039;Ivoire","isPartOf":{"@id":"https:\/\/www.africa-press.net\/cotedivoire\/#website"},"primaryImageOfPage":{"@id":"https:\/\/www.africa-press.net\/cotedivoire\/sports\/mercato-lelephant-christopher-operi-quitte-le-havre-et-sengage-avec-le-club-turc-distanbul-basaksehir#primaryimage"},"image":{"@id":"https:\/\/www.africa-press.net\/cotedivoire\/sports\/mercato-lelephant-christopher-operi-quitte-le-havre-et-sengage-avec-le-club-turc-distanbul-basaksehir#primaryimage"},"thumbnailUrl":"https:\/\/static.africa-press.net\/cote\/sites\/43\/2025\/01\/sm_1736339538.491341.jpg","datePublished":"2025-01-08T14:40:53+00:00","dateModified":"2025-01-08T17:25:13+00:00","author":{"@id":"https:\/\/www.africa-press.net\/cotedivoire\/#\/schema\/person\/2b1cf3cd81a31e3cd26889ca66d677f1"},"description":"Le Mercato hivernal bat son plein en Europe en vue de la deuxie\u0300me de la saison 2024-2025. Les clubs europe\u0301ens se renfo ...","breadcrumb":{"@id":"https:\/\/www.africa-press.net\/cotedivoire\/sports\/mercato-lelephant-christopher-operi-quitte-le-havre-et-sengage-avec-le-club-turc-distanbul-basaksehir#breadcrumb"},"inLanguage":"fr-FR","potentialAction":[{"@type":"ReadAction","target":["https:\/\/www.africa-press.net\/cotedivoire\/sports\/mercato-lelephant-christopher-operi-quitte-le-havre-et-sengage-avec-le-club-turc-distanbul-basaksehir"]}]},{"@type":"ImageObject","inLanguage":"fr-FR","@id":"https:\/\/www.africa-press.net\/cotedivoire\/sports\/mercato-lelephant-christopher-operi-quitte-le-havre-et-sengage-avec-le-club-turc-distanbul-basaksehir#primaryimage","url":"https:\/\/static.africa-press.net\/cote\/sites\/43\/2025\/01\/sm_1736339538.491341.jpg","contentUrl":"https:\/\/static.africa-press.net\/cote\/sites\/43\/2025\/01\/sm_1736339538.491341.jpg","width":720,"height":422,"caption":"Mercato, l'\u00e9l\u00e9phant Christopher Op\u00e9ri quitte le Havre et s'engage avec le club Turc d'Istanbul Basaksehir"},{"@type":"BreadcrumbList","@id":"https:\/\/www.africa-press.net\/cotedivoire\/sports\/mercato-lelephant-christopher-operi-quitte-le-havre-et-sengage-avec-le-club-turc-distanbul-basaksehir#breadcrumb","itemListElement":[{"@type":"ListItem","position":1,"name":"Accueil","item":"https:\/\/www.africa-press.net\/cotedivoire\/"},{"@type":"ListItem","position":2,"name":"Mercato, l&rsquo;\u00e9l\u00e9phant Christopher Op\u00e9ri quitte le Havre et s&rsquo;engage avec le club Turc d&rsquo;Istanbul Basaksehir"}]},{"@type":"WebSite","@id":"https:\/\/www.africa-press.net\/cotedivoire\/#website","url":"https:\/\/www.africa-press.net\/cotedivoire\/","name":"C\u00f4te d&#039;Ivoire","description":"Just another Africa News Agency Sites site","potentialAction":[{"@type":"SearchAction","target":{"@type":"EntryPoint","urlTemplate":"https:\/\/www.africa-press.net\/cotedivoire\/?s={search_term_string}"},"query-input":{"@type":"PropertyValueSpecification","valueRequired":true,"valueName":"search_term_string"}}],"inLanguage":"fr-FR"},{"@type":"Person","@id":"https:\/\/www.africa-press.net\/cotedivoire\/#\/schema\/person\/2b1cf3cd81a31e3cd26889ca66d677f1","name":"cfeditorfr"}]}},"_links":{"self":[{"href":"https:\/\/www.africa-press.net\/cotedivoire\/wp-json\/wp\/v2\/posts\/93485","targetHints":{"allow":["GET"]}}],"collection":[{"href":"https:\/\/www.africa-press.net\/cotedivoire\/wp-json\/wp\/v2\/posts"}],"about":[{"href":"https:\/\/www.africa-press.net\/cotedivoire\/wp-json\/wp\/v2\/types\/post"}],"author":[{"embeddable":true,"href":"https:\/\/www.africa-press.net\/cotedivoire\/wp-json\/wp\/v2\/users\/82"}],"replies":[{"embeddable":true,"href":"https:\/\/www.africa-press.net\/cotedivoire\/wp-json\/wp\/v2\/comments?post=93485"}],"version-history":[{"count":0,"href":"https:\/\/www.africa-press.net\/cotedivoire\/wp-json\/wp\/v2\/posts\/93485\/revisions"}],"wp:featuredmedia":[{"embeddable":true,"href":"https:\/\/www.africa-press.net\/cotedivoire\/wp-json\/wp\/v2\/media\/93484"}],"wp:attachment":[{"href":"https:\/\/www.africa-press.net\/cotedivoire\/wp-json\/wp\/v2\/media?parent=93485"}],"wp:term":[{"taxonomy":"category","embeddable":true,"href":"https:\/\/www.africa-press.net\/cotedivoire\/wp-json\/wp\/v2\/categories?post=93485"},{"taxonomy":"post_tag","embeddable":true,"href":"https:\/\/www.africa-press.net\/cotedivoire\/wp-json\/wp\/v2\/tags?post=93485"}],"curies":[{"name":"wp","href":"https:\/\/api.w.org\/{rel}","templated":true}]}}