{"id":9354,"date":"2021-06-23T18:05:13","date_gmt":"2021-06-23T18:05:13","guid":{"rendered":"https:\/\/www.africa-press.net\/cotedivoire\/?p=9354"},"modified":"2021-06-23T18:39:47","modified_gmt":"2021-06-23T18:39:47","slug":"cote-divoire-laurent-et-simone-gbagbo-un-divorce-familial-et-politique","status":"publish","type":"post","link":"https:\/\/www.africa-press.net\/cotedivoire\/video\/cote-divoire-laurent-et-simone-gbagbo-un-divorce-familial-et-politique","title":{"rendered":"Laurent et Simone Gbagbo, un divorce familial et politique"},"content":{"rendered":"<p><span style=\"color: #ff6600\"><strong><a href=\"https:\/\/www.africa-press.net\/\">Africa-Press<\/a> &#8211; <a href=\"https:\/\/www.africa-press.net\/cotedivoire\">C\u00f4te d&rsquo;Ivoire<\/a>. <\/strong><\/span><b>Laurent Gbagbo a demand\u00e9 le divorce quelques jours apr\u00e8s son retour en C\u00f4te d&rsquo;Ivoire. L&rsquo;ex-pr\u00e9sident ivoirien se s\u00e9pare de son \u00e9pouse Simone Gbagbo. Ils s\u2019\u00e9taient mari\u00e9s en 1989 et elle avait particip\u00e9 \u00e0 la fondation de son parti, le Front populaire ivoirien (FPI). Explications depuis Abidjan dans ce journal.<\/b><\/p>\n<p>Au Burkina Faso, une dizaine de policiers ont \u00e9t\u00e9 tu\u00e9s, lundi 21 juin, dans le nord du pays. L\u2019embuscade aurait \u00e9t\u00e9 tendue par des jihadistes. Selon plusieurs sources s\u00e9curitaires, quatre policiers sont \u00e9galement port\u00e9s disparus.<\/p>\n<p>\u00c0 Goma, en R\u00e9publique d\u00e9mocratique du Congo, les d\u00e9g\u00e2ts provoqu\u00e9s par l\u2019\u00e9ruption du volcan Niyragongo le mois dernier restent importants : le r\u00e9seau de distribution d\u2019eau est encore fortement endommag\u00e9 et la p\u00e9nurie fait courir un risque sanitaire de taille aux populations environnantes.<\/p>\n<p><span style=\"color: #ff6600\"><b>vid\u00e9o: <\/b><\/span><\/p>\n<p><iframe loading=\"lazy\" title=\"Laurent et Simone Gbagbo, un divorce familial et politique\" width=\"696\" height=\"392\" src=\"https:\/\/www.youtube.com\/embed\/3DKcsO02h0k?feature=oembed\" frameborder=\"0\" allow=\"accelerometer; autoplay; clipboard-write; encrypted-media; gyroscope; picture-in-picture\" allowfullscreen><\/iframe><\/p>\n","protected":false},"excerpt":{"rendered":"<p>Africa-Press &#8211; C\u00f4te d&rsquo;Ivoire. Laurent Gbagbo a demand\u00e9 le divorce quelques jours apr\u00e8s son retour en C\u00f4te d&rsquo;Ivoire. L&rsquo;ex-pr\u00e9sident ivoirien se s\u00e9pare de son \u00e9pouse Simone Gbagbo. Ils s\u2019\u00e9taient mari\u00e9s en 1989 et elle avait particip\u00e9 \u00e0 la fondation de son parti, le Front populaire ivoirien (FPI). Explications depuis Abidjan dans ce journal. Au Burkina [&hellip;]<\/p>\n","protected":false},"author":82,"featured_media":9353,"comment_status":"open","ping_status":"closed","sticky":false,"template":"","format":"standard","meta":{"footnotes":""},"categories":[11,10,9],"tags":[56,63,35,115,29,50,223,222],"class_list":["post-9354","post","type-post","status-publish","format-standard","has-post-thumbnail","hentry","category-homepage-french","category-toutes-les-actualites","category-video","tag-africa-press","tag-africa-press-cote-divoire","tag-afrique","tag-burkina-faso","tag-cote-divoire","tag-laurent-gbagbo","tag-rd-congo","tag-simone-gbagbo"],"yoast_head":"<!-- This site is optimized with the Yoast SEO Premium plugin v26.1 (Yoast SEO v27.0) - https:\/\/yoast.com\/product\/yoast-seo-premium-wordpress\/ -->\n<title>Laurent et Simone Gbagbo, un divorce familial et politique - C\u00f4te d&#039;Ivoire<\/title>\n<meta name=\"description\" content=\"Laurent Gbagbo a demand\u00e9 le divorce quelques jours apr\u00e8s son retour en C\u00f4te d&#039;Ivoire. L&#039;ex-pr\u00e9sident ivoirien se s\u00e9pa ...\" \/>\n<meta name=\"robots\" content=\"index, follow, max-snippet:-1, max-image-preview:large, max-video-preview:-1\" \/>\n<link rel=\"canonical\" href=\"https:\/\/www.africa-press.net\/cotedivoire\/video\/cote-divoire-laurent-et-simone-gbagbo-un-divorce-familial-et-politique\" \/>\n<meta property=\"og:locale\" content=\"fr_FR\" \/>\n<meta property=\"og:type\" content=\"article\" \/>\n<meta property=\"og:title\" content=\"Laurent et Simone Gbagbo, un divorce familial et politique\" \/>\n<meta property=\"og:description\" content=\"Laurent Gbagbo a demand\u00e9 le divorce quelques jours apr\u00e8s son retour en C\u00f4te d&#039;Ivoire. L&#039;ex-pr\u00e9sident ivoirien se s\u00e9pa ...\" \/>\n<meta property=\"og:url\" content=\"https:\/\/www.africa-press.net\/cotedivoire\/video\/cote-divoire-laurent-et-simone-gbagbo-un-divorce-familial-et-politique\" \/>\n<meta property=\"og:site_name\" content=\"C\u00f4te d&#039;Ivoire\" \/>\n<meta property=\"article:published_time\" content=\"2021-06-23T18:05:13+00:00\" \/>\n<meta property=\"article:modified_time\" content=\"2021-06-23T18:39:47+00:00\" \/>\n<meta property=\"og:image\" content=\"https:\/\/static.africa-press.net\/cote\/sites\/43\/2021\/06\/img-60d362e1a1b16.jpg\" \/>\n\t<meta property=\"og:image:width\" content=\"1920\" \/>\n\t<meta property=\"og:image:height\" content=\"1080\" \/>\n\t<meta property=\"og:image:type\" content=\"image\/jpeg\" \/>\n<meta name=\"author\" content=\"cfeditorfr\" \/>\n<meta name=\"twitter:card\" content=\"summary_large_image\" \/>\n<meta name=\"twitter:label1\" content=\"\u00c9crit par\" \/>\n\t<meta name=\"twitter:data1\" content=\"cfeditorfr\" \/>\n\t<meta name=\"twitter:label2\" content=\"Dur\u00e9e de lecture estim\u00e9e\" \/>\n\t<meta name=\"twitter:data2\" content=\"1 minute\" \/>\n<script type=\"application\/ld+json\" class=\"yoast-schema-graph\">{\"@context\":\"https:\/\/schema.org\",\"@graph\":[{\"@type\":\"Article\",\"@id\":\"https:\/\/www.africa-press.net\/cotedivoire\/video\/cote-divoire-laurent-et-simone-gbagbo-un-divorce-familial-et-politique#article\",\"isPartOf\":{\"@id\":\"https:\/\/www.africa-press.net\/cotedivoire\/video\/cote-divoire-laurent-et-simone-gbagbo-un-divorce-familial-et-politique\"},\"author\":{\"name\":\"cfeditorfr\",\"@id\":\"https:\/\/www.africa-press.net\/cotedivoire\/#\/schema\/person\/2b1cf3cd81a31e3cd26889ca66d677f1\"},\"headline\":\"Laurent et Simone Gbagbo, un divorce familial et politique\",\"datePublished\":\"2021-06-23T18:05:13+00:00\",\"dateModified\":\"2021-06-23T18:39:47+00:00\",\"mainEntityOfPage\":{\"@id\":\"https:\/\/www.africa-press.net\/cotedivoire\/video\/cote-divoire-laurent-et-simone-gbagbo-un-divorce-familial-et-politique\"},\"wordCount\":169,\"commentCount\":0,\"image\":{\"@id\":\"https:\/\/www.africa-press.net\/cotedivoire\/video\/cote-divoire-laurent-et-simone-gbagbo-un-divorce-familial-et-politique#primaryimage\"},\"thumbnailUrl\":\"https:\/\/static.africa-press.net\/cote\/sites\/43\/2021\/06\/img-60d362e1a1b16.jpg\",\"keywords\":[\"Africa Press\",\"Africa Press-C\u00f4te d'Ivoire\",\"Afrique\",\"Burkina Faso\",\"C\u00d4TE D'IVOIRE\",\"Laurent Gbagbo\",\"RD Congo\",\"Simone Gbagbo\"],\"articleSection\":[\"homepage-french\",\"Toutes les actualit\u00e9s\",\"vid\u00e9o\"],\"inLanguage\":\"fr-FR\",\"potentialAction\":[{\"@type\":\"CommentAction\",\"name\":\"Comment\",\"target\":[\"https:\/\/www.africa-press.net\/cotedivoire\/video\/cote-divoire-laurent-et-simone-gbagbo-un-divorce-familial-et-politique#respond\"]}]},{\"@type\":\"WebPage\",\"@id\":\"https:\/\/www.africa-press.net\/cotedivoire\/video\/cote-divoire-laurent-et-simone-gbagbo-un-divorce-familial-et-politique\",\"url\":\"https:\/\/www.africa-press.net\/cotedivoire\/video\/cote-divoire-laurent-et-simone-gbagbo-un-divorce-familial-et-politique\",\"name\":\"Laurent et Simone Gbagbo, un divorce familial et politique - C\u00f4te d&#039;Ivoire\",\"isPartOf\":{\"@id\":\"https:\/\/www.africa-press.net\/cotedivoire\/#website\"},\"primaryImageOfPage\":{\"@id\":\"https:\/\/www.africa-press.net\/cotedivoire\/video\/cote-divoire-laurent-et-simone-gbagbo-un-divorce-familial-et-politique#primaryimage\"},\"image\":{\"@id\":\"https:\/\/www.africa-press.net\/cotedivoire\/video\/cote-divoire-laurent-et-simone-gbagbo-un-divorce-familial-et-politique#primaryimage\"},\"thumbnailUrl\":\"https:\/\/static.africa-press.net\/cote\/sites\/43\/2021\/06\/img-60d362e1a1b16.jpg\",\"datePublished\":\"2021-06-23T18:05:13+00:00\",\"dateModified\":\"2021-06-23T18:39:47+00:00\",\"author\":{\"@id\":\"https:\/\/www.africa-press.net\/cotedivoire\/#\/schema\/person\/2b1cf3cd81a31e3cd26889ca66d677f1\"},\"description\":\"Laurent Gbagbo a demand\u00e9 le divorce quelques jours apr\u00e8s son retour en C\u00f4te d'Ivoire. L'ex-pr\u00e9sident ivoirien se s\u00e9pa ...\",\"breadcrumb\":{\"@id\":\"https:\/\/www.africa-press.net\/cotedivoire\/video\/cote-divoire-laurent-et-simone-gbagbo-un-divorce-familial-et-politique#breadcrumb\"},\"inLanguage\":\"fr-FR\",\"potentialAction\":[{\"@type\":\"ReadAction\",\"target\":[\"https:\/\/www.africa-press.net\/cotedivoire\/video\/cote-divoire-laurent-et-simone-gbagbo-un-divorce-familial-et-politique\"]}]},{\"@type\":\"ImageObject\",\"inLanguage\":\"fr-FR\",\"@id\":\"https:\/\/www.africa-press.net\/cotedivoire\/video\/cote-divoire-laurent-et-simone-gbagbo-un-divorce-familial-et-politique#primaryimage\",\"url\":\"https:\/\/static.africa-press.net\/cote\/sites\/43\/2021\/06\/img-60d362e1a1b16.jpg\",\"contentUrl\":\"https:\/\/static.africa-press.net\/cote\/sites\/43\/2021\/06\/img-60d362e1a1b16.jpg\",\"width\":1920,\"height\":1080,\"caption\":\"C\u00f4te d'Ivoire : Laurent et Simone Gbagbo, un divorce familial et politique\"},{\"@type\":\"BreadcrumbList\",\"@id\":\"https:\/\/www.africa-press.net\/cotedivoire\/video\/cote-divoire-laurent-et-simone-gbagbo-un-divorce-familial-et-politique#breadcrumb\",\"itemListElement\":[{\"@type\":\"ListItem\",\"position\":1,\"name\":\"Accueil\",\"item\":\"https:\/\/www.africa-press.net\/cotedivoire\/\"},{\"@type\":\"ListItem\",\"position\":2,\"name\":\"Laurent et Simone Gbagbo, un divorce familial et politique\"}]},{\"@type\":\"WebSite\",\"@id\":\"https:\/\/www.africa-press.net\/cotedivoire\/#website\",\"url\":\"https:\/\/www.africa-press.net\/cotedivoire\/\",\"name\":\"C\u00f4te d&#039;Ivoire\",\"description\":\"Just another Africa News Agency Sites site\",\"potentialAction\":[{\"@type\":\"SearchAction\",\"target\":{\"@type\":\"EntryPoint\",\"urlTemplate\":\"https:\/\/www.africa-press.net\/cotedivoire\/?s={search_term_string}\"},\"query-input\":{\"@type\":\"PropertyValueSpecification\",\"valueRequired\":true,\"valueName\":\"search_term_string\"}}],\"inLanguage\":\"fr-FR\"},{\"@type\":\"Person\",\"@id\":\"https:\/\/www.africa-press.net\/cotedivoire\/#\/schema\/person\/2b1cf3cd81a31e3cd26889ca66d677f1\",\"name\":\"cfeditorfr\"}]}<\/script>\n<!-- \/ Yoast SEO Premium plugin. -->","yoast_head_json":{"title":"Laurent et Simone Gbagbo, un divorce familial et politique - C\u00f4te d&#039;Ivoire","description":"Laurent Gbagbo a demand\u00e9 le divorce quelques jours apr\u00e8s son retour en C\u00f4te d'Ivoire. L'ex-pr\u00e9sident ivoirien se s\u00e9pa ...","robots":{"index":"index","follow":"follow","max-snippet":"max-snippet:-1","max-image-preview":"max-image-preview:large","max-video-preview":"max-video-preview:-1"},"canonical":"https:\/\/www.africa-press.net\/cotedivoire\/video\/cote-divoire-laurent-et-simone-gbagbo-un-divorce-familial-et-politique","og_locale":"fr_FR","og_type":"article","og_title":"Laurent et Simone Gbagbo, un divorce familial et politique","og_description":"Laurent Gbagbo a demand\u00e9 le divorce quelques jours apr\u00e8s son retour en C\u00f4te d'Ivoire. L'ex-pr\u00e9sident ivoirien se s\u00e9pa ...","og_url":"https:\/\/www.africa-press.net\/cotedivoire\/video\/cote-divoire-laurent-et-simone-gbagbo-un-divorce-familial-et-politique","og_site_name":"C\u00f4te d&#039;Ivoire","article_published_time":"2021-06-23T18:05:13+00:00","article_modified_time":"2021-06-23T18:39:47+00:00","og_image":[{"width":1920,"height":1080,"url":"https:\/\/static.africa-press.net\/cote\/sites\/43\/2021\/06\/img-60d362e1a1b16.jpg","type":"image\/jpeg"}],"author":"cfeditorfr","twitter_card":"summary_large_image","twitter_misc":{"\u00c9crit par":"cfeditorfr","Dur\u00e9e de lecture estim\u00e9e":"1 minute"},"schema":{"@context":"https:\/\/schema.org","@graph":[{"@type":"Article","@id":"https:\/\/www.africa-press.net\/cotedivoire\/video\/cote-divoire-laurent-et-simone-gbagbo-un-divorce-familial-et-politique#article","isPartOf":{"@id":"https:\/\/www.africa-press.net\/cotedivoire\/video\/cote-divoire-laurent-et-simone-gbagbo-un-divorce-familial-et-politique"},"author":{"name":"cfeditorfr","@id":"https:\/\/www.africa-press.net\/cotedivoire\/#\/schema\/person\/2b1cf3cd81a31e3cd26889ca66d677f1"},"headline":"Laurent et Simone Gbagbo, un divorce familial et politique","datePublished":"2021-06-23T18:05:13+00:00","dateModified":"2021-06-23T18:39:47+00:00","mainEntityOfPage":{"@id":"https:\/\/www.africa-press.net\/cotedivoire\/video\/cote-divoire-laurent-et-simone-gbagbo-un-divorce-familial-et-politique"},"wordCount":169,"commentCount":0,"image":{"@id":"https:\/\/www.africa-press.net\/cotedivoire\/video\/cote-divoire-laurent-et-simone-gbagbo-un-divorce-familial-et-politique#primaryimage"},"thumbnailUrl":"https:\/\/static.africa-press.net\/cote\/sites\/43\/2021\/06\/img-60d362e1a1b16.jpg","keywords":["Africa Press","Africa Press-C\u00f4te d'Ivoire","Afrique","Burkina Faso","C\u00d4TE D'IVOIRE","Laurent Gbagbo","RD Congo","Simone Gbagbo"],"articleSection":["homepage-french","Toutes les actualit\u00e9s","vid\u00e9o"],"inLanguage":"fr-FR","potentialAction":[{"@type":"CommentAction","name":"Comment","target":["https:\/\/www.africa-press.net\/cotedivoire\/video\/cote-divoire-laurent-et-simone-gbagbo-un-divorce-familial-et-politique#respond"]}]},{"@type":"WebPage","@id":"https:\/\/www.africa-press.net\/cotedivoire\/video\/cote-divoire-laurent-et-simone-gbagbo-un-divorce-familial-et-politique","url":"https:\/\/www.africa-press.net\/cotedivoire\/video\/cote-divoire-laurent-et-simone-gbagbo-un-divorce-familial-et-politique","name":"Laurent et Simone Gbagbo, un divorce familial et politique - C\u00f4te d&#039;Ivoire","isPartOf":{"@id":"https:\/\/www.africa-press.net\/cotedivoire\/#website"},"primaryImageOfPage":{"@id":"https:\/\/www.africa-press.net\/cotedivoire\/video\/cote-divoire-laurent-et-simone-gbagbo-un-divorce-familial-et-politique#primaryimage"},"image":{"@id":"https:\/\/www.africa-press.net\/cotedivoire\/video\/cote-divoire-laurent-et-simone-gbagbo-un-divorce-familial-et-politique#primaryimage"},"thumbnailUrl":"https:\/\/static.africa-press.net\/cote\/sites\/43\/2021\/06\/img-60d362e1a1b16.jpg","datePublished":"2021-06-23T18:05:13+00:00","dateModified":"2021-06-23T18:39:47+00:00","author":{"@id":"https:\/\/www.africa-press.net\/cotedivoire\/#\/schema\/person\/2b1cf3cd81a31e3cd26889ca66d677f1"},"description":"Laurent Gbagbo a demand\u00e9 le divorce quelques jours apr\u00e8s son retour en C\u00f4te d'Ivoire. L'ex-pr\u00e9sident ivoirien se s\u00e9pa ...","breadcrumb":{"@id":"https:\/\/www.africa-press.net\/cotedivoire\/video\/cote-divoire-laurent-et-simone-gbagbo-un-divorce-familial-et-politique#breadcrumb"},"inLanguage":"fr-FR","potentialAction":[{"@type":"ReadAction","target":["https:\/\/www.africa-press.net\/cotedivoire\/video\/cote-divoire-laurent-et-simone-gbagbo-un-divorce-familial-et-politique"]}]},{"@type":"ImageObject","inLanguage":"fr-FR","@id":"https:\/\/www.africa-press.net\/cotedivoire\/video\/cote-divoire-laurent-et-simone-gbagbo-un-divorce-familial-et-politique#primaryimage","url":"https:\/\/static.africa-press.net\/cote\/sites\/43\/2021\/06\/img-60d362e1a1b16.jpg","contentUrl":"https:\/\/static.africa-press.net\/cote\/sites\/43\/2021\/06\/img-60d362e1a1b16.jpg","width":1920,"height":1080,"caption":"C\u00f4te d'Ivoire : Laurent et Simone Gbagbo, un divorce familial et politique"},{"@type":"BreadcrumbList","@id":"https:\/\/www.africa-press.net\/cotedivoire\/video\/cote-divoire-laurent-et-simone-gbagbo-un-divorce-familial-et-politique#breadcrumb","itemListElement":[{"@type":"ListItem","position":1,"name":"Accueil","item":"https:\/\/www.africa-press.net\/cotedivoire\/"},{"@type":"ListItem","position":2,"name":"Laurent et Simone Gbagbo, un divorce familial et politique"}]},{"@type":"WebSite","@id":"https:\/\/www.africa-press.net\/cotedivoire\/#website","url":"https:\/\/www.africa-press.net\/cotedivoire\/","name":"C\u00f4te d&#039;Ivoire","description":"Just another Africa News Agency Sites site","potentialAction":[{"@type":"SearchAction","target":{"@type":"EntryPoint","urlTemplate":"https:\/\/www.africa-press.net\/cotedivoire\/?s={search_term_string}"},"query-input":{"@type":"PropertyValueSpecification","valueRequired":true,"valueName":"search_term_string"}}],"inLanguage":"fr-FR"},{"@type":"Person","@id":"https:\/\/www.africa-press.net\/cotedivoire\/#\/schema\/person\/2b1cf3cd81a31e3cd26889ca66d677f1","name":"cfeditorfr"}]}},"_links":{"self":[{"href":"https:\/\/www.africa-press.net\/cotedivoire\/wp-json\/wp\/v2\/posts\/9354","targetHints":{"allow":["GET"]}}],"collection":[{"href":"https:\/\/www.africa-press.net\/cotedivoire\/wp-json\/wp\/v2\/posts"}],"about":[{"href":"https:\/\/www.africa-press.net\/cotedivoire\/wp-json\/wp\/v2\/types\/post"}],"author":[{"embeddable":true,"href":"https:\/\/www.africa-press.net\/cotedivoire\/wp-json\/wp\/v2\/users\/82"}],"replies":[{"embeddable":true,"href":"https:\/\/www.africa-press.net\/cotedivoire\/wp-json\/wp\/v2\/comments?post=9354"}],"version-history":[{"count":0,"href":"https:\/\/www.africa-press.net\/cotedivoire\/wp-json\/wp\/v2\/posts\/9354\/revisions"}],"wp:featuredmedia":[{"embeddable":true,"href":"https:\/\/www.africa-press.net\/cotedivoire\/wp-json\/wp\/v2\/media\/9353"}],"wp:attachment":[{"href":"https:\/\/www.africa-press.net\/cotedivoire\/wp-json\/wp\/v2\/media?parent=9354"}],"wp:term":[{"taxonomy":"category","embeddable":true,"href":"https:\/\/www.africa-press.net\/cotedivoire\/wp-json\/wp\/v2\/categories?post=9354"},{"taxonomy":"post_tag","embeddable":true,"href":"https:\/\/www.africa-press.net\/cotedivoire\/wp-json\/wp\/v2\/tags?post=9354"}],"curies":[{"name":"wp","href":"https:\/\/api.w.org\/{rel}","templated":true}]}}