{"id":93543,"date":"2025-01-10T14:15:21","date_gmt":"2025-01-10T14:15:21","guid":{"rendered":"https:\/\/www.africa-press.net\/cotedivoire\/politique\/mercato-le-prodige-amad-diallo-prolonge-avec-manchester-united-jusquau-30-juin-2030"},"modified":"2025-01-10T14:15:21","modified_gmt":"2025-01-10T14:15:21","slug":"mercato-le-prodige-amad-diallo-prolonge-avec-manchester-united-jusquau-30-juin-2030","status":"publish","type":"post","link":"https:\/\/www.africa-press.net\/cotedivoire\/sports\/mercato-le-prodige-amad-diallo-prolonge-avec-manchester-united-jusquau-30-juin-2030","title":{"rendered":"Mercato, le prodige Amad Diallo prolonge avec Manchester United jusqu&rsquo;au 30 juin 2030"},"content":{"rendered":"<p><span style=\"color: #ff6600\"><strong>Africa-Press &#8211; C\u00f4te d&rsquo;Ivoire. <\/strong><\/span>A la faveur du Mercato hivernal qui bat son plein en Europe , l\u2019international ivoirien, Amad Diallo (22ans), a prolonge\u0301 son contrat avec Manchester United jusqu&rsquo;au 30 juin 2030.<\/p>\n<p>Apre\u0300s la signature de son contrat, l\u2019e\u0301le\u0301phant a exprime\u0301 sa joie de poursuivre l\u2019aventure chez les Reds Devils.<\/p>\n<p>\u00ab \u00ab Je suis vraiment fier d&rsquo;avoir signe\u0301 ce nouveau contrat. J&rsquo;ai de\u0301ja\u0300 ve\u0301cu des moments incroyables avec ce club, mais il y a encore tellement plus a\u0300 venir. J&rsquo;ai d&rsquo;e\u0301normes ambitions dans le jeu et je veux e\u0301crire l&rsquo;histoire a\u0300 Manchester United \u00bb, a de\u0301clare\u0301 Amad, avant d\u2019ajouter.<\/p>\n<p>\u00ab J\u2019ai beaucoup appris depuis mon arrive\u0301e ici il y a quatre ans. Je suis tre\u0300s reconnaissant envers les entrai\u0302neurs et le staff qui m\u2019ont aide\u0301 a\u0300 progresser, et envers les supporters qui me poussent chaque jour vers l\u2019avant \u00bb, puis de conclure.<\/p>\n<p>\u00ab Ce fut une saison difficile pour tout le monde, mais je crois fermement que nous sommes sur la bonne voie et que l\u2019avenir sera vraiment spe\u0301cial. Je suis pre\u0302t a\u0300 tout donner pour aider l\u2019e\u0301quipe et rendre a\u0300 nouveau nos supporters fiers. \u00bb<\/p>\n<p>L&rsquo;international ivoirien de 22 ans a dispute\u0301 50 matches et marque\u0301 neuf buts depuis qu&rsquo;il a rejoint Manchester Unit de en 2021.<\/p>\n<p>Cette saison, il a marque\u0301 six (06) buts pour sept (07) passes de\u0301cisives et remporte\u0301 deux fois le prix du joueur du mois du club.<\/p>\n<p><strong>Pour plus d&rsquo;informations et d&rsquo;analyses sur la <span style=\"color: #ff6600\">C\u00f4te d&rsquo;Ivoire<\/span>, suivez <span style=\"color: #ff6600\">Africa-Press<span style=\"color: #ff6600\"><\/span><\/strong><\/p>\n","protected":false},"excerpt":{"rendered":"<p>Africa-Press &#8211; C\u00f4te d&rsquo;Ivoire. A la faveur du Mercato hivernal qui bat son plein en Europe , l\u2019international ivoirien, Amad Diallo (22ans), a prolonge\u0301 son contrat avec Manchester United jusqu&rsquo;au 30 juin 2030. Apre\u0300s la signature de son contrat, l\u2019e\u0301le\u0301phant a exprime\u0301 sa joie de poursuivre l\u2019aventure chez les Reds Devils. \u00ab \u00ab Je suis [&hellip;]<\/p>\n","protected":false},"author":82,"featured_media":93542,"comment_status":"open","ping_status":"closed","sticky":false,"template":"","format":"standard","meta":{"footnotes":""},"categories":[6,10],"tags":[939,3011,37,4136,10829],"class_list":["post-93543","post","type-post","status-publish","format-standard","has-post-thumbnail","hentry","category-sports","category-toutes-les-actualites","tag-amad-diallo","tag-contrat","tag-cote-divoire-2","tag-manchester-united","tag-mercato"],"yoast_head":"<!-- This site is optimized with the Yoast SEO Premium plugin v26.1 (Yoast SEO v27.0) - https:\/\/yoast.com\/product\/yoast-seo-premium-wordpress\/ -->\n<title>Mercato, le prodige Amad Diallo prolonge avec Manchester United jusqu&#039;au 30 juin 2030 - C\u00f4te d&#039;Ivoire<\/title>\n<meta name=\"robots\" content=\"index, follow, max-snippet:-1, max-image-preview:large, max-video-preview:-1\" \/>\n<link rel=\"canonical\" href=\"https:\/\/www.africa-press.net\/cotedivoire\/politique\/mercato-le-prodige-amad-diallo-prolonge-avec-manchester-united-jusquau-30-juin-2030\" \/>\n<meta property=\"og:locale\" content=\"fr_FR\" \/>\n<meta property=\"og:type\" content=\"article\" \/>\n<meta property=\"og:title\" content=\"Mercato, le prodige Amad Diallo prolonge avec Manchester United jusqu&#039;au 30 juin 2030\" \/>\n<meta property=\"og:description\" content=\"Africa-Press &#8211; C\u00f4te d&rsquo;Ivoire. A la faveur du Mercato hivernal qui bat son plein en Europe , l\u2019international ivoirien, Amad Diallo (22ans), a prolonge\u0301 son contrat avec Manchester United jusqu&rsquo;au 30 juin 2030. Apre\u0300s la signature de son contrat, l\u2019e\u0301le\u0301phant a exprime\u0301 sa joie de poursuivre l\u2019aventure chez les Reds Devils. \u00ab \u00ab Je suis [&hellip;]\" \/>\n<meta property=\"og:url\" content=\"https:\/\/www.africa-press.net\/cotedivoire\/politique\/mercato-le-prodige-amad-diallo-prolonge-avec-manchester-united-jusquau-30-juin-2030\" \/>\n<meta property=\"og:site_name\" content=\"C\u00f4te d&#039;Ivoire\" \/>\n<meta property=\"article:published_time\" content=\"2025-01-10T14:15:21+00:00\" \/>\n<meta name=\"author\" content=\"cfeditorfr\" \/>\n<meta name=\"twitter:card\" content=\"summary_large_image\" \/>\n<meta name=\"twitter:label1\" content=\"\u00c9crit par\" \/>\n\t<meta name=\"twitter:data1\" content=\"cfeditorfr\" \/>\n\t<meta name=\"twitter:label2\" content=\"Dur\u00e9e de lecture estim\u00e9e\" \/>\n\t<meta name=\"twitter:data2\" content=\"1 minute\" \/>\n<script type=\"application\/ld+json\" class=\"yoast-schema-graph\">{\"@context\":\"https:\/\/schema.org\",\"@graph\":[{\"@type\":\"Article\",\"@id\":\"https:\/\/www.africa-press.net\/cotedivoire\/politique\/mercato-le-prodige-amad-diallo-prolonge-avec-manchester-united-jusquau-30-juin-2030#article\",\"isPartOf\":{\"@id\":\"https:\/\/www.africa-press.net\/cotedivoire\/politique\/mercato-le-prodige-amad-diallo-prolonge-avec-manchester-united-jusquau-30-juin-2030\"},\"author\":{\"name\":\"cfeditorfr\",\"@id\":\"https:\/\/www.africa-press.net\/cotedivoire\/#\/schema\/person\/2b1cf3cd81a31e3cd26889ca66d677f1\"},\"headline\":\"Mercato, le prodige Amad Diallo prolonge avec Manchester United jusqu&rsquo;au 30 juin 2030\",\"datePublished\":\"2025-01-10T14:15:21+00:00\",\"mainEntityOfPage\":{\"@id\":\"https:\/\/www.africa-press.net\/cotedivoire\/politique\/mercato-le-prodige-amad-diallo-prolonge-avec-manchester-united-jusquau-30-juin-2030\"},\"wordCount\":280,\"commentCount\":0,\"image\":{\"@id\":\"https:\/\/www.africa-press.net\/cotedivoire\/politique\/mercato-le-prodige-amad-diallo-prolonge-avec-manchester-united-jusquau-30-juin-2030#primaryimage\"},\"thumbnailUrl\":\"https:\/\/static.africa-press.net\/cote\/sites\/43\/2025\/01\/sm_1736506127.315688.jpg\",\"keywords\":[\"Amad Diallo\",\"contrat\",\"C\u00f4te d'Ivoire\",\"Manchester United\",\"Mercato\"],\"articleSection\":[\"Sports\",\"Toutes les actualit\u00e9s\"],\"inLanguage\":\"fr-FR\",\"potentialAction\":[{\"@type\":\"CommentAction\",\"name\":\"Comment\",\"target\":[\"https:\/\/www.africa-press.net\/cotedivoire\/politique\/mercato-le-prodige-amad-diallo-prolonge-avec-manchester-united-jusquau-30-juin-2030#respond\"]}]},{\"@type\":\"WebPage\",\"@id\":\"https:\/\/www.africa-press.net\/cotedivoire\/politique\/mercato-le-prodige-amad-diallo-prolonge-avec-manchester-united-jusquau-30-juin-2030\",\"url\":\"https:\/\/www.africa-press.net\/cotedivoire\/politique\/mercato-le-prodige-amad-diallo-prolonge-avec-manchester-united-jusquau-30-juin-2030\",\"name\":\"Mercato, le prodige Amad Diallo prolonge avec Manchester United jusqu'au 30 juin 2030 - C\u00f4te d&#039;Ivoire\",\"isPartOf\":{\"@id\":\"https:\/\/www.africa-press.net\/cotedivoire\/#website\"},\"primaryImageOfPage\":{\"@id\":\"https:\/\/www.africa-press.net\/cotedivoire\/politique\/mercato-le-prodige-amad-diallo-prolonge-avec-manchester-united-jusquau-30-juin-2030#primaryimage\"},\"image\":{\"@id\":\"https:\/\/www.africa-press.net\/cotedivoire\/politique\/mercato-le-prodige-amad-diallo-prolonge-avec-manchester-united-jusquau-30-juin-2030#primaryimage\"},\"thumbnailUrl\":\"https:\/\/static.africa-press.net\/cote\/sites\/43\/2025\/01\/sm_1736506127.315688.jpg\",\"datePublished\":\"2025-01-10T14:15:21+00:00\",\"author\":{\"@id\":\"https:\/\/www.africa-press.net\/cotedivoire\/#\/schema\/person\/2b1cf3cd81a31e3cd26889ca66d677f1\"},\"breadcrumb\":{\"@id\":\"https:\/\/www.africa-press.net\/cotedivoire\/politique\/mercato-le-prodige-amad-diallo-prolonge-avec-manchester-united-jusquau-30-juin-2030#breadcrumb\"},\"inLanguage\":\"fr-FR\",\"potentialAction\":[{\"@type\":\"ReadAction\",\"target\":[\"https:\/\/www.africa-press.net\/cotedivoire\/politique\/mercato-le-prodige-amad-diallo-prolonge-avec-manchester-united-jusquau-30-juin-2030\"]}]},{\"@type\":\"ImageObject\",\"inLanguage\":\"fr-FR\",\"@id\":\"https:\/\/www.africa-press.net\/cotedivoire\/politique\/mercato-le-prodige-amad-diallo-prolonge-avec-manchester-united-jusquau-30-juin-2030#primaryimage\",\"url\":\"https:\/\/static.africa-press.net\/cote\/sites\/43\/2025\/01\/sm_1736506127.315688.jpg\",\"contentUrl\":\"https:\/\/static.africa-press.net\/cote\/sites\/43\/2025\/01\/sm_1736506127.315688.jpg\",\"width\":720,\"height\":309,\"caption\":\"Mercato, le prodige Amad Diallo prolonge avec Manchester United jusqu'au 30 juin 2030\"},{\"@type\":\"BreadcrumbList\",\"@id\":\"https:\/\/www.africa-press.net\/cotedivoire\/politique\/mercato-le-prodige-amad-diallo-prolonge-avec-manchester-united-jusquau-30-juin-2030#breadcrumb\",\"itemListElement\":[{\"@type\":\"ListItem\",\"position\":1,\"name\":\"Accueil\",\"item\":\"https:\/\/www.africa-press.net\/cotedivoire\/\"},{\"@type\":\"ListItem\",\"position\":2,\"name\":\"Mercato, le prodige Amad Diallo prolonge avec Manchester United jusqu&rsquo;au 30 juin 2030\"}]},{\"@type\":\"WebSite\",\"@id\":\"https:\/\/www.africa-press.net\/cotedivoire\/#website\",\"url\":\"https:\/\/www.africa-press.net\/cotedivoire\/\",\"name\":\"C\u00f4te d&#039;Ivoire\",\"description\":\"Just another Africa News Agency Sites site\",\"potentialAction\":[{\"@type\":\"SearchAction\",\"target\":{\"@type\":\"EntryPoint\",\"urlTemplate\":\"https:\/\/www.africa-press.net\/cotedivoire\/?s={search_term_string}\"},\"query-input\":{\"@type\":\"PropertyValueSpecification\",\"valueRequired\":true,\"valueName\":\"search_term_string\"}}],\"inLanguage\":\"fr-FR\"},{\"@type\":\"Person\",\"@id\":\"https:\/\/www.africa-press.net\/cotedivoire\/#\/schema\/person\/2b1cf3cd81a31e3cd26889ca66d677f1\",\"name\":\"cfeditorfr\"}]}<\/script>\n<!-- \/ Yoast SEO Premium plugin. -->","yoast_head_json":{"title":"Mercato, le prodige Amad Diallo prolonge avec Manchester United jusqu'au 30 juin 2030 - C\u00f4te d&#039;Ivoire","robots":{"index":"index","follow":"follow","max-snippet":"max-snippet:-1","max-image-preview":"max-image-preview:large","max-video-preview":"max-video-preview:-1"},"canonical":"https:\/\/www.africa-press.net\/cotedivoire\/politique\/mercato-le-prodige-amad-diallo-prolonge-avec-manchester-united-jusquau-30-juin-2030","og_locale":"fr_FR","og_type":"article","og_title":"Mercato, le prodige Amad Diallo prolonge avec Manchester United jusqu'au 30 juin 2030","og_description":"Africa-Press &#8211; C\u00f4te d&rsquo;Ivoire. A la faveur du Mercato hivernal qui bat son plein en Europe , l\u2019international ivoirien, Amad Diallo (22ans), a prolonge\u0301 son contrat avec Manchester United jusqu&rsquo;au 30 juin 2030. Apre\u0300s la signature de son contrat, l\u2019e\u0301le\u0301phant a exprime\u0301 sa joie de poursuivre l\u2019aventure chez les Reds Devils. \u00ab \u00ab Je suis [&hellip;]","og_url":"https:\/\/www.africa-press.net\/cotedivoire\/politique\/mercato-le-prodige-amad-diallo-prolonge-avec-manchester-united-jusquau-30-juin-2030","og_site_name":"C\u00f4te d&#039;Ivoire","article_published_time":"2025-01-10T14:15:21+00:00","author":"cfeditorfr","twitter_card":"summary_large_image","twitter_misc":{"\u00c9crit par":"cfeditorfr","Dur\u00e9e de lecture estim\u00e9e":"1 minute"},"schema":{"@context":"https:\/\/schema.org","@graph":[{"@type":"Article","@id":"https:\/\/www.africa-press.net\/cotedivoire\/politique\/mercato-le-prodige-amad-diallo-prolonge-avec-manchester-united-jusquau-30-juin-2030#article","isPartOf":{"@id":"https:\/\/www.africa-press.net\/cotedivoire\/politique\/mercato-le-prodige-amad-diallo-prolonge-avec-manchester-united-jusquau-30-juin-2030"},"author":{"name":"cfeditorfr","@id":"https:\/\/www.africa-press.net\/cotedivoire\/#\/schema\/person\/2b1cf3cd81a31e3cd26889ca66d677f1"},"headline":"Mercato, le prodige Amad Diallo prolonge avec Manchester United jusqu&rsquo;au 30 juin 2030","datePublished":"2025-01-10T14:15:21+00:00","mainEntityOfPage":{"@id":"https:\/\/www.africa-press.net\/cotedivoire\/politique\/mercato-le-prodige-amad-diallo-prolonge-avec-manchester-united-jusquau-30-juin-2030"},"wordCount":280,"commentCount":0,"image":{"@id":"https:\/\/www.africa-press.net\/cotedivoire\/politique\/mercato-le-prodige-amad-diallo-prolonge-avec-manchester-united-jusquau-30-juin-2030#primaryimage"},"thumbnailUrl":"https:\/\/static.africa-press.net\/cote\/sites\/43\/2025\/01\/sm_1736506127.315688.jpg","keywords":["Amad Diallo","contrat","C\u00f4te d'Ivoire","Manchester United","Mercato"],"articleSection":["Sports","Toutes les actualit\u00e9s"],"inLanguage":"fr-FR","potentialAction":[{"@type":"CommentAction","name":"Comment","target":["https:\/\/www.africa-press.net\/cotedivoire\/politique\/mercato-le-prodige-amad-diallo-prolonge-avec-manchester-united-jusquau-30-juin-2030#respond"]}]},{"@type":"WebPage","@id":"https:\/\/www.africa-press.net\/cotedivoire\/politique\/mercato-le-prodige-amad-diallo-prolonge-avec-manchester-united-jusquau-30-juin-2030","url":"https:\/\/www.africa-press.net\/cotedivoire\/politique\/mercato-le-prodige-amad-diallo-prolonge-avec-manchester-united-jusquau-30-juin-2030","name":"Mercato, le prodige Amad Diallo prolonge avec Manchester United jusqu'au 30 juin 2030 - C\u00f4te d&#039;Ivoire","isPartOf":{"@id":"https:\/\/www.africa-press.net\/cotedivoire\/#website"},"primaryImageOfPage":{"@id":"https:\/\/www.africa-press.net\/cotedivoire\/politique\/mercato-le-prodige-amad-diallo-prolonge-avec-manchester-united-jusquau-30-juin-2030#primaryimage"},"image":{"@id":"https:\/\/www.africa-press.net\/cotedivoire\/politique\/mercato-le-prodige-amad-diallo-prolonge-avec-manchester-united-jusquau-30-juin-2030#primaryimage"},"thumbnailUrl":"https:\/\/static.africa-press.net\/cote\/sites\/43\/2025\/01\/sm_1736506127.315688.jpg","datePublished":"2025-01-10T14:15:21+00:00","author":{"@id":"https:\/\/www.africa-press.net\/cotedivoire\/#\/schema\/person\/2b1cf3cd81a31e3cd26889ca66d677f1"},"breadcrumb":{"@id":"https:\/\/www.africa-press.net\/cotedivoire\/politique\/mercato-le-prodige-amad-diallo-prolonge-avec-manchester-united-jusquau-30-juin-2030#breadcrumb"},"inLanguage":"fr-FR","potentialAction":[{"@type":"ReadAction","target":["https:\/\/www.africa-press.net\/cotedivoire\/politique\/mercato-le-prodige-amad-diallo-prolonge-avec-manchester-united-jusquau-30-juin-2030"]}]},{"@type":"ImageObject","inLanguage":"fr-FR","@id":"https:\/\/www.africa-press.net\/cotedivoire\/politique\/mercato-le-prodige-amad-diallo-prolonge-avec-manchester-united-jusquau-30-juin-2030#primaryimage","url":"https:\/\/static.africa-press.net\/cote\/sites\/43\/2025\/01\/sm_1736506127.315688.jpg","contentUrl":"https:\/\/static.africa-press.net\/cote\/sites\/43\/2025\/01\/sm_1736506127.315688.jpg","width":720,"height":309,"caption":"Mercato, le prodige Amad Diallo prolonge avec Manchester United jusqu'au 30 juin 2030"},{"@type":"BreadcrumbList","@id":"https:\/\/www.africa-press.net\/cotedivoire\/politique\/mercato-le-prodige-amad-diallo-prolonge-avec-manchester-united-jusquau-30-juin-2030#breadcrumb","itemListElement":[{"@type":"ListItem","position":1,"name":"Accueil","item":"https:\/\/www.africa-press.net\/cotedivoire\/"},{"@type":"ListItem","position":2,"name":"Mercato, le prodige Amad Diallo prolonge avec Manchester United jusqu&rsquo;au 30 juin 2030"}]},{"@type":"WebSite","@id":"https:\/\/www.africa-press.net\/cotedivoire\/#website","url":"https:\/\/www.africa-press.net\/cotedivoire\/","name":"C\u00f4te d&#039;Ivoire","description":"Just another Africa News Agency Sites site","potentialAction":[{"@type":"SearchAction","target":{"@type":"EntryPoint","urlTemplate":"https:\/\/www.africa-press.net\/cotedivoire\/?s={search_term_string}"},"query-input":{"@type":"PropertyValueSpecification","valueRequired":true,"valueName":"search_term_string"}}],"inLanguage":"fr-FR"},{"@type":"Person","@id":"https:\/\/www.africa-press.net\/cotedivoire\/#\/schema\/person\/2b1cf3cd81a31e3cd26889ca66d677f1","name":"cfeditorfr"}]}},"_links":{"self":[{"href":"https:\/\/www.africa-press.net\/cotedivoire\/wp-json\/wp\/v2\/posts\/93543","targetHints":{"allow":["GET"]}}],"collection":[{"href":"https:\/\/www.africa-press.net\/cotedivoire\/wp-json\/wp\/v2\/posts"}],"about":[{"href":"https:\/\/www.africa-press.net\/cotedivoire\/wp-json\/wp\/v2\/types\/post"}],"author":[{"embeddable":true,"href":"https:\/\/www.africa-press.net\/cotedivoire\/wp-json\/wp\/v2\/users\/82"}],"replies":[{"embeddable":true,"href":"https:\/\/www.africa-press.net\/cotedivoire\/wp-json\/wp\/v2\/comments?post=93543"}],"version-history":[{"count":0,"href":"https:\/\/www.africa-press.net\/cotedivoire\/wp-json\/wp\/v2\/posts\/93543\/revisions"}],"wp:featuredmedia":[{"embeddable":true,"href":"https:\/\/www.africa-press.net\/cotedivoire\/wp-json\/wp\/v2\/media\/93542"}],"wp:attachment":[{"href":"https:\/\/www.africa-press.net\/cotedivoire\/wp-json\/wp\/v2\/media?parent=93543"}],"wp:term":[{"taxonomy":"category","embeddable":true,"href":"https:\/\/www.africa-press.net\/cotedivoire\/wp-json\/wp\/v2\/categories?post=93543"},{"taxonomy":"post_tag","embeddable":true,"href":"https:\/\/www.africa-press.net\/cotedivoire\/wp-json\/wp\/v2\/tags?post=93543"}],"curies":[{"name":"wp","href":"https:\/\/api.w.org\/{rel}","templated":true}]}}