{"id":93571,"date":"2025-01-10T14:28:51","date_gmt":"2025-01-10T14:28:51","guid":{"rendered":"https:\/\/www.africa-press.net\/cotedivoire\/politique\/peut-on-etre-allergique-aux-vetements-et-chaussures-neufs"},"modified":"2025-01-10T14:28:51","modified_gmt":"2025-01-10T14:28:51","slug":"peut-on-etre-allergique-aux-vetements-et-chaussures-neufs","status":"publish","type":"post","link":"https:\/\/www.africa-press.net\/cotedivoire\/toutes-les-actualites\/peut-on-etre-allergique-aux-vetements-et-chaussures-neufs","title":{"rendered":"Peut-on \u00eatre allergique aux v\u00eatements et chaussures neufs ?"},"content":{"rendered":"<p><span style=\"color: #ff6600\"><strong>Africa-Press &#8211; C\u00f4te d&rsquo;Ivoire. <\/strong><\/span>\u00ab\u00a0Une amie m\u2019a signale\u0301 qu\u2019elle avait des rougeurs quand elle portait des jeans. Est-ce qu\u2019on peut e\u0302tre allergique a\u0300 la teinture bleue des jeans ?\u00a0\u00bb, nous demande Gerard Content, fide\u0300le lecteur de Sciences et Avenir, sur notre page Facebook. C&rsquo;est notre Question de la semaine. Merci a\u0300 toutes et tous pour votre participation.<\/p>\n<p>Eh oui, on peut de\u0301velopper des allergies au contact de ve\u0302tements, et me\u0302me de chaussures. \u00ab\u00a0Des cas d\u2019allergies et d\u2019irritations cutane\u0301es en lien avec des ve\u0302tements ou des chaussures sont re\u0301gulie\u0300rement rapporte\u0301s\u00a0\u00bb, e\u0301crivait dans un rapport l&rsquo;Agence nationale de se\u0301curite\u0301 sanitaire (Anses) en 2018. C&rsquo;est pourquoi celle-ci recommande au consommateur de laver, avant de le porter pour la premie\u0300re fois, tout ve\u0302tement susceptible d\u2019entrer en contact avec la peau. L&rsquo;Agence conseille e\u0301galement, en cas d&rsquo;irritation ou d&rsquo;allergie apre\u0300s l&rsquo;achat de ve\u0302tements ou de chaussures, de consulter un me\u0301decin ou un dermato-allergologue pour identifier l&rsquo;e\u0301ventuelle substance responsable.<\/p>\n<p><b>Des substances chimiques entrai\u0302nant des dermatites de contact<\/b><\/p>\n<p>Pour identifier les substances chimiques pouvant e\u0302tre a\u0300 l\u2019origine d\u2019allergies et d\u2019irritations cutane\u0301es, l&rsquo;Anses a effectue\u0301 en 2018 une revue de la litte\u0301rature scientifique sur le sujet, et a re\u0301alise\u0301 des essais sur un e\u0301chantillonnage de ve\u0302tements neufs pre\u0301leve\u0301s dans plusieurs points de vente et des chaussures ayant entrai\u0302ne\u0301 des plaintes de clients. Au total, une vingtaine de familles de substances chimiques ont e\u0301te\u0301 recherche\u0301es dans les ve\u0302tements et une cinquantaine de substances dans les chaussures.<\/p>\n<p>\u00ab\u00a0Ces analyses ont permis d\u2019ajuster les familles de substances chimiques a\u0300 rechercher et de confirmer entre autres la pre\u0301sence de nonylphe\u0301nols (ndlr: perturbateurs endocriniens), de nonylphe\u0301nols e\u0301thoxylates ou encore de formalde\u0301hyde (ndlr: cance\u0301roge\u0300ne). Elles ont e\u0301galement permis d\u2019identifier des substances non analyse\u0301es en routine, pouvant entrainer des dermatites de contact (lire l&rsquo;encadre\u0301 ci-dessous, ndlr) telles que la 1,4-paraphe\u0301nyle\u0300nediamine ou des de\u0301rive\u0301s organostanniques, ou des colorants azoi\u0308ques\u00a0\u00bb, de\u0301taille l&rsquo;Agence.<\/p>\n<p> De plus, l&rsquo;Anses a analyse\u0301 des articles porte\u0301s par une trentaine de patients d&rsquo;allergologues et suspecte\u0301s d\u2019e\u0302tre associe\u0301s a\u0300 leurs re\u0301actions cutane\u0301es. Sont suspecte\u0301s d&rsquo;e\u0302tre a\u0300 l&rsquo;origine de ces sympto\u0302mes le benzidine (cance\u0301roge\u0300ne), le chrome 6, le nickel, la re\u0301sine 4-tertbutylphe\u0301nolformalde\u0301hyde (cance\u0301roge\u0300ne) et le colorant azoi\u0308que, tre\u0300s utilise\u0301 dans le monde du textile.<\/p>\n<p>La <b>dermatite de contact<\/b> est une inflammation de la peau qui se produit lorsqu&rsquo;elle entre en contact avec une substance irritante ou allerge\u0300ne. Elle peut survenir rapidement ou apre\u0300s une exposition prolonge\u0301e et re\u0301pe\u0301te\u0301e. Elle se pre\u0301sente principalement sous deux formes:<\/p>\n<p>&#8211; la <b>dermatite de contact irritative<\/b>: elle est provoque\u0301e le plus souvent par des produits chimiques et peut concerner n&rsquo;importe qui. Les sympto\u0302mes qu&rsquo;elle induit sont une rougeur, une de\u0301mangeaison, parfois des fissures ou des cloques.<\/p>\n<p>&#8211; la <b>dermatite de contact allergique<\/b>: c&rsquo;est le re\u0301sultat d&rsquo;une re\u0301action allergique apre\u0300s sensibilisation a\u0300 une substance. Elle peut e\u0302tre induite par du nickel, des produits cosme\u0301tiques, ou encore des colorants textiles. Elle est reconnaissable par les sympto\u0302mes suivants: e\u0301ruption cutane\u0301e rouge, de\u0301mangeaisons intenses, cloques, gonflement, parfois une sensation de bru\u0302lure.<\/p>\n<p>Le diagnostic est pose\u0301 par un dermatologue. Il est recommande\u0301 d&rsquo;e\u0301viter le contact avec l&rsquo;irritant ou l&rsquo;allerge\u0300ne. Des corticoste\u0301roi\u0308des peuvent re\u0301duire l&rsquo;inflammation, des antihistaminiques peuvent soulager les de\u0301mangeaisons.<\/p>\n<p><b>Fixer ou baisser des seuils pour re\u0301duire les re\u0301actions allergiques<\/b><\/p>\n<p>L\u2019Anses recommandait en 2018 aux autorite\u0301s de baisser le seuil re\u0301glementaire de chrome 6 dans les articles en cuir, car elle constatait des re\u0301actions allergiques en dessous de la valeur re\u0301glementaire, et de fixer un seuil pour le nickel dans les textiles. A ce jour, ces recommandations n&rsquo;ont pas e\u0301te\u0301 suivies.<\/p>\n<p>L&rsquo;Agence demandait e\u0301galement aux responsables de la mise sur le marche\u0301 des textiles de s&rsquo;assurer aupre\u0300s de leurs fournisseurs de l\u2019absence de substances CMR (cance\u0301roge\u0300nes, mutage\u0300nes, toxiques pour la reproduction) ou de produits irritant la peau dans leurs articles. Depuis 2020, l&rsquo;Union europe\u0301enne a restreint l&rsquo;utilisation de 33 substances CMR dans les ve\u0302tements, textiles et chaussures.<\/p>\n<p><strong>Pour plus d&rsquo;informations et d&rsquo;analyses sur la <span style=\"color: #ff6600\">C\u00f4te d&rsquo;Ivoire<\/span>, suivez <span style=\"color: #ff6600\">Africa-Press<span style=\"color: #ff6600\"><\/span><\/strong><\/p>\n","protected":false},"excerpt":{"rendered":"<p>Africa-Press &#8211; C\u00f4te d&rsquo;Ivoire. \u00ab\u00a0Une amie m\u2019a signale\u0301 qu\u2019elle avait des rougeurs quand elle portait des jeans. Est-ce qu\u2019on peut e\u0302tre allergique a\u0300 la teinture bleue des jeans ?\u00a0\u00bb, nous demande Gerard Content, fide\u0300le lecteur de Sciences et Avenir, sur notre page Facebook. C&rsquo;est notre Question de la semaine. Merci a\u0300 toutes et tous pour [&hellip;]<\/p>\n","protected":false},"author":82,"featured_media":93570,"comment_status":"open","ping_status":"closed","sticky":false,"template":"","format":"standard","meta":{"footnotes":""},"categories":[22,10],"tags":[37],"class_list":["post-93571","post","type-post","status-publish","format-standard","has-post-thumbnail","hentry","category-divers","category-toutes-les-actualites","tag-cote-divoire-2"],"yoast_head":"<!-- This site is optimized with the Yoast SEO Premium plugin v26.1 (Yoast SEO v27.0) - https:\/\/yoast.com\/product\/yoast-seo-premium-wordpress\/ -->\n<title>Peut-on \u00eatre allergique aux v\u00eatements et chaussures neufs ? - C\u00f4te d&#039;Ivoire<\/title>\n<meta name=\"robots\" content=\"index, follow, max-snippet:-1, max-image-preview:large, max-video-preview:-1\" \/>\n<link rel=\"canonical\" href=\"https:\/\/www.africa-press.net\/cotedivoire\/politique\/peut-on-etre-allergique-aux-vetements-et-chaussures-neufs\" \/>\n<meta property=\"og:locale\" content=\"fr_FR\" \/>\n<meta property=\"og:type\" content=\"article\" \/>\n<meta property=\"og:title\" content=\"Peut-on \u00eatre allergique aux v\u00eatements et chaussures neufs ?\" \/>\n<meta property=\"og:description\" content=\"Africa-Press &#8211; C\u00f4te d&rsquo;Ivoire. \u00ab\u00a0Une amie m\u2019a signale\u0301 qu\u2019elle avait des rougeurs quand elle portait des jeans. Est-ce qu\u2019on peut e\u0302tre allergique a\u0300 la teinture bleue des jeans ?\u00a0\u00bb, nous demande Gerard Content, fide\u0300le lecteur de Sciences et Avenir, sur notre page Facebook. C&rsquo;est notre Question de la semaine. Merci a\u0300 toutes et tous pour [&hellip;]\" \/>\n<meta property=\"og:url\" content=\"https:\/\/www.africa-press.net\/cotedivoire\/politique\/peut-on-etre-allergique-aux-vetements-et-chaussures-neufs\" \/>\n<meta property=\"og:site_name\" content=\"C\u00f4te d&#039;Ivoire\" \/>\n<meta property=\"article:published_time\" content=\"2025-01-10T14:28:51+00:00\" \/>\n<meta name=\"author\" content=\"cfeditorfr\" \/>\n<meta name=\"twitter:card\" content=\"summary_large_image\" \/>\n<meta name=\"twitter:label1\" content=\"\u00c9crit par\" \/>\n\t<meta name=\"twitter:data1\" content=\"cfeditorfr\" \/>\n\t<meta name=\"twitter:label2\" content=\"Dur\u00e9e de lecture estim\u00e9e\" \/>\n\t<meta name=\"twitter:data2\" content=\"4 minutes\" \/>\n<script type=\"application\/ld+json\" class=\"yoast-schema-graph\">{\"@context\":\"https:\/\/schema.org\",\"@graph\":[{\"@type\":\"Article\",\"@id\":\"https:\/\/www.africa-press.net\/cotedivoire\/politique\/peut-on-etre-allergique-aux-vetements-et-chaussures-neufs#article\",\"isPartOf\":{\"@id\":\"https:\/\/www.africa-press.net\/cotedivoire\/politique\/peut-on-etre-allergique-aux-vetements-et-chaussures-neufs\"},\"author\":{\"name\":\"cfeditorfr\",\"@id\":\"https:\/\/www.africa-press.net\/cotedivoire\/#\/schema\/person\/2b1cf3cd81a31e3cd26889ca66d677f1\"},\"headline\":\"Peut-on \u00eatre allergique aux v\u00eatements et chaussures neufs ?\",\"datePublished\":\"2025-01-10T14:28:51+00:00\",\"mainEntityOfPage\":{\"@id\":\"https:\/\/www.africa-press.net\/cotedivoire\/politique\/peut-on-etre-allergique-aux-vetements-et-chaussures-neufs\"},\"wordCount\":797,\"commentCount\":0,\"image\":{\"@id\":\"https:\/\/www.africa-press.net\/cotedivoire\/politique\/peut-on-etre-allergique-aux-vetements-et-chaussures-neufs#primaryimage\"},\"thumbnailUrl\":\"https:\/\/static.africa-press.net\/cote\/sites\/43\/2025\/01\/sm_1736507435.612432.jpg\",\"keywords\":[\"C\u00f4te d'Ivoire\"],\"articleSection\":[\"Divers\",\"Toutes les actualit\u00e9s\"],\"inLanguage\":\"fr-FR\",\"potentialAction\":[{\"@type\":\"CommentAction\",\"name\":\"Comment\",\"target\":[\"https:\/\/www.africa-press.net\/cotedivoire\/politique\/peut-on-etre-allergique-aux-vetements-et-chaussures-neufs#respond\"]}]},{\"@type\":\"WebPage\",\"@id\":\"https:\/\/www.africa-press.net\/cotedivoire\/politique\/peut-on-etre-allergique-aux-vetements-et-chaussures-neufs\",\"url\":\"https:\/\/www.africa-press.net\/cotedivoire\/politique\/peut-on-etre-allergique-aux-vetements-et-chaussures-neufs\",\"name\":\"Peut-on \u00eatre allergique aux v\u00eatements et chaussures neufs ? - C\u00f4te d&#039;Ivoire\",\"isPartOf\":{\"@id\":\"https:\/\/www.africa-press.net\/cotedivoire\/#website\"},\"primaryImageOfPage\":{\"@id\":\"https:\/\/www.africa-press.net\/cotedivoire\/politique\/peut-on-etre-allergique-aux-vetements-et-chaussures-neufs#primaryimage\"},\"image\":{\"@id\":\"https:\/\/www.africa-press.net\/cotedivoire\/politique\/peut-on-etre-allergique-aux-vetements-et-chaussures-neufs#primaryimage\"},\"thumbnailUrl\":\"https:\/\/static.africa-press.net\/cote\/sites\/43\/2025\/01\/sm_1736507435.612432.jpg\",\"datePublished\":\"2025-01-10T14:28:51+00:00\",\"author\":{\"@id\":\"https:\/\/www.africa-press.net\/cotedivoire\/#\/schema\/person\/2b1cf3cd81a31e3cd26889ca66d677f1\"},\"breadcrumb\":{\"@id\":\"https:\/\/www.africa-press.net\/cotedivoire\/politique\/peut-on-etre-allergique-aux-vetements-et-chaussures-neufs#breadcrumb\"},\"inLanguage\":\"fr-FR\",\"potentialAction\":[{\"@type\":\"ReadAction\",\"target\":[\"https:\/\/www.africa-press.net\/cotedivoire\/politique\/peut-on-etre-allergique-aux-vetements-et-chaussures-neufs\"]}]},{\"@type\":\"ImageObject\",\"inLanguage\":\"fr-FR\",\"@id\":\"https:\/\/www.africa-press.net\/cotedivoire\/politique\/peut-on-etre-allergique-aux-vetements-et-chaussures-neufs#primaryimage\",\"url\":\"https:\/\/static.africa-press.net\/cote\/sites\/43\/2025\/01\/sm_1736507435.612432.jpg\",\"contentUrl\":\"https:\/\/static.africa-press.net\/cote\/sites\/43\/2025\/01\/sm_1736507435.612432.jpg\",\"width\":1200,\"height\":900,\"caption\":\"Peut-on \u00eatre allergique aux v\u00eatements et chaussures neufs ?\"},{\"@type\":\"BreadcrumbList\",\"@id\":\"https:\/\/www.africa-press.net\/cotedivoire\/politique\/peut-on-etre-allergique-aux-vetements-et-chaussures-neufs#breadcrumb\",\"itemListElement\":[{\"@type\":\"ListItem\",\"position\":1,\"name\":\"Accueil\",\"item\":\"https:\/\/www.africa-press.net\/cotedivoire\/\"},{\"@type\":\"ListItem\",\"position\":2,\"name\":\"Peut-on \u00eatre allergique aux v\u00eatements et chaussures neufs ?\"}]},{\"@type\":\"WebSite\",\"@id\":\"https:\/\/www.africa-press.net\/cotedivoire\/#website\",\"url\":\"https:\/\/www.africa-press.net\/cotedivoire\/\",\"name\":\"C\u00f4te d&#039;Ivoire\",\"description\":\"Just another Africa News Agency Sites site\",\"potentialAction\":[{\"@type\":\"SearchAction\",\"target\":{\"@type\":\"EntryPoint\",\"urlTemplate\":\"https:\/\/www.africa-press.net\/cotedivoire\/?s={search_term_string}\"},\"query-input\":{\"@type\":\"PropertyValueSpecification\",\"valueRequired\":true,\"valueName\":\"search_term_string\"}}],\"inLanguage\":\"fr-FR\"},{\"@type\":\"Person\",\"@id\":\"https:\/\/www.africa-press.net\/cotedivoire\/#\/schema\/person\/2b1cf3cd81a31e3cd26889ca66d677f1\",\"name\":\"cfeditorfr\"}]}<\/script>\n<!-- \/ Yoast SEO Premium plugin. -->","yoast_head_json":{"title":"Peut-on \u00eatre allergique aux v\u00eatements et chaussures neufs ? - C\u00f4te d&#039;Ivoire","robots":{"index":"index","follow":"follow","max-snippet":"max-snippet:-1","max-image-preview":"max-image-preview:large","max-video-preview":"max-video-preview:-1"},"canonical":"https:\/\/www.africa-press.net\/cotedivoire\/politique\/peut-on-etre-allergique-aux-vetements-et-chaussures-neufs","og_locale":"fr_FR","og_type":"article","og_title":"Peut-on \u00eatre allergique aux v\u00eatements et chaussures neufs ?","og_description":"Africa-Press &#8211; C\u00f4te d&rsquo;Ivoire. \u00ab\u00a0Une amie m\u2019a signale\u0301 qu\u2019elle avait des rougeurs quand elle portait des jeans. Est-ce qu\u2019on peut e\u0302tre allergique a\u0300 la teinture bleue des jeans ?\u00a0\u00bb, nous demande Gerard Content, fide\u0300le lecteur de Sciences et Avenir, sur notre page Facebook. C&rsquo;est notre Question de la semaine. Merci a\u0300 toutes et tous pour [&hellip;]","og_url":"https:\/\/www.africa-press.net\/cotedivoire\/politique\/peut-on-etre-allergique-aux-vetements-et-chaussures-neufs","og_site_name":"C\u00f4te d&#039;Ivoire","article_published_time":"2025-01-10T14:28:51+00:00","author":"cfeditorfr","twitter_card":"summary_large_image","twitter_misc":{"\u00c9crit par":"cfeditorfr","Dur\u00e9e de lecture estim\u00e9e":"4 minutes"},"schema":{"@context":"https:\/\/schema.org","@graph":[{"@type":"Article","@id":"https:\/\/www.africa-press.net\/cotedivoire\/politique\/peut-on-etre-allergique-aux-vetements-et-chaussures-neufs#article","isPartOf":{"@id":"https:\/\/www.africa-press.net\/cotedivoire\/politique\/peut-on-etre-allergique-aux-vetements-et-chaussures-neufs"},"author":{"name":"cfeditorfr","@id":"https:\/\/www.africa-press.net\/cotedivoire\/#\/schema\/person\/2b1cf3cd81a31e3cd26889ca66d677f1"},"headline":"Peut-on \u00eatre allergique aux v\u00eatements et chaussures neufs ?","datePublished":"2025-01-10T14:28:51+00:00","mainEntityOfPage":{"@id":"https:\/\/www.africa-press.net\/cotedivoire\/politique\/peut-on-etre-allergique-aux-vetements-et-chaussures-neufs"},"wordCount":797,"commentCount":0,"image":{"@id":"https:\/\/www.africa-press.net\/cotedivoire\/politique\/peut-on-etre-allergique-aux-vetements-et-chaussures-neufs#primaryimage"},"thumbnailUrl":"https:\/\/static.africa-press.net\/cote\/sites\/43\/2025\/01\/sm_1736507435.612432.jpg","keywords":["C\u00f4te d'Ivoire"],"articleSection":["Divers","Toutes les actualit\u00e9s"],"inLanguage":"fr-FR","potentialAction":[{"@type":"CommentAction","name":"Comment","target":["https:\/\/www.africa-press.net\/cotedivoire\/politique\/peut-on-etre-allergique-aux-vetements-et-chaussures-neufs#respond"]}]},{"@type":"WebPage","@id":"https:\/\/www.africa-press.net\/cotedivoire\/politique\/peut-on-etre-allergique-aux-vetements-et-chaussures-neufs","url":"https:\/\/www.africa-press.net\/cotedivoire\/politique\/peut-on-etre-allergique-aux-vetements-et-chaussures-neufs","name":"Peut-on \u00eatre allergique aux v\u00eatements et chaussures neufs ? - C\u00f4te d&#039;Ivoire","isPartOf":{"@id":"https:\/\/www.africa-press.net\/cotedivoire\/#website"},"primaryImageOfPage":{"@id":"https:\/\/www.africa-press.net\/cotedivoire\/politique\/peut-on-etre-allergique-aux-vetements-et-chaussures-neufs#primaryimage"},"image":{"@id":"https:\/\/www.africa-press.net\/cotedivoire\/politique\/peut-on-etre-allergique-aux-vetements-et-chaussures-neufs#primaryimage"},"thumbnailUrl":"https:\/\/static.africa-press.net\/cote\/sites\/43\/2025\/01\/sm_1736507435.612432.jpg","datePublished":"2025-01-10T14:28:51+00:00","author":{"@id":"https:\/\/www.africa-press.net\/cotedivoire\/#\/schema\/person\/2b1cf3cd81a31e3cd26889ca66d677f1"},"breadcrumb":{"@id":"https:\/\/www.africa-press.net\/cotedivoire\/politique\/peut-on-etre-allergique-aux-vetements-et-chaussures-neufs#breadcrumb"},"inLanguage":"fr-FR","potentialAction":[{"@type":"ReadAction","target":["https:\/\/www.africa-press.net\/cotedivoire\/politique\/peut-on-etre-allergique-aux-vetements-et-chaussures-neufs"]}]},{"@type":"ImageObject","inLanguage":"fr-FR","@id":"https:\/\/www.africa-press.net\/cotedivoire\/politique\/peut-on-etre-allergique-aux-vetements-et-chaussures-neufs#primaryimage","url":"https:\/\/static.africa-press.net\/cote\/sites\/43\/2025\/01\/sm_1736507435.612432.jpg","contentUrl":"https:\/\/static.africa-press.net\/cote\/sites\/43\/2025\/01\/sm_1736507435.612432.jpg","width":1200,"height":900,"caption":"Peut-on \u00eatre allergique aux v\u00eatements et chaussures neufs ?"},{"@type":"BreadcrumbList","@id":"https:\/\/www.africa-press.net\/cotedivoire\/politique\/peut-on-etre-allergique-aux-vetements-et-chaussures-neufs#breadcrumb","itemListElement":[{"@type":"ListItem","position":1,"name":"Accueil","item":"https:\/\/www.africa-press.net\/cotedivoire\/"},{"@type":"ListItem","position":2,"name":"Peut-on \u00eatre allergique aux v\u00eatements et chaussures neufs ?"}]},{"@type":"WebSite","@id":"https:\/\/www.africa-press.net\/cotedivoire\/#website","url":"https:\/\/www.africa-press.net\/cotedivoire\/","name":"C\u00f4te d&#039;Ivoire","description":"Just another Africa News Agency Sites site","potentialAction":[{"@type":"SearchAction","target":{"@type":"EntryPoint","urlTemplate":"https:\/\/www.africa-press.net\/cotedivoire\/?s={search_term_string}"},"query-input":{"@type":"PropertyValueSpecification","valueRequired":true,"valueName":"search_term_string"}}],"inLanguage":"fr-FR"},{"@type":"Person","@id":"https:\/\/www.africa-press.net\/cotedivoire\/#\/schema\/person\/2b1cf3cd81a31e3cd26889ca66d677f1","name":"cfeditorfr"}]}},"_links":{"self":[{"href":"https:\/\/www.africa-press.net\/cotedivoire\/wp-json\/wp\/v2\/posts\/93571","targetHints":{"allow":["GET"]}}],"collection":[{"href":"https:\/\/www.africa-press.net\/cotedivoire\/wp-json\/wp\/v2\/posts"}],"about":[{"href":"https:\/\/www.africa-press.net\/cotedivoire\/wp-json\/wp\/v2\/types\/post"}],"author":[{"embeddable":true,"href":"https:\/\/www.africa-press.net\/cotedivoire\/wp-json\/wp\/v2\/users\/82"}],"replies":[{"embeddable":true,"href":"https:\/\/www.africa-press.net\/cotedivoire\/wp-json\/wp\/v2\/comments?post=93571"}],"version-history":[{"count":0,"href":"https:\/\/www.africa-press.net\/cotedivoire\/wp-json\/wp\/v2\/posts\/93571\/revisions"}],"wp:featuredmedia":[{"embeddable":true,"href":"https:\/\/www.africa-press.net\/cotedivoire\/wp-json\/wp\/v2\/media\/93570"}],"wp:attachment":[{"href":"https:\/\/www.africa-press.net\/cotedivoire\/wp-json\/wp\/v2\/media?parent=93571"}],"wp:term":[{"taxonomy":"category","embeddable":true,"href":"https:\/\/www.africa-press.net\/cotedivoire\/wp-json\/wp\/v2\/categories?post=93571"},{"taxonomy":"post_tag","embeddable":true,"href":"https:\/\/www.africa-press.net\/cotedivoire\/wp-json\/wp\/v2\/tags?post=93571"}],"curies":[{"name":"wp","href":"https:\/\/api.w.org\/{rel}","templated":true}]}}