{"id":93606,"date":"2025-01-11T17:06:04","date_gmt":"2025-01-11T17:06:04","guid":{"rendered":"https:\/\/www.africa-press.net\/cotedivoire\/politique\/dans-le-haut-rhin-les-chasseurs-veulent-tuer-moins-danimaux"},"modified":"2025-01-11T17:06:04","modified_gmt":"2025-01-11T17:06:04","slug":"dans-le-haut-rhin-les-chasseurs-veulent-tuer-moins-danimaux","status":"publish","type":"post","link":"https:\/\/www.africa-press.net\/cotedivoire\/toutes-les-actualites\/dans-le-haut-rhin-les-chasseurs-veulent-tuer-moins-danimaux","title":{"rendered":"Dans le Haut-Rhin, les chasseurs veulent tuer&#8230; moins d&rsquo;animaux"},"content":{"rendered":"<p><span style=\"color: #ff6600\"><strong>Africa-Press &#8211; C\u00f4te d&rsquo;Ivoire. <\/strong><\/span>La Fe\u0301de\u0301ration des chasseurs du Haut-Rhin a de\u0301nonce\u0301 les minimas de tirs \u00ab\u00a0beaucoup trop e\u0301leve\u0301s\u00a0\u00bb de cerfs, de daims, de chamois et de chevreuils qui leur sont impose\u0301s, alertant des risques pour la biodiversite\u0301. \u00ab\u00a0On demande aux chasseurs de pre\u0301lever jusqu&rsquo;au 1er fe\u0301vrier, donc d&rsquo;ici trois semaines, 2.000 cerfs, 350 chamois et 165 daims, sinon le 1er fe\u0301vrier, le pre\u0301fet enverra les louvetiers pour tirer ce qui manque\u00a0\u00bb, a de\u0301plore\u0301 Gilles Kaszuk, pre\u0301sident de la Fe\u0301de\u0301ration des chasseurs du Haut-Rhin. 10.000 chevreuils sont aussi concerne\u0301s.<\/p>\n<p>Ces chiffres ont e\u0301te\u0301 fixe\u0301s par arre\u0302te\u0301 pre\u0301fectoral \u00ab\u00a0sous la pression des leaders syndicalistes agricoles, des fore\u0302ts prive\u0301es, de certaines entite\u0301s e\u0301cologistes\u00a0\u00bb, a juge\u0301 M. Kaszuk lors d&rsquo;une confe\u0301rence de presse. \u00ab\u00a0Nous, chasseurs, souhaitons au contraire pre\u0301server la faune, e\u0301viter de voir disparai\u0302tre des populations emble\u0301matiques\u00a0\u00bb, a-t-il plaide\u0301.<\/p>\n<p><b>\u00ab\u00a0Nous refusons d\u2019e\u0302tre les fossoyeurs de tous ces animaux\u00a0\u00bb<\/b><\/p>\n<p>S&rsquo;alliant pour l&rsquo;occasion a\u0300 l&rsquo;association e\u0301cologiste Sauvegarde faune sauvage, la Fe\u0301de\u0301ration des chasseurs du Haut-Rhin a lance\u0301 une pe\u0301tition dans laquelle les chasseurs disent refuser \u00ab\u00a0d&rsquo;e\u0302tre les fossoyeurs de tous ces animaux\u00a0\u00bb. \u00ab\u00a0Face au changement climatique impactant l\u2019environnement, les animaux ne peuvent rester inde\u0301finiment le bouc e\u0301missaire, la variable d\u2019ajustement\u00a0\u00bb, ajoutent-ils.<\/p>\n<p>Lance\u0301e de\u0301but de\u0301cembre, la pe\u0301tition a re\u0301colte\u0301 plus de 23.000 signatures, ce qui montre, selon Gilles Kaszuk que \u00ab\u00a0les non-chasseurs et le grand public comprennent\u00a0\u00bb ces revendications.<\/p>\n<p>Accuse\u0301s de causer des de\u0301ga\u0302ts aux cultures et aux fore\u0302ts, les cervide\u0301s sont pourtant de moins en moins nombreux, assurent les chasseurs. \u00ab\u00a0Depuis l&rsquo;ouverture de la saison de chasse, 1.269 cerfs ont e\u0301te\u0301 tire\u0301s. Il nous reste trois semaines, ce sera impossible d&rsquo;atteindre les 2.000 cerfs\u00a0\u00bb, a souligne\u0301 la directrice de la fe\u0301de\u0301ration, Caroline Rolly-Schmitt.<\/p>\n<p><b>\u00ab\u00a0Le monde est devenu fou\u00a0\u00bb<\/b><\/p>\n<p>Les chasseurs qui n&rsquo;atteignent pas les objectifs du plan de chasse s&rsquo;exposent a\u0300 une contravention de cinquie\u0300me classe de 1.500 euros, et jusqu&rsquo;a\u0300 7.500 euros pour une association de chasse. \u00ab\u00a0Les chasseurs rec\u0327oivent des contraventions s&rsquo;ils ne tirent pas assez de cerfs, le monde est devenu fou&#8230; J&rsquo;invite les autorite\u0301s franc\u0327aises a\u0300 aller plus sur le terrain et voir ce qui se passe re\u0301ellement\u00a0\u00bb, a de\u0301clare\u0301 Jean-Paul Burget, pre\u0301sident de Sauvegarde faune sauvage. Estimant que \u00ab\u00a080% de la biodiversite\u0301 a disparu dans la plaine d&rsquo;Alsace\u00a0\u00bb, il explique s&rsquo;e\u0302tre allie\u0301 aux chasseurs \u00ab\u00a0dans l&rsquo;inte\u0301re\u0302t ge\u0301ne\u0301ral\u00a0\u00bb.<\/p>\n<p>En 2021, la Fe\u0301de\u0301ration des chasseurs du Haut-Rhin avait attaque\u0301 au tribunal administratif un arre\u0302te\u0301 pre\u0301fectoral de destruction des daims et cerfs et l&rsquo;avait emporte\u0301 en justice. Contacte\u0301e par l&rsquo;AFP, la pre\u0301fecture du Haut-Rhin n&rsquo;a pas souhaite\u0301 communiquer.<\/p>\n<p><strong>Pour plus d&rsquo;informations et d&rsquo;analyses sur la <span style=\"color: #ff6600\">C\u00f4te d&rsquo;Ivoire<\/span>, suivez <span style=\"color: #ff6600\">Africa-Press<span style=\"color: #ff6600\"><\/span><\/strong><\/p>\n","protected":false},"excerpt":{"rendered":"<p>Africa-Press &#8211; C\u00f4te d&rsquo;Ivoire. La Fe\u0301de\u0301ration des chasseurs du Haut-Rhin a de\u0301nonce\u0301 les minimas de tirs \u00ab\u00a0beaucoup trop e\u0301leve\u0301s\u00a0\u00bb de cerfs, de daims, de chamois et de chevreuils qui leur sont impose\u0301s, alertant des risques pour la biodiversite\u0301. \u00ab\u00a0On demande aux chasseurs de pre\u0301lever jusqu&rsquo;au 1er fe\u0301vrier, donc d&rsquo;ici trois semaines, 2.000 cerfs, 350 chamois [&hellip;]<\/p>\n","protected":false},"author":82,"featured_media":93605,"comment_status":"open","ping_status":"closed","sticky":false,"template":"","format":"standard","meta":{"footnotes":""},"categories":[22,10],"tags":[37],"class_list":["post-93606","post","type-post","status-publish","format-standard","has-post-thumbnail","hentry","category-divers","category-toutes-les-actualites","tag-cote-divoire-2"],"yoast_head":"<!-- This site is optimized with the Yoast SEO Premium plugin v26.1 (Yoast SEO v27.0) - https:\/\/yoast.com\/product\/yoast-seo-premium-wordpress\/ -->\n<title>Dans le Haut-Rhin, les chasseurs veulent tuer... moins d&#039;animaux - C\u00f4te d&#039;Ivoire<\/title>\n<meta name=\"robots\" content=\"index, follow, max-snippet:-1, max-image-preview:large, max-video-preview:-1\" \/>\n<link rel=\"canonical\" href=\"https:\/\/www.africa-press.net\/cotedivoire\/politique\/dans-le-haut-rhin-les-chasseurs-veulent-tuer-moins-danimaux\" \/>\n<meta property=\"og:locale\" content=\"fr_FR\" \/>\n<meta property=\"og:type\" content=\"article\" \/>\n<meta property=\"og:title\" content=\"Dans le Haut-Rhin, les chasseurs veulent tuer... moins d&#039;animaux\" \/>\n<meta property=\"og:description\" content=\"Africa-Press &#8211; C\u00f4te d&rsquo;Ivoire. La Fe\u0301de\u0301ration des chasseurs du Haut-Rhin a de\u0301nonce\u0301 les minimas de tirs \u00ab\u00a0beaucoup trop e\u0301leve\u0301s\u00a0\u00bb de cerfs, de daims, de chamois et de chevreuils qui leur sont impose\u0301s, alertant des risques pour la biodiversite\u0301. \u00ab\u00a0On demande aux chasseurs de pre\u0301lever jusqu&rsquo;au 1er fe\u0301vrier, donc d&rsquo;ici trois semaines, 2.000 cerfs, 350 chamois [&hellip;]\" \/>\n<meta property=\"og:url\" content=\"https:\/\/www.africa-press.net\/cotedivoire\/politique\/dans-le-haut-rhin-les-chasseurs-veulent-tuer-moins-danimaux\" \/>\n<meta property=\"og:site_name\" content=\"C\u00f4te d&#039;Ivoire\" \/>\n<meta property=\"article:published_time\" content=\"2025-01-11T17:06:04+00:00\" \/>\n<meta name=\"author\" content=\"cfeditorfr\" \/>\n<meta name=\"twitter:card\" content=\"summary_large_image\" \/>\n<meta name=\"twitter:label1\" content=\"\u00c9crit par\" \/>\n\t<meta name=\"twitter:data1\" content=\"cfeditorfr\" \/>\n\t<meta name=\"twitter:label2\" content=\"Dur\u00e9e de lecture estim\u00e9e\" \/>\n\t<meta name=\"twitter:data2\" content=\"2 minutes\" \/>\n<script type=\"application\/ld+json\" class=\"yoast-schema-graph\">{\"@context\":\"https:\/\/schema.org\",\"@graph\":[{\"@type\":\"Article\",\"@id\":\"https:\/\/www.africa-press.net\/cotedivoire\/politique\/dans-le-haut-rhin-les-chasseurs-veulent-tuer-moins-danimaux#article\",\"isPartOf\":{\"@id\":\"https:\/\/www.africa-press.net\/cotedivoire\/politique\/dans-le-haut-rhin-les-chasseurs-veulent-tuer-moins-danimaux\"},\"author\":{\"name\":\"cfeditorfr\",\"@id\":\"https:\/\/www.africa-press.net\/cotedivoire\/#\/schema\/person\/2b1cf3cd81a31e3cd26889ca66d677f1\"},\"headline\":\"Dans le Haut-Rhin, les chasseurs veulent tuer&#8230; moins d&rsquo;animaux\",\"datePublished\":\"2025-01-11T17:06:04+00:00\",\"mainEntityOfPage\":{\"@id\":\"https:\/\/www.africa-press.net\/cotedivoire\/politique\/dans-le-haut-rhin-les-chasseurs-veulent-tuer-moins-danimaux\"},\"wordCount\":523,\"commentCount\":0,\"image\":{\"@id\":\"https:\/\/www.africa-press.net\/cotedivoire\/politique\/dans-le-haut-rhin-les-chasseurs-veulent-tuer-moins-danimaux#primaryimage\"},\"thumbnailUrl\":\"https:\/\/static.africa-press.net\/cote\/sites\/43\/2025\/01\/sm_1736608539.111931.jpg\",\"keywords\":[\"C\u00f4te d'Ivoire\"],\"articleSection\":[\"Divers\",\"Toutes les actualit\u00e9s\"],\"inLanguage\":\"fr-FR\",\"potentialAction\":[{\"@type\":\"CommentAction\",\"name\":\"Comment\",\"target\":[\"https:\/\/www.africa-press.net\/cotedivoire\/politique\/dans-le-haut-rhin-les-chasseurs-veulent-tuer-moins-danimaux#respond\"]}]},{\"@type\":\"WebPage\",\"@id\":\"https:\/\/www.africa-press.net\/cotedivoire\/politique\/dans-le-haut-rhin-les-chasseurs-veulent-tuer-moins-danimaux\",\"url\":\"https:\/\/www.africa-press.net\/cotedivoire\/politique\/dans-le-haut-rhin-les-chasseurs-veulent-tuer-moins-danimaux\",\"name\":\"Dans le Haut-Rhin, les chasseurs veulent tuer... moins d'animaux - C\u00f4te d&#039;Ivoire\",\"isPartOf\":{\"@id\":\"https:\/\/www.africa-press.net\/cotedivoire\/#website\"},\"primaryImageOfPage\":{\"@id\":\"https:\/\/www.africa-press.net\/cotedivoire\/politique\/dans-le-haut-rhin-les-chasseurs-veulent-tuer-moins-danimaux#primaryimage\"},\"image\":{\"@id\":\"https:\/\/www.africa-press.net\/cotedivoire\/politique\/dans-le-haut-rhin-les-chasseurs-veulent-tuer-moins-danimaux#primaryimage\"},\"thumbnailUrl\":\"https:\/\/static.africa-press.net\/cote\/sites\/43\/2025\/01\/sm_1736608539.111931.jpg\",\"datePublished\":\"2025-01-11T17:06:04+00:00\",\"author\":{\"@id\":\"https:\/\/www.africa-press.net\/cotedivoire\/#\/schema\/person\/2b1cf3cd81a31e3cd26889ca66d677f1\"},\"breadcrumb\":{\"@id\":\"https:\/\/www.africa-press.net\/cotedivoire\/politique\/dans-le-haut-rhin-les-chasseurs-veulent-tuer-moins-danimaux#breadcrumb\"},\"inLanguage\":\"fr-FR\",\"potentialAction\":[{\"@type\":\"ReadAction\",\"target\":[\"https:\/\/www.africa-press.net\/cotedivoire\/politique\/dans-le-haut-rhin-les-chasseurs-veulent-tuer-moins-danimaux\"]}]},{\"@type\":\"ImageObject\",\"inLanguage\":\"fr-FR\",\"@id\":\"https:\/\/www.africa-press.net\/cotedivoire\/politique\/dans-le-haut-rhin-les-chasseurs-veulent-tuer-moins-danimaux#primaryimage\",\"url\":\"https:\/\/static.africa-press.net\/cote\/sites\/43\/2025\/01\/sm_1736608539.111931.jpg\",\"contentUrl\":\"https:\/\/static.africa-press.net\/cote\/sites\/43\/2025\/01\/sm_1736608539.111931.jpg\",\"width\":1200,\"height\":900,\"caption\":\"Dans le Haut-Rhin, les chasseurs veulent tuer... moins d'animaux\"},{\"@type\":\"BreadcrumbList\",\"@id\":\"https:\/\/www.africa-press.net\/cotedivoire\/politique\/dans-le-haut-rhin-les-chasseurs-veulent-tuer-moins-danimaux#breadcrumb\",\"itemListElement\":[{\"@type\":\"ListItem\",\"position\":1,\"name\":\"Accueil\",\"item\":\"https:\/\/www.africa-press.net\/cotedivoire\/\"},{\"@type\":\"ListItem\",\"position\":2,\"name\":\"Dans le Haut-Rhin, les chasseurs veulent tuer&#8230; moins d&rsquo;animaux\"}]},{\"@type\":\"WebSite\",\"@id\":\"https:\/\/www.africa-press.net\/cotedivoire\/#website\",\"url\":\"https:\/\/www.africa-press.net\/cotedivoire\/\",\"name\":\"C\u00f4te d&#039;Ivoire\",\"description\":\"Just another Africa News Agency Sites site\",\"potentialAction\":[{\"@type\":\"SearchAction\",\"target\":{\"@type\":\"EntryPoint\",\"urlTemplate\":\"https:\/\/www.africa-press.net\/cotedivoire\/?s={search_term_string}\"},\"query-input\":{\"@type\":\"PropertyValueSpecification\",\"valueRequired\":true,\"valueName\":\"search_term_string\"}}],\"inLanguage\":\"fr-FR\"},{\"@type\":\"Person\",\"@id\":\"https:\/\/www.africa-press.net\/cotedivoire\/#\/schema\/person\/2b1cf3cd81a31e3cd26889ca66d677f1\",\"name\":\"cfeditorfr\"}]}<\/script>\n<!-- \/ Yoast SEO Premium plugin. -->","yoast_head_json":{"title":"Dans le Haut-Rhin, les chasseurs veulent tuer... moins d'animaux - C\u00f4te d&#039;Ivoire","robots":{"index":"index","follow":"follow","max-snippet":"max-snippet:-1","max-image-preview":"max-image-preview:large","max-video-preview":"max-video-preview:-1"},"canonical":"https:\/\/www.africa-press.net\/cotedivoire\/politique\/dans-le-haut-rhin-les-chasseurs-veulent-tuer-moins-danimaux","og_locale":"fr_FR","og_type":"article","og_title":"Dans le Haut-Rhin, les chasseurs veulent tuer... moins d'animaux","og_description":"Africa-Press &#8211; C\u00f4te d&rsquo;Ivoire. La Fe\u0301de\u0301ration des chasseurs du Haut-Rhin a de\u0301nonce\u0301 les minimas de tirs \u00ab\u00a0beaucoup trop e\u0301leve\u0301s\u00a0\u00bb de cerfs, de daims, de chamois et de chevreuils qui leur sont impose\u0301s, alertant des risques pour la biodiversite\u0301. \u00ab\u00a0On demande aux chasseurs de pre\u0301lever jusqu&rsquo;au 1er fe\u0301vrier, donc d&rsquo;ici trois semaines, 2.000 cerfs, 350 chamois [&hellip;]","og_url":"https:\/\/www.africa-press.net\/cotedivoire\/politique\/dans-le-haut-rhin-les-chasseurs-veulent-tuer-moins-danimaux","og_site_name":"C\u00f4te d&#039;Ivoire","article_published_time":"2025-01-11T17:06:04+00:00","author":"cfeditorfr","twitter_card":"summary_large_image","twitter_misc":{"\u00c9crit par":"cfeditorfr","Dur\u00e9e de lecture estim\u00e9e":"2 minutes"},"schema":{"@context":"https:\/\/schema.org","@graph":[{"@type":"Article","@id":"https:\/\/www.africa-press.net\/cotedivoire\/politique\/dans-le-haut-rhin-les-chasseurs-veulent-tuer-moins-danimaux#article","isPartOf":{"@id":"https:\/\/www.africa-press.net\/cotedivoire\/politique\/dans-le-haut-rhin-les-chasseurs-veulent-tuer-moins-danimaux"},"author":{"name":"cfeditorfr","@id":"https:\/\/www.africa-press.net\/cotedivoire\/#\/schema\/person\/2b1cf3cd81a31e3cd26889ca66d677f1"},"headline":"Dans le Haut-Rhin, les chasseurs veulent tuer&#8230; moins d&rsquo;animaux","datePublished":"2025-01-11T17:06:04+00:00","mainEntityOfPage":{"@id":"https:\/\/www.africa-press.net\/cotedivoire\/politique\/dans-le-haut-rhin-les-chasseurs-veulent-tuer-moins-danimaux"},"wordCount":523,"commentCount":0,"image":{"@id":"https:\/\/www.africa-press.net\/cotedivoire\/politique\/dans-le-haut-rhin-les-chasseurs-veulent-tuer-moins-danimaux#primaryimage"},"thumbnailUrl":"https:\/\/static.africa-press.net\/cote\/sites\/43\/2025\/01\/sm_1736608539.111931.jpg","keywords":["C\u00f4te d'Ivoire"],"articleSection":["Divers","Toutes les actualit\u00e9s"],"inLanguage":"fr-FR","potentialAction":[{"@type":"CommentAction","name":"Comment","target":["https:\/\/www.africa-press.net\/cotedivoire\/politique\/dans-le-haut-rhin-les-chasseurs-veulent-tuer-moins-danimaux#respond"]}]},{"@type":"WebPage","@id":"https:\/\/www.africa-press.net\/cotedivoire\/politique\/dans-le-haut-rhin-les-chasseurs-veulent-tuer-moins-danimaux","url":"https:\/\/www.africa-press.net\/cotedivoire\/politique\/dans-le-haut-rhin-les-chasseurs-veulent-tuer-moins-danimaux","name":"Dans le Haut-Rhin, les chasseurs veulent tuer... moins d'animaux - C\u00f4te d&#039;Ivoire","isPartOf":{"@id":"https:\/\/www.africa-press.net\/cotedivoire\/#website"},"primaryImageOfPage":{"@id":"https:\/\/www.africa-press.net\/cotedivoire\/politique\/dans-le-haut-rhin-les-chasseurs-veulent-tuer-moins-danimaux#primaryimage"},"image":{"@id":"https:\/\/www.africa-press.net\/cotedivoire\/politique\/dans-le-haut-rhin-les-chasseurs-veulent-tuer-moins-danimaux#primaryimage"},"thumbnailUrl":"https:\/\/static.africa-press.net\/cote\/sites\/43\/2025\/01\/sm_1736608539.111931.jpg","datePublished":"2025-01-11T17:06:04+00:00","author":{"@id":"https:\/\/www.africa-press.net\/cotedivoire\/#\/schema\/person\/2b1cf3cd81a31e3cd26889ca66d677f1"},"breadcrumb":{"@id":"https:\/\/www.africa-press.net\/cotedivoire\/politique\/dans-le-haut-rhin-les-chasseurs-veulent-tuer-moins-danimaux#breadcrumb"},"inLanguage":"fr-FR","potentialAction":[{"@type":"ReadAction","target":["https:\/\/www.africa-press.net\/cotedivoire\/politique\/dans-le-haut-rhin-les-chasseurs-veulent-tuer-moins-danimaux"]}]},{"@type":"ImageObject","inLanguage":"fr-FR","@id":"https:\/\/www.africa-press.net\/cotedivoire\/politique\/dans-le-haut-rhin-les-chasseurs-veulent-tuer-moins-danimaux#primaryimage","url":"https:\/\/static.africa-press.net\/cote\/sites\/43\/2025\/01\/sm_1736608539.111931.jpg","contentUrl":"https:\/\/static.africa-press.net\/cote\/sites\/43\/2025\/01\/sm_1736608539.111931.jpg","width":1200,"height":900,"caption":"Dans le Haut-Rhin, les chasseurs veulent tuer... moins d'animaux"},{"@type":"BreadcrumbList","@id":"https:\/\/www.africa-press.net\/cotedivoire\/politique\/dans-le-haut-rhin-les-chasseurs-veulent-tuer-moins-danimaux#breadcrumb","itemListElement":[{"@type":"ListItem","position":1,"name":"Accueil","item":"https:\/\/www.africa-press.net\/cotedivoire\/"},{"@type":"ListItem","position":2,"name":"Dans le Haut-Rhin, les chasseurs veulent tuer&#8230; moins d&rsquo;animaux"}]},{"@type":"WebSite","@id":"https:\/\/www.africa-press.net\/cotedivoire\/#website","url":"https:\/\/www.africa-press.net\/cotedivoire\/","name":"C\u00f4te d&#039;Ivoire","description":"Just another Africa News Agency Sites site","potentialAction":[{"@type":"SearchAction","target":{"@type":"EntryPoint","urlTemplate":"https:\/\/www.africa-press.net\/cotedivoire\/?s={search_term_string}"},"query-input":{"@type":"PropertyValueSpecification","valueRequired":true,"valueName":"search_term_string"}}],"inLanguage":"fr-FR"},{"@type":"Person","@id":"https:\/\/www.africa-press.net\/cotedivoire\/#\/schema\/person\/2b1cf3cd81a31e3cd26889ca66d677f1","name":"cfeditorfr"}]}},"_links":{"self":[{"href":"https:\/\/www.africa-press.net\/cotedivoire\/wp-json\/wp\/v2\/posts\/93606","targetHints":{"allow":["GET"]}}],"collection":[{"href":"https:\/\/www.africa-press.net\/cotedivoire\/wp-json\/wp\/v2\/posts"}],"about":[{"href":"https:\/\/www.africa-press.net\/cotedivoire\/wp-json\/wp\/v2\/types\/post"}],"author":[{"embeddable":true,"href":"https:\/\/www.africa-press.net\/cotedivoire\/wp-json\/wp\/v2\/users\/82"}],"replies":[{"embeddable":true,"href":"https:\/\/www.africa-press.net\/cotedivoire\/wp-json\/wp\/v2\/comments?post=93606"}],"version-history":[{"count":0,"href":"https:\/\/www.africa-press.net\/cotedivoire\/wp-json\/wp\/v2\/posts\/93606\/revisions"}],"wp:featuredmedia":[{"embeddable":true,"href":"https:\/\/www.africa-press.net\/cotedivoire\/wp-json\/wp\/v2\/media\/93605"}],"wp:attachment":[{"href":"https:\/\/www.africa-press.net\/cotedivoire\/wp-json\/wp\/v2\/media?parent=93606"}],"wp:term":[{"taxonomy":"category","embeddable":true,"href":"https:\/\/www.africa-press.net\/cotedivoire\/wp-json\/wp\/v2\/categories?post=93606"},{"taxonomy":"post_tag","embeddable":true,"href":"https:\/\/www.africa-press.net\/cotedivoire\/wp-json\/wp\/v2\/tags?post=93606"}],"curies":[{"name":"wp","href":"https:\/\/api.w.org\/{rel}","templated":true}]}}