{"id":93703,"date":"2025-01-14T17:40:11","date_gmt":"2025-01-14T17:40:11","guid":{"rendered":"https:\/\/www.africa-press.net\/cotedivoire\/politique\/convoque-par-le-conseil-de-discipline-du-pdci-mercredi-billon-emet-une-reserve"},"modified":"2025-03-06T19:02:24","modified_gmt":"2025-03-06T19:02:24","slug":"convoque-par-le-conseil-de-discipline-du-pdci-mercredi-billon-emet-une-reserve","status":"publish","type":"post","link":"https:\/\/www.africa-press.net\/cotedivoire\/politique\/convoque-par-le-conseil-de-discipline-du-pdci-mercredi-billon-emet-une-reserve","title":{"rendered":"Convoqu\u00e9 par le Conseil de Discipline du PDCI mercredi, Billon \u00e9met une r\u00e9serve"},"content":{"rendered":"<p><span style=\"color: #ff6600\"><strong>Africa-Press &#8211; C\u00f4te d&rsquo;Ivoire. <\/strong><\/span>Sauf de\u0301sistement de dernie\u0300re minute, Jean Louis Billon, sera entendu le mercredi 15 janvier 2025 a\u0300 17h30, par le Conseil de Discipline du PDCI-RDA.<\/p>\n<p>Conforme\u0301ment a\u0300 sa publication en date du 07 janvier 2025, il re\u0301ite\u0300re par la pre\u0301sente sa de\u0301cision de se pre\u0301senter a\u0300 la convocation du Conseil de Discipline, fixe\u0301e au mercredi 15 janvier 2025 a\u0300 17h30, cependant il e\u0301met des re\u0301serves.<\/p>\n<p>\u00ab Toutefois, je tiens a\u0300 souligner que le Conseil de Discipline n\u2019a pas acce\u0301de\u0301 a\u0300 la demande e\u0301mise par mon conseil juridique, laquelle visait la transmission de documents essentiels en lien avec l\u2019acte de convocation (initialement mentionne\u0301 dans la convocation du Conseil) \u00bb, a indique\u0301 le candidat de\u0301clare\u0301 a\u0300 la pre\u0301sidentielle d\u2019octobre prochain, avant de poursuivre.<\/p>\n<p>\u00ab Ces e\u0301le\u0301ments reve\u0302tent un caracte\u0300re de\u0301terminant pour le bon de\u0301roulement et la transparence de la proce\u0301dure en cours. \u00bb<\/p>\n<p><strong>Pour plus d&rsquo;informations et d&rsquo;analyses sur la <span style=\"color: #ff6600\">C\u00f4te d&rsquo;Ivoire<\/span>, suivez <span style=\"color: #ff6600\">Africa-Press<\/span><\/strong><\/p>\n","protected":false},"excerpt":{"rendered":"<p>Africa-Press &#8211; C\u00f4te d&rsquo;Ivoire. Sauf de\u0301sistement de dernie\u0300re minute, Jean Louis Billon, sera entendu le mercredi 15 janvier 2025 a\u0300 17h30, par le Conseil de Discipline du PDCI-RDA. Conforme\u0301ment a\u0300 sa publication en date du 07 janvier 2025, il re\u0301ite\u0300re par la pre\u0301sente sa de\u0301cision de se pre\u0301senter a\u0300 la convocation du Conseil de Discipline, [&hellip;]<\/p>\n","protected":false},"author":82,"featured_media":93702,"comment_status":"open","ping_status":"closed","sticky":false,"template":"","format":"standard","meta":{"footnotes":""},"categories":[2,10],"tags":[1744,29,14567,480,739,12431],"class_list":["post-93703","post","type-post","status-publish","format-standard","has-post-thumbnail","hentry","category-politique","category-toutes-les-actualites","tag-conseil","tag-cote-divoire","tag-discipline","tag-jean-louis-billon","tag-pdci-rda","tag-reserve"],"yoast_head":"<!-- This site is optimized with the Yoast SEO Premium plugin v26.1 (Yoast SEO v27.0) - https:\/\/yoast.com\/product\/yoast-seo-premium-wordpress\/ -->\n<title>Convoqu\u00e9 par le Conseil de Discipline du PDCI mercredi, Billon \u00e9met une r\u00e9serve - C\u00f4te d&#039;Ivoire<\/title>\n<meta name=\"description\" content=\"Sauf de\u0301sistement de dernie\u0300re minute, Jean Louis Billon, sera entendu le mercredi 15 janvier 2025 a\u0300 17h30, par le Cons ...\" \/>\n<meta name=\"robots\" content=\"index, follow, max-snippet:-1, max-image-preview:large, max-video-preview:-1\" \/>\n<link rel=\"canonical\" href=\"https:\/\/www.africa-press.net\/cotedivoire\/politique\/convoque-par-le-conseil-de-discipline-du-pdci-mercredi-billon-emet-une-reserve\" \/>\n<meta property=\"og:locale\" content=\"fr_FR\" \/>\n<meta property=\"og:type\" content=\"article\" \/>\n<meta property=\"og:title\" content=\"Convoqu\u00e9 par le Conseil de Discipline du PDCI mercredi, Billon \u00e9met une r\u00e9serve\" \/>\n<meta property=\"og:description\" content=\"Sauf de\u0301sistement de dernie\u0300re minute, Jean Louis Billon, sera entendu le mercredi 15 janvier 2025 a\u0300 17h30, par le Cons ...\" \/>\n<meta property=\"og:url\" content=\"https:\/\/www.africa-press.net\/cotedivoire\/politique\/convoque-par-le-conseil-de-discipline-du-pdci-mercredi-billon-emet-une-reserve\" \/>\n<meta property=\"og:site_name\" content=\"C\u00f4te d&#039;Ivoire\" \/>\n<meta property=\"article:published_time\" content=\"2025-01-14T17:40:11+00:00\" \/>\n<meta property=\"article:modified_time\" content=\"2025-03-06T19:02:24+00:00\" \/>\n<meta property=\"og:image\" content=\"https:\/\/static.africa-press.net\/cote\/sites\/43\/2025\/01\/sm_1736864091.875379.jpg\" \/>\n\t<meta property=\"og:image:width\" content=\"720\" \/>\n\t<meta property=\"og:image:height\" content=\"373\" \/>\n\t<meta property=\"og:image:type\" content=\"image\/jpeg\" \/>\n<meta name=\"author\" content=\"cfeditorfr\" \/>\n<meta name=\"twitter:card\" content=\"summary_large_image\" \/>\n<meta name=\"twitter:label1\" content=\"\u00c9crit par\" \/>\n\t<meta name=\"twitter:data1\" content=\"cfeditorfr\" \/>\n\t<meta name=\"twitter:label2\" content=\"Dur\u00e9e de lecture estim\u00e9e\" \/>\n\t<meta name=\"twitter:data2\" content=\"1 minute\" \/>\n<script type=\"application\/ld+json\" class=\"yoast-schema-graph\">{\"@context\":\"https:\/\/schema.org\",\"@graph\":[{\"@type\":\"Article\",\"@id\":\"https:\/\/www.africa-press.net\/cotedivoire\/politique\/convoque-par-le-conseil-de-discipline-du-pdci-mercredi-billon-emet-une-reserve#article\",\"isPartOf\":{\"@id\":\"https:\/\/www.africa-press.net\/cotedivoire\/politique\/convoque-par-le-conseil-de-discipline-du-pdci-mercredi-billon-emet-une-reserve\"},\"author\":{\"name\":\"cfeditorfr\",\"@id\":\"https:\/\/www.africa-press.net\/cotedivoire\/#\/schema\/person\/2b1cf3cd81a31e3cd26889ca66d677f1\"},\"headline\":\"Convoqu\u00e9 par le Conseil de Discipline du PDCI mercredi, Billon \u00e9met une r\u00e9serve\",\"datePublished\":\"2025-01-14T17:40:11+00:00\",\"dateModified\":\"2025-03-06T19:02:24+00:00\",\"mainEntityOfPage\":{\"@id\":\"https:\/\/www.africa-press.net\/cotedivoire\/politique\/convoque-par-le-conseil-de-discipline-du-pdci-mercredi-billon-emet-une-reserve\"},\"wordCount\":190,\"commentCount\":0,\"image\":{\"@id\":\"https:\/\/www.africa-press.net\/cotedivoire\/politique\/convoque-par-le-conseil-de-discipline-du-pdci-mercredi-billon-emet-une-reserve#primaryimage\"},\"thumbnailUrl\":\"https:\/\/static.africa-press.net\/cote\/sites\/43\/2025\/01\/sm_1736864091.875379.jpg\",\"keywords\":[\"Conseil\",\"C\u00d4TE D'IVOIRE\",\"Discipline\",\"Jean Louis Billon\",\"PDCI-RDA\",\"r\u00e9serve\"],\"articleSection\":[\"Politique\",\"Toutes les actualit\u00e9s\"],\"inLanguage\":\"fr-FR\",\"potentialAction\":[{\"@type\":\"CommentAction\",\"name\":\"Comment\",\"target\":[\"https:\/\/www.africa-press.net\/cotedivoire\/politique\/convoque-par-le-conseil-de-discipline-du-pdci-mercredi-billon-emet-une-reserve#respond\"]}]},{\"@type\":\"WebPage\",\"@id\":\"https:\/\/www.africa-press.net\/cotedivoire\/politique\/convoque-par-le-conseil-de-discipline-du-pdci-mercredi-billon-emet-une-reserve\",\"url\":\"https:\/\/www.africa-press.net\/cotedivoire\/politique\/convoque-par-le-conseil-de-discipline-du-pdci-mercredi-billon-emet-une-reserve\",\"name\":\"Convoqu\u00e9 par le Conseil de Discipline du PDCI mercredi, Billon \u00e9met une r\u00e9serve - C\u00f4te d&#039;Ivoire\",\"isPartOf\":{\"@id\":\"https:\/\/www.africa-press.net\/cotedivoire\/#website\"},\"primaryImageOfPage\":{\"@id\":\"https:\/\/www.africa-press.net\/cotedivoire\/politique\/convoque-par-le-conseil-de-discipline-du-pdci-mercredi-billon-emet-une-reserve#primaryimage\"},\"image\":{\"@id\":\"https:\/\/www.africa-press.net\/cotedivoire\/politique\/convoque-par-le-conseil-de-discipline-du-pdci-mercredi-billon-emet-une-reserve#primaryimage\"},\"thumbnailUrl\":\"https:\/\/static.africa-press.net\/cote\/sites\/43\/2025\/01\/sm_1736864091.875379.jpg\",\"datePublished\":\"2025-01-14T17:40:11+00:00\",\"dateModified\":\"2025-03-06T19:02:24+00:00\",\"author\":{\"@id\":\"https:\/\/www.africa-press.net\/cotedivoire\/#\/schema\/person\/2b1cf3cd81a31e3cd26889ca66d677f1\"},\"description\":\"Sauf de\u0301sistement de dernie\u0300re minute, Jean Louis Billon, sera entendu le mercredi 15 janvier 2025 a\u0300 17h30, par le Cons ...\",\"breadcrumb\":{\"@id\":\"https:\/\/www.africa-press.net\/cotedivoire\/politique\/convoque-par-le-conseil-de-discipline-du-pdci-mercredi-billon-emet-une-reserve#breadcrumb\"},\"inLanguage\":\"fr-FR\",\"potentialAction\":[{\"@type\":\"ReadAction\",\"target\":[\"https:\/\/www.africa-press.net\/cotedivoire\/politique\/convoque-par-le-conseil-de-discipline-du-pdci-mercredi-billon-emet-une-reserve\"]}]},{\"@type\":\"ImageObject\",\"inLanguage\":\"fr-FR\",\"@id\":\"https:\/\/www.africa-press.net\/cotedivoire\/politique\/convoque-par-le-conseil-de-discipline-du-pdci-mercredi-billon-emet-une-reserve#primaryimage\",\"url\":\"https:\/\/static.africa-press.net\/cote\/sites\/43\/2025\/01\/sm_1736864091.875379.jpg\",\"contentUrl\":\"https:\/\/static.africa-press.net\/cote\/sites\/43\/2025\/01\/sm_1736864091.875379.jpg\",\"width\":720,\"height\":373,\"caption\":\"Convoqu\u00e9 par le Conseil de Discipline du PDCI mercredi, Billon \u00e9met une r\u00e9serve\"},{\"@type\":\"BreadcrumbList\",\"@id\":\"https:\/\/www.africa-press.net\/cotedivoire\/politique\/convoque-par-le-conseil-de-discipline-du-pdci-mercredi-billon-emet-une-reserve#breadcrumb\",\"itemListElement\":[{\"@type\":\"ListItem\",\"position\":1,\"name\":\"Accueil\",\"item\":\"https:\/\/www.africa-press.net\/cotedivoire\/\"},{\"@type\":\"ListItem\",\"position\":2,\"name\":\"Convoqu\u00e9 par le Conseil de Discipline du PDCI mercredi, Billon \u00e9met une r\u00e9serve\"}]},{\"@type\":\"WebSite\",\"@id\":\"https:\/\/www.africa-press.net\/cotedivoire\/#website\",\"url\":\"https:\/\/www.africa-press.net\/cotedivoire\/\",\"name\":\"C\u00f4te d&#039;Ivoire\",\"description\":\"Just another Africa News Agency Sites site\",\"potentialAction\":[{\"@type\":\"SearchAction\",\"target\":{\"@type\":\"EntryPoint\",\"urlTemplate\":\"https:\/\/www.africa-press.net\/cotedivoire\/?s={search_term_string}\"},\"query-input\":{\"@type\":\"PropertyValueSpecification\",\"valueRequired\":true,\"valueName\":\"search_term_string\"}}],\"inLanguage\":\"fr-FR\"},{\"@type\":\"Person\",\"@id\":\"https:\/\/www.africa-press.net\/cotedivoire\/#\/schema\/person\/2b1cf3cd81a31e3cd26889ca66d677f1\",\"name\":\"cfeditorfr\"}]}<\/script>\n<!-- \/ Yoast SEO Premium plugin. -->","yoast_head_json":{"title":"Convoqu\u00e9 par le Conseil de Discipline du PDCI mercredi, Billon \u00e9met une r\u00e9serve - C\u00f4te d&#039;Ivoire","description":"Sauf de\u0301sistement de dernie\u0300re minute, Jean Louis Billon, sera entendu le mercredi 15 janvier 2025 a\u0300 17h30, par le Cons ...","robots":{"index":"index","follow":"follow","max-snippet":"max-snippet:-1","max-image-preview":"max-image-preview:large","max-video-preview":"max-video-preview:-1"},"canonical":"https:\/\/www.africa-press.net\/cotedivoire\/politique\/convoque-par-le-conseil-de-discipline-du-pdci-mercredi-billon-emet-une-reserve","og_locale":"fr_FR","og_type":"article","og_title":"Convoqu\u00e9 par le Conseil de Discipline du PDCI mercredi, Billon \u00e9met une r\u00e9serve","og_description":"Sauf de\u0301sistement de dernie\u0300re minute, Jean Louis Billon, sera entendu le mercredi 15 janvier 2025 a\u0300 17h30, par le Cons ...","og_url":"https:\/\/www.africa-press.net\/cotedivoire\/politique\/convoque-par-le-conseil-de-discipline-du-pdci-mercredi-billon-emet-une-reserve","og_site_name":"C\u00f4te d&#039;Ivoire","article_published_time":"2025-01-14T17:40:11+00:00","article_modified_time":"2025-03-06T19:02:24+00:00","og_image":[{"width":720,"height":373,"url":"https:\/\/static.africa-press.net\/cote\/sites\/43\/2025\/01\/sm_1736864091.875379.jpg","type":"image\/jpeg"}],"author":"cfeditorfr","twitter_card":"summary_large_image","twitter_misc":{"\u00c9crit par":"cfeditorfr","Dur\u00e9e de lecture estim\u00e9e":"1 minute"},"schema":{"@context":"https:\/\/schema.org","@graph":[{"@type":"Article","@id":"https:\/\/www.africa-press.net\/cotedivoire\/politique\/convoque-par-le-conseil-de-discipline-du-pdci-mercredi-billon-emet-une-reserve#article","isPartOf":{"@id":"https:\/\/www.africa-press.net\/cotedivoire\/politique\/convoque-par-le-conseil-de-discipline-du-pdci-mercredi-billon-emet-une-reserve"},"author":{"name":"cfeditorfr","@id":"https:\/\/www.africa-press.net\/cotedivoire\/#\/schema\/person\/2b1cf3cd81a31e3cd26889ca66d677f1"},"headline":"Convoqu\u00e9 par le Conseil de Discipline du PDCI mercredi, Billon \u00e9met une r\u00e9serve","datePublished":"2025-01-14T17:40:11+00:00","dateModified":"2025-03-06T19:02:24+00:00","mainEntityOfPage":{"@id":"https:\/\/www.africa-press.net\/cotedivoire\/politique\/convoque-par-le-conseil-de-discipline-du-pdci-mercredi-billon-emet-une-reserve"},"wordCount":190,"commentCount":0,"image":{"@id":"https:\/\/www.africa-press.net\/cotedivoire\/politique\/convoque-par-le-conseil-de-discipline-du-pdci-mercredi-billon-emet-une-reserve#primaryimage"},"thumbnailUrl":"https:\/\/static.africa-press.net\/cote\/sites\/43\/2025\/01\/sm_1736864091.875379.jpg","keywords":["Conseil","C\u00d4TE D'IVOIRE","Discipline","Jean Louis Billon","PDCI-RDA","r\u00e9serve"],"articleSection":["Politique","Toutes les actualit\u00e9s"],"inLanguage":"fr-FR","potentialAction":[{"@type":"CommentAction","name":"Comment","target":["https:\/\/www.africa-press.net\/cotedivoire\/politique\/convoque-par-le-conseil-de-discipline-du-pdci-mercredi-billon-emet-une-reserve#respond"]}]},{"@type":"WebPage","@id":"https:\/\/www.africa-press.net\/cotedivoire\/politique\/convoque-par-le-conseil-de-discipline-du-pdci-mercredi-billon-emet-une-reserve","url":"https:\/\/www.africa-press.net\/cotedivoire\/politique\/convoque-par-le-conseil-de-discipline-du-pdci-mercredi-billon-emet-une-reserve","name":"Convoqu\u00e9 par le Conseil de Discipline du PDCI mercredi, Billon \u00e9met une r\u00e9serve - C\u00f4te d&#039;Ivoire","isPartOf":{"@id":"https:\/\/www.africa-press.net\/cotedivoire\/#website"},"primaryImageOfPage":{"@id":"https:\/\/www.africa-press.net\/cotedivoire\/politique\/convoque-par-le-conseil-de-discipline-du-pdci-mercredi-billon-emet-une-reserve#primaryimage"},"image":{"@id":"https:\/\/www.africa-press.net\/cotedivoire\/politique\/convoque-par-le-conseil-de-discipline-du-pdci-mercredi-billon-emet-une-reserve#primaryimage"},"thumbnailUrl":"https:\/\/static.africa-press.net\/cote\/sites\/43\/2025\/01\/sm_1736864091.875379.jpg","datePublished":"2025-01-14T17:40:11+00:00","dateModified":"2025-03-06T19:02:24+00:00","author":{"@id":"https:\/\/www.africa-press.net\/cotedivoire\/#\/schema\/person\/2b1cf3cd81a31e3cd26889ca66d677f1"},"description":"Sauf de\u0301sistement de dernie\u0300re minute, Jean Louis Billon, sera entendu le mercredi 15 janvier 2025 a\u0300 17h30, par le Cons ...","breadcrumb":{"@id":"https:\/\/www.africa-press.net\/cotedivoire\/politique\/convoque-par-le-conseil-de-discipline-du-pdci-mercredi-billon-emet-une-reserve#breadcrumb"},"inLanguage":"fr-FR","potentialAction":[{"@type":"ReadAction","target":["https:\/\/www.africa-press.net\/cotedivoire\/politique\/convoque-par-le-conseil-de-discipline-du-pdci-mercredi-billon-emet-une-reserve"]}]},{"@type":"ImageObject","inLanguage":"fr-FR","@id":"https:\/\/www.africa-press.net\/cotedivoire\/politique\/convoque-par-le-conseil-de-discipline-du-pdci-mercredi-billon-emet-une-reserve#primaryimage","url":"https:\/\/static.africa-press.net\/cote\/sites\/43\/2025\/01\/sm_1736864091.875379.jpg","contentUrl":"https:\/\/static.africa-press.net\/cote\/sites\/43\/2025\/01\/sm_1736864091.875379.jpg","width":720,"height":373,"caption":"Convoqu\u00e9 par le Conseil de Discipline du PDCI mercredi, Billon \u00e9met une r\u00e9serve"},{"@type":"BreadcrumbList","@id":"https:\/\/www.africa-press.net\/cotedivoire\/politique\/convoque-par-le-conseil-de-discipline-du-pdci-mercredi-billon-emet-une-reserve#breadcrumb","itemListElement":[{"@type":"ListItem","position":1,"name":"Accueil","item":"https:\/\/www.africa-press.net\/cotedivoire\/"},{"@type":"ListItem","position":2,"name":"Convoqu\u00e9 par le Conseil de Discipline du PDCI mercredi, Billon \u00e9met une r\u00e9serve"}]},{"@type":"WebSite","@id":"https:\/\/www.africa-press.net\/cotedivoire\/#website","url":"https:\/\/www.africa-press.net\/cotedivoire\/","name":"C\u00f4te d&#039;Ivoire","description":"Just another Africa News Agency Sites site","potentialAction":[{"@type":"SearchAction","target":{"@type":"EntryPoint","urlTemplate":"https:\/\/www.africa-press.net\/cotedivoire\/?s={search_term_string}"},"query-input":{"@type":"PropertyValueSpecification","valueRequired":true,"valueName":"search_term_string"}}],"inLanguage":"fr-FR"},{"@type":"Person","@id":"https:\/\/www.africa-press.net\/cotedivoire\/#\/schema\/person\/2b1cf3cd81a31e3cd26889ca66d677f1","name":"cfeditorfr"}]}},"_links":{"self":[{"href":"https:\/\/www.africa-press.net\/cotedivoire\/wp-json\/wp\/v2\/posts\/93703","targetHints":{"allow":["GET"]}}],"collection":[{"href":"https:\/\/www.africa-press.net\/cotedivoire\/wp-json\/wp\/v2\/posts"}],"about":[{"href":"https:\/\/www.africa-press.net\/cotedivoire\/wp-json\/wp\/v2\/types\/post"}],"author":[{"embeddable":true,"href":"https:\/\/www.africa-press.net\/cotedivoire\/wp-json\/wp\/v2\/users\/82"}],"replies":[{"embeddable":true,"href":"https:\/\/www.africa-press.net\/cotedivoire\/wp-json\/wp\/v2\/comments?post=93703"}],"version-history":[{"count":0,"href":"https:\/\/www.africa-press.net\/cotedivoire\/wp-json\/wp\/v2\/posts\/93703\/revisions"}],"wp:featuredmedia":[{"embeddable":true,"href":"https:\/\/www.africa-press.net\/cotedivoire\/wp-json\/wp\/v2\/media\/93702"}],"wp:attachment":[{"href":"https:\/\/www.africa-press.net\/cotedivoire\/wp-json\/wp\/v2\/media?parent=93703"}],"wp:term":[{"taxonomy":"category","embeddable":true,"href":"https:\/\/www.africa-press.net\/cotedivoire\/wp-json\/wp\/v2\/categories?post=93703"},{"taxonomy":"post_tag","embeddable":true,"href":"https:\/\/www.africa-press.net\/cotedivoire\/wp-json\/wp\/v2\/tags?post=93703"}],"curies":[{"name":"wp","href":"https:\/\/api.w.org\/{rel}","templated":true}]}}