{"id":93709,"date":"2025-01-15T16:11:50","date_gmt":"2025-01-15T16:11:50","guid":{"rendered":"https:\/\/www.africa-press.net\/cotedivoire\/politique\/environnement-des-affaires-faman-toure-salue-le-soutien-de-letat-aux-entreprises-ainsi-que-laccent-mis-sur-la-creation-de-champions-nationaux"},"modified":"2025-01-15T16:11:50","modified_gmt":"2025-01-15T16:11:50","slug":"environnement-des-affaires-faman-toure-salue-le-soutien-de-letat-aux-entreprises-ainsi-que-laccent-mis-sur-la-creation-de-champions-nationaux","status":"publish","type":"post","link":"https:\/\/www.africa-press.net\/cotedivoire\/economie\/environnement-des-affaires-faman-toure-salue-le-soutien-de-letat-aux-entreprises-ainsi-que-laccent-mis-sur-la-creation-de-champions-nationaux","title":{"rendered":"Environnement des affaires, Faman Tour\u00e9 salue le soutien de l&rsquo;\u00c9tat aux entreprises, ainsi que l&rsquo;accent mis sur la cr\u00e9ation de \u00ab Champions nationaux \u00bb"},"content":{"rendered":"<p><span style=\"color: #ff6600\"><strong>Africa-Press &#8211; C\u00f4te d&rsquo;Ivoire. <\/strong><\/span>A\u0300 l&rsquo;occasion de la nouvelle anne\u0301e, Toure\u0301 Faman, Pre\u0301sident de la Chambre de Commerce et d\u2019Industrie de Co\u0302te d&rsquo;Ivoire (CCI-CI), a au nom du monde acade\u0301mique, des entreprises publiques, du secteur prive\u0301 et de la socie\u0301te\u0301 civile pre\u0301sente\u0301 ses v\u0153ux de sante\u0301, de succe\u0300s et de paix a\u0300 l\u2019endroit du Pre\u0301sident de la Re\u0301publique, Alassane Ouattara, ainsi qu&rsquo;a\u0300 la Premie\u0300re Dame, Dominique Ouattara, et a\u0300 l\u2019ensemble du gouvernement ivoirien.<\/p>\n<p>Dans son allocution prononce\u0301e devant un public compose\u0301 de responsables des institutions publiques et prive\u0301es, du monde acade\u0301mique, des entreprises publiques, du secteur prive\u0301 et des organisations de la socie\u0301te\u0301 civile, M. Toure\u0301 a exprime\u0301 la reconnaissance du secteur prive\u0301 ivoirien et de ses partenaires pour les re\u0301formes exceptionnelles mises en place par le Pre\u0301sident Ouattara, permettant a\u0300 la Co\u0302te d&rsquo;Ivoire de figurer parmi les dix premie\u0300res e\u0301conomies africaines.<\/p>\n<p>Le pre\u0301sident de la CCI-CI a mis en lumie\u0300re les progre\u0300s remarquables re\u0301alise\u0301s par le pays ces dernie\u0300res anne\u0301es, soulignant notamment l\u2019augmentation du taux de croissance du PIB, qui devrait atteindre 7 % en 2025, avec une pre\u0301vision de 8,3 % pour l\u2019anne\u0301e suivante.<\/p>\n<p>M. Faman a e\u0301galement salue\u0301 la politique e\u0301conomique du gouvernement qui a permis de maintenir un climat favorable aux affaires, malgre\u0301 les tensions ge\u0301opolitiques mondiales. Le taux d\u2019inflation, qui devrait baisser de 4 % en 2024 a\u0300 3 % en 2025, constitue une preuve supple\u0301mentaire de l\u2019efficacite\u0301 des mesures e\u0301conomiques prises par le gouvernement.<\/p>\n<p>Les re\u0301sultats des entreprises publiques sont e\u0301galement un indicateur cle\u0301 de cette dynamique positive. Le Pre\u0301sident de la chambre de commerce et d&rsquo;industrie a rappele\u0301 qu\u2019en 2023, les entreprises publiques ont enregistre\u0301 un be\u0301ne\u0301fice net de 129 milliards de francs CFA, soit une augmentation de 42 % par rapport a\u0300 2022. Cela te\u0301moigne des re\u0301formes re\u0301ussies dans ce secteur et du climat de se\u0301re\u0301nite\u0301 instaure\u0301 par le gouvernement.<\/p>\n<p>Toure\u0301 Faman a par ailleurs, salue\u0301 la volonte\u0301 du Pre\u0301sident Ouattara de favoriser un dialogue constructif entre le secteur public et le secteur prive\u0301. Une collaboration qu\u2019il conside\u0300re comme essentielle pour garantir un de\u0301veloppement inclusif du pays. Il a mis en avant l\u2019initiative du Pre\u0301sident de convier des entrepreneurs ivoiriens lors de ses de\u0301placements officiels a\u0300 l\u2019e\u0301tranger, permettant ainsi a\u0300 la Co\u0302te d&rsquo;Ivoire d\u2019explorer de nouveaux marche\u0301s internationaux et de renforcer ses relations commerciales.<\/p>\n<p>Le soutien de l&rsquo;E\u0301tat aux entreprises, ainsi que l&rsquo;accent mis sur la cre\u0301ation de \u00ab\u00a0Champions nationaux\u00a0\u00bb, a renforce\u0301 la de\u0301termination des entrepreneurs ivoiriens a\u0300 accompagner l\u2019action du gouvernement dans la re\u0301alisation du Plan National de De\u0301veloppement (PND) et dans les projets a\u0300 venir.<\/p>\n<p>Le Pre\u0301sident de la CCI-CI a e\u0301galement salue\u0301 les efforts du gouvernement pour ame\u0301liorer la gouvernance et la lutte contre le blanchiment des capitaux, des enjeux essentiels pour la stabilite\u0301 et la compe\u0301titivite\u0301 du secteur prive\u0301. Il a exprime\u0301 son engagement a\u0300 accompagner les initiatives visant a\u0300 renforcer les capacite\u0301s e\u0301conomiques du pays, notamment en soutenant la formation des jeunes et la cre\u0301ation d&#8217;emplois. En outre, il a salue\u0301 les re\u0301formes entreprises pour ame\u0301liorer la qualite\u0301 du capital humain, un domaine cle\u0301 pour garantir la compe\u0301titivite\u0301 de la Co\u0302te d&rsquo;Ivoire a\u0300 long terme.<\/p>\n<p>Le pre\u0301sident de la Chambre de Commerce et d\u2019Industrie a souligne\u0301 l\u2019importance de la solidarite\u0301 entre le secteur public, prive\u0301 et la socie\u0301te\u0301 civile pour atteindre les objectifs de de\u0301veloppement du pays. Dans ce contexte, il a re\u0301affirme\u0301 l&rsquo;engagement du secteur prive\u0301 a\u0300 contribuer a\u0300 la re\u0301alisation des projets de de\u0301veloppement porte\u0301s par le gouvernement, en particulier dans les re\u0301gions.<\/p>\n<p>M. Faman a conclu en re\u0301ite\u0301rant les v\u0153ux de succe\u0300s, de paix et de prospe\u0301rite\u0301 a\u0300 l&rsquo;ensemble des acteurs du pays. Il a exprime\u0301 la de\u0301termination de ses organisations a\u0300 continuer de soutenir les actions du gouvernement pour faire rayonner la Co\u0302te d&rsquo;Ivoire, tant au niveau re\u0301gional qu&rsquo;international.<\/p>\n<p>Ainsi, 2025 s&rsquo;annonce comme une anne\u0301e de consolidation pour la Co\u0302te d&rsquo;Ivoire, avec la poursuite des re\u0301formes e\u0301conomiques et sociales mene\u0301es sous la direction du Pre\u0301sident Alassane Ouattara, et un engagement renforce\u0301 des diffe\u0301rents acteurs e\u0301conomiques et sociaux pour le bien-e\u0302tre et la prospe\u0301rite\u0301 de la nation.<\/p>\n<p><strong>Pour plus d&rsquo;informations et d&rsquo;analyses sur la <span style=\"color: #ff6600\">C\u00f4te d&rsquo;Ivoire<\/span>, suivez <span style=\"color: #ff6600\">Africa-Press<span style=\"color: #ff6600\"><\/span><\/strong><\/p>\n","protected":false},"excerpt":{"rendered":"<p>Africa-Press &#8211; C\u00f4te d&rsquo;Ivoire. A\u0300 l&rsquo;occasion de la nouvelle anne\u0301e, Toure\u0301 Faman, Pre\u0301sident de la Chambre de Commerce et d\u2019Industrie de Co\u0302te d&rsquo;Ivoire (CCI-CI), a au nom du monde acade\u0301mique, des entreprises publiques, du secteur prive\u0301 et de la socie\u0301te\u0301 civile pre\u0301sente\u0301 ses v\u0153ux de sante\u0301, de succe\u0300s et de paix a\u0300 l\u2019endroit du Pre\u0301sident [&hellip;]<\/p>\n","protected":false},"author":82,"featured_media":93708,"comment_status":"open","ping_status":"closed","sticky":false,"template":"","format":"standard","meta":{"footnotes":""},"categories":[3,10],"tags":[11043,37,7104],"class_list":["post-93709","post","type-post","status-publish","format-standard","has-post-thumbnail","hentry","category-economie","category-toutes-les-actualites","tag-cci-ci","tag-cote-divoire-2","tag-faman-toure"],"yoast_head":"<!-- This site is optimized with the Yoast SEO Premium plugin v26.1 (Yoast SEO v27.0) - https:\/\/yoast.com\/product\/yoast-seo-premium-wordpress\/ -->\n<title>Environnement des affaires, Faman Tour\u00e9 salue le soutien de l&#039;\u00c9tat aux entreprises, ainsi que l&#039;accent mis sur la cr\u00e9ation de \u00ab Champions nationaux \u00bb - C\u00f4te d&#039;Ivoire<\/title>\n<meta name=\"robots\" content=\"index, follow, max-snippet:-1, max-image-preview:large, max-video-preview:-1\" \/>\n<link rel=\"canonical\" href=\"https:\/\/www.africa-press.net\/cotedivoire\/politique\/environnement-des-affaires-faman-toure-salue-le-soutien-de-letat-aux-entreprises-ainsi-que-laccent-mis-sur-la-creation-de-champions-nationaux\" \/>\n<meta property=\"og:locale\" content=\"fr_FR\" \/>\n<meta property=\"og:type\" content=\"article\" \/>\n<meta property=\"og:title\" content=\"Environnement des affaires, Faman Tour\u00e9 salue le soutien de l&#039;\u00c9tat aux entreprises, ainsi que l&#039;accent mis sur la cr\u00e9ation de \u00ab Champions nationaux \u00bb\" \/>\n<meta property=\"og:description\" content=\"Africa-Press &#8211; C\u00f4te d&rsquo;Ivoire. A\u0300 l&rsquo;occasion de la nouvelle anne\u0301e, Toure\u0301 Faman, Pre\u0301sident de la Chambre de Commerce et d\u2019Industrie de Co\u0302te d&rsquo;Ivoire (CCI-CI), a au nom du monde acade\u0301mique, des entreprises publiques, du secteur prive\u0301 et de la socie\u0301te\u0301 civile pre\u0301sente\u0301 ses v\u0153ux de sante\u0301, de succe\u0300s et de paix a\u0300 l\u2019endroit du Pre\u0301sident [&hellip;]\" \/>\n<meta property=\"og:url\" content=\"https:\/\/www.africa-press.net\/cotedivoire\/politique\/environnement-des-affaires-faman-toure-salue-le-soutien-de-letat-aux-entreprises-ainsi-que-laccent-mis-sur-la-creation-de-champions-nationaux\" \/>\n<meta property=\"og:site_name\" content=\"C\u00f4te d&#039;Ivoire\" \/>\n<meta property=\"article:published_time\" content=\"2025-01-15T16:11:50+00:00\" \/>\n<meta name=\"author\" content=\"cfeditorfr\" \/>\n<meta name=\"twitter:card\" content=\"summary_large_image\" \/>\n<meta name=\"twitter:label1\" content=\"\u00c9crit par\" \/>\n\t<meta name=\"twitter:data1\" content=\"cfeditorfr\" \/>\n\t<meta name=\"twitter:label2\" content=\"Dur\u00e9e de lecture estim\u00e9e\" \/>\n\t<meta name=\"twitter:data2\" content=\"4 minutes\" \/>\n<script type=\"application\/ld+json\" class=\"yoast-schema-graph\">{\"@context\":\"https:\/\/schema.org\",\"@graph\":[{\"@type\":\"Article\",\"@id\":\"https:\/\/www.africa-press.net\/cotedivoire\/politique\/environnement-des-affaires-faman-toure-salue-le-soutien-de-letat-aux-entreprises-ainsi-que-laccent-mis-sur-la-creation-de-champions-nationaux#article\",\"isPartOf\":{\"@id\":\"https:\/\/www.africa-press.net\/cotedivoire\/politique\/environnement-des-affaires-faman-toure-salue-le-soutien-de-letat-aux-entreprises-ainsi-que-laccent-mis-sur-la-creation-de-champions-nationaux\"},\"author\":{\"name\":\"cfeditorfr\",\"@id\":\"https:\/\/www.africa-press.net\/cotedivoire\/#\/schema\/person\/2b1cf3cd81a31e3cd26889ca66d677f1\"},\"headline\":\"Environnement des affaires, Faman Tour\u00e9 salue le soutien de l&rsquo;\u00c9tat aux entreprises, ainsi que l&rsquo;accent mis sur la cr\u00e9ation de \u00ab Champions nationaux \u00bb\",\"datePublished\":\"2025-01-15T16:11:50+00:00\",\"mainEntityOfPage\":{\"@id\":\"https:\/\/www.africa-press.net\/cotedivoire\/politique\/environnement-des-affaires-faman-toure-salue-le-soutien-de-letat-aux-entreprises-ainsi-que-laccent-mis-sur-la-creation-de-champions-nationaux\"},\"wordCount\":823,\"commentCount\":0,\"image\":{\"@id\":\"https:\/\/www.africa-press.net\/cotedivoire\/politique\/environnement-des-affaires-faman-toure-salue-le-soutien-de-letat-aux-entreprises-ainsi-que-laccent-mis-sur-la-creation-de-champions-nationaux#primaryimage\"},\"thumbnailUrl\":\"https:\/\/static.africa-press.net\/cote\/sites\/43\/2025\/01\/sm_1736945611.415757.jpg\",\"keywords\":[\"CCI-CI\",\"C\u00f4te d'Ivoire\",\"Faman Tour\u00e9\"],\"articleSection\":[\"\u00c9conomie\",\"Toutes les actualit\u00e9s\"],\"inLanguage\":\"fr-FR\",\"potentialAction\":[{\"@type\":\"CommentAction\",\"name\":\"Comment\",\"target\":[\"https:\/\/www.africa-press.net\/cotedivoire\/politique\/environnement-des-affaires-faman-toure-salue-le-soutien-de-letat-aux-entreprises-ainsi-que-laccent-mis-sur-la-creation-de-champions-nationaux#respond\"]}]},{\"@type\":\"WebPage\",\"@id\":\"https:\/\/www.africa-press.net\/cotedivoire\/politique\/environnement-des-affaires-faman-toure-salue-le-soutien-de-letat-aux-entreprises-ainsi-que-laccent-mis-sur-la-creation-de-champions-nationaux\",\"url\":\"https:\/\/www.africa-press.net\/cotedivoire\/politique\/environnement-des-affaires-faman-toure-salue-le-soutien-de-letat-aux-entreprises-ainsi-que-laccent-mis-sur-la-creation-de-champions-nationaux\",\"name\":\"Environnement des affaires, Faman Tour\u00e9 salue le soutien de l'\u00c9tat aux entreprises, ainsi que l'accent mis sur la cr\u00e9ation de \u00ab Champions nationaux \u00bb - C\u00f4te d&#039;Ivoire\",\"isPartOf\":{\"@id\":\"https:\/\/www.africa-press.net\/cotedivoire\/#website\"},\"primaryImageOfPage\":{\"@id\":\"https:\/\/www.africa-press.net\/cotedivoire\/politique\/environnement-des-affaires-faman-toure-salue-le-soutien-de-letat-aux-entreprises-ainsi-que-laccent-mis-sur-la-creation-de-champions-nationaux#primaryimage\"},\"image\":{\"@id\":\"https:\/\/www.africa-press.net\/cotedivoire\/politique\/environnement-des-affaires-faman-toure-salue-le-soutien-de-letat-aux-entreprises-ainsi-que-laccent-mis-sur-la-creation-de-champions-nationaux#primaryimage\"},\"thumbnailUrl\":\"https:\/\/static.africa-press.net\/cote\/sites\/43\/2025\/01\/sm_1736945611.415757.jpg\",\"datePublished\":\"2025-01-15T16:11:50+00:00\",\"author\":{\"@id\":\"https:\/\/www.africa-press.net\/cotedivoire\/#\/schema\/person\/2b1cf3cd81a31e3cd26889ca66d677f1\"},\"breadcrumb\":{\"@id\":\"https:\/\/www.africa-press.net\/cotedivoire\/politique\/environnement-des-affaires-faman-toure-salue-le-soutien-de-letat-aux-entreprises-ainsi-que-laccent-mis-sur-la-creation-de-champions-nationaux#breadcrumb\"},\"inLanguage\":\"fr-FR\",\"potentialAction\":[{\"@type\":\"ReadAction\",\"target\":[\"https:\/\/www.africa-press.net\/cotedivoire\/politique\/environnement-des-affaires-faman-toure-salue-le-soutien-de-letat-aux-entreprises-ainsi-que-laccent-mis-sur-la-creation-de-champions-nationaux\"]}]},{\"@type\":\"ImageObject\",\"inLanguage\":\"fr-FR\",\"@id\":\"https:\/\/www.africa-press.net\/cotedivoire\/politique\/environnement-des-affaires-faman-toure-salue-le-soutien-de-letat-aux-entreprises-ainsi-que-laccent-mis-sur-la-creation-de-champions-nationaux#primaryimage\",\"url\":\"https:\/\/static.africa-press.net\/cote\/sites\/43\/2025\/01\/sm_1736945611.415757.jpg\",\"contentUrl\":\"https:\/\/static.africa-press.net\/cote\/sites\/43\/2025\/01\/sm_1736945611.415757.jpg\",\"width\":720,\"height\":480,\"caption\":\"Environnement des affaires, Faman Tour\u00e9 salue le soutien de l'\u00c9tat aux entreprises, ainsi que l'accent mis sur la cr\u00e9ation de \u00ab Champions nationaux \u00bb\"},{\"@type\":\"BreadcrumbList\",\"@id\":\"https:\/\/www.africa-press.net\/cotedivoire\/politique\/environnement-des-affaires-faman-toure-salue-le-soutien-de-letat-aux-entreprises-ainsi-que-laccent-mis-sur-la-creation-de-champions-nationaux#breadcrumb\",\"itemListElement\":[{\"@type\":\"ListItem\",\"position\":1,\"name\":\"Accueil\",\"item\":\"https:\/\/www.africa-press.net\/cotedivoire\/\"},{\"@type\":\"ListItem\",\"position\":2,\"name\":\"Environnement des affaires, Faman Tour\u00e9 salue le soutien de l&rsquo;\u00c9tat aux entreprises, ainsi que l&rsquo;accent mis sur la cr\u00e9ation de \u00ab Champions nationaux \u00bb\"}]},{\"@type\":\"WebSite\",\"@id\":\"https:\/\/www.africa-press.net\/cotedivoire\/#website\",\"url\":\"https:\/\/www.africa-press.net\/cotedivoire\/\",\"name\":\"C\u00f4te d&#039;Ivoire\",\"description\":\"Just another Africa News Agency Sites site\",\"potentialAction\":[{\"@type\":\"SearchAction\",\"target\":{\"@type\":\"EntryPoint\",\"urlTemplate\":\"https:\/\/www.africa-press.net\/cotedivoire\/?s={search_term_string}\"},\"query-input\":{\"@type\":\"PropertyValueSpecification\",\"valueRequired\":true,\"valueName\":\"search_term_string\"}}],\"inLanguage\":\"fr-FR\"},{\"@type\":\"Person\",\"@id\":\"https:\/\/www.africa-press.net\/cotedivoire\/#\/schema\/person\/2b1cf3cd81a31e3cd26889ca66d677f1\",\"name\":\"cfeditorfr\"}]}<\/script>\n<!-- \/ Yoast SEO Premium plugin. -->","yoast_head_json":{"title":"Environnement des affaires, Faman Tour\u00e9 salue le soutien de l'\u00c9tat aux entreprises, ainsi que l'accent mis sur la cr\u00e9ation de \u00ab Champions nationaux \u00bb - C\u00f4te d&#039;Ivoire","robots":{"index":"index","follow":"follow","max-snippet":"max-snippet:-1","max-image-preview":"max-image-preview:large","max-video-preview":"max-video-preview:-1"},"canonical":"https:\/\/www.africa-press.net\/cotedivoire\/politique\/environnement-des-affaires-faman-toure-salue-le-soutien-de-letat-aux-entreprises-ainsi-que-laccent-mis-sur-la-creation-de-champions-nationaux","og_locale":"fr_FR","og_type":"article","og_title":"Environnement des affaires, Faman Tour\u00e9 salue le soutien de l'\u00c9tat aux entreprises, ainsi que l'accent mis sur la cr\u00e9ation de \u00ab Champions nationaux \u00bb","og_description":"Africa-Press &#8211; C\u00f4te d&rsquo;Ivoire. A\u0300 l&rsquo;occasion de la nouvelle anne\u0301e, Toure\u0301 Faman, Pre\u0301sident de la Chambre de Commerce et d\u2019Industrie de Co\u0302te d&rsquo;Ivoire (CCI-CI), a au nom du monde acade\u0301mique, des entreprises publiques, du secteur prive\u0301 et de la socie\u0301te\u0301 civile pre\u0301sente\u0301 ses v\u0153ux de sante\u0301, de succe\u0300s et de paix a\u0300 l\u2019endroit du Pre\u0301sident [&hellip;]","og_url":"https:\/\/www.africa-press.net\/cotedivoire\/politique\/environnement-des-affaires-faman-toure-salue-le-soutien-de-letat-aux-entreprises-ainsi-que-laccent-mis-sur-la-creation-de-champions-nationaux","og_site_name":"C\u00f4te d&#039;Ivoire","article_published_time":"2025-01-15T16:11:50+00:00","author":"cfeditorfr","twitter_card":"summary_large_image","twitter_misc":{"\u00c9crit par":"cfeditorfr","Dur\u00e9e de lecture estim\u00e9e":"4 minutes"},"schema":{"@context":"https:\/\/schema.org","@graph":[{"@type":"Article","@id":"https:\/\/www.africa-press.net\/cotedivoire\/politique\/environnement-des-affaires-faman-toure-salue-le-soutien-de-letat-aux-entreprises-ainsi-que-laccent-mis-sur-la-creation-de-champions-nationaux#article","isPartOf":{"@id":"https:\/\/www.africa-press.net\/cotedivoire\/politique\/environnement-des-affaires-faman-toure-salue-le-soutien-de-letat-aux-entreprises-ainsi-que-laccent-mis-sur-la-creation-de-champions-nationaux"},"author":{"name":"cfeditorfr","@id":"https:\/\/www.africa-press.net\/cotedivoire\/#\/schema\/person\/2b1cf3cd81a31e3cd26889ca66d677f1"},"headline":"Environnement des affaires, Faman Tour\u00e9 salue le soutien de l&rsquo;\u00c9tat aux entreprises, ainsi que l&rsquo;accent mis sur la cr\u00e9ation de \u00ab Champions nationaux \u00bb","datePublished":"2025-01-15T16:11:50+00:00","mainEntityOfPage":{"@id":"https:\/\/www.africa-press.net\/cotedivoire\/politique\/environnement-des-affaires-faman-toure-salue-le-soutien-de-letat-aux-entreprises-ainsi-que-laccent-mis-sur-la-creation-de-champions-nationaux"},"wordCount":823,"commentCount":0,"image":{"@id":"https:\/\/www.africa-press.net\/cotedivoire\/politique\/environnement-des-affaires-faman-toure-salue-le-soutien-de-letat-aux-entreprises-ainsi-que-laccent-mis-sur-la-creation-de-champions-nationaux#primaryimage"},"thumbnailUrl":"https:\/\/static.africa-press.net\/cote\/sites\/43\/2025\/01\/sm_1736945611.415757.jpg","keywords":["CCI-CI","C\u00f4te d'Ivoire","Faman Tour\u00e9"],"articleSection":["\u00c9conomie","Toutes les actualit\u00e9s"],"inLanguage":"fr-FR","potentialAction":[{"@type":"CommentAction","name":"Comment","target":["https:\/\/www.africa-press.net\/cotedivoire\/politique\/environnement-des-affaires-faman-toure-salue-le-soutien-de-letat-aux-entreprises-ainsi-que-laccent-mis-sur-la-creation-de-champions-nationaux#respond"]}]},{"@type":"WebPage","@id":"https:\/\/www.africa-press.net\/cotedivoire\/politique\/environnement-des-affaires-faman-toure-salue-le-soutien-de-letat-aux-entreprises-ainsi-que-laccent-mis-sur-la-creation-de-champions-nationaux","url":"https:\/\/www.africa-press.net\/cotedivoire\/politique\/environnement-des-affaires-faman-toure-salue-le-soutien-de-letat-aux-entreprises-ainsi-que-laccent-mis-sur-la-creation-de-champions-nationaux","name":"Environnement des affaires, Faman Tour\u00e9 salue le soutien de l'\u00c9tat aux entreprises, ainsi que l'accent mis sur la cr\u00e9ation de \u00ab Champions nationaux \u00bb - C\u00f4te d&#039;Ivoire","isPartOf":{"@id":"https:\/\/www.africa-press.net\/cotedivoire\/#website"},"primaryImageOfPage":{"@id":"https:\/\/www.africa-press.net\/cotedivoire\/politique\/environnement-des-affaires-faman-toure-salue-le-soutien-de-letat-aux-entreprises-ainsi-que-laccent-mis-sur-la-creation-de-champions-nationaux#primaryimage"},"image":{"@id":"https:\/\/www.africa-press.net\/cotedivoire\/politique\/environnement-des-affaires-faman-toure-salue-le-soutien-de-letat-aux-entreprises-ainsi-que-laccent-mis-sur-la-creation-de-champions-nationaux#primaryimage"},"thumbnailUrl":"https:\/\/static.africa-press.net\/cote\/sites\/43\/2025\/01\/sm_1736945611.415757.jpg","datePublished":"2025-01-15T16:11:50+00:00","author":{"@id":"https:\/\/www.africa-press.net\/cotedivoire\/#\/schema\/person\/2b1cf3cd81a31e3cd26889ca66d677f1"},"breadcrumb":{"@id":"https:\/\/www.africa-press.net\/cotedivoire\/politique\/environnement-des-affaires-faman-toure-salue-le-soutien-de-letat-aux-entreprises-ainsi-que-laccent-mis-sur-la-creation-de-champions-nationaux#breadcrumb"},"inLanguage":"fr-FR","potentialAction":[{"@type":"ReadAction","target":["https:\/\/www.africa-press.net\/cotedivoire\/politique\/environnement-des-affaires-faman-toure-salue-le-soutien-de-letat-aux-entreprises-ainsi-que-laccent-mis-sur-la-creation-de-champions-nationaux"]}]},{"@type":"ImageObject","inLanguage":"fr-FR","@id":"https:\/\/www.africa-press.net\/cotedivoire\/politique\/environnement-des-affaires-faman-toure-salue-le-soutien-de-letat-aux-entreprises-ainsi-que-laccent-mis-sur-la-creation-de-champions-nationaux#primaryimage","url":"https:\/\/static.africa-press.net\/cote\/sites\/43\/2025\/01\/sm_1736945611.415757.jpg","contentUrl":"https:\/\/static.africa-press.net\/cote\/sites\/43\/2025\/01\/sm_1736945611.415757.jpg","width":720,"height":480,"caption":"Environnement des affaires, Faman Tour\u00e9 salue le soutien de l'\u00c9tat aux entreprises, ainsi que l'accent mis sur la cr\u00e9ation de \u00ab Champions nationaux \u00bb"},{"@type":"BreadcrumbList","@id":"https:\/\/www.africa-press.net\/cotedivoire\/politique\/environnement-des-affaires-faman-toure-salue-le-soutien-de-letat-aux-entreprises-ainsi-que-laccent-mis-sur-la-creation-de-champions-nationaux#breadcrumb","itemListElement":[{"@type":"ListItem","position":1,"name":"Accueil","item":"https:\/\/www.africa-press.net\/cotedivoire\/"},{"@type":"ListItem","position":2,"name":"Environnement des affaires, Faman Tour\u00e9 salue le soutien de l&rsquo;\u00c9tat aux entreprises, ainsi que l&rsquo;accent mis sur la cr\u00e9ation de \u00ab Champions nationaux \u00bb"}]},{"@type":"WebSite","@id":"https:\/\/www.africa-press.net\/cotedivoire\/#website","url":"https:\/\/www.africa-press.net\/cotedivoire\/","name":"C\u00f4te d&#039;Ivoire","description":"Just another Africa News Agency Sites site","potentialAction":[{"@type":"SearchAction","target":{"@type":"EntryPoint","urlTemplate":"https:\/\/www.africa-press.net\/cotedivoire\/?s={search_term_string}"},"query-input":{"@type":"PropertyValueSpecification","valueRequired":true,"valueName":"search_term_string"}}],"inLanguage":"fr-FR"},{"@type":"Person","@id":"https:\/\/www.africa-press.net\/cotedivoire\/#\/schema\/person\/2b1cf3cd81a31e3cd26889ca66d677f1","name":"cfeditorfr"}]}},"_links":{"self":[{"href":"https:\/\/www.africa-press.net\/cotedivoire\/wp-json\/wp\/v2\/posts\/93709","targetHints":{"allow":["GET"]}}],"collection":[{"href":"https:\/\/www.africa-press.net\/cotedivoire\/wp-json\/wp\/v2\/posts"}],"about":[{"href":"https:\/\/www.africa-press.net\/cotedivoire\/wp-json\/wp\/v2\/types\/post"}],"author":[{"embeddable":true,"href":"https:\/\/www.africa-press.net\/cotedivoire\/wp-json\/wp\/v2\/users\/82"}],"replies":[{"embeddable":true,"href":"https:\/\/www.africa-press.net\/cotedivoire\/wp-json\/wp\/v2\/comments?post=93709"}],"version-history":[{"count":0,"href":"https:\/\/www.africa-press.net\/cotedivoire\/wp-json\/wp\/v2\/posts\/93709\/revisions"}],"wp:featuredmedia":[{"embeddable":true,"href":"https:\/\/www.africa-press.net\/cotedivoire\/wp-json\/wp\/v2\/media\/93708"}],"wp:attachment":[{"href":"https:\/\/www.africa-press.net\/cotedivoire\/wp-json\/wp\/v2\/media?parent=93709"}],"wp:term":[{"taxonomy":"category","embeddable":true,"href":"https:\/\/www.africa-press.net\/cotedivoire\/wp-json\/wp\/v2\/categories?post=93709"},{"taxonomy":"post_tag","embeddable":true,"href":"https:\/\/www.africa-press.net\/cotedivoire\/wp-json\/wp\/v2\/tags?post=93709"}],"curies":[{"name":"wp","href":"https:\/\/api.w.org\/{rel}","templated":true}]}}