{"id":93828,"date":"2025-01-17T19:32:42","date_gmt":"2025-01-17T19:32:42","guid":{"rendered":"https:\/\/www.africa-press.net\/cotedivoire\/politique\/ouverture-lundi-de-la-premiere-session-ordinaire-de-lannee-de-lassemblee-nationale-en-presence-du-plusieurs-presidents-des-parlements-de-la-sous-region"},"modified":"2025-01-17T19:32:42","modified_gmt":"2025-01-17T19:32:42","slug":"ouverture-lundi-de-la-premiere-session-ordinaire-de-lannee-de-lassemblee-nationale-en-presence-du-plusieurs-presidents-des-parlements-de-la-sous-region","status":"publish","type":"post","link":"https:\/\/www.africa-press.net\/cotedivoire\/politique\/ouverture-lundi-de-la-premiere-session-ordinaire-de-lannee-de-lassemblee-nationale-en-presence-du-plusieurs-presidents-des-parlements-de-la-sous-region","title":{"rendered":"Ouverture lundi de la premi\u00e8re Session Ordinaire de l&rsquo;ann\u00e9e de l&rsquo;Assembl\u00e9e nationale, en pr\u00e9sence du plusieurs pr\u00e9sidents des parlements de la sous-r\u00e9gion"},"content":{"rendered":"<p><span style=\"color: #ff6600\"><strong>Africa-Press &#8211; C\u00f4te d&rsquo;Ivoire. <\/strong><\/span>La ce\u0301re\u0301monie Solennelle d\u2019Ouverture de la premie\u0300re Session Ordinaire de l\u2019anne\u0301e 2025 de l\u2019Assemble\u0301e nationale se tiendra le lundi 20 janvier 2025, a\u0300 10 heures, au Palais de l\u2019Assemble\u0301e nationale.<\/p>\n<p>Plusieurs invite\u0301s spe\u0301ciaux sont annonce\u0301s a\u0300 cette ce\u0301re\u0301monie. Selon le communique\u0301 de l\u2019Assemble\u0301e Nationale, sont attendus les pre\u0301sidents des parlements de: Be\u0301nin (M. Louis Gbe\u0301hounou Vlavonou) ; Ghana (M. Alban Sumana Kingsford Bagbin) ; Se\u0301ne\u0301gal (Malick N\u2019Diaye) ; Togo (Kodjo Se\u0301von-Te\u0301pe\u0301 Adedze\u0301).<\/p>\n<p>Monsieur Godswill Obot Akpabio, pre\u0301sident du Se\u0301nat de Re\u0301publique Fe\u0301de\u0301rale du Nigeria et Monsieur Djibrin Barau, premier vice-pre\u0301sident du Parlement de la CEDEAO.<\/p>\n<p>Mesdames et Messieurs les De\u0301pute\u0301s sont prie\u0301s d\u2019arborer leurs e\u0301chappes et autres insignes parlementaires.<\/p>\n<p><strong>Pour plus d&rsquo;informations et d&rsquo;analyses sur la <span style=\"color: #ff6600\">C\u00f4te d&rsquo;Ivoire<\/span>, suivez <span style=\"color: #ff6600\">Africa-Press<span style=\"color: #ff6600\"><\/span><\/strong><\/p>\n","protected":false},"excerpt":{"rendered":"<p>Africa-Press &#8211; C\u00f4te d&rsquo;Ivoire. La ce\u0301re\u0301monie Solennelle d\u2019Ouverture de la premie\u0300re Session Ordinaire de l\u2019anne\u0301e 2025 de l\u2019Assemble\u0301e nationale se tiendra le lundi 20 janvier 2025, a\u0300 10 heures, au Palais de l\u2019Assemble\u0301e nationale. Plusieurs invite\u0301s spe\u0301ciaux sont annonce\u0301s a\u0300 cette ce\u0301re\u0301monie. Selon le communique\u0301 de l\u2019Assemble\u0301e Nationale, sont attendus les pre\u0301sidents des parlements de: [&hellip;]<\/p>\n","protected":false},"author":82,"featured_media":93827,"comment_status":"open","ping_status":"closed","sticky":false,"template":"","format":"standard","meta":{"footnotes":""},"categories":[2,10],"tags":[2188,2342,37,1738,305,13048,16373],"class_list":["post-93828","post","type-post","status-publish","format-standard","has-post-thumbnail","hentry","category-politique","category-toutes-les-actualites","tag-assemblee","tag-ceremonie","tag-cote-divoire-2","tag-deputes","tag-nationale","tag-session-ordinaire","tag-solennelle"],"yoast_head":"<!-- This site is optimized with the Yoast SEO Premium plugin v26.1 (Yoast SEO v27.0) - https:\/\/yoast.com\/product\/yoast-seo-premium-wordpress\/ -->\n<title>Ouverture lundi de la premi\u00e8re Session Ordinaire de l&#039;ann\u00e9e de l&#039;Assembl\u00e9e nationale, en pr\u00e9sence du plusieurs pr\u00e9sidents des parlements de la sous-r\u00e9gion - C\u00f4te d&#039;Ivoire<\/title>\n<meta name=\"robots\" content=\"index, follow, max-snippet:-1, max-image-preview:large, max-video-preview:-1\" \/>\n<link rel=\"canonical\" href=\"https:\/\/www.africa-press.net\/cotedivoire\/politique\/ouverture-lundi-de-la-premiere-session-ordinaire-de-lannee-de-lassemblee-nationale-en-presence-du-plusieurs-presidents-des-parlements-de-la-sous-region\" \/>\n<meta property=\"og:locale\" content=\"fr_FR\" \/>\n<meta property=\"og:type\" content=\"article\" \/>\n<meta property=\"og:title\" content=\"Ouverture lundi de la premi\u00e8re Session Ordinaire de l&#039;ann\u00e9e de l&#039;Assembl\u00e9e nationale, en pr\u00e9sence du plusieurs pr\u00e9sidents des parlements de la sous-r\u00e9gion\" \/>\n<meta property=\"og:description\" content=\"Africa-Press &#8211; C\u00f4te d&rsquo;Ivoire. La ce\u0301re\u0301monie Solennelle d\u2019Ouverture de la premie\u0300re Session Ordinaire de l\u2019anne\u0301e 2025 de l\u2019Assemble\u0301e nationale se tiendra le lundi 20 janvier 2025, a\u0300 10 heures, au Palais de l\u2019Assemble\u0301e nationale. Plusieurs invite\u0301s spe\u0301ciaux sont annonce\u0301s a\u0300 cette ce\u0301re\u0301monie. Selon le communique\u0301 de l\u2019Assemble\u0301e Nationale, sont attendus les pre\u0301sidents des parlements de: [&hellip;]\" \/>\n<meta property=\"og:url\" content=\"https:\/\/www.africa-press.net\/cotedivoire\/politique\/ouverture-lundi-de-la-premiere-session-ordinaire-de-lannee-de-lassemblee-nationale-en-presence-du-plusieurs-presidents-des-parlements-de-la-sous-region\" \/>\n<meta property=\"og:site_name\" content=\"C\u00f4te d&#039;Ivoire\" \/>\n<meta property=\"article:published_time\" content=\"2025-01-17T19:32:42+00:00\" \/>\n<meta name=\"author\" content=\"cfeditorfr\" \/>\n<meta name=\"twitter:card\" content=\"summary_large_image\" \/>\n<meta name=\"twitter:label1\" content=\"\u00c9crit par\" \/>\n\t<meta name=\"twitter:data1\" content=\"cfeditorfr\" \/>\n\t<meta name=\"twitter:label2\" content=\"Dur\u00e9e de lecture estim\u00e9e\" \/>\n\t<meta name=\"twitter:data2\" content=\"1 minute\" \/>\n<script type=\"application\/ld+json\" class=\"yoast-schema-graph\">{\"@context\":\"https:\/\/schema.org\",\"@graph\":[{\"@type\":\"Article\",\"@id\":\"https:\/\/www.africa-press.net\/cotedivoire\/politique\/ouverture-lundi-de-la-premiere-session-ordinaire-de-lannee-de-lassemblee-nationale-en-presence-du-plusieurs-presidents-des-parlements-de-la-sous-region#article\",\"isPartOf\":{\"@id\":\"https:\/\/www.africa-press.net\/cotedivoire\/politique\/ouverture-lundi-de-la-premiere-session-ordinaire-de-lannee-de-lassemblee-nationale-en-presence-du-plusieurs-presidents-des-parlements-de-la-sous-region\"},\"author\":{\"name\":\"cfeditorfr\",\"@id\":\"https:\/\/www.africa-press.net\/cotedivoire\/#\/schema\/person\/2b1cf3cd81a31e3cd26889ca66d677f1\"},\"headline\":\"Ouverture lundi de la premi\u00e8re Session Ordinaire de l&rsquo;ann\u00e9e de l&rsquo;Assembl\u00e9e nationale, en pr\u00e9sence du plusieurs pr\u00e9sidents des parlements de la sous-r\u00e9gion\",\"datePublished\":\"2025-01-17T19:32:42+00:00\",\"mainEntityOfPage\":{\"@id\":\"https:\/\/www.africa-press.net\/cotedivoire\/politique\/ouverture-lundi-de-la-premiere-session-ordinaire-de-lannee-de-lassemblee-nationale-en-presence-du-plusieurs-presidents-des-parlements-de-la-sous-region\"},\"wordCount\":189,\"commentCount\":0,\"image\":{\"@id\":\"https:\/\/www.africa-press.net\/cotedivoire\/politique\/ouverture-lundi-de-la-premiere-session-ordinaire-de-lannee-de-lassemblee-nationale-en-presence-du-plusieurs-presidents-des-parlements-de-la-sous-region#primaryimage\"},\"thumbnailUrl\":\"https:\/\/static.africa-press.net\/cote\/sites\/43\/2025\/01\/sm_1737130234.402788.jpg\",\"keywords\":[\"Assembl\u00e9e\",\"C\u00e9r\u00e9monie\",\"C\u00f4te d'Ivoire\",\"d\u00e9put\u00e9s\",\"nationale\",\"Session ordinaire\",\"Solennelle\"],\"articleSection\":[\"Politique\",\"Toutes les actualit\u00e9s\"],\"inLanguage\":\"fr-FR\",\"potentialAction\":[{\"@type\":\"CommentAction\",\"name\":\"Comment\",\"target\":[\"https:\/\/www.africa-press.net\/cotedivoire\/politique\/ouverture-lundi-de-la-premiere-session-ordinaire-de-lannee-de-lassemblee-nationale-en-presence-du-plusieurs-presidents-des-parlements-de-la-sous-region#respond\"]}]},{\"@type\":\"WebPage\",\"@id\":\"https:\/\/www.africa-press.net\/cotedivoire\/politique\/ouverture-lundi-de-la-premiere-session-ordinaire-de-lannee-de-lassemblee-nationale-en-presence-du-plusieurs-presidents-des-parlements-de-la-sous-region\",\"url\":\"https:\/\/www.africa-press.net\/cotedivoire\/politique\/ouverture-lundi-de-la-premiere-session-ordinaire-de-lannee-de-lassemblee-nationale-en-presence-du-plusieurs-presidents-des-parlements-de-la-sous-region\",\"name\":\"Ouverture lundi de la premi\u00e8re Session Ordinaire de l'ann\u00e9e de l'Assembl\u00e9e nationale, en pr\u00e9sence du plusieurs pr\u00e9sidents des parlements de la sous-r\u00e9gion - C\u00f4te d&#039;Ivoire\",\"isPartOf\":{\"@id\":\"https:\/\/www.africa-press.net\/cotedivoire\/#website\"},\"primaryImageOfPage\":{\"@id\":\"https:\/\/www.africa-press.net\/cotedivoire\/politique\/ouverture-lundi-de-la-premiere-session-ordinaire-de-lannee-de-lassemblee-nationale-en-presence-du-plusieurs-presidents-des-parlements-de-la-sous-region#primaryimage\"},\"image\":{\"@id\":\"https:\/\/www.africa-press.net\/cotedivoire\/politique\/ouverture-lundi-de-la-premiere-session-ordinaire-de-lannee-de-lassemblee-nationale-en-presence-du-plusieurs-presidents-des-parlements-de-la-sous-region#primaryimage\"},\"thumbnailUrl\":\"https:\/\/static.africa-press.net\/cote\/sites\/43\/2025\/01\/sm_1737130234.402788.jpg\",\"datePublished\":\"2025-01-17T19:32:42+00:00\",\"author\":{\"@id\":\"https:\/\/www.africa-press.net\/cotedivoire\/#\/schema\/person\/2b1cf3cd81a31e3cd26889ca66d677f1\"},\"breadcrumb\":{\"@id\":\"https:\/\/www.africa-press.net\/cotedivoire\/politique\/ouverture-lundi-de-la-premiere-session-ordinaire-de-lannee-de-lassemblee-nationale-en-presence-du-plusieurs-presidents-des-parlements-de-la-sous-region#breadcrumb\"},\"inLanguage\":\"fr-FR\",\"potentialAction\":[{\"@type\":\"ReadAction\",\"target\":[\"https:\/\/www.africa-press.net\/cotedivoire\/politique\/ouverture-lundi-de-la-premiere-session-ordinaire-de-lannee-de-lassemblee-nationale-en-presence-du-plusieurs-presidents-des-parlements-de-la-sous-region\"]}]},{\"@type\":\"ImageObject\",\"inLanguage\":\"fr-FR\",\"@id\":\"https:\/\/www.africa-press.net\/cotedivoire\/politique\/ouverture-lundi-de-la-premiere-session-ordinaire-de-lannee-de-lassemblee-nationale-en-presence-du-plusieurs-presidents-des-parlements-de-la-sous-region#primaryimage\",\"url\":\"https:\/\/static.africa-press.net\/cote\/sites\/43\/2025\/01\/sm_1737130234.402788.jpg\",\"contentUrl\":\"https:\/\/static.africa-press.net\/cote\/sites\/43\/2025\/01\/sm_1737130234.402788.jpg\",\"width\":720,\"height\":481,\"caption\":\"Ouverture lundi de la premi\u00e8re Session Ordinaire de l'ann\u00e9e de l'Assembl\u00e9e nationale, en pr\u00e9sence du plusieurs pr\u00e9sidents des parlements de la sous-r\u00e9gion\"},{\"@type\":\"BreadcrumbList\",\"@id\":\"https:\/\/www.africa-press.net\/cotedivoire\/politique\/ouverture-lundi-de-la-premiere-session-ordinaire-de-lannee-de-lassemblee-nationale-en-presence-du-plusieurs-presidents-des-parlements-de-la-sous-region#breadcrumb\",\"itemListElement\":[{\"@type\":\"ListItem\",\"position\":1,\"name\":\"Accueil\",\"item\":\"https:\/\/www.africa-press.net\/cotedivoire\/\"},{\"@type\":\"ListItem\",\"position\":2,\"name\":\"Ouverture lundi de la premi\u00e8re Session Ordinaire de l&rsquo;ann\u00e9e de l&rsquo;Assembl\u00e9e nationale, en pr\u00e9sence du plusieurs pr\u00e9sidents des parlements de la sous-r\u00e9gion\"}]},{\"@type\":\"WebSite\",\"@id\":\"https:\/\/www.africa-press.net\/cotedivoire\/#website\",\"url\":\"https:\/\/www.africa-press.net\/cotedivoire\/\",\"name\":\"C\u00f4te d&#039;Ivoire\",\"description\":\"Just another Africa News Agency Sites site\",\"potentialAction\":[{\"@type\":\"SearchAction\",\"target\":{\"@type\":\"EntryPoint\",\"urlTemplate\":\"https:\/\/www.africa-press.net\/cotedivoire\/?s={search_term_string}\"},\"query-input\":{\"@type\":\"PropertyValueSpecification\",\"valueRequired\":true,\"valueName\":\"search_term_string\"}}],\"inLanguage\":\"fr-FR\"},{\"@type\":\"Person\",\"@id\":\"https:\/\/www.africa-press.net\/cotedivoire\/#\/schema\/person\/2b1cf3cd81a31e3cd26889ca66d677f1\",\"name\":\"cfeditorfr\"}]}<\/script>\n<!-- \/ Yoast SEO Premium plugin. -->","yoast_head_json":{"title":"Ouverture lundi de la premi\u00e8re Session Ordinaire de l'ann\u00e9e de l'Assembl\u00e9e nationale, en pr\u00e9sence du plusieurs pr\u00e9sidents des parlements de la sous-r\u00e9gion - C\u00f4te d&#039;Ivoire","robots":{"index":"index","follow":"follow","max-snippet":"max-snippet:-1","max-image-preview":"max-image-preview:large","max-video-preview":"max-video-preview:-1"},"canonical":"https:\/\/www.africa-press.net\/cotedivoire\/politique\/ouverture-lundi-de-la-premiere-session-ordinaire-de-lannee-de-lassemblee-nationale-en-presence-du-plusieurs-presidents-des-parlements-de-la-sous-region","og_locale":"fr_FR","og_type":"article","og_title":"Ouverture lundi de la premi\u00e8re Session Ordinaire de l'ann\u00e9e de l'Assembl\u00e9e nationale, en pr\u00e9sence du plusieurs pr\u00e9sidents des parlements de la sous-r\u00e9gion","og_description":"Africa-Press &#8211; C\u00f4te d&rsquo;Ivoire. La ce\u0301re\u0301monie Solennelle d\u2019Ouverture de la premie\u0300re Session Ordinaire de l\u2019anne\u0301e 2025 de l\u2019Assemble\u0301e nationale se tiendra le lundi 20 janvier 2025, a\u0300 10 heures, au Palais de l\u2019Assemble\u0301e nationale. Plusieurs invite\u0301s spe\u0301ciaux sont annonce\u0301s a\u0300 cette ce\u0301re\u0301monie. Selon le communique\u0301 de l\u2019Assemble\u0301e Nationale, sont attendus les pre\u0301sidents des parlements de: [&hellip;]","og_url":"https:\/\/www.africa-press.net\/cotedivoire\/politique\/ouverture-lundi-de-la-premiere-session-ordinaire-de-lannee-de-lassemblee-nationale-en-presence-du-plusieurs-presidents-des-parlements-de-la-sous-region","og_site_name":"C\u00f4te d&#039;Ivoire","article_published_time":"2025-01-17T19:32:42+00:00","author":"cfeditorfr","twitter_card":"summary_large_image","twitter_misc":{"\u00c9crit par":"cfeditorfr","Dur\u00e9e de lecture estim\u00e9e":"1 minute"},"schema":{"@context":"https:\/\/schema.org","@graph":[{"@type":"Article","@id":"https:\/\/www.africa-press.net\/cotedivoire\/politique\/ouverture-lundi-de-la-premiere-session-ordinaire-de-lannee-de-lassemblee-nationale-en-presence-du-plusieurs-presidents-des-parlements-de-la-sous-region#article","isPartOf":{"@id":"https:\/\/www.africa-press.net\/cotedivoire\/politique\/ouverture-lundi-de-la-premiere-session-ordinaire-de-lannee-de-lassemblee-nationale-en-presence-du-plusieurs-presidents-des-parlements-de-la-sous-region"},"author":{"name":"cfeditorfr","@id":"https:\/\/www.africa-press.net\/cotedivoire\/#\/schema\/person\/2b1cf3cd81a31e3cd26889ca66d677f1"},"headline":"Ouverture lundi de la premi\u00e8re Session Ordinaire de l&rsquo;ann\u00e9e de l&rsquo;Assembl\u00e9e nationale, en pr\u00e9sence du plusieurs pr\u00e9sidents des parlements de la sous-r\u00e9gion","datePublished":"2025-01-17T19:32:42+00:00","mainEntityOfPage":{"@id":"https:\/\/www.africa-press.net\/cotedivoire\/politique\/ouverture-lundi-de-la-premiere-session-ordinaire-de-lannee-de-lassemblee-nationale-en-presence-du-plusieurs-presidents-des-parlements-de-la-sous-region"},"wordCount":189,"commentCount":0,"image":{"@id":"https:\/\/www.africa-press.net\/cotedivoire\/politique\/ouverture-lundi-de-la-premiere-session-ordinaire-de-lannee-de-lassemblee-nationale-en-presence-du-plusieurs-presidents-des-parlements-de-la-sous-region#primaryimage"},"thumbnailUrl":"https:\/\/static.africa-press.net\/cote\/sites\/43\/2025\/01\/sm_1737130234.402788.jpg","keywords":["Assembl\u00e9e","C\u00e9r\u00e9monie","C\u00f4te d'Ivoire","d\u00e9put\u00e9s","nationale","Session ordinaire","Solennelle"],"articleSection":["Politique","Toutes les actualit\u00e9s"],"inLanguage":"fr-FR","potentialAction":[{"@type":"CommentAction","name":"Comment","target":["https:\/\/www.africa-press.net\/cotedivoire\/politique\/ouverture-lundi-de-la-premiere-session-ordinaire-de-lannee-de-lassemblee-nationale-en-presence-du-plusieurs-presidents-des-parlements-de-la-sous-region#respond"]}]},{"@type":"WebPage","@id":"https:\/\/www.africa-press.net\/cotedivoire\/politique\/ouverture-lundi-de-la-premiere-session-ordinaire-de-lannee-de-lassemblee-nationale-en-presence-du-plusieurs-presidents-des-parlements-de-la-sous-region","url":"https:\/\/www.africa-press.net\/cotedivoire\/politique\/ouverture-lundi-de-la-premiere-session-ordinaire-de-lannee-de-lassemblee-nationale-en-presence-du-plusieurs-presidents-des-parlements-de-la-sous-region","name":"Ouverture lundi de la premi\u00e8re Session Ordinaire de l'ann\u00e9e de l'Assembl\u00e9e nationale, en pr\u00e9sence du plusieurs pr\u00e9sidents des parlements de la sous-r\u00e9gion - C\u00f4te d&#039;Ivoire","isPartOf":{"@id":"https:\/\/www.africa-press.net\/cotedivoire\/#website"},"primaryImageOfPage":{"@id":"https:\/\/www.africa-press.net\/cotedivoire\/politique\/ouverture-lundi-de-la-premiere-session-ordinaire-de-lannee-de-lassemblee-nationale-en-presence-du-plusieurs-presidents-des-parlements-de-la-sous-region#primaryimage"},"image":{"@id":"https:\/\/www.africa-press.net\/cotedivoire\/politique\/ouverture-lundi-de-la-premiere-session-ordinaire-de-lannee-de-lassemblee-nationale-en-presence-du-plusieurs-presidents-des-parlements-de-la-sous-region#primaryimage"},"thumbnailUrl":"https:\/\/static.africa-press.net\/cote\/sites\/43\/2025\/01\/sm_1737130234.402788.jpg","datePublished":"2025-01-17T19:32:42+00:00","author":{"@id":"https:\/\/www.africa-press.net\/cotedivoire\/#\/schema\/person\/2b1cf3cd81a31e3cd26889ca66d677f1"},"breadcrumb":{"@id":"https:\/\/www.africa-press.net\/cotedivoire\/politique\/ouverture-lundi-de-la-premiere-session-ordinaire-de-lannee-de-lassemblee-nationale-en-presence-du-plusieurs-presidents-des-parlements-de-la-sous-region#breadcrumb"},"inLanguage":"fr-FR","potentialAction":[{"@type":"ReadAction","target":["https:\/\/www.africa-press.net\/cotedivoire\/politique\/ouverture-lundi-de-la-premiere-session-ordinaire-de-lannee-de-lassemblee-nationale-en-presence-du-plusieurs-presidents-des-parlements-de-la-sous-region"]}]},{"@type":"ImageObject","inLanguage":"fr-FR","@id":"https:\/\/www.africa-press.net\/cotedivoire\/politique\/ouverture-lundi-de-la-premiere-session-ordinaire-de-lannee-de-lassemblee-nationale-en-presence-du-plusieurs-presidents-des-parlements-de-la-sous-region#primaryimage","url":"https:\/\/static.africa-press.net\/cote\/sites\/43\/2025\/01\/sm_1737130234.402788.jpg","contentUrl":"https:\/\/static.africa-press.net\/cote\/sites\/43\/2025\/01\/sm_1737130234.402788.jpg","width":720,"height":481,"caption":"Ouverture lundi de la premi\u00e8re Session Ordinaire de l'ann\u00e9e de l'Assembl\u00e9e nationale, en pr\u00e9sence du plusieurs pr\u00e9sidents des parlements de la sous-r\u00e9gion"},{"@type":"BreadcrumbList","@id":"https:\/\/www.africa-press.net\/cotedivoire\/politique\/ouverture-lundi-de-la-premiere-session-ordinaire-de-lannee-de-lassemblee-nationale-en-presence-du-plusieurs-presidents-des-parlements-de-la-sous-region#breadcrumb","itemListElement":[{"@type":"ListItem","position":1,"name":"Accueil","item":"https:\/\/www.africa-press.net\/cotedivoire\/"},{"@type":"ListItem","position":2,"name":"Ouverture lundi de la premi\u00e8re Session Ordinaire de l&rsquo;ann\u00e9e de l&rsquo;Assembl\u00e9e nationale, en pr\u00e9sence du plusieurs pr\u00e9sidents des parlements de la sous-r\u00e9gion"}]},{"@type":"WebSite","@id":"https:\/\/www.africa-press.net\/cotedivoire\/#website","url":"https:\/\/www.africa-press.net\/cotedivoire\/","name":"C\u00f4te d&#039;Ivoire","description":"Just another Africa News Agency Sites site","potentialAction":[{"@type":"SearchAction","target":{"@type":"EntryPoint","urlTemplate":"https:\/\/www.africa-press.net\/cotedivoire\/?s={search_term_string}"},"query-input":{"@type":"PropertyValueSpecification","valueRequired":true,"valueName":"search_term_string"}}],"inLanguage":"fr-FR"},{"@type":"Person","@id":"https:\/\/www.africa-press.net\/cotedivoire\/#\/schema\/person\/2b1cf3cd81a31e3cd26889ca66d677f1","name":"cfeditorfr"}]}},"_links":{"self":[{"href":"https:\/\/www.africa-press.net\/cotedivoire\/wp-json\/wp\/v2\/posts\/93828","targetHints":{"allow":["GET"]}}],"collection":[{"href":"https:\/\/www.africa-press.net\/cotedivoire\/wp-json\/wp\/v2\/posts"}],"about":[{"href":"https:\/\/www.africa-press.net\/cotedivoire\/wp-json\/wp\/v2\/types\/post"}],"author":[{"embeddable":true,"href":"https:\/\/www.africa-press.net\/cotedivoire\/wp-json\/wp\/v2\/users\/82"}],"replies":[{"embeddable":true,"href":"https:\/\/www.africa-press.net\/cotedivoire\/wp-json\/wp\/v2\/comments?post=93828"}],"version-history":[{"count":0,"href":"https:\/\/www.africa-press.net\/cotedivoire\/wp-json\/wp\/v2\/posts\/93828\/revisions"}],"wp:featuredmedia":[{"embeddable":true,"href":"https:\/\/www.africa-press.net\/cotedivoire\/wp-json\/wp\/v2\/media\/93827"}],"wp:attachment":[{"href":"https:\/\/www.africa-press.net\/cotedivoire\/wp-json\/wp\/v2\/media?parent=93828"}],"wp:term":[{"taxonomy":"category","embeddable":true,"href":"https:\/\/www.africa-press.net\/cotedivoire\/wp-json\/wp\/v2\/categories?post=93828"},{"taxonomy":"post_tag","embeddable":true,"href":"https:\/\/www.africa-press.net\/cotedivoire\/wp-json\/wp\/v2\/tags?post=93828"}],"curies":[{"name":"wp","href":"https:\/\/api.w.org\/{rel}","templated":true}]}}