{"id":9383,"date":"2021-06-24T17:30:54","date_gmt":"2021-06-24T17:30:54","guid":{"rendered":"https:\/\/www.africa-press.net\/cotedivoire\/?p=9383"},"modified":"2021-06-25T08:43:09","modified_gmt":"2021-06-25T08:43:09","slug":"cote-divoire-comment-laurent-gbagbo-est-redevenu-catholique","status":"publish","type":"post","link":"https:\/\/www.africa-press.net\/cotedivoire\/politique\/cote-divoire-comment-laurent-gbagbo-est-redevenu-catholique","title":{"rendered":"comment Laurent Gbagbo est redevenu catholique"},"content":{"rendered":"<p><span style=\"color: #ff6600\"><strong><a href=\"https:\/\/www.africa-press.net\/\">Africa-Press<\/a> &#8211; <a href=\"https:\/\/www.africa-press.net\/cotedivoire\">C\u00f4te d&rsquo;Ivoire<\/a>. <\/strong><\/span>La pr\u00e9sence de l\u2019ex-pr\u00e9sident devant des fid\u00e8les r\u00e9unis \u00e0 la cath\u00e9drale Saint-Paul d\u2019Abidjan le 20 juin ne doit rien au hasard. Explications. Le 20 juin, la chorale de la cath\u00e9drale Saint-Paul a entonn\u00e9 un chant en b\u00e9t\u00e9, la langue de Laurent Gbagbo, qui n\u2019a pas pu s\u2019emp\u00eacher de faire quelques pas de danse. Baptis\u00e9 dans le rite catholique pendant son enfance, l\u2019ancien chef de l\u2019\u00c9tat ivoirien a \u00e9tudi\u00e9 au Petit s\u00e9minaire de Gagnoa, son village natal.<\/p>\n<p>Il s\u2019\u00e9tait ensuite converti \u00e0 l\u2019\u00e9vang\u00e9lisme, sous la double influence de feu le pasteur S\u00e9verin Kacou de l\u2019\u00c9glise Foursquare de C\u00f4te d\u2019Ivoire et de Mo\u00efse Kor\u00e9, qui officie \u00e0 l\u2019\u00c9glise Shekinah Glory Ministries. Son \u00e9pouse Simone Gbagbo \u2013 dont il vient de demander le divorce \u2013 est elle-m\u00eame une fervente \u00e9vang\u00e9lique.<\/p>\n<p><b>\u00a0<\/b><\/p>\n","protected":false},"excerpt":{"rendered":"<p>Africa-Press &#8211; C\u00f4te d&rsquo;Ivoire. La pr\u00e9sence de l\u2019ex-pr\u00e9sident devant des fid\u00e8les r\u00e9unis \u00e0 la cath\u00e9drale Saint-Paul d\u2019Abidjan le 20 juin ne doit rien au hasard. Explications. Le 20 juin, la chorale de la cath\u00e9drale Saint-Paul a entonn\u00e9 un chant en b\u00e9t\u00e9, la langue de Laurent Gbagbo, qui n\u2019a pas pu s\u2019emp\u00eacher de faire quelques pas [&hellip;]<\/p>\n","protected":false},"author":82,"featured_media":9382,"comment_status":"open","ping_status":"closed","sticky":false,"template":"","format":"standard","meta":{"footnotes":""},"categories":[11,2,10],"tags":[56,63,29],"class_list":["post-9383","post","type-post","status-publish","format-standard","has-post-thumbnail","hentry","category-homepage-french","category-politique","category-toutes-les-actualites","tag-africa-press","tag-africa-press-cote-divoire","tag-cote-divoire"],"yoast_head":"<!-- This site is optimized with the Yoast SEO Premium plugin v26.1 (Yoast SEO v27.0) - https:\/\/yoast.com\/product\/yoast-seo-premium-wordpress\/ -->\n<title>comment Laurent Gbagbo est redevenu catholique - C\u00f4te d&#039;Ivoire<\/title>\n<meta name=\"description\" content=\"La pr\u00e9sence de l\u2019ex-pr\u00e9sident devant des fid\u00e8les r\u00e9unis \u00e0 la cath\u00e9drale Saint-Paul d\u2019Abidjan le 20 juin ne doit rien au ...\" \/>\n<meta name=\"robots\" content=\"index, follow, max-snippet:-1, max-image-preview:large, max-video-preview:-1\" \/>\n<link rel=\"canonical\" href=\"https:\/\/www.africa-press.net\/cotedivoire\/politique\/cote-divoire-comment-laurent-gbagbo-est-redevenu-catholique\" \/>\n<meta property=\"og:locale\" content=\"fr_FR\" \/>\n<meta property=\"og:type\" content=\"article\" \/>\n<meta property=\"og:title\" content=\"comment Laurent Gbagbo est redevenu catholique\" \/>\n<meta property=\"og:description\" content=\"La pr\u00e9sence de l\u2019ex-pr\u00e9sident devant des fid\u00e8les r\u00e9unis \u00e0 la cath\u00e9drale Saint-Paul d\u2019Abidjan le 20 juin ne doit rien au ...\" \/>\n<meta property=\"og:url\" content=\"https:\/\/www.africa-press.net\/cotedivoire\/politique\/cote-divoire-comment-laurent-gbagbo-est-redevenu-catholique\" \/>\n<meta property=\"og:site_name\" content=\"C\u00f4te d&#039;Ivoire\" \/>\n<meta property=\"article:published_time\" content=\"2021-06-24T17:30:54+00:00\" \/>\n<meta property=\"article:modified_time\" content=\"2021-06-25T08:43:09+00:00\" \/>\n<meta property=\"og:image\" content=\"https:\/\/static.africa-press.net\/cote\/sites\/43\/2021\/06\/img-60d4c052bdaad.jpg\" \/>\n\t<meta property=\"og:image:width\" content=\"720\" \/>\n\t<meta property=\"og:image:height\" content=\"360\" \/>\n\t<meta property=\"og:image:type\" content=\"image\/jpeg\" \/>\n<meta name=\"author\" content=\"cfeditorfr\" \/>\n<meta name=\"twitter:card\" content=\"summary_large_image\" \/>\n<meta name=\"twitter:label1\" content=\"\u00c9crit par\" \/>\n\t<meta name=\"twitter:data1\" content=\"cfeditorfr\" \/>\n\t<meta name=\"twitter:label2\" content=\"Dur\u00e9e de lecture estim\u00e9e\" \/>\n\t<meta name=\"twitter:data2\" content=\"1 minute\" \/>\n<script type=\"application\/ld+json\" class=\"yoast-schema-graph\">{\"@context\":\"https:\/\/schema.org\",\"@graph\":[{\"@type\":\"Article\",\"@id\":\"https:\/\/www.africa-press.net\/cotedivoire\/politique\/cote-divoire-comment-laurent-gbagbo-est-redevenu-catholique#article\",\"isPartOf\":{\"@id\":\"https:\/\/www.africa-press.net\/cotedivoire\/politique\/cote-divoire-comment-laurent-gbagbo-est-redevenu-catholique\"},\"author\":{\"name\":\"cfeditorfr\",\"@id\":\"https:\/\/www.africa-press.net\/cotedivoire\/#\/schema\/person\/2b1cf3cd81a31e3cd26889ca66d677f1\"},\"headline\":\"comment Laurent Gbagbo est redevenu catholique\",\"datePublished\":\"2021-06-24T17:30:54+00:00\",\"dateModified\":\"2021-06-25T08:43:09+00:00\",\"mainEntityOfPage\":{\"@id\":\"https:\/\/www.africa-press.net\/cotedivoire\/politique\/cote-divoire-comment-laurent-gbagbo-est-redevenu-catholique\"},\"wordCount\":158,\"commentCount\":0,\"image\":{\"@id\":\"https:\/\/www.africa-press.net\/cotedivoire\/politique\/cote-divoire-comment-laurent-gbagbo-est-redevenu-catholique#primaryimage\"},\"thumbnailUrl\":\"https:\/\/static.africa-press.net\/cote\/sites\/43\/2021\/06\/img-60d4c052bdaad.jpg\",\"keywords\":[\"Africa Press\",\"Africa Press-C\u00f4te d'Ivoire\",\"C\u00d4TE D'IVOIRE\"],\"articleSection\":[\"homepage-french\",\"Politique\",\"Toutes les actualit\u00e9s\"],\"inLanguage\":\"fr-FR\",\"potentialAction\":[{\"@type\":\"CommentAction\",\"name\":\"Comment\",\"target\":[\"https:\/\/www.africa-press.net\/cotedivoire\/politique\/cote-divoire-comment-laurent-gbagbo-est-redevenu-catholique#respond\"]}]},{\"@type\":\"WebPage\",\"@id\":\"https:\/\/www.africa-press.net\/cotedivoire\/politique\/cote-divoire-comment-laurent-gbagbo-est-redevenu-catholique\",\"url\":\"https:\/\/www.africa-press.net\/cotedivoire\/politique\/cote-divoire-comment-laurent-gbagbo-est-redevenu-catholique\",\"name\":\"comment Laurent Gbagbo est redevenu catholique - C\u00f4te d&#039;Ivoire\",\"isPartOf\":{\"@id\":\"https:\/\/www.africa-press.net\/cotedivoire\/#website\"},\"primaryImageOfPage\":{\"@id\":\"https:\/\/www.africa-press.net\/cotedivoire\/politique\/cote-divoire-comment-laurent-gbagbo-est-redevenu-catholique#primaryimage\"},\"image\":{\"@id\":\"https:\/\/www.africa-press.net\/cotedivoire\/politique\/cote-divoire-comment-laurent-gbagbo-est-redevenu-catholique#primaryimage\"},\"thumbnailUrl\":\"https:\/\/static.africa-press.net\/cote\/sites\/43\/2021\/06\/img-60d4c052bdaad.jpg\",\"datePublished\":\"2021-06-24T17:30:54+00:00\",\"dateModified\":\"2021-06-25T08:43:09+00:00\",\"author\":{\"@id\":\"https:\/\/www.africa-press.net\/cotedivoire\/#\/schema\/person\/2b1cf3cd81a31e3cd26889ca66d677f1\"},\"description\":\"La pr\u00e9sence de l\u2019ex-pr\u00e9sident devant des fid\u00e8les r\u00e9unis \u00e0 la cath\u00e9drale Saint-Paul d\u2019Abidjan le 20 juin ne doit rien au ...\",\"breadcrumb\":{\"@id\":\"https:\/\/www.africa-press.net\/cotedivoire\/politique\/cote-divoire-comment-laurent-gbagbo-est-redevenu-catholique#breadcrumb\"},\"inLanguage\":\"fr-FR\",\"potentialAction\":[{\"@type\":\"ReadAction\",\"target\":[\"https:\/\/www.africa-press.net\/cotedivoire\/politique\/cote-divoire-comment-laurent-gbagbo-est-redevenu-catholique\"]}]},{\"@type\":\"ImageObject\",\"inLanguage\":\"fr-FR\",\"@id\":\"https:\/\/www.africa-press.net\/cotedivoire\/politique\/cote-divoire-comment-laurent-gbagbo-est-redevenu-catholique#primaryimage\",\"url\":\"https:\/\/static.africa-press.net\/cote\/sites\/43\/2021\/06\/img-60d4c052bdaad.jpg\",\"contentUrl\":\"https:\/\/static.africa-press.net\/cote\/sites\/43\/2021\/06\/img-60d4c052bdaad.jpg\",\"width\":720,\"height\":360,\"caption\":\"C\u00f4te d\u2019Ivoire : comment Laurent Gbagbo est redevenu catholique\"},{\"@type\":\"BreadcrumbList\",\"@id\":\"https:\/\/www.africa-press.net\/cotedivoire\/politique\/cote-divoire-comment-laurent-gbagbo-est-redevenu-catholique#breadcrumb\",\"itemListElement\":[{\"@type\":\"ListItem\",\"position\":1,\"name\":\"Accueil\",\"item\":\"https:\/\/www.africa-press.net\/cotedivoire\/\"},{\"@type\":\"ListItem\",\"position\":2,\"name\":\"comment Laurent Gbagbo est redevenu catholique\"}]},{\"@type\":\"WebSite\",\"@id\":\"https:\/\/www.africa-press.net\/cotedivoire\/#website\",\"url\":\"https:\/\/www.africa-press.net\/cotedivoire\/\",\"name\":\"C\u00f4te d&#039;Ivoire\",\"description\":\"Just another Africa News Agency Sites site\",\"potentialAction\":[{\"@type\":\"SearchAction\",\"target\":{\"@type\":\"EntryPoint\",\"urlTemplate\":\"https:\/\/www.africa-press.net\/cotedivoire\/?s={search_term_string}\"},\"query-input\":{\"@type\":\"PropertyValueSpecification\",\"valueRequired\":true,\"valueName\":\"search_term_string\"}}],\"inLanguage\":\"fr-FR\"},{\"@type\":\"Person\",\"@id\":\"https:\/\/www.africa-press.net\/cotedivoire\/#\/schema\/person\/2b1cf3cd81a31e3cd26889ca66d677f1\",\"name\":\"cfeditorfr\"}]}<\/script>\n<!-- \/ Yoast SEO Premium plugin. -->","yoast_head_json":{"title":"comment Laurent Gbagbo est redevenu catholique - C\u00f4te d&#039;Ivoire","description":"La pr\u00e9sence de l\u2019ex-pr\u00e9sident devant des fid\u00e8les r\u00e9unis \u00e0 la cath\u00e9drale Saint-Paul d\u2019Abidjan le 20 juin ne doit rien au ...","robots":{"index":"index","follow":"follow","max-snippet":"max-snippet:-1","max-image-preview":"max-image-preview:large","max-video-preview":"max-video-preview:-1"},"canonical":"https:\/\/www.africa-press.net\/cotedivoire\/politique\/cote-divoire-comment-laurent-gbagbo-est-redevenu-catholique","og_locale":"fr_FR","og_type":"article","og_title":"comment Laurent Gbagbo est redevenu catholique","og_description":"La pr\u00e9sence de l\u2019ex-pr\u00e9sident devant des fid\u00e8les r\u00e9unis \u00e0 la cath\u00e9drale Saint-Paul d\u2019Abidjan le 20 juin ne doit rien au ...","og_url":"https:\/\/www.africa-press.net\/cotedivoire\/politique\/cote-divoire-comment-laurent-gbagbo-est-redevenu-catholique","og_site_name":"C\u00f4te d&#039;Ivoire","article_published_time":"2021-06-24T17:30:54+00:00","article_modified_time":"2021-06-25T08:43:09+00:00","og_image":[{"width":720,"height":360,"url":"https:\/\/static.africa-press.net\/cote\/sites\/43\/2021\/06\/img-60d4c052bdaad.jpg","type":"image\/jpeg"}],"author":"cfeditorfr","twitter_card":"summary_large_image","twitter_misc":{"\u00c9crit par":"cfeditorfr","Dur\u00e9e de lecture estim\u00e9e":"1 minute"},"schema":{"@context":"https:\/\/schema.org","@graph":[{"@type":"Article","@id":"https:\/\/www.africa-press.net\/cotedivoire\/politique\/cote-divoire-comment-laurent-gbagbo-est-redevenu-catholique#article","isPartOf":{"@id":"https:\/\/www.africa-press.net\/cotedivoire\/politique\/cote-divoire-comment-laurent-gbagbo-est-redevenu-catholique"},"author":{"name":"cfeditorfr","@id":"https:\/\/www.africa-press.net\/cotedivoire\/#\/schema\/person\/2b1cf3cd81a31e3cd26889ca66d677f1"},"headline":"comment Laurent Gbagbo est redevenu catholique","datePublished":"2021-06-24T17:30:54+00:00","dateModified":"2021-06-25T08:43:09+00:00","mainEntityOfPage":{"@id":"https:\/\/www.africa-press.net\/cotedivoire\/politique\/cote-divoire-comment-laurent-gbagbo-est-redevenu-catholique"},"wordCount":158,"commentCount":0,"image":{"@id":"https:\/\/www.africa-press.net\/cotedivoire\/politique\/cote-divoire-comment-laurent-gbagbo-est-redevenu-catholique#primaryimage"},"thumbnailUrl":"https:\/\/static.africa-press.net\/cote\/sites\/43\/2021\/06\/img-60d4c052bdaad.jpg","keywords":["Africa Press","Africa Press-C\u00f4te d'Ivoire","C\u00d4TE D'IVOIRE"],"articleSection":["homepage-french","Politique","Toutes les actualit\u00e9s"],"inLanguage":"fr-FR","potentialAction":[{"@type":"CommentAction","name":"Comment","target":["https:\/\/www.africa-press.net\/cotedivoire\/politique\/cote-divoire-comment-laurent-gbagbo-est-redevenu-catholique#respond"]}]},{"@type":"WebPage","@id":"https:\/\/www.africa-press.net\/cotedivoire\/politique\/cote-divoire-comment-laurent-gbagbo-est-redevenu-catholique","url":"https:\/\/www.africa-press.net\/cotedivoire\/politique\/cote-divoire-comment-laurent-gbagbo-est-redevenu-catholique","name":"comment Laurent Gbagbo est redevenu catholique - C\u00f4te d&#039;Ivoire","isPartOf":{"@id":"https:\/\/www.africa-press.net\/cotedivoire\/#website"},"primaryImageOfPage":{"@id":"https:\/\/www.africa-press.net\/cotedivoire\/politique\/cote-divoire-comment-laurent-gbagbo-est-redevenu-catholique#primaryimage"},"image":{"@id":"https:\/\/www.africa-press.net\/cotedivoire\/politique\/cote-divoire-comment-laurent-gbagbo-est-redevenu-catholique#primaryimage"},"thumbnailUrl":"https:\/\/static.africa-press.net\/cote\/sites\/43\/2021\/06\/img-60d4c052bdaad.jpg","datePublished":"2021-06-24T17:30:54+00:00","dateModified":"2021-06-25T08:43:09+00:00","author":{"@id":"https:\/\/www.africa-press.net\/cotedivoire\/#\/schema\/person\/2b1cf3cd81a31e3cd26889ca66d677f1"},"description":"La pr\u00e9sence de l\u2019ex-pr\u00e9sident devant des fid\u00e8les r\u00e9unis \u00e0 la cath\u00e9drale Saint-Paul d\u2019Abidjan le 20 juin ne doit rien au ...","breadcrumb":{"@id":"https:\/\/www.africa-press.net\/cotedivoire\/politique\/cote-divoire-comment-laurent-gbagbo-est-redevenu-catholique#breadcrumb"},"inLanguage":"fr-FR","potentialAction":[{"@type":"ReadAction","target":["https:\/\/www.africa-press.net\/cotedivoire\/politique\/cote-divoire-comment-laurent-gbagbo-est-redevenu-catholique"]}]},{"@type":"ImageObject","inLanguage":"fr-FR","@id":"https:\/\/www.africa-press.net\/cotedivoire\/politique\/cote-divoire-comment-laurent-gbagbo-est-redevenu-catholique#primaryimage","url":"https:\/\/static.africa-press.net\/cote\/sites\/43\/2021\/06\/img-60d4c052bdaad.jpg","contentUrl":"https:\/\/static.africa-press.net\/cote\/sites\/43\/2021\/06\/img-60d4c052bdaad.jpg","width":720,"height":360,"caption":"C\u00f4te d\u2019Ivoire : comment Laurent Gbagbo est redevenu catholique"},{"@type":"BreadcrumbList","@id":"https:\/\/www.africa-press.net\/cotedivoire\/politique\/cote-divoire-comment-laurent-gbagbo-est-redevenu-catholique#breadcrumb","itemListElement":[{"@type":"ListItem","position":1,"name":"Accueil","item":"https:\/\/www.africa-press.net\/cotedivoire\/"},{"@type":"ListItem","position":2,"name":"comment Laurent Gbagbo est redevenu catholique"}]},{"@type":"WebSite","@id":"https:\/\/www.africa-press.net\/cotedivoire\/#website","url":"https:\/\/www.africa-press.net\/cotedivoire\/","name":"C\u00f4te d&#039;Ivoire","description":"Just another Africa News Agency Sites site","potentialAction":[{"@type":"SearchAction","target":{"@type":"EntryPoint","urlTemplate":"https:\/\/www.africa-press.net\/cotedivoire\/?s={search_term_string}"},"query-input":{"@type":"PropertyValueSpecification","valueRequired":true,"valueName":"search_term_string"}}],"inLanguage":"fr-FR"},{"@type":"Person","@id":"https:\/\/www.africa-press.net\/cotedivoire\/#\/schema\/person\/2b1cf3cd81a31e3cd26889ca66d677f1","name":"cfeditorfr"}]}},"_links":{"self":[{"href":"https:\/\/www.africa-press.net\/cotedivoire\/wp-json\/wp\/v2\/posts\/9383","targetHints":{"allow":["GET"]}}],"collection":[{"href":"https:\/\/www.africa-press.net\/cotedivoire\/wp-json\/wp\/v2\/posts"}],"about":[{"href":"https:\/\/www.africa-press.net\/cotedivoire\/wp-json\/wp\/v2\/types\/post"}],"author":[{"embeddable":true,"href":"https:\/\/www.africa-press.net\/cotedivoire\/wp-json\/wp\/v2\/users\/82"}],"replies":[{"embeddable":true,"href":"https:\/\/www.africa-press.net\/cotedivoire\/wp-json\/wp\/v2\/comments?post=9383"}],"version-history":[{"count":0,"href":"https:\/\/www.africa-press.net\/cotedivoire\/wp-json\/wp\/v2\/posts\/9383\/revisions"}],"wp:featuredmedia":[{"embeddable":true,"href":"https:\/\/www.africa-press.net\/cotedivoire\/wp-json\/wp\/v2\/media\/9382"}],"wp:attachment":[{"href":"https:\/\/www.africa-press.net\/cotedivoire\/wp-json\/wp\/v2\/media?parent=9383"}],"wp:term":[{"taxonomy":"category","embeddable":true,"href":"https:\/\/www.africa-press.net\/cotedivoire\/wp-json\/wp\/v2\/categories?post=9383"},{"taxonomy":"post_tag","embeddable":true,"href":"https:\/\/www.africa-press.net\/cotedivoire\/wp-json\/wp\/v2\/tags?post=9383"}],"curies":[{"name":"wp","href":"https:\/\/api.w.org\/{rel}","templated":true}]}}