{"id":9386,"date":"2021-06-24T17:35:37","date_gmt":"2021-06-24T17:35:37","guid":{"rendered":"https:\/\/www.africa-press.net\/cotedivoire\/?p=9386"},"modified":"2021-06-25T08:43:25","modified_gmt":"2021-06-25T08:43:25","slug":"la-condamnation-de-soro-en-cote-divoire-est-une-vraie-lecon-de-vie-pour-notre-generation-estime-ble-goude","status":"publish","type":"post","link":"https:\/\/www.africa-press.net\/cotedivoire\/politique\/la-condamnation-de-soro-en-cote-divoire-est-une-vraie-lecon-de-vie-pour-notre-generation-estime-ble-goude","title":{"rendered":"La condamnation de Soro en C\u00f4te-d\u2019Ivoire est \u00ab\u00a0une vraie le\u00e7on de vie pour notre g\u00e9n\u00e9ration\u00a0\u00bb, estime Bl\u00e9 Goud\u00e9"},"content":{"rendered":"<p><span style=\"color: #ff6600\"><strong><a href=\"https:\/\/www.africa-press.net\/\">Africa-Press<\/a> &#8211; <a href=\"https:\/\/www.africa-press.net\/cotedivoire\">C\u00f4te d&rsquo;Ivoire<\/a>. <\/strong><\/span>L\u2019ancien leader des jeunes patriotes ivoiriens, Charles Bl\u00e9 Goud\u00e9, pr\u00e9sident du Congr\u00e8s panafricain pour la justice et l\u2019\u00e9galit\u00e9 des peuples (COJEP), a estim\u00e9 mercredi en France que la condamnation \u00e0 perp\u00e9tuit\u00e9 par la justice ivoirienne de l\u2019ex-pr\u00e9sident de l\u2019Assembl\u00e9e nationale, Guillaume Soro est une \u00ab vraie le\u00e7on de vie pour la jeunesse \u00bb, avouant avoir \u00ab beaucoup de pincement au c\u0153ur \u00bb.<\/p>\n<p>\u00ab Je retire pour notre g\u00e9n\u00e9ration, pour notre peuple beaucoup de le\u00e7ons de vie.<\/p>\n<p>C\u2019est une vraie le\u00e7on de vie ce \u00e0 quoi nous assistons aujourd\u2019hui, toute r\u00e9alit\u00e9 politique est une denr\u00e9e p\u00e9rissable \u00bb, a dit M. Bl\u00e9 Goud\u00e9 sur le plateau de TV5 Monde Afrique.<\/p>\n<p>S\u2019il avoue avoir \u00ab beaucoup de pincement pour celui qu(\u2018il) connait tr\u00e8s bien \u00bb, le pr\u00e9sident du COJEP dit cependant avoir confiance en l\u2019\u00e9quipe de d\u00e9fense de M. Soro, condamn\u00e9 par contumace pour \u00ab complot et atteinte \u00e0 l\u2019autorit\u00e9 de l\u2019Etat. \u00bb<\/p>\n<p>\u00c9galement condamn\u00e9 par contumace pour actes de torture, homicides volontaires et viol commis en 2010, Charles Bl\u00e9 Goud\u00e9 promet s&rsquo; \u00bben remettre \u00e0 ce qui se passera \u00bb une fois rentr\u00e9 au pays.<\/p>\n<p>Toutefois, il a \u00ab confiance \u00bb en Alassane Ouattara qui a permis le retour de Laurent Gbagbo malgr\u00e9 sa condamnation \u00e0 20 ans par contumace pour le braquage de la BCEAO, afin de faciliter son retour au nom de la r\u00e9conciliation. \u00bb<\/p>\n<p>&nbsp;<\/p>\n","protected":false},"excerpt":{"rendered":"<p>Africa-Press &#8211; C\u00f4te d&rsquo;Ivoire. L\u2019ancien leader des jeunes patriotes ivoiriens, Charles Bl\u00e9 Goud\u00e9, pr\u00e9sident du Congr\u00e8s panafricain pour la justice et l\u2019\u00e9galit\u00e9 des peuples (COJEP), a estim\u00e9 mercredi en France que la condamnation \u00e0 perp\u00e9tuit\u00e9 par la justice ivoirienne de l\u2019ex-pr\u00e9sident de l\u2019Assembl\u00e9e nationale, Guillaume Soro est une \u00ab vraie le\u00e7on de vie pour la [&hellip;]<\/p>\n","protected":false},"author":82,"featured_media":9385,"comment_status":"open","ping_status":"closed","sticky":false,"template":"","format":"standard","meta":{"footnotes":""},"categories":[11,2,10],"tags":[56,63,29],"class_list":["post-9386","post","type-post","status-publish","format-standard","has-post-thumbnail","hentry","category-homepage-french","category-politique","category-toutes-les-actualites","tag-africa-press","tag-africa-press-cote-divoire","tag-cote-divoire"],"yoast_head":"<!-- This site is optimized with the Yoast SEO Premium plugin v26.1 (Yoast SEO v27.0) - https:\/\/yoast.com\/product\/yoast-seo-premium-wordpress\/ -->\n<title>La condamnation de Soro en C\u00f4te-d\u2019Ivoire est \u00ab\u00a0une vraie le\u00e7on de vie pour notre g\u00e9n\u00e9ration\u00a0\u00bb, estime Bl\u00e9 Goud\u00e9 - C\u00f4te d&#039;Ivoire<\/title>\n<meta name=\"description\" content=\"Jocelyne LIADE L\u2019ancien leader des jeunes patriotes ivoiriens, Charles Bl\u00e9 Goud\u00e9, pr\u00e9sident du Congr\u00e8s panafricain pour ...\" \/>\n<meta name=\"robots\" content=\"index, follow, max-snippet:-1, max-image-preview:large, max-video-preview:-1\" \/>\n<link rel=\"canonical\" href=\"https:\/\/www.africa-press.net\/cotedivoire\/politique\/la-condamnation-de-soro-en-cote-divoire-est-une-vraie-lecon-de-vie-pour-notre-generation-estime-ble-goude\" \/>\n<meta property=\"og:locale\" content=\"fr_FR\" \/>\n<meta property=\"og:type\" content=\"article\" \/>\n<meta property=\"og:title\" content=\"La condamnation de Soro en C\u00f4te-d\u2019Ivoire est \u00ab\u00a0une vraie le\u00e7on de vie pour notre g\u00e9n\u00e9ration\u00a0\u00bb, estime Bl\u00e9 Goud\u00e9\" \/>\n<meta property=\"og:description\" content=\"Jocelyne LIADE L\u2019ancien leader des jeunes patriotes ivoiriens, Charles Bl\u00e9 Goud\u00e9, pr\u00e9sident du Congr\u00e8s panafricain pour ...\" \/>\n<meta property=\"og:url\" content=\"https:\/\/www.africa-press.net\/cotedivoire\/politique\/la-condamnation-de-soro-en-cote-divoire-est-une-vraie-lecon-de-vie-pour-notre-generation-estime-ble-goude\" \/>\n<meta property=\"og:site_name\" content=\"C\u00f4te d&#039;Ivoire\" \/>\n<meta property=\"article:published_time\" content=\"2021-06-24T17:35:37+00:00\" \/>\n<meta property=\"article:modified_time\" content=\"2021-06-25T08:43:25+00:00\" \/>\n<meta property=\"og:image\" content=\"https:\/\/static.africa-press.net\/cote\/sites\/43\/2021\/06\/img-60d4c07c78408.jpg\" \/>\n\t<meta property=\"og:image:width\" content=\"720\" \/>\n\t<meta property=\"og:image:height\" content=\"537\" \/>\n\t<meta property=\"og:image:type\" content=\"image\/jpeg\" \/>\n<meta name=\"author\" content=\"cfeditorfr\" \/>\n<meta name=\"twitter:card\" content=\"summary_large_image\" \/>\n<meta name=\"twitter:label1\" content=\"\u00c9crit par\" \/>\n\t<meta name=\"twitter:data1\" content=\"cfeditorfr\" \/>\n\t<meta name=\"twitter:label2\" content=\"Dur\u00e9e de lecture estim\u00e9e\" \/>\n\t<meta name=\"twitter:data2\" content=\"1 minute\" \/>\n<script type=\"application\/ld+json\" class=\"yoast-schema-graph\">{\"@context\":\"https:\/\/schema.org\",\"@graph\":[{\"@type\":\"Article\",\"@id\":\"https:\/\/www.africa-press.net\/cotedivoire\/politique\/la-condamnation-de-soro-en-cote-divoire-est-une-vraie-lecon-de-vie-pour-notre-generation-estime-ble-goude#article\",\"isPartOf\":{\"@id\":\"https:\/\/www.africa-press.net\/cotedivoire\/politique\/la-condamnation-de-soro-en-cote-divoire-est-une-vraie-lecon-de-vie-pour-notre-generation-estime-ble-goude\"},\"author\":{\"name\":\"cfeditorfr\",\"@id\":\"https:\/\/www.africa-press.net\/cotedivoire\/#\/schema\/person\/2b1cf3cd81a31e3cd26889ca66d677f1\"},\"headline\":\"La condamnation de Soro en C\u00f4te-d\u2019Ivoire est \u00ab\u00a0une vraie le\u00e7on de vie pour notre g\u00e9n\u00e9ration\u00a0\u00bb, estime Bl\u00e9 Goud\u00e9\",\"datePublished\":\"2021-06-24T17:35:37+00:00\",\"dateModified\":\"2021-06-25T08:43:25+00:00\",\"mainEntityOfPage\":{\"@id\":\"https:\/\/www.africa-press.net\/cotedivoire\/politique\/la-condamnation-de-soro-en-cote-divoire-est-une-vraie-lecon-de-vie-pour-notre-generation-estime-ble-goude\"},\"wordCount\":263,\"commentCount\":0,\"image\":{\"@id\":\"https:\/\/www.africa-press.net\/cotedivoire\/politique\/la-condamnation-de-soro-en-cote-divoire-est-une-vraie-lecon-de-vie-pour-notre-generation-estime-ble-goude#primaryimage\"},\"thumbnailUrl\":\"https:\/\/static.africa-press.net\/cote\/sites\/43\/2021\/06\/img-60d4c07c78408.jpg\",\"keywords\":[\"Africa Press\",\"Africa Press-C\u00f4te d'Ivoire\",\"C\u00d4TE D'IVOIRE\"],\"articleSection\":[\"homepage-french\",\"Politique\",\"Toutes les actualit\u00e9s\"],\"inLanguage\":\"fr-FR\",\"potentialAction\":[{\"@type\":\"CommentAction\",\"name\":\"Comment\",\"target\":[\"https:\/\/www.africa-press.net\/cotedivoire\/politique\/la-condamnation-de-soro-en-cote-divoire-est-une-vraie-lecon-de-vie-pour-notre-generation-estime-ble-goude#respond\"]}]},{\"@type\":\"WebPage\",\"@id\":\"https:\/\/www.africa-press.net\/cotedivoire\/politique\/la-condamnation-de-soro-en-cote-divoire-est-une-vraie-lecon-de-vie-pour-notre-generation-estime-ble-goude\",\"url\":\"https:\/\/www.africa-press.net\/cotedivoire\/politique\/la-condamnation-de-soro-en-cote-divoire-est-une-vraie-lecon-de-vie-pour-notre-generation-estime-ble-goude\",\"name\":\"La condamnation de Soro en C\u00f4te-d\u2019Ivoire est \u00ab\u00a0une vraie le\u00e7on de vie pour notre g\u00e9n\u00e9ration\u00a0\u00bb, estime Bl\u00e9 Goud\u00e9 - C\u00f4te d&#039;Ivoire\",\"isPartOf\":{\"@id\":\"https:\/\/www.africa-press.net\/cotedivoire\/#website\"},\"primaryImageOfPage\":{\"@id\":\"https:\/\/www.africa-press.net\/cotedivoire\/politique\/la-condamnation-de-soro-en-cote-divoire-est-une-vraie-lecon-de-vie-pour-notre-generation-estime-ble-goude#primaryimage\"},\"image\":{\"@id\":\"https:\/\/www.africa-press.net\/cotedivoire\/politique\/la-condamnation-de-soro-en-cote-divoire-est-une-vraie-lecon-de-vie-pour-notre-generation-estime-ble-goude#primaryimage\"},\"thumbnailUrl\":\"https:\/\/static.africa-press.net\/cote\/sites\/43\/2021\/06\/img-60d4c07c78408.jpg\",\"datePublished\":\"2021-06-24T17:35:37+00:00\",\"dateModified\":\"2021-06-25T08:43:25+00:00\",\"author\":{\"@id\":\"https:\/\/www.africa-press.net\/cotedivoire\/#\/schema\/person\/2b1cf3cd81a31e3cd26889ca66d677f1\"},\"description\":\"Jocelyne LIADE L\u2019ancien leader des jeunes patriotes ivoiriens, Charles Bl\u00e9 Goud\u00e9, pr\u00e9sident du Congr\u00e8s panafricain pour ...\",\"breadcrumb\":{\"@id\":\"https:\/\/www.africa-press.net\/cotedivoire\/politique\/la-condamnation-de-soro-en-cote-divoire-est-une-vraie-lecon-de-vie-pour-notre-generation-estime-ble-goude#breadcrumb\"},\"inLanguage\":\"fr-FR\",\"potentialAction\":[{\"@type\":\"ReadAction\",\"target\":[\"https:\/\/www.africa-press.net\/cotedivoire\/politique\/la-condamnation-de-soro-en-cote-divoire-est-une-vraie-lecon-de-vie-pour-notre-generation-estime-ble-goude\"]}]},{\"@type\":\"ImageObject\",\"inLanguage\":\"fr-FR\",\"@id\":\"https:\/\/www.africa-press.net\/cotedivoire\/politique\/la-condamnation-de-soro-en-cote-divoire-est-une-vraie-lecon-de-vie-pour-notre-generation-estime-ble-goude#primaryimage\",\"url\":\"https:\/\/static.africa-press.net\/cote\/sites\/43\/2021\/06\/img-60d4c07c78408.jpg\",\"contentUrl\":\"https:\/\/static.africa-press.net\/cote\/sites\/43\/2021\/06\/img-60d4c07c78408.jpg\",\"width\":720,\"height\":537,\"caption\":\"La condamnation de Soro en C\u00f4te-d\u2019Ivoire est \u00ab\u00a0une vraie le\u00e7on de vie pour notre g\u00e9n\u00e9ration\u00a0\u00bb, estime Bl\u00e9 Goud\u00e9\"},{\"@type\":\"BreadcrumbList\",\"@id\":\"https:\/\/www.africa-press.net\/cotedivoire\/politique\/la-condamnation-de-soro-en-cote-divoire-est-une-vraie-lecon-de-vie-pour-notre-generation-estime-ble-goude#breadcrumb\",\"itemListElement\":[{\"@type\":\"ListItem\",\"position\":1,\"name\":\"Accueil\",\"item\":\"https:\/\/www.africa-press.net\/cotedivoire\/\"},{\"@type\":\"ListItem\",\"position\":2,\"name\":\"La condamnation de Soro en C\u00f4te-d\u2019Ivoire est \u00ab\u00a0une vraie le\u00e7on de vie pour notre g\u00e9n\u00e9ration\u00a0\u00bb, estime Bl\u00e9 Goud\u00e9\"}]},{\"@type\":\"WebSite\",\"@id\":\"https:\/\/www.africa-press.net\/cotedivoire\/#website\",\"url\":\"https:\/\/www.africa-press.net\/cotedivoire\/\",\"name\":\"C\u00f4te d&#039;Ivoire\",\"description\":\"Just another Africa News Agency Sites site\",\"potentialAction\":[{\"@type\":\"SearchAction\",\"target\":{\"@type\":\"EntryPoint\",\"urlTemplate\":\"https:\/\/www.africa-press.net\/cotedivoire\/?s={search_term_string}\"},\"query-input\":{\"@type\":\"PropertyValueSpecification\",\"valueRequired\":true,\"valueName\":\"search_term_string\"}}],\"inLanguage\":\"fr-FR\"},{\"@type\":\"Person\",\"@id\":\"https:\/\/www.africa-press.net\/cotedivoire\/#\/schema\/person\/2b1cf3cd81a31e3cd26889ca66d677f1\",\"name\":\"cfeditorfr\"}]}<\/script>\n<!-- \/ Yoast SEO Premium plugin. -->","yoast_head_json":{"title":"La condamnation de Soro en C\u00f4te-d\u2019Ivoire est \u00ab\u00a0une vraie le\u00e7on de vie pour notre g\u00e9n\u00e9ration\u00a0\u00bb, estime Bl\u00e9 Goud\u00e9 - C\u00f4te d&#039;Ivoire","description":"Jocelyne LIADE L\u2019ancien leader des jeunes patriotes ivoiriens, Charles Bl\u00e9 Goud\u00e9, pr\u00e9sident du Congr\u00e8s panafricain pour ...","robots":{"index":"index","follow":"follow","max-snippet":"max-snippet:-1","max-image-preview":"max-image-preview:large","max-video-preview":"max-video-preview:-1"},"canonical":"https:\/\/www.africa-press.net\/cotedivoire\/politique\/la-condamnation-de-soro-en-cote-divoire-est-une-vraie-lecon-de-vie-pour-notre-generation-estime-ble-goude","og_locale":"fr_FR","og_type":"article","og_title":"La condamnation de Soro en C\u00f4te-d\u2019Ivoire est \u00ab\u00a0une vraie le\u00e7on de vie pour notre g\u00e9n\u00e9ration\u00a0\u00bb, estime Bl\u00e9 Goud\u00e9","og_description":"Jocelyne LIADE L\u2019ancien leader des jeunes patriotes ivoiriens, Charles Bl\u00e9 Goud\u00e9, pr\u00e9sident du Congr\u00e8s panafricain pour ...","og_url":"https:\/\/www.africa-press.net\/cotedivoire\/politique\/la-condamnation-de-soro-en-cote-divoire-est-une-vraie-lecon-de-vie-pour-notre-generation-estime-ble-goude","og_site_name":"C\u00f4te d&#039;Ivoire","article_published_time":"2021-06-24T17:35:37+00:00","article_modified_time":"2021-06-25T08:43:25+00:00","og_image":[{"width":720,"height":537,"url":"https:\/\/static.africa-press.net\/cote\/sites\/43\/2021\/06\/img-60d4c07c78408.jpg","type":"image\/jpeg"}],"author":"cfeditorfr","twitter_card":"summary_large_image","twitter_misc":{"\u00c9crit par":"cfeditorfr","Dur\u00e9e de lecture estim\u00e9e":"1 minute"},"schema":{"@context":"https:\/\/schema.org","@graph":[{"@type":"Article","@id":"https:\/\/www.africa-press.net\/cotedivoire\/politique\/la-condamnation-de-soro-en-cote-divoire-est-une-vraie-lecon-de-vie-pour-notre-generation-estime-ble-goude#article","isPartOf":{"@id":"https:\/\/www.africa-press.net\/cotedivoire\/politique\/la-condamnation-de-soro-en-cote-divoire-est-une-vraie-lecon-de-vie-pour-notre-generation-estime-ble-goude"},"author":{"name":"cfeditorfr","@id":"https:\/\/www.africa-press.net\/cotedivoire\/#\/schema\/person\/2b1cf3cd81a31e3cd26889ca66d677f1"},"headline":"La condamnation de Soro en C\u00f4te-d\u2019Ivoire est \u00ab\u00a0une vraie le\u00e7on de vie pour notre g\u00e9n\u00e9ration\u00a0\u00bb, estime Bl\u00e9 Goud\u00e9","datePublished":"2021-06-24T17:35:37+00:00","dateModified":"2021-06-25T08:43:25+00:00","mainEntityOfPage":{"@id":"https:\/\/www.africa-press.net\/cotedivoire\/politique\/la-condamnation-de-soro-en-cote-divoire-est-une-vraie-lecon-de-vie-pour-notre-generation-estime-ble-goude"},"wordCount":263,"commentCount":0,"image":{"@id":"https:\/\/www.africa-press.net\/cotedivoire\/politique\/la-condamnation-de-soro-en-cote-divoire-est-une-vraie-lecon-de-vie-pour-notre-generation-estime-ble-goude#primaryimage"},"thumbnailUrl":"https:\/\/static.africa-press.net\/cote\/sites\/43\/2021\/06\/img-60d4c07c78408.jpg","keywords":["Africa Press","Africa Press-C\u00f4te d'Ivoire","C\u00d4TE D'IVOIRE"],"articleSection":["homepage-french","Politique","Toutes les actualit\u00e9s"],"inLanguage":"fr-FR","potentialAction":[{"@type":"CommentAction","name":"Comment","target":["https:\/\/www.africa-press.net\/cotedivoire\/politique\/la-condamnation-de-soro-en-cote-divoire-est-une-vraie-lecon-de-vie-pour-notre-generation-estime-ble-goude#respond"]}]},{"@type":"WebPage","@id":"https:\/\/www.africa-press.net\/cotedivoire\/politique\/la-condamnation-de-soro-en-cote-divoire-est-une-vraie-lecon-de-vie-pour-notre-generation-estime-ble-goude","url":"https:\/\/www.africa-press.net\/cotedivoire\/politique\/la-condamnation-de-soro-en-cote-divoire-est-une-vraie-lecon-de-vie-pour-notre-generation-estime-ble-goude","name":"La condamnation de Soro en C\u00f4te-d\u2019Ivoire est \u00ab\u00a0une vraie le\u00e7on de vie pour notre g\u00e9n\u00e9ration\u00a0\u00bb, estime Bl\u00e9 Goud\u00e9 - C\u00f4te d&#039;Ivoire","isPartOf":{"@id":"https:\/\/www.africa-press.net\/cotedivoire\/#website"},"primaryImageOfPage":{"@id":"https:\/\/www.africa-press.net\/cotedivoire\/politique\/la-condamnation-de-soro-en-cote-divoire-est-une-vraie-lecon-de-vie-pour-notre-generation-estime-ble-goude#primaryimage"},"image":{"@id":"https:\/\/www.africa-press.net\/cotedivoire\/politique\/la-condamnation-de-soro-en-cote-divoire-est-une-vraie-lecon-de-vie-pour-notre-generation-estime-ble-goude#primaryimage"},"thumbnailUrl":"https:\/\/static.africa-press.net\/cote\/sites\/43\/2021\/06\/img-60d4c07c78408.jpg","datePublished":"2021-06-24T17:35:37+00:00","dateModified":"2021-06-25T08:43:25+00:00","author":{"@id":"https:\/\/www.africa-press.net\/cotedivoire\/#\/schema\/person\/2b1cf3cd81a31e3cd26889ca66d677f1"},"description":"Jocelyne LIADE L\u2019ancien leader des jeunes patriotes ivoiriens, Charles Bl\u00e9 Goud\u00e9, pr\u00e9sident du Congr\u00e8s panafricain pour ...","breadcrumb":{"@id":"https:\/\/www.africa-press.net\/cotedivoire\/politique\/la-condamnation-de-soro-en-cote-divoire-est-une-vraie-lecon-de-vie-pour-notre-generation-estime-ble-goude#breadcrumb"},"inLanguage":"fr-FR","potentialAction":[{"@type":"ReadAction","target":["https:\/\/www.africa-press.net\/cotedivoire\/politique\/la-condamnation-de-soro-en-cote-divoire-est-une-vraie-lecon-de-vie-pour-notre-generation-estime-ble-goude"]}]},{"@type":"ImageObject","inLanguage":"fr-FR","@id":"https:\/\/www.africa-press.net\/cotedivoire\/politique\/la-condamnation-de-soro-en-cote-divoire-est-une-vraie-lecon-de-vie-pour-notre-generation-estime-ble-goude#primaryimage","url":"https:\/\/static.africa-press.net\/cote\/sites\/43\/2021\/06\/img-60d4c07c78408.jpg","contentUrl":"https:\/\/static.africa-press.net\/cote\/sites\/43\/2021\/06\/img-60d4c07c78408.jpg","width":720,"height":537,"caption":"La condamnation de Soro en C\u00f4te-d\u2019Ivoire est \u00ab\u00a0une vraie le\u00e7on de vie pour notre g\u00e9n\u00e9ration\u00a0\u00bb, estime Bl\u00e9 Goud\u00e9"},{"@type":"BreadcrumbList","@id":"https:\/\/www.africa-press.net\/cotedivoire\/politique\/la-condamnation-de-soro-en-cote-divoire-est-une-vraie-lecon-de-vie-pour-notre-generation-estime-ble-goude#breadcrumb","itemListElement":[{"@type":"ListItem","position":1,"name":"Accueil","item":"https:\/\/www.africa-press.net\/cotedivoire\/"},{"@type":"ListItem","position":2,"name":"La condamnation de Soro en C\u00f4te-d\u2019Ivoire est \u00ab\u00a0une vraie le\u00e7on de vie pour notre g\u00e9n\u00e9ration\u00a0\u00bb, estime Bl\u00e9 Goud\u00e9"}]},{"@type":"WebSite","@id":"https:\/\/www.africa-press.net\/cotedivoire\/#website","url":"https:\/\/www.africa-press.net\/cotedivoire\/","name":"C\u00f4te d&#039;Ivoire","description":"Just another Africa News Agency Sites site","potentialAction":[{"@type":"SearchAction","target":{"@type":"EntryPoint","urlTemplate":"https:\/\/www.africa-press.net\/cotedivoire\/?s={search_term_string}"},"query-input":{"@type":"PropertyValueSpecification","valueRequired":true,"valueName":"search_term_string"}}],"inLanguage":"fr-FR"},{"@type":"Person","@id":"https:\/\/www.africa-press.net\/cotedivoire\/#\/schema\/person\/2b1cf3cd81a31e3cd26889ca66d677f1","name":"cfeditorfr"}]}},"_links":{"self":[{"href":"https:\/\/www.africa-press.net\/cotedivoire\/wp-json\/wp\/v2\/posts\/9386","targetHints":{"allow":["GET"]}}],"collection":[{"href":"https:\/\/www.africa-press.net\/cotedivoire\/wp-json\/wp\/v2\/posts"}],"about":[{"href":"https:\/\/www.africa-press.net\/cotedivoire\/wp-json\/wp\/v2\/types\/post"}],"author":[{"embeddable":true,"href":"https:\/\/www.africa-press.net\/cotedivoire\/wp-json\/wp\/v2\/users\/82"}],"replies":[{"embeddable":true,"href":"https:\/\/www.africa-press.net\/cotedivoire\/wp-json\/wp\/v2\/comments?post=9386"}],"version-history":[{"count":0,"href":"https:\/\/www.africa-press.net\/cotedivoire\/wp-json\/wp\/v2\/posts\/9386\/revisions"}],"wp:featuredmedia":[{"embeddable":true,"href":"https:\/\/www.africa-press.net\/cotedivoire\/wp-json\/wp\/v2\/media\/9385"}],"wp:attachment":[{"href":"https:\/\/www.africa-press.net\/cotedivoire\/wp-json\/wp\/v2\/media?parent=9386"}],"wp:term":[{"taxonomy":"category","embeddable":true,"href":"https:\/\/www.africa-press.net\/cotedivoire\/wp-json\/wp\/v2\/categories?post=9386"},{"taxonomy":"post_tag","embeddable":true,"href":"https:\/\/www.africa-press.net\/cotedivoire\/wp-json\/wp\/v2\/tags?post=9386"}],"curies":[{"name":"wp","href":"https:\/\/api.w.org\/{rel}","templated":true}]}}