{"id":93861,"date":"2025-01-18T13:37:51","date_gmt":"2025-01-18T13:37:51","guid":{"rendered":"https:\/\/www.africa-press.net\/cotedivoire\/politique\/loperation-verrou-322-lutte-contre-la-fuite-des-produits-agricoles-de-rente"},"modified":"2025-01-18T13:37:51","modified_gmt":"2025-01-18T13:37:51","slug":"loperation-verrou-322-lutte-contre-la-fuite-des-produits-agricoles-de-rente","status":"publish","type":"post","link":"https:\/\/www.africa-press.net\/cotedivoire\/economie\/loperation-verrou-322-lutte-contre-la-fuite-des-produits-agricoles-de-rente","title":{"rendered":"l&rsquo;op\u00e9ration \u00ab Verrou 322 \u00bb lutte contre la fuite des produits agricoles de rente"},"content":{"rendered":"<p><span style=\"color: #ff6600\"><strong>Africa-Press &#8211; C\u00f4te d&rsquo;Ivoire. <\/strong><\/span>Depuis le 02 octobre 2024, les Forces de De\u0301fense et de Se\u0301curite\u0301 de Co\u0302te d&rsquo;Ivoire et les corps paramilitaires conduisent l&rsquo;ope\u0301ration \u00ab Verrou 322&Prime; pour lutter contre la fuite des produits agricoles de rente. Dans ce cadre, des enque\u0302tes sont mene\u0301es dans les zones de persistance du phe\u0301nome\u0300ne.<\/p>\n<p>Pour ce qui concerne l&rsquo;ouest du pays, les investigations ont re\u0301ve\u0301le\u0301 la complicite\u0301 et l&rsquo;implication d&rsquo;autorite\u0301s administratives et militaires dans l&rsquo;exportation illicite de ces produits vers un pays voisin. Des sanctions administratives ont e\u0301te\u0301 imme\u0301diatement prises a\u0300 l&rsquo;encontre de ces personnes par leurs diffe\u0301rentes hie\u0301rarchies, sans pre\u0301judice de poursuites pe\u0301nales.<\/p>\n<p>Ainsi, le pre\u0301fet du de\u0301partement de Sipilou, le commissaire de police de ladite ville, le chef du de\u0301tachement des FACI, le commandant de la brigade de gendarmerie et le chef de bureau des douanes ont e\u0301te\u0301 imme\u0301diatement releve\u0301s de leurs fonctions. Les enque\u0302tes se poursuivent afin de de\u0301manteler tous les re\u0301seaux sur l&rsquo;ensemble du territoire national.<\/p>\n<p>Le chef d&rsquo;Etat-Major ge\u0301ne\u0301ral des Arme\u0301es en appelle a\u0300 la responsabilite\u0301 et a\u0300 l&rsquo;engagement citoyen de tous les acteurs dans cette action de sauvegarde de l&rsquo;e\u0301conomie nationale.<\/p>\n<p><strong>Pour plus d&rsquo;informations et d&rsquo;analyses sur la <span style=\"color: #ff6600\">C\u00f4te d&rsquo;Ivoire<\/span>, suivez <span style=\"color: #ff6600\">Africa-Press<span style=\"color: #ff6600\"><\/span><\/strong><\/p>\n","protected":false},"excerpt":{"rendered":"<p>Africa-Press &#8211; C\u00f4te d&rsquo;Ivoire. Depuis le 02 octobre 2024, les Forces de De\u0301fense et de Se\u0301curite\u0301 de Co\u0302te d&rsquo;Ivoire et les corps paramilitaires conduisent l&rsquo;ope\u0301ration \u00ab Verrou 322&Prime; pour lutter contre la fuite des produits agricoles de rente. Dans ce cadre, des enque\u0302tes sont mene\u0301es dans les zones de persistance du phe\u0301nome\u0300ne. Pour ce qui [&hellip;]<\/p>\n","protected":false},"author":82,"featured_media":93860,"comment_status":"open","ping_status":"closed","sticky":false,"template":"","format":"standard","meta":{"footnotes":""},"categories":[3,10],"tags":[37],"class_list":["post-93861","post","type-post","status-publish","format-standard","has-post-thumbnail","hentry","category-economie","category-toutes-les-actualites","tag-cote-divoire-2"],"yoast_head":"<!-- This site is optimized with the Yoast SEO Premium plugin v26.1 (Yoast SEO v27.0) - https:\/\/yoast.com\/product\/yoast-seo-premium-wordpress\/ -->\n<title>l&#039;op\u00e9ration \u00ab Verrou 322 \u00bb lutte contre la fuite des produits agricoles de rente - C\u00f4te d&#039;Ivoire<\/title>\n<meta name=\"robots\" content=\"index, follow, max-snippet:-1, max-image-preview:large, max-video-preview:-1\" \/>\n<link rel=\"canonical\" href=\"https:\/\/www.africa-press.net\/cotedivoire\/politique\/loperation-verrou-322-lutte-contre-la-fuite-des-produits-agricoles-de-rente\" \/>\n<meta property=\"og:locale\" content=\"fr_FR\" \/>\n<meta property=\"og:type\" content=\"article\" \/>\n<meta property=\"og:title\" content=\"l&#039;op\u00e9ration \u00ab Verrou 322 \u00bb lutte contre la fuite des produits agricoles de rente\" \/>\n<meta property=\"og:description\" content=\"Africa-Press &#8211; C\u00f4te d&rsquo;Ivoire. Depuis le 02 octobre 2024, les Forces de De\u0301fense et de Se\u0301curite\u0301 de Co\u0302te d&rsquo;Ivoire et les corps paramilitaires conduisent l&rsquo;ope\u0301ration \u00ab Verrou 322&Prime; pour lutter contre la fuite des produits agricoles de rente. Dans ce cadre, des enque\u0302tes sont mene\u0301es dans les zones de persistance du phe\u0301nome\u0300ne. Pour ce qui [&hellip;]\" \/>\n<meta property=\"og:url\" content=\"https:\/\/www.africa-press.net\/cotedivoire\/politique\/loperation-verrou-322-lutte-contre-la-fuite-des-produits-agricoles-de-rente\" \/>\n<meta property=\"og:site_name\" content=\"C\u00f4te d&#039;Ivoire\" \/>\n<meta property=\"article:published_time\" content=\"2025-01-18T13:37:51+00:00\" \/>\n<meta name=\"author\" content=\"cfeditorfr\" \/>\n<meta name=\"twitter:card\" content=\"summary_large_image\" \/>\n<meta name=\"twitter:label1\" content=\"\u00c9crit par\" \/>\n\t<meta name=\"twitter:data1\" content=\"cfeditorfr\" \/>\n\t<meta name=\"twitter:label2\" content=\"Dur\u00e9e de lecture estim\u00e9e\" \/>\n\t<meta name=\"twitter:data2\" content=\"1 minute\" \/>\n<script type=\"application\/ld+json\" class=\"yoast-schema-graph\">{\"@context\":\"https:\/\/schema.org\",\"@graph\":[{\"@type\":\"Article\",\"@id\":\"https:\/\/www.africa-press.net\/cotedivoire\/politique\/loperation-verrou-322-lutte-contre-la-fuite-des-produits-agricoles-de-rente#article\",\"isPartOf\":{\"@id\":\"https:\/\/www.africa-press.net\/cotedivoire\/politique\/loperation-verrou-322-lutte-contre-la-fuite-des-produits-agricoles-de-rente\"},\"author\":{\"name\":\"cfeditorfr\",\"@id\":\"https:\/\/www.africa-press.net\/cotedivoire\/#\/schema\/person\/2b1cf3cd81a31e3cd26889ca66d677f1\"},\"headline\":\"l&rsquo;op\u00e9ration \u00ab Verrou 322 \u00bb lutte contre la fuite des produits agricoles de rente\",\"datePublished\":\"2025-01-18T13:37:51+00:00\",\"mainEntityOfPage\":{\"@id\":\"https:\/\/www.africa-press.net\/cotedivoire\/politique\/loperation-verrou-322-lutte-contre-la-fuite-des-produits-agricoles-de-rente\"},\"wordCount\":252,\"commentCount\":0,\"image\":{\"@id\":\"https:\/\/www.africa-press.net\/cotedivoire\/politique\/loperation-verrou-322-lutte-contre-la-fuite-des-produits-agricoles-de-rente#primaryimage\"},\"thumbnailUrl\":\"https:\/\/static.africa-press.net\/cote\/sites\/43\/2025\/01\/sm_1737194946.458755.jpg\",\"keywords\":[\"C\u00f4te d'Ivoire\"],\"articleSection\":[\"\u00c9conomie\",\"Toutes les actualit\u00e9s\"],\"inLanguage\":\"fr-FR\",\"potentialAction\":[{\"@type\":\"CommentAction\",\"name\":\"Comment\",\"target\":[\"https:\/\/www.africa-press.net\/cotedivoire\/politique\/loperation-verrou-322-lutte-contre-la-fuite-des-produits-agricoles-de-rente#respond\"]}]},{\"@type\":\"WebPage\",\"@id\":\"https:\/\/www.africa-press.net\/cotedivoire\/politique\/loperation-verrou-322-lutte-contre-la-fuite-des-produits-agricoles-de-rente\",\"url\":\"https:\/\/www.africa-press.net\/cotedivoire\/politique\/loperation-verrou-322-lutte-contre-la-fuite-des-produits-agricoles-de-rente\",\"name\":\"l'op\u00e9ration \u00ab Verrou 322 \u00bb lutte contre la fuite des produits agricoles de rente - C\u00f4te d&#039;Ivoire\",\"isPartOf\":{\"@id\":\"https:\/\/www.africa-press.net\/cotedivoire\/#website\"},\"primaryImageOfPage\":{\"@id\":\"https:\/\/www.africa-press.net\/cotedivoire\/politique\/loperation-verrou-322-lutte-contre-la-fuite-des-produits-agricoles-de-rente#primaryimage\"},\"image\":{\"@id\":\"https:\/\/www.africa-press.net\/cotedivoire\/politique\/loperation-verrou-322-lutte-contre-la-fuite-des-produits-agricoles-de-rente#primaryimage\"},\"thumbnailUrl\":\"https:\/\/static.africa-press.net\/cote\/sites\/43\/2025\/01\/sm_1737194946.458755.jpg\",\"datePublished\":\"2025-01-18T13:37:51+00:00\",\"author\":{\"@id\":\"https:\/\/www.africa-press.net\/cotedivoire\/#\/schema\/person\/2b1cf3cd81a31e3cd26889ca66d677f1\"},\"breadcrumb\":{\"@id\":\"https:\/\/www.africa-press.net\/cotedivoire\/politique\/loperation-verrou-322-lutte-contre-la-fuite-des-produits-agricoles-de-rente#breadcrumb\"},\"inLanguage\":\"fr-FR\",\"potentialAction\":[{\"@type\":\"ReadAction\",\"target\":[\"https:\/\/www.africa-press.net\/cotedivoire\/politique\/loperation-verrou-322-lutte-contre-la-fuite-des-produits-agricoles-de-rente\"]}]},{\"@type\":\"ImageObject\",\"inLanguage\":\"fr-FR\",\"@id\":\"https:\/\/www.africa-press.net\/cotedivoire\/politique\/loperation-verrou-322-lutte-contre-la-fuite-des-produits-agricoles-de-rente#primaryimage\",\"url\":\"https:\/\/static.africa-press.net\/cote\/sites\/43\/2025\/01\/sm_1737194946.458755.jpg\",\"contentUrl\":\"https:\/\/static.africa-press.net\/cote\/sites\/43\/2025\/01\/sm_1737194946.458755.jpg\",\"width\":1040,\"height\":710,\"caption\":\"l'op\u00e9ration \u00ab Verrou 322 \u00bb lutte contre la fuite des produits agricoles de rente\"},{\"@type\":\"BreadcrumbList\",\"@id\":\"https:\/\/www.africa-press.net\/cotedivoire\/politique\/loperation-verrou-322-lutte-contre-la-fuite-des-produits-agricoles-de-rente#breadcrumb\",\"itemListElement\":[{\"@type\":\"ListItem\",\"position\":1,\"name\":\"Accueil\",\"item\":\"https:\/\/www.africa-press.net\/cotedivoire\/\"},{\"@type\":\"ListItem\",\"position\":2,\"name\":\"l&rsquo;op\u00e9ration \u00ab Verrou 322 \u00bb lutte contre la fuite des produits agricoles de rente\"}]},{\"@type\":\"WebSite\",\"@id\":\"https:\/\/www.africa-press.net\/cotedivoire\/#website\",\"url\":\"https:\/\/www.africa-press.net\/cotedivoire\/\",\"name\":\"C\u00f4te d&#039;Ivoire\",\"description\":\"Just another Africa News Agency Sites site\",\"potentialAction\":[{\"@type\":\"SearchAction\",\"target\":{\"@type\":\"EntryPoint\",\"urlTemplate\":\"https:\/\/www.africa-press.net\/cotedivoire\/?s={search_term_string}\"},\"query-input\":{\"@type\":\"PropertyValueSpecification\",\"valueRequired\":true,\"valueName\":\"search_term_string\"}}],\"inLanguage\":\"fr-FR\"},{\"@type\":\"Person\",\"@id\":\"https:\/\/www.africa-press.net\/cotedivoire\/#\/schema\/person\/2b1cf3cd81a31e3cd26889ca66d677f1\",\"name\":\"cfeditorfr\"}]}<\/script>\n<!-- \/ Yoast SEO Premium plugin. -->","yoast_head_json":{"title":"l'op\u00e9ration \u00ab Verrou 322 \u00bb lutte contre la fuite des produits agricoles de rente - C\u00f4te d&#039;Ivoire","robots":{"index":"index","follow":"follow","max-snippet":"max-snippet:-1","max-image-preview":"max-image-preview:large","max-video-preview":"max-video-preview:-1"},"canonical":"https:\/\/www.africa-press.net\/cotedivoire\/politique\/loperation-verrou-322-lutte-contre-la-fuite-des-produits-agricoles-de-rente","og_locale":"fr_FR","og_type":"article","og_title":"l'op\u00e9ration \u00ab Verrou 322 \u00bb lutte contre la fuite des produits agricoles de rente","og_description":"Africa-Press &#8211; C\u00f4te d&rsquo;Ivoire. Depuis le 02 octobre 2024, les Forces de De\u0301fense et de Se\u0301curite\u0301 de Co\u0302te d&rsquo;Ivoire et les corps paramilitaires conduisent l&rsquo;ope\u0301ration \u00ab Verrou 322&Prime; pour lutter contre la fuite des produits agricoles de rente. Dans ce cadre, des enque\u0302tes sont mene\u0301es dans les zones de persistance du phe\u0301nome\u0300ne. Pour ce qui [&hellip;]","og_url":"https:\/\/www.africa-press.net\/cotedivoire\/politique\/loperation-verrou-322-lutte-contre-la-fuite-des-produits-agricoles-de-rente","og_site_name":"C\u00f4te d&#039;Ivoire","article_published_time":"2025-01-18T13:37:51+00:00","author":"cfeditorfr","twitter_card":"summary_large_image","twitter_misc":{"\u00c9crit par":"cfeditorfr","Dur\u00e9e de lecture estim\u00e9e":"1 minute"},"schema":{"@context":"https:\/\/schema.org","@graph":[{"@type":"Article","@id":"https:\/\/www.africa-press.net\/cotedivoire\/politique\/loperation-verrou-322-lutte-contre-la-fuite-des-produits-agricoles-de-rente#article","isPartOf":{"@id":"https:\/\/www.africa-press.net\/cotedivoire\/politique\/loperation-verrou-322-lutte-contre-la-fuite-des-produits-agricoles-de-rente"},"author":{"name":"cfeditorfr","@id":"https:\/\/www.africa-press.net\/cotedivoire\/#\/schema\/person\/2b1cf3cd81a31e3cd26889ca66d677f1"},"headline":"l&rsquo;op\u00e9ration \u00ab Verrou 322 \u00bb lutte contre la fuite des produits agricoles de rente","datePublished":"2025-01-18T13:37:51+00:00","mainEntityOfPage":{"@id":"https:\/\/www.africa-press.net\/cotedivoire\/politique\/loperation-verrou-322-lutte-contre-la-fuite-des-produits-agricoles-de-rente"},"wordCount":252,"commentCount":0,"image":{"@id":"https:\/\/www.africa-press.net\/cotedivoire\/politique\/loperation-verrou-322-lutte-contre-la-fuite-des-produits-agricoles-de-rente#primaryimage"},"thumbnailUrl":"https:\/\/static.africa-press.net\/cote\/sites\/43\/2025\/01\/sm_1737194946.458755.jpg","keywords":["C\u00f4te d'Ivoire"],"articleSection":["\u00c9conomie","Toutes les actualit\u00e9s"],"inLanguage":"fr-FR","potentialAction":[{"@type":"CommentAction","name":"Comment","target":["https:\/\/www.africa-press.net\/cotedivoire\/politique\/loperation-verrou-322-lutte-contre-la-fuite-des-produits-agricoles-de-rente#respond"]}]},{"@type":"WebPage","@id":"https:\/\/www.africa-press.net\/cotedivoire\/politique\/loperation-verrou-322-lutte-contre-la-fuite-des-produits-agricoles-de-rente","url":"https:\/\/www.africa-press.net\/cotedivoire\/politique\/loperation-verrou-322-lutte-contre-la-fuite-des-produits-agricoles-de-rente","name":"l'op\u00e9ration \u00ab Verrou 322 \u00bb lutte contre la fuite des produits agricoles de rente - C\u00f4te d&#039;Ivoire","isPartOf":{"@id":"https:\/\/www.africa-press.net\/cotedivoire\/#website"},"primaryImageOfPage":{"@id":"https:\/\/www.africa-press.net\/cotedivoire\/politique\/loperation-verrou-322-lutte-contre-la-fuite-des-produits-agricoles-de-rente#primaryimage"},"image":{"@id":"https:\/\/www.africa-press.net\/cotedivoire\/politique\/loperation-verrou-322-lutte-contre-la-fuite-des-produits-agricoles-de-rente#primaryimage"},"thumbnailUrl":"https:\/\/static.africa-press.net\/cote\/sites\/43\/2025\/01\/sm_1737194946.458755.jpg","datePublished":"2025-01-18T13:37:51+00:00","author":{"@id":"https:\/\/www.africa-press.net\/cotedivoire\/#\/schema\/person\/2b1cf3cd81a31e3cd26889ca66d677f1"},"breadcrumb":{"@id":"https:\/\/www.africa-press.net\/cotedivoire\/politique\/loperation-verrou-322-lutte-contre-la-fuite-des-produits-agricoles-de-rente#breadcrumb"},"inLanguage":"fr-FR","potentialAction":[{"@type":"ReadAction","target":["https:\/\/www.africa-press.net\/cotedivoire\/politique\/loperation-verrou-322-lutte-contre-la-fuite-des-produits-agricoles-de-rente"]}]},{"@type":"ImageObject","inLanguage":"fr-FR","@id":"https:\/\/www.africa-press.net\/cotedivoire\/politique\/loperation-verrou-322-lutte-contre-la-fuite-des-produits-agricoles-de-rente#primaryimage","url":"https:\/\/static.africa-press.net\/cote\/sites\/43\/2025\/01\/sm_1737194946.458755.jpg","contentUrl":"https:\/\/static.africa-press.net\/cote\/sites\/43\/2025\/01\/sm_1737194946.458755.jpg","width":1040,"height":710,"caption":"l'op\u00e9ration \u00ab Verrou 322 \u00bb lutte contre la fuite des produits agricoles de rente"},{"@type":"BreadcrumbList","@id":"https:\/\/www.africa-press.net\/cotedivoire\/politique\/loperation-verrou-322-lutte-contre-la-fuite-des-produits-agricoles-de-rente#breadcrumb","itemListElement":[{"@type":"ListItem","position":1,"name":"Accueil","item":"https:\/\/www.africa-press.net\/cotedivoire\/"},{"@type":"ListItem","position":2,"name":"l&rsquo;op\u00e9ration \u00ab Verrou 322 \u00bb lutte contre la fuite des produits agricoles de rente"}]},{"@type":"WebSite","@id":"https:\/\/www.africa-press.net\/cotedivoire\/#website","url":"https:\/\/www.africa-press.net\/cotedivoire\/","name":"C\u00f4te d&#039;Ivoire","description":"Just another Africa News Agency Sites site","potentialAction":[{"@type":"SearchAction","target":{"@type":"EntryPoint","urlTemplate":"https:\/\/www.africa-press.net\/cotedivoire\/?s={search_term_string}"},"query-input":{"@type":"PropertyValueSpecification","valueRequired":true,"valueName":"search_term_string"}}],"inLanguage":"fr-FR"},{"@type":"Person","@id":"https:\/\/www.africa-press.net\/cotedivoire\/#\/schema\/person\/2b1cf3cd81a31e3cd26889ca66d677f1","name":"cfeditorfr"}]}},"_links":{"self":[{"href":"https:\/\/www.africa-press.net\/cotedivoire\/wp-json\/wp\/v2\/posts\/93861","targetHints":{"allow":["GET"]}}],"collection":[{"href":"https:\/\/www.africa-press.net\/cotedivoire\/wp-json\/wp\/v2\/posts"}],"about":[{"href":"https:\/\/www.africa-press.net\/cotedivoire\/wp-json\/wp\/v2\/types\/post"}],"author":[{"embeddable":true,"href":"https:\/\/www.africa-press.net\/cotedivoire\/wp-json\/wp\/v2\/users\/82"}],"replies":[{"embeddable":true,"href":"https:\/\/www.africa-press.net\/cotedivoire\/wp-json\/wp\/v2\/comments?post=93861"}],"version-history":[{"count":0,"href":"https:\/\/www.africa-press.net\/cotedivoire\/wp-json\/wp\/v2\/posts\/93861\/revisions"}],"wp:featuredmedia":[{"embeddable":true,"href":"https:\/\/www.africa-press.net\/cotedivoire\/wp-json\/wp\/v2\/media\/93860"}],"wp:attachment":[{"href":"https:\/\/www.africa-press.net\/cotedivoire\/wp-json\/wp\/v2\/media?parent=93861"}],"wp:term":[{"taxonomy":"category","embeddable":true,"href":"https:\/\/www.africa-press.net\/cotedivoire\/wp-json\/wp\/v2\/categories?post=93861"},{"taxonomy":"post_tag","embeddable":true,"href":"https:\/\/www.africa-press.net\/cotedivoire\/wp-json\/wp\/v2\/tags?post=93861"}],"curies":[{"name":"wp","href":"https:\/\/api.w.org\/{rel}","templated":true}]}}