{"id":93871,"date":"2025-01-18T13:36:05","date_gmt":"2025-01-18T13:36:05","guid":{"rendered":"https:\/\/www.africa-press.net\/cotedivoire\/politique\/il-ny-aura-plus-de-base-militaire-francaise-permanente-au-senegal-a-lete-2025-selon-une-source-militaire-francaise"},"modified":"2025-01-18T13:36:05","modified_gmt":"2025-01-18T13:36:05","slug":"il-ny-aura-plus-de-base-militaire-francaise-permanente-au-senegal-a-lete-2025-selon-une-source-militaire-francaise","status":"publish","type":"post","link":"https:\/\/www.africa-press.net\/cotedivoire\/politique\/il-ny-aura-plus-de-base-militaire-francaise-permanente-au-senegal-a-lete-2025-selon-une-source-militaire-francaise","title":{"rendered":"Il n\u2019y aura plus de base militaire fran\u00e7aise permanente au S\u00e9n\u00e9gal \u00e0 l\u2019\u00e9t\u00e9 2025, selon une source militaire fran\u00e7aise"},"content":{"rendered":"<p><span style=\"color: #ff6600\"><strong>Africa-Press &#8211; C\u00f4te d&rsquo;Ivoire. <\/strong><\/span>La France compte fermer a\u0300 l\u2019e\u0301te\u0301 2025 ses bases miliaires permanentes au Se\u0301ne\u0301gal et dans les autres pays d\u2019Afrique de l\u2019Ouest et du Centre, a rapporte\u0301 vendredi 17 janvier 2025, l\u2019Agence de presse se\u0301ne\u0301galaise (APS), citant une source militaire franc\u0327aise.<\/p>\n<p>\u2018\u2019Aujourd\u2019hui on est dans une phase de dialogue pour la mise en \u0153uvre du retrait des e\u0301le\u0301ments franc\u0327ais du Se\u0301ne\u0301gal. Ce que je peux dire c\u2019est qu\u2019il n\u2019y aura plus de base militaire franc\u0327aise permanente au Se\u0301ne\u0301gal a\u0300 l\u2019e\u0301te\u0301 2025. Notre volonte\u0301 c\u2019est qu\u2019il n\u2019y ait plus un drapeau franc\u0327ais sur une emprise militaire au Se\u0301ne\u0301gal a\u0300 cette date. Nous allons, en fonction des attentes des autorite\u0301s, continuer a\u0300 coope\u0301rer comme le font les autres pays\u2019\u2019, a de\u0301clare\u0301 cette source en insistant sur le fait qu\u2019il n\u2019e\u0301tait plus besoin pour la France de disposer d\u2019une base militaire permanente sur le sol se\u0301ne\u0301galais.<\/p>\n<p>Elle a martele\u0301 que la pre\u0301sence militaire franc\u0327aise e\u0301tait vue aujourd\u2019hui comme une atteinte a\u0300 la souverainete\u0301. \u2018\u2019C\u2019est tout a\u0300 fait compre\u0301hensible et on le comprend tous d\u2019ailleurs\u2019\u2019\u2019, a-t-elle commente\u0301, en assurant que la pre\u0301sence de ces bases e\u0301tait devenue un proble\u0300me pour les militaires franc\u0327ais.<\/p>\n<p>\u2018\u2019On sait que cela va cre\u0301er des proble\u0300mes, biaiser la compre\u0301hension et miner notre cre\u0301dibilite\u0301 et notre le\u0301gitimite\u0301 tout en nourrissant un sentiment contre la France\u2019\u2019, a fait valoir la source militaire franc\u0327aise.<\/p>\n<p>Le 31 de\u0301cembre 2024, le pre\u0301sident Bassirou Diomaye Faye a de\u0301clare\u0301 que le Se\u0301ne\u0301gal allait travailler a\u0300 l\u2019ave\u0300nement d\u2019une nouvelle doctrine de coope\u0301ration impliquant la fin de\u0300s 2025, de toutes les pre\u0301sences militaires e\u0301trange\u0300res dans le pays.<\/p>\n<p>Cette annonce s\u2019inscrit dans le sillage d\u2019une pre\u0301ce\u0301dente sortie dans la presse franc\u0327aise lors de laquelle il avait, de fait, de\u0301cre\u0301te\u0301 la fermeture de la base militaire permanente de la France au Se\u0301ne\u0301gal.<\/p>\n<p>La source militaire franc\u0327aise a signale\u0301 que la France avait de\u0301ja\u0300 depuis l\u2019e\u0301te\u0301 2023 entrepris de re\u0301articuler son dispositif militaire qui devait passer par la fermeture de ses bases militaires permanentes en Afrique de l\u2019ouest et du centre.<\/p>\n<p>Apre\u0300s avoir quitte\u0301 le Mali au terme d\u2019une dizaine d\u2019anne\u0301es d\u2019ope\u0301rations de lutte contre le terrorisme, la France a e\u0301te\u0301 contrainte de se retirer du Burkina Faso, du Niger et dernie\u0300rement du Tchad.<\/p>\n<p>A l\u2019aube du nouvel an, le pre\u0301sident de la Co\u0302te d\u2019Ivoire, Alassane Ouattara, a, a\u0300 son tour, annonce\u0301 que la base militaire franc\u0327aise dans son pays allait passer sous commandement ivoirien.<\/p>\n<p><strong>Pour plus d&rsquo;informations et d&rsquo;analyses sur la <span style=\"color: #ff6600\">C\u00f4te d&rsquo;Ivoire<\/span>, suivez <span style=\"color: #ff6600\">Africa-Press<span style=\"color: #ff6600\"><\/span><\/strong><\/p>\n","protected":false},"excerpt":{"rendered":"<p>Africa-Press &#8211; C\u00f4te d&rsquo;Ivoire. La France compte fermer a\u0300 l\u2019e\u0301te\u0301 2025 ses bases miliaires permanentes au Se\u0301ne\u0301gal et dans les autres pays d\u2019Afrique de l\u2019Ouest et du Centre, a rapporte\u0301 vendredi 17 janvier 2025, l\u2019Agence de presse se\u0301ne\u0301galaise (APS), citant une source militaire franc\u0327aise. \u2018\u2019Aujourd\u2019hui on est dans une phase de dialogue pour la mise [&hellip;]<\/p>\n","protected":false},"author":82,"featured_media":93870,"comment_status":"open","ping_status":"closed","sticky":false,"template":"","format":"standard","meta":{"footnotes":""},"categories":[2,10],"tags":[37],"class_list":["post-93871","post","type-post","status-publish","format-standard","has-post-thumbnail","hentry","category-politique","category-toutes-les-actualites","tag-cote-divoire-2"],"yoast_head":"<!-- This site is optimized with the Yoast SEO Premium plugin v26.1 (Yoast SEO v27.0) - https:\/\/yoast.com\/product\/yoast-seo-premium-wordpress\/ -->\n<title>Il n\u2019y aura plus de base militaire fran\u00e7aise permanente au S\u00e9n\u00e9gal \u00e0 l\u2019\u00e9t\u00e9 2025, selon une source militaire fran\u00e7aise - C\u00f4te d&#039;Ivoire<\/title>\n<meta name=\"robots\" content=\"index, follow, max-snippet:-1, max-image-preview:large, max-video-preview:-1\" \/>\n<link rel=\"canonical\" href=\"https:\/\/www.africa-press.net\/cotedivoire\/politique\/il-ny-aura-plus-de-base-militaire-francaise-permanente-au-senegal-a-lete-2025-selon-une-source-militaire-francaise\" \/>\n<meta property=\"og:locale\" content=\"fr_FR\" \/>\n<meta property=\"og:type\" content=\"article\" \/>\n<meta property=\"og:title\" content=\"Il n\u2019y aura plus de base militaire fran\u00e7aise permanente au S\u00e9n\u00e9gal \u00e0 l\u2019\u00e9t\u00e9 2025, selon une source militaire fran\u00e7aise\" \/>\n<meta property=\"og:description\" content=\"Africa-Press &#8211; C\u00f4te d&rsquo;Ivoire. La France compte fermer a\u0300 l\u2019e\u0301te\u0301 2025 ses bases miliaires permanentes au Se\u0301ne\u0301gal et dans les autres pays d\u2019Afrique de l\u2019Ouest et du Centre, a rapporte\u0301 vendredi 17 janvier 2025, l\u2019Agence de presse se\u0301ne\u0301galaise (APS), citant une source militaire franc\u0327aise. \u2018\u2019Aujourd\u2019hui on est dans une phase de dialogue pour la mise [&hellip;]\" \/>\n<meta property=\"og:url\" content=\"https:\/\/www.africa-press.net\/cotedivoire\/politique\/il-ny-aura-plus-de-base-militaire-francaise-permanente-au-senegal-a-lete-2025-selon-une-source-militaire-francaise\" \/>\n<meta property=\"og:site_name\" content=\"C\u00f4te d&#039;Ivoire\" \/>\n<meta property=\"article:published_time\" content=\"2025-01-18T13:36:05+00:00\" \/>\n<meta name=\"author\" content=\"cfeditorfr\" \/>\n<meta name=\"twitter:card\" content=\"summary_large_image\" \/>\n<meta name=\"twitter:label1\" content=\"\u00c9crit par\" \/>\n\t<meta name=\"twitter:data1\" content=\"cfeditorfr\" \/>\n\t<meta name=\"twitter:label2\" content=\"Dur\u00e9e de lecture estim\u00e9e\" \/>\n\t<meta name=\"twitter:data2\" content=\"2 minutes\" \/>\n<script type=\"application\/ld+json\" class=\"yoast-schema-graph\">{\"@context\":\"https:\/\/schema.org\",\"@graph\":[{\"@type\":\"Article\",\"@id\":\"https:\/\/www.africa-press.net\/cotedivoire\/politique\/il-ny-aura-plus-de-base-militaire-francaise-permanente-au-senegal-a-lete-2025-selon-une-source-militaire-francaise#article\",\"isPartOf\":{\"@id\":\"https:\/\/www.africa-press.net\/cotedivoire\/politique\/il-ny-aura-plus-de-base-militaire-francaise-permanente-au-senegal-a-lete-2025-selon-une-source-militaire-francaise\"},\"author\":{\"name\":\"cfeditorfr\",\"@id\":\"https:\/\/www.africa-press.net\/cotedivoire\/#\/schema\/person\/2b1cf3cd81a31e3cd26889ca66d677f1\"},\"headline\":\"Il n\u2019y aura plus de base militaire fran\u00e7aise permanente au S\u00e9n\u00e9gal \u00e0 l\u2019\u00e9t\u00e9 2025, selon une source militaire fran\u00e7aise\",\"datePublished\":\"2025-01-18T13:36:05+00:00\",\"mainEntityOfPage\":{\"@id\":\"https:\/\/www.africa-press.net\/cotedivoire\/politique\/il-ny-aura-plus-de-base-militaire-francaise-permanente-au-senegal-a-lete-2025-selon-une-source-militaire-francaise\"},\"wordCount\":526,\"commentCount\":0,\"image\":{\"@id\":\"https:\/\/www.africa-press.net\/cotedivoire\/politique\/il-ny-aura-plus-de-base-militaire-francaise-permanente-au-senegal-a-lete-2025-selon-une-source-militaire-francaise#primaryimage\"},\"thumbnailUrl\":\"https:\/\/static.africa-press.net\/cote\/sites\/43\/2025\/01\/sm_1737196611.864578.jpg\",\"keywords\":[\"C\u00f4te d'Ivoire\"],\"articleSection\":[\"Politique\",\"Toutes les actualit\u00e9s\"],\"inLanguage\":\"fr-FR\",\"potentialAction\":[{\"@type\":\"CommentAction\",\"name\":\"Comment\",\"target\":[\"https:\/\/www.africa-press.net\/cotedivoire\/politique\/il-ny-aura-plus-de-base-militaire-francaise-permanente-au-senegal-a-lete-2025-selon-une-source-militaire-francaise#respond\"]}]},{\"@type\":\"WebPage\",\"@id\":\"https:\/\/www.africa-press.net\/cotedivoire\/politique\/il-ny-aura-plus-de-base-militaire-francaise-permanente-au-senegal-a-lete-2025-selon-une-source-militaire-francaise\",\"url\":\"https:\/\/www.africa-press.net\/cotedivoire\/politique\/il-ny-aura-plus-de-base-militaire-francaise-permanente-au-senegal-a-lete-2025-selon-une-source-militaire-francaise\",\"name\":\"Il n\u2019y aura plus de base militaire fran\u00e7aise permanente au S\u00e9n\u00e9gal \u00e0 l\u2019\u00e9t\u00e9 2025, selon une source militaire fran\u00e7aise - C\u00f4te d&#039;Ivoire\",\"isPartOf\":{\"@id\":\"https:\/\/www.africa-press.net\/cotedivoire\/#website\"},\"primaryImageOfPage\":{\"@id\":\"https:\/\/www.africa-press.net\/cotedivoire\/politique\/il-ny-aura-plus-de-base-militaire-francaise-permanente-au-senegal-a-lete-2025-selon-une-source-militaire-francaise#primaryimage\"},\"image\":{\"@id\":\"https:\/\/www.africa-press.net\/cotedivoire\/politique\/il-ny-aura-plus-de-base-militaire-francaise-permanente-au-senegal-a-lete-2025-selon-une-source-militaire-francaise#primaryimage\"},\"thumbnailUrl\":\"https:\/\/static.africa-press.net\/cote\/sites\/43\/2025\/01\/sm_1737196611.864578.jpg\",\"datePublished\":\"2025-01-18T13:36:05+00:00\",\"author\":{\"@id\":\"https:\/\/www.africa-press.net\/cotedivoire\/#\/schema\/person\/2b1cf3cd81a31e3cd26889ca66d677f1\"},\"breadcrumb\":{\"@id\":\"https:\/\/www.africa-press.net\/cotedivoire\/politique\/il-ny-aura-plus-de-base-militaire-francaise-permanente-au-senegal-a-lete-2025-selon-une-source-militaire-francaise#breadcrumb\"},\"inLanguage\":\"fr-FR\",\"potentialAction\":[{\"@type\":\"ReadAction\",\"target\":[\"https:\/\/www.africa-press.net\/cotedivoire\/politique\/il-ny-aura-plus-de-base-militaire-francaise-permanente-au-senegal-a-lete-2025-selon-une-source-militaire-francaise\"]}]},{\"@type\":\"ImageObject\",\"inLanguage\":\"fr-FR\",\"@id\":\"https:\/\/www.africa-press.net\/cotedivoire\/politique\/il-ny-aura-plus-de-base-militaire-francaise-permanente-au-senegal-a-lete-2025-selon-une-source-militaire-francaise#primaryimage\",\"url\":\"https:\/\/static.africa-press.net\/cote\/sites\/43\/2025\/01\/sm_1737196611.864578.jpg\",\"contentUrl\":\"https:\/\/static.africa-press.net\/cote\/sites\/43\/2025\/01\/sm_1737196611.864578.jpg\",\"width\":768,\"height\":444,\"caption\":\"Il n\u2019y aura plus de base militaire fran\u00e7aise permanente au S\u00e9n\u00e9gal \u00e0 l\u2019\u00e9t\u00e9 2025, selon une source militaire fran\u00e7aise\"},{\"@type\":\"BreadcrumbList\",\"@id\":\"https:\/\/www.africa-press.net\/cotedivoire\/politique\/il-ny-aura-plus-de-base-militaire-francaise-permanente-au-senegal-a-lete-2025-selon-une-source-militaire-francaise#breadcrumb\",\"itemListElement\":[{\"@type\":\"ListItem\",\"position\":1,\"name\":\"Accueil\",\"item\":\"https:\/\/www.africa-press.net\/cotedivoire\/\"},{\"@type\":\"ListItem\",\"position\":2,\"name\":\"Il n\u2019y aura plus de base militaire fran\u00e7aise permanente au S\u00e9n\u00e9gal \u00e0 l\u2019\u00e9t\u00e9 2025, selon une source militaire fran\u00e7aise\"}]},{\"@type\":\"WebSite\",\"@id\":\"https:\/\/www.africa-press.net\/cotedivoire\/#website\",\"url\":\"https:\/\/www.africa-press.net\/cotedivoire\/\",\"name\":\"C\u00f4te d&#039;Ivoire\",\"description\":\"Just another Africa News Agency Sites site\",\"potentialAction\":[{\"@type\":\"SearchAction\",\"target\":{\"@type\":\"EntryPoint\",\"urlTemplate\":\"https:\/\/www.africa-press.net\/cotedivoire\/?s={search_term_string}\"},\"query-input\":{\"@type\":\"PropertyValueSpecification\",\"valueRequired\":true,\"valueName\":\"search_term_string\"}}],\"inLanguage\":\"fr-FR\"},{\"@type\":\"Person\",\"@id\":\"https:\/\/www.africa-press.net\/cotedivoire\/#\/schema\/person\/2b1cf3cd81a31e3cd26889ca66d677f1\",\"name\":\"cfeditorfr\"}]}<\/script>\n<!-- \/ Yoast SEO Premium plugin. -->","yoast_head_json":{"title":"Il n\u2019y aura plus de base militaire fran\u00e7aise permanente au S\u00e9n\u00e9gal \u00e0 l\u2019\u00e9t\u00e9 2025, selon une source militaire fran\u00e7aise - C\u00f4te d&#039;Ivoire","robots":{"index":"index","follow":"follow","max-snippet":"max-snippet:-1","max-image-preview":"max-image-preview:large","max-video-preview":"max-video-preview:-1"},"canonical":"https:\/\/www.africa-press.net\/cotedivoire\/politique\/il-ny-aura-plus-de-base-militaire-francaise-permanente-au-senegal-a-lete-2025-selon-une-source-militaire-francaise","og_locale":"fr_FR","og_type":"article","og_title":"Il n\u2019y aura plus de base militaire fran\u00e7aise permanente au S\u00e9n\u00e9gal \u00e0 l\u2019\u00e9t\u00e9 2025, selon une source militaire fran\u00e7aise","og_description":"Africa-Press &#8211; C\u00f4te d&rsquo;Ivoire. La France compte fermer a\u0300 l\u2019e\u0301te\u0301 2025 ses bases miliaires permanentes au Se\u0301ne\u0301gal et dans les autres pays d\u2019Afrique de l\u2019Ouest et du Centre, a rapporte\u0301 vendredi 17 janvier 2025, l\u2019Agence de presse se\u0301ne\u0301galaise (APS), citant une source militaire franc\u0327aise. \u2018\u2019Aujourd\u2019hui on est dans une phase de dialogue pour la mise [&hellip;]","og_url":"https:\/\/www.africa-press.net\/cotedivoire\/politique\/il-ny-aura-plus-de-base-militaire-francaise-permanente-au-senegal-a-lete-2025-selon-une-source-militaire-francaise","og_site_name":"C\u00f4te d&#039;Ivoire","article_published_time":"2025-01-18T13:36:05+00:00","author":"cfeditorfr","twitter_card":"summary_large_image","twitter_misc":{"\u00c9crit par":"cfeditorfr","Dur\u00e9e de lecture estim\u00e9e":"2 minutes"},"schema":{"@context":"https:\/\/schema.org","@graph":[{"@type":"Article","@id":"https:\/\/www.africa-press.net\/cotedivoire\/politique\/il-ny-aura-plus-de-base-militaire-francaise-permanente-au-senegal-a-lete-2025-selon-une-source-militaire-francaise#article","isPartOf":{"@id":"https:\/\/www.africa-press.net\/cotedivoire\/politique\/il-ny-aura-plus-de-base-militaire-francaise-permanente-au-senegal-a-lete-2025-selon-une-source-militaire-francaise"},"author":{"name":"cfeditorfr","@id":"https:\/\/www.africa-press.net\/cotedivoire\/#\/schema\/person\/2b1cf3cd81a31e3cd26889ca66d677f1"},"headline":"Il n\u2019y aura plus de base militaire fran\u00e7aise permanente au S\u00e9n\u00e9gal \u00e0 l\u2019\u00e9t\u00e9 2025, selon une source militaire fran\u00e7aise","datePublished":"2025-01-18T13:36:05+00:00","mainEntityOfPage":{"@id":"https:\/\/www.africa-press.net\/cotedivoire\/politique\/il-ny-aura-plus-de-base-militaire-francaise-permanente-au-senegal-a-lete-2025-selon-une-source-militaire-francaise"},"wordCount":526,"commentCount":0,"image":{"@id":"https:\/\/www.africa-press.net\/cotedivoire\/politique\/il-ny-aura-plus-de-base-militaire-francaise-permanente-au-senegal-a-lete-2025-selon-une-source-militaire-francaise#primaryimage"},"thumbnailUrl":"https:\/\/static.africa-press.net\/cote\/sites\/43\/2025\/01\/sm_1737196611.864578.jpg","keywords":["C\u00f4te d'Ivoire"],"articleSection":["Politique","Toutes les actualit\u00e9s"],"inLanguage":"fr-FR","potentialAction":[{"@type":"CommentAction","name":"Comment","target":["https:\/\/www.africa-press.net\/cotedivoire\/politique\/il-ny-aura-plus-de-base-militaire-francaise-permanente-au-senegal-a-lete-2025-selon-une-source-militaire-francaise#respond"]}]},{"@type":"WebPage","@id":"https:\/\/www.africa-press.net\/cotedivoire\/politique\/il-ny-aura-plus-de-base-militaire-francaise-permanente-au-senegal-a-lete-2025-selon-une-source-militaire-francaise","url":"https:\/\/www.africa-press.net\/cotedivoire\/politique\/il-ny-aura-plus-de-base-militaire-francaise-permanente-au-senegal-a-lete-2025-selon-une-source-militaire-francaise","name":"Il n\u2019y aura plus de base militaire fran\u00e7aise permanente au S\u00e9n\u00e9gal \u00e0 l\u2019\u00e9t\u00e9 2025, selon une source militaire fran\u00e7aise - C\u00f4te d&#039;Ivoire","isPartOf":{"@id":"https:\/\/www.africa-press.net\/cotedivoire\/#website"},"primaryImageOfPage":{"@id":"https:\/\/www.africa-press.net\/cotedivoire\/politique\/il-ny-aura-plus-de-base-militaire-francaise-permanente-au-senegal-a-lete-2025-selon-une-source-militaire-francaise#primaryimage"},"image":{"@id":"https:\/\/www.africa-press.net\/cotedivoire\/politique\/il-ny-aura-plus-de-base-militaire-francaise-permanente-au-senegal-a-lete-2025-selon-une-source-militaire-francaise#primaryimage"},"thumbnailUrl":"https:\/\/static.africa-press.net\/cote\/sites\/43\/2025\/01\/sm_1737196611.864578.jpg","datePublished":"2025-01-18T13:36:05+00:00","author":{"@id":"https:\/\/www.africa-press.net\/cotedivoire\/#\/schema\/person\/2b1cf3cd81a31e3cd26889ca66d677f1"},"breadcrumb":{"@id":"https:\/\/www.africa-press.net\/cotedivoire\/politique\/il-ny-aura-plus-de-base-militaire-francaise-permanente-au-senegal-a-lete-2025-selon-une-source-militaire-francaise#breadcrumb"},"inLanguage":"fr-FR","potentialAction":[{"@type":"ReadAction","target":["https:\/\/www.africa-press.net\/cotedivoire\/politique\/il-ny-aura-plus-de-base-militaire-francaise-permanente-au-senegal-a-lete-2025-selon-une-source-militaire-francaise"]}]},{"@type":"ImageObject","inLanguage":"fr-FR","@id":"https:\/\/www.africa-press.net\/cotedivoire\/politique\/il-ny-aura-plus-de-base-militaire-francaise-permanente-au-senegal-a-lete-2025-selon-une-source-militaire-francaise#primaryimage","url":"https:\/\/static.africa-press.net\/cote\/sites\/43\/2025\/01\/sm_1737196611.864578.jpg","contentUrl":"https:\/\/static.africa-press.net\/cote\/sites\/43\/2025\/01\/sm_1737196611.864578.jpg","width":768,"height":444,"caption":"Il n\u2019y aura plus de base militaire fran\u00e7aise permanente au S\u00e9n\u00e9gal \u00e0 l\u2019\u00e9t\u00e9 2025, selon une source militaire fran\u00e7aise"},{"@type":"BreadcrumbList","@id":"https:\/\/www.africa-press.net\/cotedivoire\/politique\/il-ny-aura-plus-de-base-militaire-francaise-permanente-au-senegal-a-lete-2025-selon-une-source-militaire-francaise#breadcrumb","itemListElement":[{"@type":"ListItem","position":1,"name":"Accueil","item":"https:\/\/www.africa-press.net\/cotedivoire\/"},{"@type":"ListItem","position":2,"name":"Il n\u2019y aura plus de base militaire fran\u00e7aise permanente au S\u00e9n\u00e9gal \u00e0 l\u2019\u00e9t\u00e9 2025, selon une source militaire fran\u00e7aise"}]},{"@type":"WebSite","@id":"https:\/\/www.africa-press.net\/cotedivoire\/#website","url":"https:\/\/www.africa-press.net\/cotedivoire\/","name":"C\u00f4te d&#039;Ivoire","description":"Just another Africa News Agency Sites site","potentialAction":[{"@type":"SearchAction","target":{"@type":"EntryPoint","urlTemplate":"https:\/\/www.africa-press.net\/cotedivoire\/?s={search_term_string}"},"query-input":{"@type":"PropertyValueSpecification","valueRequired":true,"valueName":"search_term_string"}}],"inLanguage":"fr-FR"},{"@type":"Person","@id":"https:\/\/www.africa-press.net\/cotedivoire\/#\/schema\/person\/2b1cf3cd81a31e3cd26889ca66d677f1","name":"cfeditorfr"}]}},"_links":{"self":[{"href":"https:\/\/www.africa-press.net\/cotedivoire\/wp-json\/wp\/v2\/posts\/93871","targetHints":{"allow":["GET"]}}],"collection":[{"href":"https:\/\/www.africa-press.net\/cotedivoire\/wp-json\/wp\/v2\/posts"}],"about":[{"href":"https:\/\/www.africa-press.net\/cotedivoire\/wp-json\/wp\/v2\/types\/post"}],"author":[{"embeddable":true,"href":"https:\/\/www.africa-press.net\/cotedivoire\/wp-json\/wp\/v2\/users\/82"}],"replies":[{"embeddable":true,"href":"https:\/\/www.africa-press.net\/cotedivoire\/wp-json\/wp\/v2\/comments?post=93871"}],"version-history":[{"count":0,"href":"https:\/\/www.africa-press.net\/cotedivoire\/wp-json\/wp\/v2\/posts\/93871\/revisions"}],"wp:featuredmedia":[{"embeddable":true,"href":"https:\/\/www.africa-press.net\/cotedivoire\/wp-json\/wp\/v2\/media\/93870"}],"wp:attachment":[{"href":"https:\/\/www.africa-press.net\/cotedivoire\/wp-json\/wp\/v2\/media?parent=93871"}],"wp:term":[{"taxonomy":"category","embeddable":true,"href":"https:\/\/www.africa-press.net\/cotedivoire\/wp-json\/wp\/v2\/categories?post=93871"},{"taxonomy":"post_tag","embeddable":true,"href":"https:\/\/www.africa-press.net\/cotedivoire\/wp-json\/wp\/v2\/tags?post=93871"}],"curies":[{"name":"wp","href":"https:\/\/api.w.org\/{rel}","templated":true}]}}