{"id":93875,"date":"2025-01-18T13:36:04","date_gmt":"2025-01-18T13:36:04","guid":{"rendered":"https:\/\/www.africa-press.net\/cotedivoire\/politique\/deux-hotels-rouverts-a-abidjan-pour-soutenir-linitiative-sublime-cote-divoire"},"modified":"2025-01-18T13:36:04","modified_gmt":"2025-01-18T13:36:04","slug":"deux-hotels-rouverts-a-abidjan-pour-soutenir-linitiative-sublime-cote-divoire","status":"publish","type":"post","link":"https:\/\/www.africa-press.net\/cotedivoire\/toutes-les-actualites\/deux-hotels-rouverts-a-abidjan-pour-soutenir-linitiative-sublime-cote-divoire","title":{"rendered":"Deux h\u00f4tels rouverts \u00e0 Abidjan pour soutenir l\u2019initiative \u201cSublime C\u00f4te d\u2019Ivoire\u201d"},"content":{"rendered":"<p><span style=\"color: #ff6600\"><strong>Africa-Press &#8211; C\u00f4te d&rsquo;Ivoire. <\/strong><\/span>Le groupe Accor a proce\u0301de\u0301, mercredi 15 janvier 2025, a\u0300 la re\u0301ouverture officielle de deux de ses e\u0301tablissements ho\u0302teliers a\u0300 Abidjan, dans les communes de Marcory et du Plateau, dans le cadre du programme national \u201cSublime Co\u0302te d\u2019Ivoire\u201d, visant a\u0300 promouvoir le de\u0301veloppement touristique et la valorisation de l\u2019identite\u0301 culturelle unique du pays.<\/p>\n<p>Les ho\u0302tels, initialement ope\u0301re\u0301s sous la marque IBIS, ont e\u0301te\u0301 entie\u0300rement re\u0301nove\u0301s et transforme\u0301s en IBIS Styles, avec un concept repense\u0301 qui met l\u2019accent sur la gastronomie locale et afro-revisite\u0301e.<\/p>\n<p>La directrice ge\u0301ne\u0301rale de l\u2019ho\u0302tel de Marcory, Yaka Potin, a exprime\u0301 sa fierte\u0301 de contribuer a\u0300 la promotion de la culture ivoirienne, soulignant le ro\u0302le central d\u2019Abidjan dans le rayonnement touristique et e\u0301conomique de l\u2019Afrique de l\u2019Ouest.<\/p>\n<p>\u00ab Notre ho\u0302tel est un lieu ou\u0300 les voyageurs peuvent se reposer, mais aussi s\u2019inspirer, cre\u0301er des connexions et de\u0301couvrir la culture dynamique d\u2019Abidjan. Avec notre restaurant et notre piscine exte\u0301rieure propice aux afterworks, nos clients repartent avec une ve\u0301ritable empreinte de l\u2019a\u0302me et de l\u2019e\u0301nergie unique de Marcory \u00bb, a-t-elle de\u0301clare\u0301.<\/p>\n<p>Le nouveau concept des ho\u0302tels, axe\u0301 sur le the\u0300me, \u201cAfrican Urban Culture\u201d, met e\u0301galement en lumie\u0300re les talents des jeunes artistes abidjanais dans les domaines de la peinture, de la danse et de la musique, offrant ainsi une vitrine pour la cre\u0301ativite\u0301 locale.<\/p>\n<p>Le ministe\u0300re du Tourisme et des Loisirs a indique\u0301 qu\u2019en 2025, l\u2019initiative \u201cSublime Co\u0302te d\u2019Ivoire\u201d vise a\u0300 propulser la Co\u0302te d\u2019Ivoire parmi les cinq premie\u0300res destinations touristiques d\u2019Afrique, avec un objectif de recevoir entre 4,2 et 5 millions de visiteurs.<\/p>\n<p><strong>Pour plus d&rsquo;informations et d&rsquo;analyses sur la <span style=\"color: #ff6600\">C\u00f4te d&rsquo;Ivoire<\/span>, suivez <span style=\"color: #ff6600\">Africa-Press<span style=\"color: #ff6600\"><\/span><\/strong><\/p>\n","protected":false},"excerpt":{"rendered":"<p>Africa-Press &#8211; C\u00f4te d&rsquo;Ivoire. Le groupe Accor a proce\u0301de\u0301, mercredi 15 janvier 2025, a\u0300 la re\u0301ouverture officielle de deux de ses e\u0301tablissements ho\u0302teliers a\u0300 Abidjan, dans les communes de Marcory et du Plateau, dans le cadre du programme national \u201cSublime Co\u0302te d\u2019Ivoire\u201d, visant a\u0300 promouvoir le de\u0301veloppement touristique et la valorisation de l\u2019identite\u0301 culturelle unique [&hellip;]<\/p>\n","protected":false},"author":82,"featured_media":93874,"comment_status":"open","ping_status":"closed","sticky":false,"template":"","format":"standard","meta":{"footnotes":""},"categories":[21,10],"tags":[37],"class_list":["post-93875","post","type-post","status-publish","format-standard","has-post-thumbnail","hentry","category-communaute","category-toutes-les-actualites","tag-cote-divoire-2"],"yoast_head":"<!-- This site is optimized with the Yoast SEO Premium plugin v26.1 (Yoast SEO v27.0) - https:\/\/yoast.com\/product\/yoast-seo-premium-wordpress\/ -->\n<title>Deux h\u00f4tels rouverts \u00e0 Abidjan pour soutenir l\u2019initiative \u201cSublime C\u00f4te d\u2019Ivoire\u201d - C\u00f4te d&#039;Ivoire<\/title>\n<meta name=\"robots\" content=\"index, follow, max-snippet:-1, max-image-preview:large, max-video-preview:-1\" \/>\n<link rel=\"canonical\" href=\"https:\/\/www.africa-press.net\/cotedivoire\/politique\/deux-hotels-rouverts-a-abidjan-pour-soutenir-linitiative-sublime-cote-divoire\" \/>\n<meta property=\"og:locale\" content=\"fr_FR\" \/>\n<meta property=\"og:type\" content=\"article\" \/>\n<meta property=\"og:title\" content=\"Deux h\u00f4tels rouverts \u00e0 Abidjan pour soutenir l\u2019initiative \u201cSublime C\u00f4te d\u2019Ivoire\u201d\" \/>\n<meta property=\"og:description\" content=\"Africa-Press &#8211; C\u00f4te d&rsquo;Ivoire. Le groupe Accor a proce\u0301de\u0301, mercredi 15 janvier 2025, a\u0300 la re\u0301ouverture officielle de deux de ses e\u0301tablissements ho\u0302teliers a\u0300 Abidjan, dans les communes de Marcory et du Plateau, dans le cadre du programme national \u201cSublime Co\u0302te d\u2019Ivoire\u201d, visant a\u0300 promouvoir le de\u0301veloppement touristique et la valorisation de l\u2019identite\u0301 culturelle unique [&hellip;]\" \/>\n<meta property=\"og:url\" content=\"https:\/\/www.africa-press.net\/cotedivoire\/politique\/deux-hotels-rouverts-a-abidjan-pour-soutenir-linitiative-sublime-cote-divoire\" \/>\n<meta property=\"og:site_name\" content=\"C\u00f4te d&#039;Ivoire\" \/>\n<meta property=\"article:published_time\" content=\"2025-01-18T13:36:04+00:00\" \/>\n<meta name=\"author\" content=\"cfeditorfr\" \/>\n<meta name=\"twitter:card\" content=\"summary_large_image\" \/>\n<meta name=\"twitter:label1\" content=\"\u00c9crit par\" \/>\n\t<meta name=\"twitter:data1\" content=\"cfeditorfr\" \/>\n\t<meta name=\"twitter:label2\" content=\"Dur\u00e9e de lecture estim\u00e9e\" \/>\n\t<meta name=\"twitter:data2\" content=\"2 minutes\" \/>\n<script type=\"application\/ld+json\" class=\"yoast-schema-graph\">{\"@context\":\"https:\/\/schema.org\",\"@graph\":[{\"@type\":\"Article\",\"@id\":\"https:\/\/www.africa-press.net\/cotedivoire\/politique\/deux-hotels-rouverts-a-abidjan-pour-soutenir-linitiative-sublime-cote-divoire#article\",\"isPartOf\":{\"@id\":\"https:\/\/www.africa-press.net\/cotedivoire\/politique\/deux-hotels-rouverts-a-abidjan-pour-soutenir-linitiative-sublime-cote-divoire\"},\"author\":{\"name\":\"cfeditorfr\",\"@id\":\"https:\/\/www.africa-press.net\/cotedivoire\/#\/schema\/person\/2b1cf3cd81a31e3cd26889ca66d677f1\"},\"headline\":\"Deux h\u00f4tels rouverts \u00e0 Abidjan pour soutenir l\u2019initiative \u201cSublime C\u00f4te d\u2019Ivoire\u201d\",\"datePublished\":\"2025-01-18T13:36:04+00:00\",\"mainEntityOfPage\":{\"@id\":\"https:\/\/www.africa-press.net\/cotedivoire\/politique\/deux-hotels-rouverts-a-abidjan-pour-soutenir-linitiative-sublime-cote-divoire\"},\"wordCount\":336,\"commentCount\":0,\"image\":{\"@id\":\"https:\/\/www.africa-press.net\/cotedivoire\/politique\/deux-hotels-rouverts-a-abidjan-pour-soutenir-linitiative-sublime-cote-divoire#primaryimage\"},\"thumbnailUrl\":\"https:\/\/static.africa-press.net\/cote\/sites\/43\/2025\/01\/sm_1737196632.525498.jpg\",\"keywords\":[\"C\u00f4te d'Ivoire\"],\"articleSection\":[\"Communaut\u00e9\",\"Toutes les actualit\u00e9s\"],\"inLanguage\":\"fr-FR\",\"potentialAction\":[{\"@type\":\"CommentAction\",\"name\":\"Comment\",\"target\":[\"https:\/\/www.africa-press.net\/cotedivoire\/politique\/deux-hotels-rouverts-a-abidjan-pour-soutenir-linitiative-sublime-cote-divoire#respond\"]}]},{\"@type\":\"WebPage\",\"@id\":\"https:\/\/www.africa-press.net\/cotedivoire\/politique\/deux-hotels-rouverts-a-abidjan-pour-soutenir-linitiative-sublime-cote-divoire\",\"url\":\"https:\/\/www.africa-press.net\/cotedivoire\/politique\/deux-hotels-rouverts-a-abidjan-pour-soutenir-linitiative-sublime-cote-divoire\",\"name\":\"Deux h\u00f4tels rouverts \u00e0 Abidjan pour soutenir l\u2019initiative \u201cSublime C\u00f4te d\u2019Ivoire\u201d - C\u00f4te d&#039;Ivoire\",\"isPartOf\":{\"@id\":\"https:\/\/www.africa-press.net\/cotedivoire\/#website\"},\"primaryImageOfPage\":{\"@id\":\"https:\/\/www.africa-press.net\/cotedivoire\/politique\/deux-hotels-rouverts-a-abidjan-pour-soutenir-linitiative-sublime-cote-divoire#primaryimage\"},\"image\":{\"@id\":\"https:\/\/www.africa-press.net\/cotedivoire\/politique\/deux-hotels-rouverts-a-abidjan-pour-soutenir-linitiative-sublime-cote-divoire#primaryimage\"},\"thumbnailUrl\":\"https:\/\/static.africa-press.net\/cote\/sites\/43\/2025\/01\/sm_1737196632.525498.jpg\",\"datePublished\":\"2025-01-18T13:36:04+00:00\",\"author\":{\"@id\":\"https:\/\/www.africa-press.net\/cotedivoire\/#\/schema\/person\/2b1cf3cd81a31e3cd26889ca66d677f1\"},\"breadcrumb\":{\"@id\":\"https:\/\/www.africa-press.net\/cotedivoire\/politique\/deux-hotels-rouverts-a-abidjan-pour-soutenir-linitiative-sublime-cote-divoire#breadcrumb\"},\"inLanguage\":\"fr-FR\",\"potentialAction\":[{\"@type\":\"ReadAction\",\"target\":[\"https:\/\/www.africa-press.net\/cotedivoire\/politique\/deux-hotels-rouverts-a-abidjan-pour-soutenir-linitiative-sublime-cote-divoire\"]}]},{\"@type\":\"ImageObject\",\"inLanguage\":\"fr-FR\",\"@id\":\"https:\/\/www.africa-press.net\/cotedivoire\/politique\/deux-hotels-rouverts-a-abidjan-pour-soutenir-linitiative-sublime-cote-divoire#primaryimage\",\"url\":\"https:\/\/static.africa-press.net\/cote\/sites\/43\/2025\/01\/sm_1737196632.525498.jpg\",\"contentUrl\":\"https:\/\/static.africa-press.net\/cote\/sites\/43\/2025\/01\/sm_1737196632.525498.jpg\",\"width\":768,\"height\":462,\"caption\":\"Deux h\u00f4tels rouverts \u00e0 Abidjan pour soutenir l\u2019initiative \u201cSublime C\u00f4te d\u2019Ivoire\u201d\"},{\"@type\":\"BreadcrumbList\",\"@id\":\"https:\/\/www.africa-press.net\/cotedivoire\/politique\/deux-hotels-rouverts-a-abidjan-pour-soutenir-linitiative-sublime-cote-divoire#breadcrumb\",\"itemListElement\":[{\"@type\":\"ListItem\",\"position\":1,\"name\":\"Accueil\",\"item\":\"https:\/\/www.africa-press.net\/cotedivoire\/\"},{\"@type\":\"ListItem\",\"position\":2,\"name\":\"Deux h\u00f4tels rouverts \u00e0 Abidjan pour soutenir l\u2019initiative \u201cSublime C\u00f4te d\u2019Ivoire\u201d\"}]},{\"@type\":\"WebSite\",\"@id\":\"https:\/\/www.africa-press.net\/cotedivoire\/#website\",\"url\":\"https:\/\/www.africa-press.net\/cotedivoire\/\",\"name\":\"C\u00f4te d&#039;Ivoire\",\"description\":\"Just another Africa News Agency Sites site\",\"potentialAction\":[{\"@type\":\"SearchAction\",\"target\":{\"@type\":\"EntryPoint\",\"urlTemplate\":\"https:\/\/www.africa-press.net\/cotedivoire\/?s={search_term_string}\"},\"query-input\":{\"@type\":\"PropertyValueSpecification\",\"valueRequired\":true,\"valueName\":\"search_term_string\"}}],\"inLanguage\":\"fr-FR\"},{\"@type\":\"Person\",\"@id\":\"https:\/\/www.africa-press.net\/cotedivoire\/#\/schema\/person\/2b1cf3cd81a31e3cd26889ca66d677f1\",\"name\":\"cfeditorfr\"}]}<\/script>\n<!-- \/ Yoast SEO Premium plugin. -->","yoast_head_json":{"title":"Deux h\u00f4tels rouverts \u00e0 Abidjan pour soutenir l\u2019initiative \u201cSublime C\u00f4te d\u2019Ivoire\u201d - C\u00f4te d&#039;Ivoire","robots":{"index":"index","follow":"follow","max-snippet":"max-snippet:-1","max-image-preview":"max-image-preview:large","max-video-preview":"max-video-preview:-1"},"canonical":"https:\/\/www.africa-press.net\/cotedivoire\/politique\/deux-hotels-rouverts-a-abidjan-pour-soutenir-linitiative-sublime-cote-divoire","og_locale":"fr_FR","og_type":"article","og_title":"Deux h\u00f4tels rouverts \u00e0 Abidjan pour soutenir l\u2019initiative \u201cSublime C\u00f4te d\u2019Ivoire\u201d","og_description":"Africa-Press &#8211; C\u00f4te d&rsquo;Ivoire. Le groupe Accor a proce\u0301de\u0301, mercredi 15 janvier 2025, a\u0300 la re\u0301ouverture officielle de deux de ses e\u0301tablissements ho\u0302teliers a\u0300 Abidjan, dans les communes de Marcory et du Plateau, dans le cadre du programme national \u201cSublime Co\u0302te d\u2019Ivoire\u201d, visant a\u0300 promouvoir le de\u0301veloppement touristique et la valorisation de l\u2019identite\u0301 culturelle unique [&hellip;]","og_url":"https:\/\/www.africa-press.net\/cotedivoire\/politique\/deux-hotels-rouverts-a-abidjan-pour-soutenir-linitiative-sublime-cote-divoire","og_site_name":"C\u00f4te d&#039;Ivoire","article_published_time":"2025-01-18T13:36:04+00:00","author":"cfeditorfr","twitter_card":"summary_large_image","twitter_misc":{"\u00c9crit par":"cfeditorfr","Dur\u00e9e de lecture estim\u00e9e":"2 minutes"},"schema":{"@context":"https:\/\/schema.org","@graph":[{"@type":"Article","@id":"https:\/\/www.africa-press.net\/cotedivoire\/politique\/deux-hotels-rouverts-a-abidjan-pour-soutenir-linitiative-sublime-cote-divoire#article","isPartOf":{"@id":"https:\/\/www.africa-press.net\/cotedivoire\/politique\/deux-hotels-rouverts-a-abidjan-pour-soutenir-linitiative-sublime-cote-divoire"},"author":{"name":"cfeditorfr","@id":"https:\/\/www.africa-press.net\/cotedivoire\/#\/schema\/person\/2b1cf3cd81a31e3cd26889ca66d677f1"},"headline":"Deux h\u00f4tels rouverts \u00e0 Abidjan pour soutenir l\u2019initiative \u201cSublime C\u00f4te d\u2019Ivoire\u201d","datePublished":"2025-01-18T13:36:04+00:00","mainEntityOfPage":{"@id":"https:\/\/www.africa-press.net\/cotedivoire\/politique\/deux-hotels-rouverts-a-abidjan-pour-soutenir-linitiative-sublime-cote-divoire"},"wordCount":336,"commentCount":0,"image":{"@id":"https:\/\/www.africa-press.net\/cotedivoire\/politique\/deux-hotels-rouverts-a-abidjan-pour-soutenir-linitiative-sublime-cote-divoire#primaryimage"},"thumbnailUrl":"https:\/\/static.africa-press.net\/cote\/sites\/43\/2025\/01\/sm_1737196632.525498.jpg","keywords":["C\u00f4te d'Ivoire"],"articleSection":["Communaut\u00e9","Toutes les actualit\u00e9s"],"inLanguage":"fr-FR","potentialAction":[{"@type":"CommentAction","name":"Comment","target":["https:\/\/www.africa-press.net\/cotedivoire\/politique\/deux-hotels-rouverts-a-abidjan-pour-soutenir-linitiative-sublime-cote-divoire#respond"]}]},{"@type":"WebPage","@id":"https:\/\/www.africa-press.net\/cotedivoire\/politique\/deux-hotels-rouverts-a-abidjan-pour-soutenir-linitiative-sublime-cote-divoire","url":"https:\/\/www.africa-press.net\/cotedivoire\/politique\/deux-hotels-rouverts-a-abidjan-pour-soutenir-linitiative-sublime-cote-divoire","name":"Deux h\u00f4tels rouverts \u00e0 Abidjan pour soutenir l\u2019initiative \u201cSublime C\u00f4te d\u2019Ivoire\u201d - C\u00f4te d&#039;Ivoire","isPartOf":{"@id":"https:\/\/www.africa-press.net\/cotedivoire\/#website"},"primaryImageOfPage":{"@id":"https:\/\/www.africa-press.net\/cotedivoire\/politique\/deux-hotels-rouverts-a-abidjan-pour-soutenir-linitiative-sublime-cote-divoire#primaryimage"},"image":{"@id":"https:\/\/www.africa-press.net\/cotedivoire\/politique\/deux-hotels-rouverts-a-abidjan-pour-soutenir-linitiative-sublime-cote-divoire#primaryimage"},"thumbnailUrl":"https:\/\/static.africa-press.net\/cote\/sites\/43\/2025\/01\/sm_1737196632.525498.jpg","datePublished":"2025-01-18T13:36:04+00:00","author":{"@id":"https:\/\/www.africa-press.net\/cotedivoire\/#\/schema\/person\/2b1cf3cd81a31e3cd26889ca66d677f1"},"breadcrumb":{"@id":"https:\/\/www.africa-press.net\/cotedivoire\/politique\/deux-hotels-rouverts-a-abidjan-pour-soutenir-linitiative-sublime-cote-divoire#breadcrumb"},"inLanguage":"fr-FR","potentialAction":[{"@type":"ReadAction","target":["https:\/\/www.africa-press.net\/cotedivoire\/politique\/deux-hotels-rouverts-a-abidjan-pour-soutenir-linitiative-sublime-cote-divoire"]}]},{"@type":"ImageObject","inLanguage":"fr-FR","@id":"https:\/\/www.africa-press.net\/cotedivoire\/politique\/deux-hotels-rouverts-a-abidjan-pour-soutenir-linitiative-sublime-cote-divoire#primaryimage","url":"https:\/\/static.africa-press.net\/cote\/sites\/43\/2025\/01\/sm_1737196632.525498.jpg","contentUrl":"https:\/\/static.africa-press.net\/cote\/sites\/43\/2025\/01\/sm_1737196632.525498.jpg","width":768,"height":462,"caption":"Deux h\u00f4tels rouverts \u00e0 Abidjan pour soutenir l\u2019initiative \u201cSublime C\u00f4te d\u2019Ivoire\u201d"},{"@type":"BreadcrumbList","@id":"https:\/\/www.africa-press.net\/cotedivoire\/politique\/deux-hotels-rouverts-a-abidjan-pour-soutenir-linitiative-sublime-cote-divoire#breadcrumb","itemListElement":[{"@type":"ListItem","position":1,"name":"Accueil","item":"https:\/\/www.africa-press.net\/cotedivoire\/"},{"@type":"ListItem","position":2,"name":"Deux h\u00f4tels rouverts \u00e0 Abidjan pour soutenir l\u2019initiative \u201cSublime C\u00f4te d\u2019Ivoire\u201d"}]},{"@type":"WebSite","@id":"https:\/\/www.africa-press.net\/cotedivoire\/#website","url":"https:\/\/www.africa-press.net\/cotedivoire\/","name":"C\u00f4te d&#039;Ivoire","description":"Just another Africa News Agency Sites site","potentialAction":[{"@type":"SearchAction","target":{"@type":"EntryPoint","urlTemplate":"https:\/\/www.africa-press.net\/cotedivoire\/?s={search_term_string}"},"query-input":{"@type":"PropertyValueSpecification","valueRequired":true,"valueName":"search_term_string"}}],"inLanguage":"fr-FR"},{"@type":"Person","@id":"https:\/\/www.africa-press.net\/cotedivoire\/#\/schema\/person\/2b1cf3cd81a31e3cd26889ca66d677f1","name":"cfeditorfr"}]}},"_links":{"self":[{"href":"https:\/\/www.africa-press.net\/cotedivoire\/wp-json\/wp\/v2\/posts\/93875","targetHints":{"allow":["GET"]}}],"collection":[{"href":"https:\/\/www.africa-press.net\/cotedivoire\/wp-json\/wp\/v2\/posts"}],"about":[{"href":"https:\/\/www.africa-press.net\/cotedivoire\/wp-json\/wp\/v2\/types\/post"}],"author":[{"embeddable":true,"href":"https:\/\/www.africa-press.net\/cotedivoire\/wp-json\/wp\/v2\/users\/82"}],"replies":[{"embeddable":true,"href":"https:\/\/www.africa-press.net\/cotedivoire\/wp-json\/wp\/v2\/comments?post=93875"}],"version-history":[{"count":0,"href":"https:\/\/www.africa-press.net\/cotedivoire\/wp-json\/wp\/v2\/posts\/93875\/revisions"}],"wp:featuredmedia":[{"embeddable":true,"href":"https:\/\/www.africa-press.net\/cotedivoire\/wp-json\/wp\/v2\/media\/93874"}],"wp:attachment":[{"href":"https:\/\/www.africa-press.net\/cotedivoire\/wp-json\/wp\/v2\/media?parent=93875"}],"wp:term":[{"taxonomy":"category","embeddable":true,"href":"https:\/\/www.africa-press.net\/cotedivoire\/wp-json\/wp\/v2\/categories?post=93875"},{"taxonomy":"post_tag","embeddable":true,"href":"https:\/\/www.africa-press.net\/cotedivoire\/wp-json\/wp\/v2\/tags?post=93875"}],"curies":[{"name":"wp","href":"https:\/\/api.w.org\/{rel}","templated":true}]}}