{"id":93881,"date":"2025-01-18T13:36:01","date_gmt":"2025-01-18T13:36:01","guid":{"rendered":"https:\/\/www.africa-press.net\/cotedivoire\/politique\/la-ministre-detat-anne-ouloto-remet-des-lettres-de-mission-aux-directeurs-de-son-departement"},"modified":"2025-01-18T13:36:01","modified_gmt":"2025-01-18T13:36:01","slug":"la-ministre-detat-anne-ouloto-remet-des-lettres-de-mission-aux-directeurs-de-son-departement","status":"publish","type":"post","link":"https:\/\/www.africa-press.net\/cotedivoire\/politique\/la-ministre-detat-anne-ouloto-remet-des-lettres-de-mission-aux-directeurs-de-son-departement","title":{"rendered":"La ministre d\u2019\u00c9tat Anne Ouloto remet des lettres de mission aux directeurs de son d\u00e9partement"},"content":{"rendered":"<p><span style=\"color: #ff6600\"><strong>Africa-Press &#8211; C\u00f4te d&rsquo;Ivoire. <\/strong><\/span>La ministre d\u2019E\u0301tat, ministre de la Fonction publique et de la Modernisation de l\u2019Administration, Anne De\u0301sire\u0301e Ouloto, a proce\u0301de\u0301 le jeudi 16 janvier 2024, a\u0300 la remise des lettres de mission aux directeurs de son de\u0301partement, a\u0300 l\u2019occasion de la rentre\u0301e solennelle du ministe\u0300re qui s\u2019est tenue a\u0300 l\u2019E\u0301cole nationale d\u2019administration (ENA), a\u0300 Abidjan Cocody.<\/p>\n<p>Les diffe\u0301rents responsables ont ainsi rec\u0327u une lettre de mission individuelle, e\u0301nonc\u0327ant les attentes de la ministre d\u2019E\u0301tat quant a\u0300 la mise en \u0153uvre des activite\u0301s qui leur sont attribue\u0301es.<\/p>\n<p>Signe\u0301es par la ministre d\u2019E\u0301tat, ces lettres contiennent des directives pre\u0301cises et de\u0301taillent les objectifs a\u0300 atteindre conforme\u0301ment aux dispositions du de\u0301cret portant organisation du ministe\u0300re de la Fonction publique.<\/p>\n<p>La ministre d\u2019E\u0301tat a souligne\u0301 que ces lettres de mission constituent des instruments de responsabilite\u0301 et de mesure de la performance, engageant chaque collaborateur a\u0300 produire des re\u0301sultats tangibles. Elle a e\u0301galement exhorte\u0301 les re\u0301cipiendaires a\u0300 intensifier leurs efforts afin d\u2019e\u0301radiquer la corruption sous toutes ses formes.<\/p>\n<p>\u00ab Je refuse que les fonctionnaires de Co\u0302te d\u2019Ivoire soient perc\u0327us comme des champions de la corruption. Nous devons nous mobiliser pour inverser cette tendance et devenir des acteurs du changement \u00bb, a-t-elle affirme\u0301 avec fermete\u0301.<\/p>\n<p>Mme Ouloto a par ailleurs insiste\u0301 sur la ne\u0301cessite\u0301 de consolider les acquis de 2024 et de poursuivre les re\u0301formes en cours, en mettant l\u2019accent sur l\u2019e\u0301thique, la probite\u0301 et la loyaute\u0301 au c\u0153ur des pratiques administratives.<\/p>\n<p>\u00ab Les fonctionnaires doivent e\u0302tre des mode\u0300les, des leaders capables d\u2019impacter positivement notre administration publique. Chaque citoyen qui s\u2019adresse a\u0300 cette administration doit se sentir honore\u0301 et respecte\u0301 \u00bb, a-t-elle ajoute\u0301.<\/p>\n<p>En rappelant que l\u2019anne\u0301e 2025 sera marque\u0301e par la pre\u0301sidentielle, la ministre d\u2019E\u0301tat a appele\u0301 chaque fonctionnaire a\u0300 un engagement renouvele\u0301, a\u0300 une rigueur exemplaire et a\u0300 une loyaute\u0301 sans faille. \u00ab Notre ro\u0302le sera d\u2019e\u0302tre le moteur qui propulse les politiques publiques, le pont qui relie les aspirations des citoyens a\u0300 l\u2019action gouvernementale \u00bb, a-t-elle invite\u0301.<\/p>\n<p>Le porte-parole des be\u0301ne\u0301ficiaires, Augustin Yoboue\u0301, a assure\u0301 la ministre d\u2019E\u0301tat de leur disponibilite\u0301 et de l\u2019engagement de\u0301termine\u0301 de l\u2019ensemble des agents a\u0300 re\u0301aliser effectivement tous les objectifs fixe\u0301s.<\/p>\n<p><strong>Pour plus d&rsquo;informations et d&rsquo;analyses sur la <span style=\"color: #ff6600\">C\u00f4te d&rsquo;Ivoire<\/span>, suivez <span style=\"color: #ff6600\">Africa-Press<span style=\"color: #ff6600\"><\/span><\/strong><\/p>\n","protected":false},"excerpt":{"rendered":"<p>Africa-Press &#8211; C\u00f4te d&rsquo;Ivoire. La ministre d\u2019E\u0301tat, ministre de la Fonction publique et de la Modernisation de l\u2019Administration, Anne De\u0301sire\u0301e Ouloto, a proce\u0301de\u0301 le jeudi 16 janvier 2024, a\u0300 la remise des lettres de mission aux directeurs de son de\u0301partement, a\u0300 l\u2019occasion de la rentre\u0301e solennelle du ministe\u0300re qui s\u2019est tenue a\u0300 l\u2019E\u0301cole nationale d\u2019administration [&hellip;]<\/p>\n","protected":false},"author":82,"featured_media":93880,"comment_status":"open","ping_status":"closed","sticky":false,"template":"","format":"standard","meta":{"footnotes":""},"categories":[2,10],"tags":[37],"class_list":["post-93881","post","type-post","status-publish","format-standard","has-post-thumbnail","hentry","category-politique","category-toutes-les-actualites","tag-cote-divoire-2"],"yoast_head":"<!-- This site is optimized with the Yoast SEO Premium plugin v26.1 (Yoast SEO v27.0) - https:\/\/yoast.com\/product\/yoast-seo-premium-wordpress\/ -->\n<title>La ministre d\u2019\u00c9tat Anne Ouloto remet des lettres de mission aux directeurs de son d\u00e9partement - C\u00f4te d&#039;Ivoire<\/title>\n<meta name=\"robots\" content=\"index, follow, max-snippet:-1, max-image-preview:large, max-video-preview:-1\" \/>\n<link rel=\"canonical\" href=\"https:\/\/www.africa-press.net\/cotedivoire\/politique\/la-ministre-detat-anne-ouloto-remet-des-lettres-de-mission-aux-directeurs-de-son-departement\" \/>\n<meta property=\"og:locale\" content=\"fr_FR\" \/>\n<meta property=\"og:type\" content=\"article\" \/>\n<meta property=\"og:title\" content=\"La ministre d\u2019\u00c9tat Anne Ouloto remet des lettres de mission aux directeurs de son d\u00e9partement\" \/>\n<meta property=\"og:description\" content=\"Africa-Press &#8211; C\u00f4te d&rsquo;Ivoire. La ministre d\u2019E\u0301tat, ministre de la Fonction publique et de la Modernisation de l\u2019Administration, Anne De\u0301sire\u0301e Ouloto, a proce\u0301de\u0301 le jeudi 16 janvier 2024, a\u0300 la remise des lettres de mission aux directeurs de son de\u0301partement, a\u0300 l\u2019occasion de la rentre\u0301e solennelle du ministe\u0300re qui s\u2019est tenue a\u0300 l\u2019E\u0301cole nationale d\u2019administration [&hellip;]\" \/>\n<meta property=\"og:url\" content=\"https:\/\/www.africa-press.net\/cotedivoire\/politique\/la-ministre-detat-anne-ouloto-remet-des-lettres-de-mission-aux-directeurs-de-son-departement\" \/>\n<meta property=\"og:site_name\" content=\"C\u00f4te d&#039;Ivoire\" \/>\n<meta property=\"article:published_time\" content=\"2025-01-18T13:36:01+00:00\" \/>\n<meta name=\"author\" content=\"cfeditorfr\" \/>\n<meta name=\"twitter:card\" content=\"summary_large_image\" \/>\n<meta name=\"twitter:label1\" content=\"\u00c9crit par\" \/>\n\t<meta name=\"twitter:data1\" content=\"cfeditorfr\" \/>\n\t<meta name=\"twitter:label2\" content=\"Dur\u00e9e de lecture estim\u00e9e\" \/>\n\t<meta name=\"twitter:data2\" content=\"2 minutes\" \/>\n<script type=\"application\/ld+json\" class=\"yoast-schema-graph\">{\"@context\":\"https:\/\/schema.org\",\"@graph\":[{\"@type\":\"Article\",\"@id\":\"https:\/\/www.africa-press.net\/cotedivoire\/politique\/la-ministre-detat-anne-ouloto-remet-des-lettres-de-mission-aux-directeurs-de-son-departement#article\",\"isPartOf\":{\"@id\":\"https:\/\/www.africa-press.net\/cotedivoire\/politique\/la-ministre-detat-anne-ouloto-remet-des-lettres-de-mission-aux-directeurs-de-son-departement\"},\"author\":{\"name\":\"cfeditorfr\",\"@id\":\"https:\/\/www.africa-press.net\/cotedivoire\/#\/schema\/person\/2b1cf3cd81a31e3cd26889ca66d677f1\"},\"headline\":\"La ministre d\u2019\u00c9tat Anne Ouloto remet des lettres de mission aux directeurs de son d\u00e9partement\",\"datePublished\":\"2025-01-18T13:36:01+00:00\",\"mainEntityOfPage\":{\"@id\":\"https:\/\/www.africa-press.net\/cotedivoire\/politique\/la-ministre-detat-anne-ouloto-remet-des-lettres-de-mission-aux-directeurs-de-son-departement\"},\"wordCount\":449,\"commentCount\":0,\"image\":{\"@id\":\"https:\/\/www.africa-press.net\/cotedivoire\/politique\/la-ministre-detat-anne-ouloto-remet-des-lettres-de-mission-aux-directeurs-de-son-departement#primaryimage\"},\"thumbnailUrl\":\"https:\/\/static.africa-press.net\/cote\/sites\/43\/2025\/01\/sm_1737196663.179046.jpg\",\"keywords\":[\"C\u00f4te d'Ivoire\"],\"articleSection\":[\"Politique\",\"Toutes les actualit\u00e9s\"],\"inLanguage\":\"fr-FR\",\"potentialAction\":[{\"@type\":\"CommentAction\",\"name\":\"Comment\",\"target\":[\"https:\/\/www.africa-press.net\/cotedivoire\/politique\/la-ministre-detat-anne-ouloto-remet-des-lettres-de-mission-aux-directeurs-de-son-departement#respond\"]}]},{\"@type\":\"WebPage\",\"@id\":\"https:\/\/www.africa-press.net\/cotedivoire\/politique\/la-ministre-detat-anne-ouloto-remet-des-lettres-de-mission-aux-directeurs-de-son-departement\",\"url\":\"https:\/\/www.africa-press.net\/cotedivoire\/politique\/la-ministre-detat-anne-ouloto-remet-des-lettres-de-mission-aux-directeurs-de-son-departement\",\"name\":\"La ministre d\u2019\u00c9tat Anne Ouloto remet des lettres de mission aux directeurs de son d\u00e9partement - C\u00f4te d&#039;Ivoire\",\"isPartOf\":{\"@id\":\"https:\/\/www.africa-press.net\/cotedivoire\/#website\"},\"primaryImageOfPage\":{\"@id\":\"https:\/\/www.africa-press.net\/cotedivoire\/politique\/la-ministre-detat-anne-ouloto-remet-des-lettres-de-mission-aux-directeurs-de-son-departement#primaryimage\"},\"image\":{\"@id\":\"https:\/\/www.africa-press.net\/cotedivoire\/politique\/la-ministre-detat-anne-ouloto-remet-des-lettres-de-mission-aux-directeurs-de-son-departement#primaryimage\"},\"thumbnailUrl\":\"https:\/\/static.africa-press.net\/cote\/sites\/43\/2025\/01\/sm_1737196663.179046.jpg\",\"datePublished\":\"2025-01-18T13:36:01+00:00\",\"author\":{\"@id\":\"https:\/\/www.africa-press.net\/cotedivoire\/#\/schema\/person\/2b1cf3cd81a31e3cd26889ca66d677f1\"},\"breadcrumb\":{\"@id\":\"https:\/\/www.africa-press.net\/cotedivoire\/politique\/la-ministre-detat-anne-ouloto-remet-des-lettres-de-mission-aux-directeurs-de-son-departement#breadcrumb\"},\"inLanguage\":\"fr-FR\",\"potentialAction\":[{\"@type\":\"ReadAction\",\"target\":[\"https:\/\/www.africa-press.net\/cotedivoire\/politique\/la-ministre-detat-anne-ouloto-remet-des-lettres-de-mission-aux-directeurs-de-son-departement\"]}]},{\"@type\":\"ImageObject\",\"inLanguage\":\"fr-FR\",\"@id\":\"https:\/\/www.africa-press.net\/cotedivoire\/politique\/la-ministre-detat-anne-ouloto-remet-des-lettres-de-mission-aux-directeurs-de-son-departement#primaryimage\",\"url\":\"https:\/\/static.africa-press.net\/cote\/sites\/43\/2025\/01\/sm_1737196663.179046.jpg\",\"contentUrl\":\"https:\/\/static.africa-press.net\/cote\/sites\/43\/2025\/01\/sm_1737196663.179046.jpg\",\"width\":768,\"height\":511,\"caption\":\"La ministre d\u2019\u00c9tat Anne Ouloto remet des lettres de mission aux directeurs de son d\u00e9partement\"},{\"@type\":\"BreadcrumbList\",\"@id\":\"https:\/\/www.africa-press.net\/cotedivoire\/politique\/la-ministre-detat-anne-ouloto-remet-des-lettres-de-mission-aux-directeurs-de-son-departement#breadcrumb\",\"itemListElement\":[{\"@type\":\"ListItem\",\"position\":1,\"name\":\"Accueil\",\"item\":\"https:\/\/www.africa-press.net\/cotedivoire\/\"},{\"@type\":\"ListItem\",\"position\":2,\"name\":\"La ministre d\u2019\u00c9tat Anne Ouloto remet des lettres de mission aux directeurs de son d\u00e9partement\"}]},{\"@type\":\"WebSite\",\"@id\":\"https:\/\/www.africa-press.net\/cotedivoire\/#website\",\"url\":\"https:\/\/www.africa-press.net\/cotedivoire\/\",\"name\":\"C\u00f4te d&#039;Ivoire\",\"description\":\"Just another Africa News Agency Sites site\",\"potentialAction\":[{\"@type\":\"SearchAction\",\"target\":{\"@type\":\"EntryPoint\",\"urlTemplate\":\"https:\/\/www.africa-press.net\/cotedivoire\/?s={search_term_string}\"},\"query-input\":{\"@type\":\"PropertyValueSpecification\",\"valueRequired\":true,\"valueName\":\"search_term_string\"}}],\"inLanguage\":\"fr-FR\"},{\"@type\":\"Person\",\"@id\":\"https:\/\/www.africa-press.net\/cotedivoire\/#\/schema\/person\/2b1cf3cd81a31e3cd26889ca66d677f1\",\"name\":\"cfeditorfr\"}]}<\/script>\n<!-- \/ Yoast SEO Premium plugin. -->","yoast_head_json":{"title":"La ministre d\u2019\u00c9tat Anne Ouloto remet des lettres de mission aux directeurs de son d\u00e9partement - C\u00f4te d&#039;Ivoire","robots":{"index":"index","follow":"follow","max-snippet":"max-snippet:-1","max-image-preview":"max-image-preview:large","max-video-preview":"max-video-preview:-1"},"canonical":"https:\/\/www.africa-press.net\/cotedivoire\/politique\/la-ministre-detat-anne-ouloto-remet-des-lettres-de-mission-aux-directeurs-de-son-departement","og_locale":"fr_FR","og_type":"article","og_title":"La ministre d\u2019\u00c9tat Anne Ouloto remet des lettres de mission aux directeurs de son d\u00e9partement","og_description":"Africa-Press &#8211; C\u00f4te d&rsquo;Ivoire. La ministre d\u2019E\u0301tat, ministre de la Fonction publique et de la Modernisation de l\u2019Administration, Anne De\u0301sire\u0301e Ouloto, a proce\u0301de\u0301 le jeudi 16 janvier 2024, a\u0300 la remise des lettres de mission aux directeurs de son de\u0301partement, a\u0300 l\u2019occasion de la rentre\u0301e solennelle du ministe\u0300re qui s\u2019est tenue a\u0300 l\u2019E\u0301cole nationale d\u2019administration [&hellip;]","og_url":"https:\/\/www.africa-press.net\/cotedivoire\/politique\/la-ministre-detat-anne-ouloto-remet-des-lettres-de-mission-aux-directeurs-de-son-departement","og_site_name":"C\u00f4te d&#039;Ivoire","article_published_time":"2025-01-18T13:36:01+00:00","author":"cfeditorfr","twitter_card":"summary_large_image","twitter_misc":{"\u00c9crit par":"cfeditorfr","Dur\u00e9e de lecture estim\u00e9e":"2 minutes"},"schema":{"@context":"https:\/\/schema.org","@graph":[{"@type":"Article","@id":"https:\/\/www.africa-press.net\/cotedivoire\/politique\/la-ministre-detat-anne-ouloto-remet-des-lettres-de-mission-aux-directeurs-de-son-departement#article","isPartOf":{"@id":"https:\/\/www.africa-press.net\/cotedivoire\/politique\/la-ministre-detat-anne-ouloto-remet-des-lettres-de-mission-aux-directeurs-de-son-departement"},"author":{"name":"cfeditorfr","@id":"https:\/\/www.africa-press.net\/cotedivoire\/#\/schema\/person\/2b1cf3cd81a31e3cd26889ca66d677f1"},"headline":"La ministre d\u2019\u00c9tat Anne Ouloto remet des lettres de mission aux directeurs de son d\u00e9partement","datePublished":"2025-01-18T13:36:01+00:00","mainEntityOfPage":{"@id":"https:\/\/www.africa-press.net\/cotedivoire\/politique\/la-ministre-detat-anne-ouloto-remet-des-lettres-de-mission-aux-directeurs-de-son-departement"},"wordCount":449,"commentCount":0,"image":{"@id":"https:\/\/www.africa-press.net\/cotedivoire\/politique\/la-ministre-detat-anne-ouloto-remet-des-lettres-de-mission-aux-directeurs-de-son-departement#primaryimage"},"thumbnailUrl":"https:\/\/static.africa-press.net\/cote\/sites\/43\/2025\/01\/sm_1737196663.179046.jpg","keywords":["C\u00f4te d'Ivoire"],"articleSection":["Politique","Toutes les actualit\u00e9s"],"inLanguage":"fr-FR","potentialAction":[{"@type":"CommentAction","name":"Comment","target":["https:\/\/www.africa-press.net\/cotedivoire\/politique\/la-ministre-detat-anne-ouloto-remet-des-lettres-de-mission-aux-directeurs-de-son-departement#respond"]}]},{"@type":"WebPage","@id":"https:\/\/www.africa-press.net\/cotedivoire\/politique\/la-ministre-detat-anne-ouloto-remet-des-lettres-de-mission-aux-directeurs-de-son-departement","url":"https:\/\/www.africa-press.net\/cotedivoire\/politique\/la-ministre-detat-anne-ouloto-remet-des-lettres-de-mission-aux-directeurs-de-son-departement","name":"La ministre d\u2019\u00c9tat Anne Ouloto remet des lettres de mission aux directeurs de son d\u00e9partement - C\u00f4te d&#039;Ivoire","isPartOf":{"@id":"https:\/\/www.africa-press.net\/cotedivoire\/#website"},"primaryImageOfPage":{"@id":"https:\/\/www.africa-press.net\/cotedivoire\/politique\/la-ministre-detat-anne-ouloto-remet-des-lettres-de-mission-aux-directeurs-de-son-departement#primaryimage"},"image":{"@id":"https:\/\/www.africa-press.net\/cotedivoire\/politique\/la-ministre-detat-anne-ouloto-remet-des-lettres-de-mission-aux-directeurs-de-son-departement#primaryimage"},"thumbnailUrl":"https:\/\/static.africa-press.net\/cote\/sites\/43\/2025\/01\/sm_1737196663.179046.jpg","datePublished":"2025-01-18T13:36:01+00:00","author":{"@id":"https:\/\/www.africa-press.net\/cotedivoire\/#\/schema\/person\/2b1cf3cd81a31e3cd26889ca66d677f1"},"breadcrumb":{"@id":"https:\/\/www.africa-press.net\/cotedivoire\/politique\/la-ministre-detat-anne-ouloto-remet-des-lettres-de-mission-aux-directeurs-de-son-departement#breadcrumb"},"inLanguage":"fr-FR","potentialAction":[{"@type":"ReadAction","target":["https:\/\/www.africa-press.net\/cotedivoire\/politique\/la-ministre-detat-anne-ouloto-remet-des-lettres-de-mission-aux-directeurs-de-son-departement"]}]},{"@type":"ImageObject","inLanguage":"fr-FR","@id":"https:\/\/www.africa-press.net\/cotedivoire\/politique\/la-ministre-detat-anne-ouloto-remet-des-lettres-de-mission-aux-directeurs-de-son-departement#primaryimage","url":"https:\/\/static.africa-press.net\/cote\/sites\/43\/2025\/01\/sm_1737196663.179046.jpg","contentUrl":"https:\/\/static.africa-press.net\/cote\/sites\/43\/2025\/01\/sm_1737196663.179046.jpg","width":768,"height":511,"caption":"La ministre d\u2019\u00c9tat Anne Ouloto remet des lettres de mission aux directeurs de son d\u00e9partement"},{"@type":"BreadcrumbList","@id":"https:\/\/www.africa-press.net\/cotedivoire\/politique\/la-ministre-detat-anne-ouloto-remet-des-lettres-de-mission-aux-directeurs-de-son-departement#breadcrumb","itemListElement":[{"@type":"ListItem","position":1,"name":"Accueil","item":"https:\/\/www.africa-press.net\/cotedivoire\/"},{"@type":"ListItem","position":2,"name":"La ministre d\u2019\u00c9tat Anne Ouloto remet des lettres de mission aux directeurs de son d\u00e9partement"}]},{"@type":"WebSite","@id":"https:\/\/www.africa-press.net\/cotedivoire\/#website","url":"https:\/\/www.africa-press.net\/cotedivoire\/","name":"C\u00f4te d&#039;Ivoire","description":"Just another Africa News Agency Sites site","potentialAction":[{"@type":"SearchAction","target":{"@type":"EntryPoint","urlTemplate":"https:\/\/www.africa-press.net\/cotedivoire\/?s={search_term_string}"},"query-input":{"@type":"PropertyValueSpecification","valueRequired":true,"valueName":"search_term_string"}}],"inLanguage":"fr-FR"},{"@type":"Person","@id":"https:\/\/www.africa-press.net\/cotedivoire\/#\/schema\/person\/2b1cf3cd81a31e3cd26889ca66d677f1","name":"cfeditorfr"}]}},"_links":{"self":[{"href":"https:\/\/www.africa-press.net\/cotedivoire\/wp-json\/wp\/v2\/posts\/93881","targetHints":{"allow":["GET"]}}],"collection":[{"href":"https:\/\/www.africa-press.net\/cotedivoire\/wp-json\/wp\/v2\/posts"}],"about":[{"href":"https:\/\/www.africa-press.net\/cotedivoire\/wp-json\/wp\/v2\/types\/post"}],"author":[{"embeddable":true,"href":"https:\/\/www.africa-press.net\/cotedivoire\/wp-json\/wp\/v2\/users\/82"}],"replies":[{"embeddable":true,"href":"https:\/\/www.africa-press.net\/cotedivoire\/wp-json\/wp\/v2\/comments?post=93881"}],"version-history":[{"count":0,"href":"https:\/\/www.africa-press.net\/cotedivoire\/wp-json\/wp\/v2\/posts\/93881\/revisions"}],"wp:featuredmedia":[{"embeddable":true,"href":"https:\/\/www.africa-press.net\/cotedivoire\/wp-json\/wp\/v2\/media\/93880"}],"wp:attachment":[{"href":"https:\/\/www.africa-press.net\/cotedivoire\/wp-json\/wp\/v2\/media?parent=93881"}],"wp:term":[{"taxonomy":"category","embeddable":true,"href":"https:\/\/www.africa-press.net\/cotedivoire\/wp-json\/wp\/v2\/categories?post=93881"},{"taxonomy":"post_tag","embeddable":true,"href":"https:\/\/www.africa-press.net\/cotedivoire\/wp-json\/wp\/v2\/tags?post=93881"}],"curies":[{"name":"wp","href":"https:\/\/api.w.org\/{rel}","templated":true}]}}