{"id":93883,"date":"2025-01-18T13:36:00","date_gmt":"2025-01-18T13:36:00","guid":{"rendered":"https:\/\/www.africa-press.net\/cotedivoire\/politique\/le-taux-dinvestissement-du-secteur-prive-a-plus-que-double-en-10-ans-ministre"},"modified":"2025-01-18T13:36:00","modified_gmt":"2025-01-18T13:36:00","slug":"le-taux-dinvestissement-du-secteur-prive-a-plus-que-double-en-10-ans-ministre","status":"publish","type":"post","link":"https:\/\/www.africa-press.net\/cotedivoire\/economie\/le-taux-dinvestissement-du-secteur-prive-a-plus-que-double-en-10-ans-ministre","title":{"rendered":"Le taux d\u2019investissement du secteur priv\u00e9 a plus que doubl\u00e9 en 10 ans (Ministre)"},"content":{"rendered":"<p><span style=\"color: #ff6600\"><strong>Africa-Press &#8211; C\u00f4te d&rsquo;Ivoire. <\/strong><\/span>Le taux d\u2019investissement du secteur prive\u0301 en Co\u0302te d\u2019Ivoire a plus que double\u0301 en dix ans, passant de 8% a\u0300 19%, a affirme\u0301 le ministre des Finances et du Budget, Adama Coulibaly, jeudi 16 janvier 2025, lors d\u2019un de\u0301jeuner organise\u0301 pour pre\u0301senter les v\u0153ux aux acteurs du secteur prive\u0301.<\/p>\n<p>Le ministre Coulibaly, e\u0301galement pre\u0301sident du Comite\u0301 technique de concertation (CTC) Etat-secteur prive\u0301, est revenu sur les acquis des rencontres sectorielles de 2024. Il a notamment mentionne\u0301 l\u2019application des conventions signe\u0301es avec les ope\u0301rateurs miniers et l\u2019extension des de\u0301lais de remboursement des cre\u0301dits de TVA. Il a pre\u0301cise\u0301 que la part des recettes de TVA affecte\u0301e a\u0300 la re\u0301gie charge\u0301e de ces remboursements est passe\u0301e de 12% a\u0300 14%.<\/p>\n<p>\u201cDans cette perspective, l\u2019E\u0301tat a poursuivi le re\u0300glement continu de la dette fournisseurs. Au 31 de\u0301cembre 2024, le montant total des paiements effectue\u0301s a\u0300 cet effet s\u2019e\u0301levait a\u0300 558,91 milliards de francs CFA, dont 124,17 milliards de francs CFA en faveur de 3 712 PME\u201d, a-t-il de\u0301clare\u0301.<\/p>\n<p>De son co\u0302te\u0301, le ministre du Commerce et de l\u2019Industrie, Souleymane Diarrassouba, premier vice-pre\u0301sident du Comite\u0301 technique de concertation E\u0301tat-secteur prive\u0301, a souligne\u0301 que le secteur prive\u0301 et l\u2019administration forment une \u201ce\u0301quipe ou\u0300 chacun joue son ro\u0302le\u201d. Il a mis l\u2019accent sur le dialogue permanent entre l\u2019E\u0301tat et le secteur prive\u0301, qui favorise une synergie d\u2019actions.<\/p>\n<p>Le pre\u0301sident de la Confe\u0301de\u0301ration ge\u0301ne\u0301rale des entreprises de Co\u0302te d\u2019Ivoire (CGECI) et 2e vice-pre\u0301sident du Comite\u0301, Ahmed Cisse\u0301, s\u2019est fe\u0301licite\u0301 de la qualite\u0301 du Dialogue public-prive\u0301 (DPP) qui a joue\u0301 un ro\u0302le central dans l\u2019ame\u0301lioration du climat des affaires.<\/p>\n<p>\u201cLe Dialogue public-prive\u0301 est un outil efficace pour identifier les de\u0301fis, proposer des solutions et maintenir une discussion constructive entre l\u2019E\u0301tat et le secteur prive\u0301, garantissant ainsi la mise en \u0153uvre concerte\u0301e des politiques publiques et des re\u0301formes\u201d, a explique\u0301 M. Cisse\u0301.<\/p>\n<p>Il a re\u0301affirme\u0301 l\u2019engagement du secteur prive\u0301 a\u0300 faire du Dialogue public-prive\u0301 un instrument encore plus efficace au service des entreprises et du de\u0301veloppement national. \u201cEnsemble, nous pouvons continuer a\u0300 poser les bases d\u2019une e\u0301conomie dynamique, inclusive et re\u0301siliente\u201d, a conclu le pre\u0301sident de la CGECI.<\/p>\n<p><strong>Pour plus d&rsquo;informations et d&rsquo;analyses sur la <span style=\"color: #ff6600\">C\u00f4te d&rsquo;Ivoire<\/span>, suivez <span style=\"color: #ff6600\">Africa-Press<span style=\"color: #ff6600\"><\/span><\/strong><\/p>\n","protected":false},"excerpt":{"rendered":"<p>Africa-Press &#8211; C\u00f4te d&rsquo;Ivoire. Le taux d\u2019investissement du secteur prive\u0301 en Co\u0302te d\u2019Ivoire a plus que double\u0301 en dix ans, passant de 8% a\u0300 19%, a affirme\u0301 le ministre des Finances et du Budget, Adama Coulibaly, jeudi 16 janvier 2025, lors d\u2019un de\u0301jeuner organise\u0301 pour pre\u0301senter les v\u0153ux aux acteurs du secteur prive\u0301. Le ministre [&hellip;]<\/p>\n","protected":false},"author":82,"featured_media":93882,"comment_status":"open","ping_status":"closed","sticky":false,"template":"","format":"standard","meta":{"footnotes":""},"categories":[3,10],"tags":[37],"class_list":["post-93883","post","type-post","status-publish","format-standard","has-post-thumbnail","hentry","category-economie","category-toutes-les-actualites","tag-cote-divoire-2"],"yoast_head":"<!-- This site is optimized with the Yoast SEO Premium plugin v26.1 (Yoast SEO v27.0) - https:\/\/yoast.com\/product\/yoast-seo-premium-wordpress\/ -->\n<title>Le taux d\u2019investissement du secteur priv\u00e9 a plus que doubl\u00e9 en 10 ans (Ministre) - C\u00f4te d&#039;Ivoire<\/title>\n<meta name=\"robots\" content=\"index, follow, max-snippet:-1, max-image-preview:large, max-video-preview:-1\" \/>\n<link rel=\"canonical\" href=\"https:\/\/www.africa-press.net\/cotedivoire\/politique\/le-taux-dinvestissement-du-secteur-prive-a-plus-que-double-en-10-ans-ministre\" \/>\n<meta property=\"og:locale\" content=\"fr_FR\" \/>\n<meta property=\"og:type\" content=\"article\" \/>\n<meta property=\"og:title\" content=\"Le taux d\u2019investissement du secteur priv\u00e9 a plus que doubl\u00e9 en 10 ans (Ministre)\" \/>\n<meta property=\"og:description\" content=\"Africa-Press &#8211; C\u00f4te d&rsquo;Ivoire. Le taux d\u2019investissement du secteur prive\u0301 en Co\u0302te d\u2019Ivoire a plus que double\u0301 en dix ans, passant de 8% a\u0300 19%, a affirme\u0301 le ministre des Finances et du Budget, Adama Coulibaly, jeudi 16 janvier 2025, lors d\u2019un de\u0301jeuner organise\u0301 pour pre\u0301senter les v\u0153ux aux acteurs du secteur prive\u0301. Le ministre [&hellip;]\" \/>\n<meta property=\"og:url\" content=\"https:\/\/www.africa-press.net\/cotedivoire\/politique\/le-taux-dinvestissement-du-secteur-prive-a-plus-que-double-en-10-ans-ministre\" \/>\n<meta property=\"og:site_name\" content=\"C\u00f4te d&#039;Ivoire\" \/>\n<meta property=\"article:published_time\" content=\"2025-01-18T13:36:00+00:00\" \/>\n<meta name=\"author\" content=\"cfeditorfr\" \/>\n<meta name=\"twitter:card\" content=\"summary_large_image\" \/>\n<meta name=\"twitter:label1\" content=\"\u00c9crit par\" \/>\n\t<meta name=\"twitter:data1\" content=\"cfeditorfr\" \/>\n\t<meta name=\"twitter:label2\" content=\"Dur\u00e9e de lecture estim\u00e9e\" \/>\n\t<meta name=\"twitter:data2\" content=\"2 minutes\" \/>\n<script type=\"application\/ld+json\" class=\"yoast-schema-graph\">{\"@context\":\"https:\/\/schema.org\",\"@graph\":[{\"@type\":\"Article\",\"@id\":\"https:\/\/www.africa-press.net\/cotedivoire\/politique\/le-taux-dinvestissement-du-secteur-prive-a-plus-que-double-en-10-ans-ministre#article\",\"isPartOf\":{\"@id\":\"https:\/\/www.africa-press.net\/cotedivoire\/politique\/le-taux-dinvestissement-du-secteur-prive-a-plus-que-double-en-10-ans-ministre\"},\"author\":{\"name\":\"cfeditorfr\",\"@id\":\"https:\/\/www.africa-press.net\/cotedivoire\/#\/schema\/person\/2b1cf3cd81a31e3cd26889ca66d677f1\"},\"headline\":\"Le taux d\u2019investissement du secteur priv\u00e9 a plus que doubl\u00e9 en 10 ans (Ministre)\",\"datePublished\":\"2025-01-18T13:36:00+00:00\",\"mainEntityOfPage\":{\"@id\":\"https:\/\/www.africa-press.net\/cotedivoire\/politique\/le-taux-dinvestissement-du-secteur-prive-a-plus-que-double-en-10-ans-ministre\"},\"wordCount\":435,\"commentCount\":0,\"image\":{\"@id\":\"https:\/\/www.africa-press.net\/cotedivoire\/politique\/le-taux-dinvestissement-du-secteur-prive-a-plus-que-double-en-10-ans-ministre#primaryimage\"},\"thumbnailUrl\":\"https:\/\/static.africa-press.net\/cote\/sites\/43\/2025\/01\/sm_1737196673.337681.jpg\",\"keywords\":[\"C\u00f4te d'Ivoire\"],\"articleSection\":[\"\u00c9conomie\",\"Toutes les actualit\u00e9s\"],\"inLanguage\":\"fr-FR\",\"potentialAction\":[{\"@type\":\"CommentAction\",\"name\":\"Comment\",\"target\":[\"https:\/\/www.africa-press.net\/cotedivoire\/politique\/le-taux-dinvestissement-du-secteur-prive-a-plus-que-double-en-10-ans-ministre#respond\"]}]},{\"@type\":\"WebPage\",\"@id\":\"https:\/\/www.africa-press.net\/cotedivoire\/politique\/le-taux-dinvestissement-du-secteur-prive-a-plus-que-double-en-10-ans-ministre\",\"url\":\"https:\/\/www.africa-press.net\/cotedivoire\/politique\/le-taux-dinvestissement-du-secteur-prive-a-plus-que-double-en-10-ans-ministre\",\"name\":\"Le taux d\u2019investissement du secteur priv\u00e9 a plus que doubl\u00e9 en 10 ans (Ministre) - C\u00f4te d&#039;Ivoire\",\"isPartOf\":{\"@id\":\"https:\/\/www.africa-press.net\/cotedivoire\/#website\"},\"primaryImageOfPage\":{\"@id\":\"https:\/\/www.africa-press.net\/cotedivoire\/politique\/le-taux-dinvestissement-du-secteur-prive-a-plus-que-double-en-10-ans-ministre#primaryimage\"},\"image\":{\"@id\":\"https:\/\/www.africa-press.net\/cotedivoire\/politique\/le-taux-dinvestissement-du-secteur-prive-a-plus-que-double-en-10-ans-ministre#primaryimage\"},\"thumbnailUrl\":\"https:\/\/static.africa-press.net\/cote\/sites\/43\/2025\/01\/sm_1737196673.337681.jpg\",\"datePublished\":\"2025-01-18T13:36:00+00:00\",\"author\":{\"@id\":\"https:\/\/www.africa-press.net\/cotedivoire\/#\/schema\/person\/2b1cf3cd81a31e3cd26889ca66d677f1\"},\"breadcrumb\":{\"@id\":\"https:\/\/www.africa-press.net\/cotedivoire\/politique\/le-taux-dinvestissement-du-secteur-prive-a-plus-que-double-en-10-ans-ministre#breadcrumb\"},\"inLanguage\":\"fr-FR\",\"potentialAction\":[{\"@type\":\"ReadAction\",\"target\":[\"https:\/\/www.africa-press.net\/cotedivoire\/politique\/le-taux-dinvestissement-du-secteur-prive-a-plus-que-double-en-10-ans-ministre\"]}]},{\"@type\":\"ImageObject\",\"inLanguage\":\"fr-FR\",\"@id\":\"https:\/\/www.africa-press.net\/cotedivoire\/politique\/le-taux-dinvestissement-du-secteur-prive-a-plus-que-double-en-10-ans-ministre#primaryimage\",\"url\":\"https:\/\/static.africa-press.net\/cote\/sites\/43\/2025\/01\/sm_1737196673.337681.jpg\",\"contentUrl\":\"https:\/\/static.africa-press.net\/cote\/sites\/43\/2025\/01\/sm_1737196673.337681.jpg\",\"width\":768,\"height\":366,\"caption\":\"Le taux d\u2019investissement du secteur priv\u00e9 a plus que doubl\u00e9 en 10 ans (Ministre)\"},{\"@type\":\"BreadcrumbList\",\"@id\":\"https:\/\/www.africa-press.net\/cotedivoire\/politique\/le-taux-dinvestissement-du-secteur-prive-a-plus-que-double-en-10-ans-ministre#breadcrumb\",\"itemListElement\":[{\"@type\":\"ListItem\",\"position\":1,\"name\":\"Accueil\",\"item\":\"https:\/\/www.africa-press.net\/cotedivoire\/\"},{\"@type\":\"ListItem\",\"position\":2,\"name\":\"Le taux d\u2019investissement du secteur priv\u00e9 a plus que doubl\u00e9 en 10 ans (Ministre)\"}]},{\"@type\":\"WebSite\",\"@id\":\"https:\/\/www.africa-press.net\/cotedivoire\/#website\",\"url\":\"https:\/\/www.africa-press.net\/cotedivoire\/\",\"name\":\"C\u00f4te d&#039;Ivoire\",\"description\":\"Just another Africa News Agency Sites site\",\"potentialAction\":[{\"@type\":\"SearchAction\",\"target\":{\"@type\":\"EntryPoint\",\"urlTemplate\":\"https:\/\/www.africa-press.net\/cotedivoire\/?s={search_term_string}\"},\"query-input\":{\"@type\":\"PropertyValueSpecification\",\"valueRequired\":true,\"valueName\":\"search_term_string\"}}],\"inLanguage\":\"fr-FR\"},{\"@type\":\"Person\",\"@id\":\"https:\/\/www.africa-press.net\/cotedivoire\/#\/schema\/person\/2b1cf3cd81a31e3cd26889ca66d677f1\",\"name\":\"cfeditorfr\"}]}<\/script>\n<!-- \/ Yoast SEO Premium plugin. -->","yoast_head_json":{"title":"Le taux d\u2019investissement du secteur priv\u00e9 a plus que doubl\u00e9 en 10 ans (Ministre) - C\u00f4te d&#039;Ivoire","robots":{"index":"index","follow":"follow","max-snippet":"max-snippet:-1","max-image-preview":"max-image-preview:large","max-video-preview":"max-video-preview:-1"},"canonical":"https:\/\/www.africa-press.net\/cotedivoire\/politique\/le-taux-dinvestissement-du-secteur-prive-a-plus-que-double-en-10-ans-ministre","og_locale":"fr_FR","og_type":"article","og_title":"Le taux d\u2019investissement du secteur priv\u00e9 a plus que doubl\u00e9 en 10 ans (Ministre)","og_description":"Africa-Press &#8211; C\u00f4te d&rsquo;Ivoire. Le taux d\u2019investissement du secteur prive\u0301 en Co\u0302te d\u2019Ivoire a plus que double\u0301 en dix ans, passant de 8% a\u0300 19%, a affirme\u0301 le ministre des Finances et du Budget, Adama Coulibaly, jeudi 16 janvier 2025, lors d\u2019un de\u0301jeuner organise\u0301 pour pre\u0301senter les v\u0153ux aux acteurs du secteur prive\u0301. Le ministre [&hellip;]","og_url":"https:\/\/www.africa-press.net\/cotedivoire\/politique\/le-taux-dinvestissement-du-secteur-prive-a-plus-que-double-en-10-ans-ministre","og_site_name":"C\u00f4te d&#039;Ivoire","article_published_time":"2025-01-18T13:36:00+00:00","author":"cfeditorfr","twitter_card":"summary_large_image","twitter_misc":{"\u00c9crit par":"cfeditorfr","Dur\u00e9e de lecture estim\u00e9e":"2 minutes"},"schema":{"@context":"https:\/\/schema.org","@graph":[{"@type":"Article","@id":"https:\/\/www.africa-press.net\/cotedivoire\/politique\/le-taux-dinvestissement-du-secteur-prive-a-plus-que-double-en-10-ans-ministre#article","isPartOf":{"@id":"https:\/\/www.africa-press.net\/cotedivoire\/politique\/le-taux-dinvestissement-du-secteur-prive-a-plus-que-double-en-10-ans-ministre"},"author":{"name":"cfeditorfr","@id":"https:\/\/www.africa-press.net\/cotedivoire\/#\/schema\/person\/2b1cf3cd81a31e3cd26889ca66d677f1"},"headline":"Le taux d\u2019investissement du secteur priv\u00e9 a plus que doubl\u00e9 en 10 ans (Ministre)","datePublished":"2025-01-18T13:36:00+00:00","mainEntityOfPage":{"@id":"https:\/\/www.africa-press.net\/cotedivoire\/politique\/le-taux-dinvestissement-du-secteur-prive-a-plus-que-double-en-10-ans-ministre"},"wordCount":435,"commentCount":0,"image":{"@id":"https:\/\/www.africa-press.net\/cotedivoire\/politique\/le-taux-dinvestissement-du-secteur-prive-a-plus-que-double-en-10-ans-ministre#primaryimage"},"thumbnailUrl":"https:\/\/static.africa-press.net\/cote\/sites\/43\/2025\/01\/sm_1737196673.337681.jpg","keywords":["C\u00f4te d'Ivoire"],"articleSection":["\u00c9conomie","Toutes les actualit\u00e9s"],"inLanguage":"fr-FR","potentialAction":[{"@type":"CommentAction","name":"Comment","target":["https:\/\/www.africa-press.net\/cotedivoire\/politique\/le-taux-dinvestissement-du-secteur-prive-a-plus-que-double-en-10-ans-ministre#respond"]}]},{"@type":"WebPage","@id":"https:\/\/www.africa-press.net\/cotedivoire\/politique\/le-taux-dinvestissement-du-secteur-prive-a-plus-que-double-en-10-ans-ministre","url":"https:\/\/www.africa-press.net\/cotedivoire\/politique\/le-taux-dinvestissement-du-secteur-prive-a-plus-que-double-en-10-ans-ministre","name":"Le taux d\u2019investissement du secteur priv\u00e9 a plus que doubl\u00e9 en 10 ans (Ministre) - C\u00f4te d&#039;Ivoire","isPartOf":{"@id":"https:\/\/www.africa-press.net\/cotedivoire\/#website"},"primaryImageOfPage":{"@id":"https:\/\/www.africa-press.net\/cotedivoire\/politique\/le-taux-dinvestissement-du-secteur-prive-a-plus-que-double-en-10-ans-ministre#primaryimage"},"image":{"@id":"https:\/\/www.africa-press.net\/cotedivoire\/politique\/le-taux-dinvestissement-du-secteur-prive-a-plus-que-double-en-10-ans-ministre#primaryimage"},"thumbnailUrl":"https:\/\/static.africa-press.net\/cote\/sites\/43\/2025\/01\/sm_1737196673.337681.jpg","datePublished":"2025-01-18T13:36:00+00:00","author":{"@id":"https:\/\/www.africa-press.net\/cotedivoire\/#\/schema\/person\/2b1cf3cd81a31e3cd26889ca66d677f1"},"breadcrumb":{"@id":"https:\/\/www.africa-press.net\/cotedivoire\/politique\/le-taux-dinvestissement-du-secteur-prive-a-plus-que-double-en-10-ans-ministre#breadcrumb"},"inLanguage":"fr-FR","potentialAction":[{"@type":"ReadAction","target":["https:\/\/www.africa-press.net\/cotedivoire\/politique\/le-taux-dinvestissement-du-secteur-prive-a-plus-que-double-en-10-ans-ministre"]}]},{"@type":"ImageObject","inLanguage":"fr-FR","@id":"https:\/\/www.africa-press.net\/cotedivoire\/politique\/le-taux-dinvestissement-du-secteur-prive-a-plus-que-double-en-10-ans-ministre#primaryimage","url":"https:\/\/static.africa-press.net\/cote\/sites\/43\/2025\/01\/sm_1737196673.337681.jpg","contentUrl":"https:\/\/static.africa-press.net\/cote\/sites\/43\/2025\/01\/sm_1737196673.337681.jpg","width":768,"height":366,"caption":"Le taux d\u2019investissement du secteur priv\u00e9 a plus que doubl\u00e9 en 10 ans (Ministre)"},{"@type":"BreadcrumbList","@id":"https:\/\/www.africa-press.net\/cotedivoire\/politique\/le-taux-dinvestissement-du-secteur-prive-a-plus-que-double-en-10-ans-ministre#breadcrumb","itemListElement":[{"@type":"ListItem","position":1,"name":"Accueil","item":"https:\/\/www.africa-press.net\/cotedivoire\/"},{"@type":"ListItem","position":2,"name":"Le taux d\u2019investissement du secteur priv\u00e9 a plus que doubl\u00e9 en 10 ans (Ministre)"}]},{"@type":"WebSite","@id":"https:\/\/www.africa-press.net\/cotedivoire\/#website","url":"https:\/\/www.africa-press.net\/cotedivoire\/","name":"C\u00f4te d&#039;Ivoire","description":"Just another Africa News Agency Sites site","potentialAction":[{"@type":"SearchAction","target":{"@type":"EntryPoint","urlTemplate":"https:\/\/www.africa-press.net\/cotedivoire\/?s={search_term_string}"},"query-input":{"@type":"PropertyValueSpecification","valueRequired":true,"valueName":"search_term_string"}}],"inLanguage":"fr-FR"},{"@type":"Person","@id":"https:\/\/www.africa-press.net\/cotedivoire\/#\/schema\/person\/2b1cf3cd81a31e3cd26889ca66d677f1","name":"cfeditorfr"}]}},"_links":{"self":[{"href":"https:\/\/www.africa-press.net\/cotedivoire\/wp-json\/wp\/v2\/posts\/93883","targetHints":{"allow":["GET"]}}],"collection":[{"href":"https:\/\/www.africa-press.net\/cotedivoire\/wp-json\/wp\/v2\/posts"}],"about":[{"href":"https:\/\/www.africa-press.net\/cotedivoire\/wp-json\/wp\/v2\/types\/post"}],"author":[{"embeddable":true,"href":"https:\/\/www.africa-press.net\/cotedivoire\/wp-json\/wp\/v2\/users\/82"}],"replies":[{"embeddable":true,"href":"https:\/\/www.africa-press.net\/cotedivoire\/wp-json\/wp\/v2\/comments?post=93883"}],"version-history":[{"count":0,"href":"https:\/\/www.africa-press.net\/cotedivoire\/wp-json\/wp\/v2\/posts\/93883\/revisions"}],"wp:featuredmedia":[{"embeddable":true,"href":"https:\/\/www.africa-press.net\/cotedivoire\/wp-json\/wp\/v2\/media\/93882"}],"wp:attachment":[{"href":"https:\/\/www.africa-press.net\/cotedivoire\/wp-json\/wp\/v2\/media?parent=93883"}],"wp:term":[{"taxonomy":"category","embeddable":true,"href":"https:\/\/www.africa-press.net\/cotedivoire\/wp-json\/wp\/v2\/categories?post=93883"},{"taxonomy":"post_tag","embeddable":true,"href":"https:\/\/www.africa-press.net\/cotedivoire\/wp-json\/wp\/v2\/tags?post=93883"}],"curies":[{"name":"wp","href":"https:\/\/api.w.org\/{rel}","templated":true}]}}