{"id":93885,"date":"2025-01-18T13:36:00","date_gmt":"2025-01-18T13:36:00","guid":{"rendered":"https:\/\/www.africa-press.net\/cotedivoire\/politique\/le-ministre-detat-kouassi-adjoumani-exhorte-les-populations-a-consommer-lanacarde-ivoirien"},"modified":"2025-01-18T13:36:00","modified_gmt":"2025-01-18T13:36:00","slug":"le-ministre-detat-kouassi-adjoumani-exhorte-les-populations-a-consommer-lanacarde-ivoirien","status":"publish","type":"post","link":"https:\/\/www.africa-press.net\/cotedivoire\/politique\/le-ministre-detat-kouassi-adjoumani-exhorte-les-populations-a-consommer-lanacarde-ivoirien","title":{"rendered":"Le ministre d\u2019Etat Kouassi Adjoumani exhorte les populations \u00e0 consommer l\u2019anacarde ivoirien"},"content":{"rendered":"<p><span style=\"color: #ff6600\"><strong>Africa-Press &#8211; C\u00f4te d&rsquo;Ivoire. <\/strong><\/span>Le ministre d\u2019Etat, ministre de l\u2019Agriculture, du De\u0301veloppement rural et des Productions vivrie\u0300res, Kobenan Kouassi Adjoumani a lance\u0301, vendredi 17 janvier 2025, un appel a\u0300 la population ivoirienne afin de consommer davantage d\u2019anacarde produite localement.<\/p>\n<p>Lors de la premie\u0300re e\u0301dition des Journe\u0301es nationales des producteurs de coton et d\u2019anacarde (JNPCA) tenue au Parc des expositions d\u2019Abidjan, Kobenan Adjoumani a souligne\u0301 l\u2019importance de valoriser ce fruit sec, un pilier de l\u2019e\u0301conomie agricole ivoirienne.<\/p>\n<p>\u201cConsommer l\u2019anacarde ivoirien, c\u2019est aussi soutenir nos producteurs locaux, c\u2019est investir dans notre e\u0301conomie et c\u2019est surtout adopter une habitude alimentaire saine et savoureuse. A travers cette consommation locale, nous pouvons re\u0301duire notre de\u0301pendance aux exportations, renforcer notre souverainete\u0301 alimentaire et me\u0302me de\u0301velopper de nouvelles opportunite\u0301s d\u2019emplois dans la transformation et la commercialisation de ce produit exceptionnel\u201d, a-t-il de\u0301clare\u0301.<\/p>\n<p>En encourageant la consommation locale d\u2019anacarde, le ministre d\u2019Etat, ministre de l\u2019Agriculture, du De\u0301veloppement rural et des Productions vivrie\u0300res, vise plusieurs objectifs, notamment soutenir les producteurs locaux, augmenter la demande inte\u0301rieure, favoriser de meilleurs revenus et encourager a\u0300 investir dans la qualite\u0301 des produits.<\/p>\n<p>Le Conseil du coton et de l\u2019anacarde envisage d\u2019organiser des campagnes d\u2019information pour faire connai\u0302tre davantage les bienfaits de l\u2019anacarde pour la sante\u0301 et pour promouvoir sa consommation locale.<\/p>\n<p><strong>Pour plus d&rsquo;informations et d&rsquo;analyses sur la <span style=\"color: #ff6600\">C\u00f4te d&rsquo;Ivoire<\/span>, suivez <span style=\"color: #ff6600\">Africa-Press<span style=\"color: #ff6600\"><\/span><\/strong><\/p>\n","protected":false},"excerpt":{"rendered":"<p>Africa-Press &#8211; C\u00f4te d&rsquo;Ivoire. Le ministre d\u2019Etat, ministre de l\u2019Agriculture, du De\u0301veloppement rural et des Productions vivrie\u0300res, Kobenan Kouassi Adjoumani a lance\u0301, vendredi 17 janvier 2025, un appel a\u0300 la population ivoirienne afin de consommer davantage d\u2019anacarde produite localement. Lors de la premie\u0300re e\u0301dition des Journe\u0301es nationales des producteurs de coton et d\u2019anacarde (JNPCA) tenue [&hellip;]<\/p>\n","protected":false},"author":82,"featured_media":93884,"comment_status":"open","ping_status":"closed","sticky":false,"template":"","format":"standard","meta":{"footnotes":""},"categories":[2,10],"tags":[37],"class_list":["post-93885","post","type-post","status-publish","format-standard","has-post-thumbnail","hentry","category-politique","category-toutes-les-actualites","tag-cote-divoire-2"],"yoast_head":"<!-- This site is optimized with the Yoast SEO Premium plugin v26.1 (Yoast SEO v27.0) - https:\/\/yoast.com\/product\/yoast-seo-premium-wordpress\/ -->\n<title>Le ministre d\u2019Etat Kouassi Adjoumani exhorte les populations \u00e0 consommer l\u2019anacarde ivoirien - C\u00f4te d&#039;Ivoire<\/title>\n<meta name=\"robots\" content=\"index, follow, max-snippet:-1, max-image-preview:large, max-video-preview:-1\" \/>\n<link rel=\"canonical\" href=\"https:\/\/www.africa-press.net\/cotedivoire\/politique\/le-ministre-detat-kouassi-adjoumani-exhorte-les-populations-a-consommer-lanacarde-ivoirien\" \/>\n<meta property=\"og:locale\" content=\"fr_FR\" \/>\n<meta property=\"og:type\" content=\"article\" \/>\n<meta property=\"og:title\" content=\"Le ministre d\u2019Etat Kouassi Adjoumani exhorte les populations \u00e0 consommer l\u2019anacarde ivoirien\" \/>\n<meta property=\"og:description\" content=\"Africa-Press &#8211; C\u00f4te d&rsquo;Ivoire. Le ministre d\u2019Etat, ministre de l\u2019Agriculture, du De\u0301veloppement rural et des Productions vivrie\u0300res, Kobenan Kouassi Adjoumani a lance\u0301, vendredi 17 janvier 2025, un appel a\u0300 la population ivoirienne afin de consommer davantage d\u2019anacarde produite localement. Lors de la premie\u0300re e\u0301dition des Journe\u0301es nationales des producteurs de coton et d\u2019anacarde (JNPCA) tenue [&hellip;]\" \/>\n<meta property=\"og:url\" content=\"https:\/\/www.africa-press.net\/cotedivoire\/politique\/le-ministre-detat-kouassi-adjoumani-exhorte-les-populations-a-consommer-lanacarde-ivoirien\" \/>\n<meta property=\"og:site_name\" content=\"C\u00f4te d&#039;Ivoire\" \/>\n<meta property=\"article:published_time\" content=\"2025-01-18T13:36:00+00:00\" \/>\n<meta name=\"author\" content=\"cfeditorfr\" \/>\n<meta name=\"twitter:card\" content=\"summary_large_image\" \/>\n<meta name=\"twitter:label1\" content=\"\u00c9crit par\" \/>\n\t<meta name=\"twitter:data1\" content=\"cfeditorfr\" \/>\n\t<meta name=\"twitter:label2\" content=\"Dur\u00e9e de lecture estim\u00e9e\" \/>\n\t<meta name=\"twitter:data2\" content=\"1 minute\" \/>\n<script type=\"application\/ld+json\" class=\"yoast-schema-graph\">{\"@context\":\"https:\/\/schema.org\",\"@graph\":[{\"@type\":\"Article\",\"@id\":\"https:\/\/www.africa-press.net\/cotedivoire\/politique\/le-ministre-detat-kouassi-adjoumani-exhorte-les-populations-a-consommer-lanacarde-ivoirien#article\",\"isPartOf\":{\"@id\":\"https:\/\/www.africa-press.net\/cotedivoire\/politique\/le-ministre-detat-kouassi-adjoumani-exhorte-les-populations-a-consommer-lanacarde-ivoirien\"},\"author\":{\"name\":\"cfeditorfr\",\"@id\":\"https:\/\/www.africa-press.net\/cotedivoire\/#\/schema\/person\/2b1cf3cd81a31e3cd26889ca66d677f1\"},\"headline\":\"Le ministre d\u2019Etat Kouassi Adjoumani exhorte les populations \u00e0 consommer l\u2019anacarde ivoirien\",\"datePublished\":\"2025-01-18T13:36:00+00:00\",\"mainEntityOfPage\":{\"@id\":\"https:\/\/www.africa-press.net\/cotedivoire\/politique\/le-ministre-detat-kouassi-adjoumani-exhorte-les-populations-a-consommer-lanacarde-ivoirien\"},\"wordCount\":272,\"commentCount\":0,\"image\":{\"@id\":\"https:\/\/www.africa-press.net\/cotedivoire\/politique\/le-ministre-detat-kouassi-adjoumani-exhorte-les-populations-a-consommer-lanacarde-ivoirien#primaryimage\"},\"thumbnailUrl\":\"https:\/\/static.africa-press.net\/cote\/sites\/43\/2025\/01\/sm_1737196683.987205.jpg\",\"keywords\":[\"C\u00f4te d'Ivoire\"],\"articleSection\":[\"Politique\",\"Toutes les actualit\u00e9s\"],\"inLanguage\":\"fr-FR\",\"potentialAction\":[{\"@type\":\"CommentAction\",\"name\":\"Comment\",\"target\":[\"https:\/\/www.africa-press.net\/cotedivoire\/politique\/le-ministre-detat-kouassi-adjoumani-exhorte-les-populations-a-consommer-lanacarde-ivoirien#respond\"]}]},{\"@type\":\"WebPage\",\"@id\":\"https:\/\/www.africa-press.net\/cotedivoire\/politique\/le-ministre-detat-kouassi-adjoumani-exhorte-les-populations-a-consommer-lanacarde-ivoirien\",\"url\":\"https:\/\/www.africa-press.net\/cotedivoire\/politique\/le-ministre-detat-kouassi-adjoumani-exhorte-les-populations-a-consommer-lanacarde-ivoirien\",\"name\":\"Le ministre d\u2019Etat Kouassi Adjoumani exhorte les populations \u00e0 consommer l\u2019anacarde ivoirien - C\u00f4te d&#039;Ivoire\",\"isPartOf\":{\"@id\":\"https:\/\/www.africa-press.net\/cotedivoire\/#website\"},\"primaryImageOfPage\":{\"@id\":\"https:\/\/www.africa-press.net\/cotedivoire\/politique\/le-ministre-detat-kouassi-adjoumani-exhorte-les-populations-a-consommer-lanacarde-ivoirien#primaryimage\"},\"image\":{\"@id\":\"https:\/\/www.africa-press.net\/cotedivoire\/politique\/le-ministre-detat-kouassi-adjoumani-exhorte-les-populations-a-consommer-lanacarde-ivoirien#primaryimage\"},\"thumbnailUrl\":\"https:\/\/static.africa-press.net\/cote\/sites\/43\/2025\/01\/sm_1737196683.987205.jpg\",\"datePublished\":\"2025-01-18T13:36:00+00:00\",\"author\":{\"@id\":\"https:\/\/www.africa-press.net\/cotedivoire\/#\/schema\/person\/2b1cf3cd81a31e3cd26889ca66d677f1\"},\"breadcrumb\":{\"@id\":\"https:\/\/www.africa-press.net\/cotedivoire\/politique\/le-ministre-detat-kouassi-adjoumani-exhorte-les-populations-a-consommer-lanacarde-ivoirien#breadcrumb\"},\"inLanguage\":\"fr-FR\",\"potentialAction\":[{\"@type\":\"ReadAction\",\"target\":[\"https:\/\/www.africa-press.net\/cotedivoire\/politique\/le-ministre-detat-kouassi-adjoumani-exhorte-les-populations-a-consommer-lanacarde-ivoirien\"]}]},{\"@type\":\"ImageObject\",\"inLanguage\":\"fr-FR\",\"@id\":\"https:\/\/www.africa-press.net\/cotedivoire\/politique\/le-ministre-detat-kouassi-adjoumani-exhorte-les-populations-a-consommer-lanacarde-ivoirien#primaryimage\",\"url\":\"https:\/\/static.africa-press.net\/cote\/sites\/43\/2025\/01\/sm_1737196683.987205.jpg\",\"contentUrl\":\"https:\/\/static.africa-press.net\/cote\/sites\/43\/2025\/01\/sm_1737196683.987205.jpg\",\"width\":720,\"height\":480,\"caption\":\"Le ministre d\u2019Etat Kouassi Adjoumani exhorte les populations \u00e0 consommer l\u2019anacarde ivoirien\"},{\"@type\":\"BreadcrumbList\",\"@id\":\"https:\/\/www.africa-press.net\/cotedivoire\/politique\/le-ministre-detat-kouassi-adjoumani-exhorte-les-populations-a-consommer-lanacarde-ivoirien#breadcrumb\",\"itemListElement\":[{\"@type\":\"ListItem\",\"position\":1,\"name\":\"Accueil\",\"item\":\"https:\/\/www.africa-press.net\/cotedivoire\/\"},{\"@type\":\"ListItem\",\"position\":2,\"name\":\"Le ministre d\u2019Etat Kouassi Adjoumani exhorte les populations \u00e0 consommer l\u2019anacarde ivoirien\"}]},{\"@type\":\"WebSite\",\"@id\":\"https:\/\/www.africa-press.net\/cotedivoire\/#website\",\"url\":\"https:\/\/www.africa-press.net\/cotedivoire\/\",\"name\":\"C\u00f4te d&#039;Ivoire\",\"description\":\"Just another Africa News Agency Sites site\",\"potentialAction\":[{\"@type\":\"SearchAction\",\"target\":{\"@type\":\"EntryPoint\",\"urlTemplate\":\"https:\/\/www.africa-press.net\/cotedivoire\/?s={search_term_string}\"},\"query-input\":{\"@type\":\"PropertyValueSpecification\",\"valueRequired\":true,\"valueName\":\"search_term_string\"}}],\"inLanguage\":\"fr-FR\"},{\"@type\":\"Person\",\"@id\":\"https:\/\/www.africa-press.net\/cotedivoire\/#\/schema\/person\/2b1cf3cd81a31e3cd26889ca66d677f1\",\"name\":\"cfeditorfr\"}]}<\/script>\n<!-- \/ Yoast SEO Premium plugin. -->","yoast_head_json":{"title":"Le ministre d\u2019Etat Kouassi Adjoumani exhorte les populations \u00e0 consommer l\u2019anacarde ivoirien - C\u00f4te d&#039;Ivoire","robots":{"index":"index","follow":"follow","max-snippet":"max-snippet:-1","max-image-preview":"max-image-preview:large","max-video-preview":"max-video-preview:-1"},"canonical":"https:\/\/www.africa-press.net\/cotedivoire\/politique\/le-ministre-detat-kouassi-adjoumani-exhorte-les-populations-a-consommer-lanacarde-ivoirien","og_locale":"fr_FR","og_type":"article","og_title":"Le ministre d\u2019Etat Kouassi Adjoumani exhorte les populations \u00e0 consommer l\u2019anacarde ivoirien","og_description":"Africa-Press &#8211; C\u00f4te d&rsquo;Ivoire. Le ministre d\u2019Etat, ministre de l\u2019Agriculture, du De\u0301veloppement rural et des Productions vivrie\u0300res, Kobenan Kouassi Adjoumani a lance\u0301, vendredi 17 janvier 2025, un appel a\u0300 la population ivoirienne afin de consommer davantage d\u2019anacarde produite localement. Lors de la premie\u0300re e\u0301dition des Journe\u0301es nationales des producteurs de coton et d\u2019anacarde (JNPCA) tenue [&hellip;]","og_url":"https:\/\/www.africa-press.net\/cotedivoire\/politique\/le-ministre-detat-kouassi-adjoumani-exhorte-les-populations-a-consommer-lanacarde-ivoirien","og_site_name":"C\u00f4te d&#039;Ivoire","article_published_time":"2025-01-18T13:36:00+00:00","author":"cfeditorfr","twitter_card":"summary_large_image","twitter_misc":{"\u00c9crit par":"cfeditorfr","Dur\u00e9e de lecture estim\u00e9e":"1 minute"},"schema":{"@context":"https:\/\/schema.org","@graph":[{"@type":"Article","@id":"https:\/\/www.africa-press.net\/cotedivoire\/politique\/le-ministre-detat-kouassi-adjoumani-exhorte-les-populations-a-consommer-lanacarde-ivoirien#article","isPartOf":{"@id":"https:\/\/www.africa-press.net\/cotedivoire\/politique\/le-ministre-detat-kouassi-adjoumani-exhorte-les-populations-a-consommer-lanacarde-ivoirien"},"author":{"name":"cfeditorfr","@id":"https:\/\/www.africa-press.net\/cotedivoire\/#\/schema\/person\/2b1cf3cd81a31e3cd26889ca66d677f1"},"headline":"Le ministre d\u2019Etat Kouassi Adjoumani exhorte les populations \u00e0 consommer l\u2019anacarde ivoirien","datePublished":"2025-01-18T13:36:00+00:00","mainEntityOfPage":{"@id":"https:\/\/www.africa-press.net\/cotedivoire\/politique\/le-ministre-detat-kouassi-adjoumani-exhorte-les-populations-a-consommer-lanacarde-ivoirien"},"wordCount":272,"commentCount":0,"image":{"@id":"https:\/\/www.africa-press.net\/cotedivoire\/politique\/le-ministre-detat-kouassi-adjoumani-exhorte-les-populations-a-consommer-lanacarde-ivoirien#primaryimage"},"thumbnailUrl":"https:\/\/static.africa-press.net\/cote\/sites\/43\/2025\/01\/sm_1737196683.987205.jpg","keywords":["C\u00f4te d'Ivoire"],"articleSection":["Politique","Toutes les actualit\u00e9s"],"inLanguage":"fr-FR","potentialAction":[{"@type":"CommentAction","name":"Comment","target":["https:\/\/www.africa-press.net\/cotedivoire\/politique\/le-ministre-detat-kouassi-adjoumani-exhorte-les-populations-a-consommer-lanacarde-ivoirien#respond"]}]},{"@type":"WebPage","@id":"https:\/\/www.africa-press.net\/cotedivoire\/politique\/le-ministre-detat-kouassi-adjoumani-exhorte-les-populations-a-consommer-lanacarde-ivoirien","url":"https:\/\/www.africa-press.net\/cotedivoire\/politique\/le-ministre-detat-kouassi-adjoumani-exhorte-les-populations-a-consommer-lanacarde-ivoirien","name":"Le ministre d\u2019Etat Kouassi Adjoumani exhorte les populations \u00e0 consommer l\u2019anacarde ivoirien - C\u00f4te d&#039;Ivoire","isPartOf":{"@id":"https:\/\/www.africa-press.net\/cotedivoire\/#website"},"primaryImageOfPage":{"@id":"https:\/\/www.africa-press.net\/cotedivoire\/politique\/le-ministre-detat-kouassi-adjoumani-exhorte-les-populations-a-consommer-lanacarde-ivoirien#primaryimage"},"image":{"@id":"https:\/\/www.africa-press.net\/cotedivoire\/politique\/le-ministre-detat-kouassi-adjoumani-exhorte-les-populations-a-consommer-lanacarde-ivoirien#primaryimage"},"thumbnailUrl":"https:\/\/static.africa-press.net\/cote\/sites\/43\/2025\/01\/sm_1737196683.987205.jpg","datePublished":"2025-01-18T13:36:00+00:00","author":{"@id":"https:\/\/www.africa-press.net\/cotedivoire\/#\/schema\/person\/2b1cf3cd81a31e3cd26889ca66d677f1"},"breadcrumb":{"@id":"https:\/\/www.africa-press.net\/cotedivoire\/politique\/le-ministre-detat-kouassi-adjoumani-exhorte-les-populations-a-consommer-lanacarde-ivoirien#breadcrumb"},"inLanguage":"fr-FR","potentialAction":[{"@type":"ReadAction","target":["https:\/\/www.africa-press.net\/cotedivoire\/politique\/le-ministre-detat-kouassi-adjoumani-exhorte-les-populations-a-consommer-lanacarde-ivoirien"]}]},{"@type":"ImageObject","inLanguage":"fr-FR","@id":"https:\/\/www.africa-press.net\/cotedivoire\/politique\/le-ministre-detat-kouassi-adjoumani-exhorte-les-populations-a-consommer-lanacarde-ivoirien#primaryimage","url":"https:\/\/static.africa-press.net\/cote\/sites\/43\/2025\/01\/sm_1737196683.987205.jpg","contentUrl":"https:\/\/static.africa-press.net\/cote\/sites\/43\/2025\/01\/sm_1737196683.987205.jpg","width":720,"height":480,"caption":"Le ministre d\u2019Etat Kouassi Adjoumani exhorte les populations \u00e0 consommer l\u2019anacarde ivoirien"},{"@type":"BreadcrumbList","@id":"https:\/\/www.africa-press.net\/cotedivoire\/politique\/le-ministre-detat-kouassi-adjoumani-exhorte-les-populations-a-consommer-lanacarde-ivoirien#breadcrumb","itemListElement":[{"@type":"ListItem","position":1,"name":"Accueil","item":"https:\/\/www.africa-press.net\/cotedivoire\/"},{"@type":"ListItem","position":2,"name":"Le ministre d\u2019Etat Kouassi Adjoumani exhorte les populations \u00e0 consommer l\u2019anacarde ivoirien"}]},{"@type":"WebSite","@id":"https:\/\/www.africa-press.net\/cotedivoire\/#website","url":"https:\/\/www.africa-press.net\/cotedivoire\/","name":"C\u00f4te d&#039;Ivoire","description":"Just another Africa News Agency Sites site","potentialAction":[{"@type":"SearchAction","target":{"@type":"EntryPoint","urlTemplate":"https:\/\/www.africa-press.net\/cotedivoire\/?s={search_term_string}"},"query-input":{"@type":"PropertyValueSpecification","valueRequired":true,"valueName":"search_term_string"}}],"inLanguage":"fr-FR"},{"@type":"Person","@id":"https:\/\/www.africa-press.net\/cotedivoire\/#\/schema\/person\/2b1cf3cd81a31e3cd26889ca66d677f1","name":"cfeditorfr"}]}},"_links":{"self":[{"href":"https:\/\/www.africa-press.net\/cotedivoire\/wp-json\/wp\/v2\/posts\/93885","targetHints":{"allow":["GET"]}}],"collection":[{"href":"https:\/\/www.africa-press.net\/cotedivoire\/wp-json\/wp\/v2\/posts"}],"about":[{"href":"https:\/\/www.africa-press.net\/cotedivoire\/wp-json\/wp\/v2\/types\/post"}],"author":[{"embeddable":true,"href":"https:\/\/www.africa-press.net\/cotedivoire\/wp-json\/wp\/v2\/users\/82"}],"replies":[{"embeddable":true,"href":"https:\/\/www.africa-press.net\/cotedivoire\/wp-json\/wp\/v2\/comments?post=93885"}],"version-history":[{"count":0,"href":"https:\/\/www.africa-press.net\/cotedivoire\/wp-json\/wp\/v2\/posts\/93885\/revisions"}],"wp:featuredmedia":[{"embeddable":true,"href":"https:\/\/www.africa-press.net\/cotedivoire\/wp-json\/wp\/v2\/media\/93884"}],"wp:attachment":[{"href":"https:\/\/www.africa-press.net\/cotedivoire\/wp-json\/wp\/v2\/media?parent=93885"}],"wp:term":[{"taxonomy":"category","embeddable":true,"href":"https:\/\/www.africa-press.net\/cotedivoire\/wp-json\/wp\/v2\/categories?post=93885"},{"taxonomy":"post_tag","embeddable":true,"href":"https:\/\/www.africa-press.net\/cotedivoire\/wp-json\/wp\/v2\/tags?post=93885"}],"curies":[{"name":"wp","href":"https:\/\/api.w.org\/{rel}","templated":true}]}}