{"id":93887,"date":"2025-01-18T13:36:00","date_gmt":"2025-01-18T13:36:00","guid":{"rendered":"https:\/\/www.africa-press.net\/cotedivoire\/politique\/ladu-est-une-avancee-majeure-pour-le-foncier-en-cote-divoire-cnpc-ci"},"modified":"2025-01-18T13:36:00","modified_gmt":"2025-01-18T13:36:00","slug":"ladu-est-une-avancee-majeure-pour-le-foncier-en-cote-divoire-cnpc-ci","status":"publish","type":"post","link":"https:\/\/www.africa-press.net\/cotedivoire\/economie\/ladu-est-une-avancee-majeure-pour-le-foncier-en-cote-divoire-cnpc-ci","title":{"rendered":"L\u2019ADU est une avanc\u00e9e majeure pour le foncier en C\u00f4te d\u2019Ivoire (CNPC-CI)"},"content":{"rendered":"<p><span style=\"color: #ff6600\"><strong>Africa-Press &#8211; C\u00f4te d&rsquo;Ivoire. <\/strong><\/span>pre\u0301sident charge\u0301 de la Politique et des re\u0301formes de la Chambre nationale des promoteurs et constructeurs agre\u0301e\u0301s de Co\u0302te d\u2019Ivoire (CNPC-CI), Yamoussa Coulibaly, s\u2019est fe\u0301licite\u0301 le mercredi 15 janvier 2025, de l\u2019entre\u0301e en vigueur de l\u2019Attestation de droit d\u2019usage coutumier (ADU), qui constitue une avance\u0301e majeure pour le foncier en Co\u0302te d\u2019Ivoire, a appris l\u2019AIP.<\/p>\n<p>Yamoussa Coulibaly a profite\u0301 de l\u2019audience qu\u2019il a accorde\u0301e au nouveau vice-pre\u0301sident de cette fai\u0302tie\u0300re charge\u0301 des Relations avec le ministe\u0300re de la Construction, du Logement et de l\u2019Urbanisme (MCLU) et les Institutions, Armand Yao Yao, pour exprimer son assentiment avec la de\u0301cision d\u2019abandonner l\u2019attestation villageoise au profit de l\u2019ADU.<\/p>\n<p>\u201cL\u2019ADU se\u0301curise les biens des acque\u0301reurs et les investissements des promoteurs. C\u2019est une grande avance\u0301e dans l\u2019assainissement du foncier. Nous ne pouvons que soutenir sa mise en \u0153uvre\u201d, a de\u0301clare\u0301 M. Coulibaly. Il a exhorte\u0301 l\u2019ensemble des promoteurs a\u0300 rejoindre la CNPC-CI afin d\u2019aider l\u2019Etat a\u0300 mettre en \u0153uvre l\u2019ADU.<\/p>\n<p>\u201cNous voulons inviter tous les promoteurs, tous les ope\u0301rateurs des domaines du foncier et de l\u2019immobilier en Co\u0302te d\u2019Ivoire a\u0300 nous rejoindre. Nous allons, ensemble, aider l\u2019E\u0301tat a\u0300 mettre en \u0153uvre l\u2019ADU\u201d, a-t-il fait savoir.<\/p>\n<p>De son co\u0302te\u0301, Armand Yao Yao a exprime\u0301 sa satisfaction face a\u0300 l\u2019ADU qui vient re\u0301gler les litiges fonciers. Il a invite\u0301 les de\u0301tenteurs de lots avec attestation villageoise a\u0300 se faire enregistrer dans les guides des villages pour en vue de l\u2019obtention de l\u2019ADU.<\/p>\n<p>\u201cEn re\u0301alite\u0301, le ministe\u0300re nous arrange avec l\u2019ADU. Avant, les proprie\u0301taires terriens vendaient me\u0302me la part des ope\u0301rateurs apre\u0300s le partage. Cela cre\u0301ait beaucoup de litiges. Nous invitons donc les personnes qui ont de\u0301ja\u0300 acquis des lots avec une attestation villageoise a\u0300 tout mettre en \u0153uvre pour se faire enregistrer dans les guides des villages en vue de l\u2019obtention de l\u2019ADU\u201d, a renche\u0301ri M. Yao.<\/p>\n<p>Depuis le 1er janvier 2025, l\u2019ADU est l\u2019unique document exige\u0301 pour l\u2019acquisition de l\u2019Arre\u0302te\u0301 de Concession de\u0301finitive (ACD). Cette re\u0301forme initie\u0301e par le ministe\u0300re de la Construction, du Logement et de l\u2019Urbanisme rencontre l\u2019adhe\u0301sion des ope\u0301rateurs du secteur de l\u2019immobilier dont Yamoussa Coulibaly, par ailleurs, pre\u0301sident directeur ge\u0301ne\u0301ral de Challenge immobilier International (Chim Inter)<\/p>\n<p>La CNPC-CI est la fai\u0302tie\u0300re des ope\u0301rateurs du secteur du foncier et de l\u2019immobilier. Elle s\u2019est engage\u0301e a\u0300 accompagner le gouvernement dans la mise en \u0153uvre de sa politique de logement.<\/p>\n<p><strong>Pour plus d&rsquo;informations et d&rsquo;analyses sur la <span style=\"color: #ff6600\">C\u00f4te d&rsquo;Ivoire<\/span>, suivez <span style=\"color: #ff6600\">Africa-Press<span style=\"color: #ff6600\"><\/span><\/strong><\/p>\n","protected":false},"excerpt":{"rendered":"<p>Africa-Press &#8211; C\u00f4te d&rsquo;Ivoire. pre\u0301sident charge\u0301 de la Politique et des re\u0301formes de la Chambre nationale des promoteurs et constructeurs agre\u0301e\u0301s de Co\u0302te d\u2019Ivoire (CNPC-CI), Yamoussa Coulibaly, s\u2019est fe\u0301licite\u0301 le mercredi 15 janvier 2025, de l\u2019entre\u0301e en vigueur de l\u2019Attestation de droit d\u2019usage coutumier (ADU), qui constitue une avance\u0301e majeure pour le foncier en Co\u0302te [&hellip;]<\/p>\n","protected":false},"author":82,"featured_media":93886,"comment_status":"open","ping_status":"closed","sticky":false,"template":"","format":"standard","meta":{"footnotes":""},"categories":[3,10],"tags":[37],"class_list":["post-93887","post","type-post","status-publish","format-standard","has-post-thumbnail","hentry","category-economie","category-toutes-les-actualites","tag-cote-divoire-2"],"yoast_head":"<!-- This site is optimized with the Yoast SEO Premium plugin v26.1 (Yoast SEO v27.0) - https:\/\/yoast.com\/product\/yoast-seo-premium-wordpress\/ -->\n<title>L\u2019ADU est une avanc\u00e9e majeure pour le foncier en C\u00f4te d\u2019Ivoire (CNPC-CI) - C\u00f4te d&#039;Ivoire<\/title>\n<meta name=\"robots\" content=\"index, follow, max-snippet:-1, max-image-preview:large, max-video-preview:-1\" \/>\n<link rel=\"canonical\" href=\"https:\/\/www.africa-press.net\/cotedivoire\/politique\/ladu-est-une-avancee-majeure-pour-le-foncier-en-cote-divoire-cnpc-ci\" \/>\n<meta property=\"og:locale\" content=\"fr_FR\" \/>\n<meta property=\"og:type\" content=\"article\" \/>\n<meta property=\"og:title\" content=\"L\u2019ADU est une avanc\u00e9e majeure pour le foncier en C\u00f4te d\u2019Ivoire (CNPC-CI)\" \/>\n<meta property=\"og:description\" content=\"Africa-Press &#8211; C\u00f4te d&rsquo;Ivoire. pre\u0301sident charge\u0301 de la Politique et des re\u0301formes de la Chambre nationale des promoteurs et constructeurs agre\u0301e\u0301s de Co\u0302te d\u2019Ivoire (CNPC-CI), Yamoussa Coulibaly, s\u2019est fe\u0301licite\u0301 le mercredi 15 janvier 2025, de l\u2019entre\u0301e en vigueur de l\u2019Attestation de droit d\u2019usage coutumier (ADU), qui constitue une avance\u0301e majeure pour le foncier en Co\u0302te [&hellip;]\" \/>\n<meta property=\"og:url\" content=\"https:\/\/www.africa-press.net\/cotedivoire\/politique\/ladu-est-une-avancee-majeure-pour-le-foncier-en-cote-divoire-cnpc-ci\" \/>\n<meta property=\"og:site_name\" content=\"C\u00f4te d&#039;Ivoire\" \/>\n<meta property=\"article:published_time\" content=\"2025-01-18T13:36:00+00:00\" \/>\n<meta name=\"author\" content=\"cfeditorfr\" \/>\n<meta name=\"twitter:card\" content=\"summary_large_image\" \/>\n<meta name=\"twitter:label1\" content=\"\u00c9crit par\" \/>\n\t<meta name=\"twitter:data1\" content=\"cfeditorfr\" \/>\n\t<meta name=\"twitter:label2\" content=\"Dur\u00e9e de lecture estim\u00e9e\" \/>\n\t<meta name=\"twitter:data2\" content=\"2 minutes\" \/>\n<script type=\"application\/ld+json\" class=\"yoast-schema-graph\">{\"@context\":\"https:\/\/schema.org\",\"@graph\":[{\"@type\":\"Article\",\"@id\":\"https:\/\/www.africa-press.net\/cotedivoire\/politique\/ladu-est-une-avancee-majeure-pour-le-foncier-en-cote-divoire-cnpc-ci#article\",\"isPartOf\":{\"@id\":\"https:\/\/www.africa-press.net\/cotedivoire\/politique\/ladu-est-une-avancee-majeure-pour-le-foncier-en-cote-divoire-cnpc-ci\"},\"author\":{\"name\":\"cfeditorfr\",\"@id\":\"https:\/\/www.africa-press.net\/cotedivoire\/#\/schema\/person\/2b1cf3cd81a31e3cd26889ca66d677f1\"},\"headline\":\"L\u2019ADU est une avanc\u00e9e majeure pour le foncier en C\u00f4te d\u2019Ivoire (CNPC-CI)\",\"datePublished\":\"2025-01-18T13:36:00+00:00\",\"mainEntityOfPage\":{\"@id\":\"https:\/\/www.africa-press.net\/cotedivoire\/politique\/ladu-est-une-avancee-majeure-pour-le-foncier-en-cote-divoire-cnpc-ci\"},\"wordCount\":506,\"commentCount\":0,\"image\":{\"@id\":\"https:\/\/www.africa-press.net\/cotedivoire\/politique\/ladu-est-une-avancee-majeure-pour-le-foncier-en-cote-divoire-cnpc-ci#primaryimage\"},\"thumbnailUrl\":\"https:\/\/static.africa-press.net\/cote\/sites\/43\/2025\/01\/sm_1737196694.089526.jpg\",\"keywords\":[\"C\u00f4te d'Ivoire\"],\"articleSection\":[\"\u00c9conomie\",\"Toutes les actualit\u00e9s\"],\"inLanguage\":\"fr-FR\",\"potentialAction\":[{\"@type\":\"CommentAction\",\"name\":\"Comment\",\"target\":[\"https:\/\/www.africa-press.net\/cotedivoire\/politique\/ladu-est-une-avancee-majeure-pour-le-foncier-en-cote-divoire-cnpc-ci#respond\"]}]},{\"@type\":\"WebPage\",\"@id\":\"https:\/\/www.africa-press.net\/cotedivoire\/politique\/ladu-est-une-avancee-majeure-pour-le-foncier-en-cote-divoire-cnpc-ci\",\"url\":\"https:\/\/www.africa-press.net\/cotedivoire\/politique\/ladu-est-une-avancee-majeure-pour-le-foncier-en-cote-divoire-cnpc-ci\",\"name\":\"L\u2019ADU est une avanc\u00e9e majeure pour le foncier en C\u00f4te d\u2019Ivoire (CNPC-CI) - C\u00f4te d&#039;Ivoire\",\"isPartOf\":{\"@id\":\"https:\/\/www.africa-press.net\/cotedivoire\/#website\"},\"primaryImageOfPage\":{\"@id\":\"https:\/\/www.africa-press.net\/cotedivoire\/politique\/ladu-est-une-avancee-majeure-pour-le-foncier-en-cote-divoire-cnpc-ci#primaryimage\"},\"image\":{\"@id\":\"https:\/\/www.africa-press.net\/cotedivoire\/politique\/ladu-est-une-avancee-majeure-pour-le-foncier-en-cote-divoire-cnpc-ci#primaryimage\"},\"thumbnailUrl\":\"https:\/\/static.africa-press.net\/cote\/sites\/43\/2025\/01\/sm_1737196694.089526.jpg\",\"datePublished\":\"2025-01-18T13:36:00+00:00\",\"author\":{\"@id\":\"https:\/\/www.africa-press.net\/cotedivoire\/#\/schema\/person\/2b1cf3cd81a31e3cd26889ca66d677f1\"},\"breadcrumb\":{\"@id\":\"https:\/\/www.africa-press.net\/cotedivoire\/politique\/ladu-est-une-avancee-majeure-pour-le-foncier-en-cote-divoire-cnpc-ci#breadcrumb\"},\"inLanguage\":\"fr-FR\",\"potentialAction\":[{\"@type\":\"ReadAction\",\"target\":[\"https:\/\/www.africa-press.net\/cotedivoire\/politique\/ladu-est-une-avancee-majeure-pour-le-foncier-en-cote-divoire-cnpc-ci\"]}]},{\"@type\":\"ImageObject\",\"inLanguage\":\"fr-FR\",\"@id\":\"https:\/\/www.africa-press.net\/cotedivoire\/politique\/ladu-est-une-avancee-majeure-pour-le-foncier-en-cote-divoire-cnpc-ci#primaryimage\",\"url\":\"https:\/\/static.africa-press.net\/cote\/sites\/43\/2025\/01\/sm_1737196694.089526.jpg\",\"contentUrl\":\"https:\/\/static.africa-press.net\/cote\/sites\/43\/2025\/01\/sm_1737196694.089526.jpg\",\"width\":720,\"height\":480,\"caption\":\"L\u2019ADU est une avanc\u00e9e majeure pour le foncier en C\u00f4te d\u2019Ivoire (CNPC-CI)\"},{\"@type\":\"BreadcrumbList\",\"@id\":\"https:\/\/www.africa-press.net\/cotedivoire\/politique\/ladu-est-une-avancee-majeure-pour-le-foncier-en-cote-divoire-cnpc-ci#breadcrumb\",\"itemListElement\":[{\"@type\":\"ListItem\",\"position\":1,\"name\":\"Accueil\",\"item\":\"https:\/\/www.africa-press.net\/cotedivoire\/\"},{\"@type\":\"ListItem\",\"position\":2,\"name\":\"L\u2019ADU est une avanc\u00e9e majeure pour le foncier en C\u00f4te d\u2019Ivoire (CNPC-CI)\"}]},{\"@type\":\"WebSite\",\"@id\":\"https:\/\/www.africa-press.net\/cotedivoire\/#website\",\"url\":\"https:\/\/www.africa-press.net\/cotedivoire\/\",\"name\":\"C\u00f4te d&#039;Ivoire\",\"description\":\"Just another Africa News Agency Sites site\",\"potentialAction\":[{\"@type\":\"SearchAction\",\"target\":{\"@type\":\"EntryPoint\",\"urlTemplate\":\"https:\/\/www.africa-press.net\/cotedivoire\/?s={search_term_string}\"},\"query-input\":{\"@type\":\"PropertyValueSpecification\",\"valueRequired\":true,\"valueName\":\"search_term_string\"}}],\"inLanguage\":\"fr-FR\"},{\"@type\":\"Person\",\"@id\":\"https:\/\/www.africa-press.net\/cotedivoire\/#\/schema\/person\/2b1cf3cd81a31e3cd26889ca66d677f1\",\"name\":\"cfeditorfr\"}]}<\/script>\n<!-- \/ Yoast SEO Premium plugin. -->","yoast_head_json":{"title":"L\u2019ADU est une avanc\u00e9e majeure pour le foncier en C\u00f4te d\u2019Ivoire (CNPC-CI) - C\u00f4te d&#039;Ivoire","robots":{"index":"index","follow":"follow","max-snippet":"max-snippet:-1","max-image-preview":"max-image-preview:large","max-video-preview":"max-video-preview:-1"},"canonical":"https:\/\/www.africa-press.net\/cotedivoire\/politique\/ladu-est-une-avancee-majeure-pour-le-foncier-en-cote-divoire-cnpc-ci","og_locale":"fr_FR","og_type":"article","og_title":"L\u2019ADU est une avanc\u00e9e majeure pour le foncier en C\u00f4te d\u2019Ivoire (CNPC-CI)","og_description":"Africa-Press &#8211; C\u00f4te d&rsquo;Ivoire. pre\u0301sident charge\u0301 de la Politique et des re\u0301formes de la Chambre nationale des promoteurs et constructeurs agre\u0301e\u0301s de Co\u0302te d\u2019Ivoire (CNPC-CI), Yamoussa Coulibaly, s\u2019est fe\u0301licite\u0301 le mercredi 15 janvier 2025, de l\u2019entre\u0301e en vigueur de l\u2019Attestation de droit d\u2019usage coutumier (ADU), qui constitue une avance\u0301e majeure pour le foncier en Co\u0302te [&hellip;]","og_url":"https:\/\/www.africa-press.net\/cotedivoire\/politique\/ladu-est-une-avancee-majeure-pour-le-foncier-en-cote-divoire-cnpc-ci","og_site_name":"C\u00f4te d&#039;Ivoire","article_published_time":"2025-01-18T13:36:00+00:00","author":"cfeditorfr","twitter_card":"summary_large_image","twitter_misc":{"\u00c9crit par":"cfeditorfr","Dur\u00e9e de lecture estim\u00e9e":"2 minutes"},"schema":{"@context":"https:\/\/schema.org","@graph":[{"@type":"Article","@id":"https:\/\/www.africa-press.net\/cotedivoire\/politique\/ladu-est-une-avancee-majeure-pour-le-foncier-en-cote-divoire-cnpc-ci#article","isPartOf":{"@id":"https:\/\/www.africa-press.net\/cotedivoire\/politique\/ladu-est-une-avancee-majeure-pour-le-foncier-en-cote-divoire-cnpc-ci"},"author":{"name":"cfeditorfr","@id":"https:\/\/www.africa-press.net\/cotedivoire\/#\/schema\/person\/2b1cf3cd81a31e3cd26889ca66d677f1"},"headline":"L\u2019ADU est une avanc\u00e9e majeure pour le foncier en C\u00f4te d\u2019Ivoire (CNPC-CI)","datePublished":"2025-01-18T13:36:00+00:00","mainEntityOfPage":{"@id":"https:\/\/www.africa-press.net\/cotedivoire\/politique\/ladu-est-une-avancee-majeure-pour-le-foncier-en-cote-divoire-cnpc-ci"},"wordCount":506,"commentCount":0,"image":{"@id":"https:\/\/www.africa-press.net\/cotedivoire\/politique\/ladu-est-une-avancee-majeure-pour-le-foncier-en-cote-divoire-cnpc-ci#primaryimage"},"thumbnailUrl":"https:\/\/static.africa-press.net\/cote\/sites\/43\/2025\/01\/sm_1737196694.089526.jpg","keywords":["C\u00f4te d'Ivoire"],"articleSection":["\u00c9conomie","Toutes les actualit\u00e9s"],"inLanguage":"fr-FR","potentialAction":[{"@type":"CommentAction","name":"Comment","target":["https:\/\/www.africa-press.net\/cotedivoire\/politique\/ladu-est-une-avancee-majeure-pour-le-foncier-en-cote-divoire-cnpc-ci#respond"]}]},{"@type":"WebPage","@id":"https:\/\/www.africa-press.net\/cotedivoire\/politique\/ladu-est-une-avancee-majeure-pour-le-foncier-en-cote-divoire-cnpc-ci","url":"https:\/\/www.africa-press.net\/cotedivoire\/politique\/ladu-est-une-avancee-majeure-pour-le-foncier-en-cote-divoire-cnpc-ci","name":"L\u2019ADU est une avanc\u00e9e majeure pour le foncier en C\u00f4te d\u2019Ivoire (CNPC-CI) - C\u00f4te d&#039;Ivoire","isPartOf":{"@id":"https:\/\/www.africa-press.net\/cotedivoire\/#website"},"primaryImageOfPage":{"@id":"https:\/\/www.africa-press.net\/cotedivoire\/politique\/ladu-est-une-avancee-majeure-pour-le-foncier-en-cote-divoire-cnpc-ci#primaryimage"},"image":{"@id":"https:\/\/www.africa-press.net\/cotedivoire\/politique\/ladu-est-une-avancee-majeure-pour-le-foncier-en-cote-divoire-cnpc-ci#primaryimage"},"thumbnailUrl":"https:\/\/static.africa-press.net\/cote\/sites\/43\/2025\/01\/sm_1737196694.089526.jpg","datePublished":"2025-01-18T13:36:00+00:00","author":{"@id":"https:\/\/www.africa-press.net\/cotedivoire\/#\/schema\/person\/2b1cf3cd81a31e3cd26889ca66d677f1"},"breadcrumb":{"@id":"https:\/\/www.africa-press.net\/cotedivoire\/politique\/ladu-est-une-avancee-majeure-pour-le-foncier-en-cote-divoire-cnpc-ci#breadcrumb"},"inLanguage":"fr-FR","potentialAction":[{"@type":"ReadAction","target":["https:\/\/www.africa-press.net\/cotedivoire\/politique\/ladu-est-une-avancee-majeure-pour-le-foncier-en-cote-divoire-cnpc-ci"]}]},{"@type":"ImageObject","inLanguage":"fr-FR","@id":"https:\/\/www.africa-press.net\/cotedivoire\/politique\/ladu-est-une-avancee-majeure-pour-le-foncier-en-cote-divoire-cnpc-ci#primaryimage","url":"https:\/\/static.africa-press.net\/cote\/sites\/43\/2025\/01\/sm_1737196694.089526.jpg","contentUrl":"https:\/\/static.africa-press.net\/cote\/sites\/43\/2025\/01\/sm_1737196694.089526.jpg","width":720,"height":480,"caption":"L\u2019ADU est une avanc\u00e9e majeure pour le foncier en C\u00f4te d\u2019Ivoire (CNPC-CI)"},{"@type":"BreadcrumbList","@id":"https:\/\/www.africa-press.net\/cotedivoire\/politique\/ladu-est-une-avancee-majeure-pour-le-foncier-en-cote-divoire-cnpc-ci#breadcrumb","itemListElement":[{"@type":"ListItem","position":1,"name":"Accueil","item":"https:\/\/www.africa-press.net\/cotedivoire\/"},{"@type":"ListItem","position":2,"name":"L\u2019ADU est une avanc\u00e9e majeure pour le foncier en C\u00f4te d\u2019Ivoire (CNPC-CI)"}]},{"@type":"WebSite","@id":"https:\/\/www.africa-press.net\/cotedivoire\/#website","url":"https:\/\/www.africa-press.net\/cotedivoire\/","name":"C\u00f4te d&#039;Ivoire","description":"Just another Africa News Agency Sites site","potentialAction":[{"@type":"SearchAction","target":{"@type":"EntryPoint","urlTemplate":"https:\/\/www.africa-press.net\/cotedivoire\/?s={search_term_string}"},"query-input":{"@type":"PropertyValueSpecification","valueRequired":true,"valueName":"search_term_string"}}],"inLanguage":"fr-FR"},{"@type":"Person","@id":"https:\/\/www.africa-press.net\/cotedivoire\/#\/schema\/person\/2b1cf3cd81a31e3cd26889ca66d677f1","name":"cfeditorfr"}]}},"_links":{"self":[{"href":"https:\/\/www.africa-press.net\/cotedivoire\/wp-json\/wp\/v2\/posts\/93887","targetHints":{"allow":["GET"]}}],"collection":[{"href":"https:\/\/www.africa-press.net\/cotedivoire\/wp-json\/wp\/v2\/posts"}],"about":[{"href":"https:\/\/www.africa-press.net\/cotedivoire\/wp-json\/wp\/v2\/types\/post"}],"author":[{"embeddable":true,"href":"https:\/\/www.africa-press.net\/cotedivoire\/wp-json\/wp\/v2\/users\/82"}],"replies":[{"embeddable":true,"href":"https:\/\/www.africa-press.net\/cotedivoire\/wp-json\/wp\/v2\/comments?post=93887"}],"version-history":[{"count":0,"href":"https:\/\/www.africa-press.net\/cotedivoire\/wp-json\/wp\/v2\/posts\/93887\/revisions"}],"wp:featuredmedia":[{"embeddable":true,"href":"https:\/\/www.africa-press.net\/cotedivoire\/wp-json\/wp\/v2\/media\/93886"}],"wp:attachment":[{"href":"https:\/\/www.africa-press.net\/cotedivoire\/wp-json\/wp\/v2\/media?parent=93887"}],"wp:term":[{"taxonomy":"category","embeddable":true,"href":"https:\/\/www.africa-press.net\/cotedivoire\/wp-json\/wp\/v2\/categories?post=93887"},{"taxonomy":"post_tag","embeddable":true,"href":"https:\/\/www.africa-press.net\/cotedivoire\/wp-json\/wp\/v2\/tags?post=93887"}],"curies":[{"name":"wp","href":"https:\/\/api.w.org\/{rel}","templated":true}]}}