{"id":93889,"date":"2025-01-18T13:35:59","date_gmt":"2025-01-18T13:35:59","guid":{"rendered":"https:\/\/www.africa-press.net\/cotedivoire\/politique\/lagrac-sensibilise-les-autorites-de-bouake-sur-le-recouvrement-des-avoirs-criminels"},"modified":"2025-01-18T13:35:59","modified_gmt":"2025-01-18T13:35:59","slug":"lagrac-sensibilise-les-autorites-de-bouake-sur-le-recouvrement-des-avoirs-criminels","status":"publish","type":"post","link":"https:\/\/www.africa-press.net\/cotedivoire\/economie\/lagrac-sensibilise-les-autorites-de-bouake-sur-le-recouvrement-des-avoirs-criminels","title":{"rendered":"L\u2019AGRAC sensibilise les autorit\u00e9s de Bouak\u00e9 sur le recouvrement des avoirs criminels"},"content":{"rendered":"<p><span style=\"color: #ff6600\"><strong>Africa-Press &#8211; C\u00f4te d&rsquo;Ivoire. <\/strong><\/span>L\u2019Agence de gestion et de recouvrement des avoirs criminels (AGRAC) a organise\u0301 une session de sensibilisation a\u0300 la pre\u0301fecture de la re\u0301gion du Gbe\u0302ke\u0302, une rencontre pour pre\u0301senter les missions de l\u2019institution judiciaire et ses attentes vis-a\u0300-vis des autorite\u0301s locales de Bouake\u0301.<\/p>\n<p>Conduite par son directeur ge\u0301ne\u0301ral adjoint, Ouattara Bourahiman, cette mission de l\u2019AGRAC a explique\u0301, mercredi 15 janvier 2025, aux autorite\u0301s administratives et se\u0301curitaires de Bouake\u0301, avec a\u0300 leur te\u0302te le repre\u0301sentant du pre\u0301fet de re\u0301gion, Yapo Ade\u0301peaud Fide\u0300le, secre\u0301taire ge\u0301ne\u0301ral de la pre\u0301fecture, la complexite\u0301 de la criminalite\u0301, caracte\u0301rise\u0301e par des infractions graves ge\u0301ne\u0301rant des profits substantiels souvent dissimule\u0301s sous des apparences de le\u0301galite\u0301.<\/p>\n<p>Pour lutter contre ce fle\u0301au, la Co\u0302te d\u2019Ivoire a cre\u0301e\u0301 l\u2019AGRAC, une institution charge\u0301e de la gestion et du recouvrement des biens saisis ou confisque\u0301s dans le cadre de proce\u0301dures pe\u0301nales ou administratives.<\/p>\n<p>Le DGA de l\u2019AGRAC a insiste\u0301 sur l\u2019importance de la contribution des autorite\u0301s locales pour l\u2019identification, la localisation et l\u2019exe\u0301cution des mesures de saisie ou de confiscation des biens acquis ille\u0301galement. Il a e\u0301galement mis en avant la ne\u0301cessite\u0301 d\u2019une collaboration interinstitutionnelle pour annihiler les capacite\u0301s des criminels a\u0300 faire du profit ille\u0301galement.<\/p>\n<p>M. Yapo Ade\u0301peaud, pour sa part, a souligne\u0301 l\u2019opportunite\u0301 de cette se\u0301ance pour discuter des de\u0301fis spe\u0301cifiques rencontre\u0301s sur le terrain et identifier des solutions adapte\u0301es. Il a re\u0301affirme\u0301 la disponibilite\u0301 des responsables du Gbe\u0302ke\u0302 a\u0300 collaborer e\u0301troitement avec l\u2019AGRAC pour garantir la trac\u0327abilite\u0301, le recouvrement et la pre\u0301servation des avoirs saisis ou confisque\u0301s. \u00ab Bouake\u0301 est et restera un partenaire engage\u0301 dans la lutte contre le crime e\u0301conomique et pour la pre\u0301servation de nos ressources \u00bb, a-t-il conclu.<\/p>\n<p>La cre\u0301ation de l\u2019AGRAC, au regard de l\u2019article 94 de l\u2019ordonnance n\u00b0 2013-660 du 20 septembre 2013, se situe dans le cadre de la mise en \u0153uvre des recommandations du Groupe d\u2019action financie\u0300re (GAFI) en matie\u0300re de lutte contre le blanchiment de capitaux et le financement du terrorisme. Ses missions sont, entre autres, le recouvrement des avoirs criminels ; la lutte contre la criminalite\u0301 financie\u0300re, notamment le blanchiment de capitaux, le financement du terrorisme, les trafics illicites des stupe\u0301fiants, la corruption et les infractions assimile\u0301es.<\/p>\n<p><strong>Pour plus d&rsquo;informations et d&rsquo;analyses sur la <span style=\"color: #ff6600\">C\u00f4te d&rsquo;Ivoire<\/span>, suivez <span style=\"color: #ff6600\">Africa-Press<span style=\"color: #ff6600\"><\/span><\/strong><\/p>\n","protected":false},"excerpt":{"rendered":"<p>Africa-Press &#8211; C\u00f4te d&rsquo;Ivoire. L\u2019Agence de gestion et de recouvrement des avoirs criminels (AGRAC) a organise\u0301 une session de sensibilisation a\u0300 la pre\u0301fecture de la re\u0301gion du Gbe\u0302ke\u0302, une rencontre pour pre\u0301senter les missions de l\u2019institution judiciaire et ses attentes vis-a\u0300-vis des autorite\u0301s locales de Bouake\u0301. Conduite par son directeur ge\u0301ne\u0301ral adjoint, Ouattara Bourahiman, cette [&hellip;]<\/p>\n","protected":false},"author":82,"featured_media":93888,"comment_status":"open","ping_status":"closed","sticky":false,"template":"","format":"standard","meta":{"footnotes":""},"categories":[3,10],"tags":[37],"class_list":["post-93889","post","type-post","status-publish","format-standard","has-post-thumbnail","hentry","category-economie","category-toutes-les-actualites","tag-cote-divoire-2"],"yoast_head":"<!-- This site is optimized with the Yoast SEO Premium plugin v26.1 (Yoast SEO v27.0) - https:\/\/yoast.com\/product\/yoast-seo-premium-wordpress\/ -->\n<title>L\u2019AGRAC sensibilise les autorit\u00e9s de Bouak\u00e9 sur le recouvrement des avoirs criminels - C\u00f4te d&#039;Ivoire<\/title>\n<meta name=\"robots\" content=\"index, follow, max-snippet:-1, max-image-preview:large, max-video-preview:-1\" \/>\n<link rel=\"canonical\" href=\"https:\/\/www.africa-press.net\/cotedivoire\/politique\/lagrac-sensibilise-les-autorites-de-bouake-sur-le-recouvrement-des-avoirs-criminels\" \/>\n<meta property=\"og:locale\" content=\"fr_FR\" \/>\n<meta property=\"og:type\" content=\"article\" \/>\n<meta property=\"og:title\" content=\"L\u2019AGRAC sensibilise les autorit\u00e9s de Bouak\u00e9 sur le recouvrement des avoirs criminels\" \/>\n<meta property=\"og:description\" content=\"Africa-Press &#8211; C\u00f4te d&rsquo;Ivoire. L\u2019Agence de gestion et de recouvrement des avoirs criminels (AGRAC) a organise\u0301 une session de sensibilisation a\u0300 la pre\u0301fecture de la re\u0301gion du Gbe\u0302ke\u0302, une rencontre pour pre\u0301senter les missions de l\u2019institution judiciaire et ses attentes vis-a\u0300-vis des autorite\u0301s locales de Bouake\u0301. Conduite par son directeur ge\u0301ne\u0301ral adjoint, Ouattara Bourahiman, cette [&hellip;]\" \/>\n<meta property=\"og:url\" content=\"https:\/\/www.africa-press.net\/cotedivoire\/politique\/lagrac-sensibilise-les-autorites-de-bouake-sur-le-recouvrement-des-avoirs-criminels\" \/>\n<meta property=\"og:site_name\" content=\"C\u00f4te d&#039;Ivoire\" \/>\n<meta property=\"article:published_time\" content=\"2025-01-18T13:35:59+00:00\" \/>\n<meta name=\"author\" content=\"cfeditorfr\" \/>\n<meta name=\"twitter:card\" content=\"summary_large_image\" \/>\n<meta name=\"twitter:label1\" content=\"\u00c9crit par\" \/>\n\t<meta name=\"twitter:data1\" content=\"cfeditorfr\" \/>\n\t<meta name=\"twitter:label2\" content=\"Dur\u00e9e de lecture estim\u00e9e\" \/>\n\t<meta name=\"twitter:data2\" content=\"2 minutes\" \/>\n<script type=\"application\/ld+json\" class=\"yoast-schema-graph\">{\"@context\":\"https:\/\/schema.org\",\"@graph\":[{\"@type\":\"Article\",\"@id\":\"https:\/\/www.africa-press.net\/cotedivoire\/politique\/lagrac-sensibilise-les-autorites-de-bouake-sur-le-recouvrement-des-avoirs-criminels#article\",\"isPartOf\":{\"@id\":\"https:\/\/www.africa-press.net\/cotedivoire\/politique\/lagrac-sensibilise-les-autorites-de-bouake-sur-le-recouvrement-des-avoirs-criminels\"},\"author\":{\"name\":\"cfeditorfr\",\"@id\":\"https:\/\/www.africa-press.net\/cotedivoire\/#\/schema\/person\/2b1cf3cd81a31e3cd26889ca66d677f1\"},\"headline\":\"L\u2019AGRAC sensibilise les autorit\u00e9s de Bouak\u00e9 sur le recouvrement des avoirs criminels\",\"datePublished\":\"2025-01-18T13:35:59+00:00\",\"mainEntityOfPage\":{\"@id\":\"https:\/\/www.africa-press.net\/cotedivoire\/politique\/lagrac-sensibilise-les-autorites-de-bouake-sur-le-recouvrement-des-avoirs-criminels\"},\"wordCount\":459,\"commentCount\":0,\"image\":{\"@id\":\"https:\/\/www.africa-press.net\/cotedivoire\/politique\/lagrac-sensibilise-les-autorites-de-bouake-sur-le-recouvrement-des-avoirs-criminels#primaryimage\"},\"thumbnailUrl\":\"https:\/\/static.africa-press.net\/cote\/sites\/43\/2025\/01\/sm_1737196704.515895.jpg\",\"keywords\":[\"C\u00f4te d'Ivoire\"],\"articleSection\":[\"\u00c9conomie\",\"Toutes les actualit\u00e9s\"],\"inLanguage\":\"fr-FR\",\"potentialAction\":[{\"@type\":\"CommentAction\",\"name\":\"Comment\",\"target\":[\"https:\/\/www.africa-press.net\/cotedivoire\/politique\/lagrac-sensibilise-les-autorites-de-bouake-sur-le-recouvrement-des-avoirs-criminels#respond\"]}]},{\"@type\":\"WebPage\",\"@id\":\"https:\/\/www.africa-press.net\/cotedivoire\/politique\/lagrac-sensibilise-les-autorites-de-bouake-sur-le-recouvrement-des-avoirs-criminels\",\"url\":\"https:\/\/www.africa-press.net\/cotedivoire\/politique\/lagrac-sensibilise-les-autorites-de-bouake-sur-le-recouvrement-des-avoirs-criminels\",\"name\":\"L\u2019AGRAC sensibilise les autorit\u00e9s de Bouak\u00e9 sur le recouvrement des avoirs criminels - C\u00f4te d&#039;Ivoire\",\"isPartOf\":{\"@id\":\"https:\/\/www.africa-press.net\/cotedivoire\/#website\"},\"primaryImageOfPage\":{\"@id\":\"https:\/\/www.africa-press.net\/cotedivoire\/politique\/lagrac-sensibilise-les-autorites-de-bouake-sur-le-recouvrement-des-avoirs-criminels#primaryimage\"},\"image\":{\"@id\":\"https:\/\/www.africa-press.net\/cotedivoire\/politique\/lagrac-sensibilise-les-autorites-de-bouake-sur-le-recouvrement-des-avoirs-criminels#primaryimage\"},\"thumbnailUrl\":\"https:\/\/static.africa-press.net\/cote\/sites\/43\/2025\/01\/sm_1737196704.515895.jpg\",\"datePublished\":\"2025-01-18T13:35:59+00:00\",\"author\":{\"@id\":\"https:\/\/www.africa-press.net\/cotedivoire\/#\/schema\/person\/2b1cf3cd81a31e3cd26889ca66d677f1\"},\"breadcrumb\":{\"@id\":\"https:\/\/www.africa-press.net\/cotedivoire\/politique\/lagrac-sensibilise-les-autorites-de-bouake-sur-le-recouvrement-des-avoirs-criminels#breadcrumb\"},\"inLanguage\":\"fr-FR\",\"potentialAction\":[{\"@type\":\"ReadAction\",\"target\":[\"https:\/\/www.africa-press.net\/cotedivoire\/politique\/lagrac-sensibilise-les-autorites-de-bouake-sur-le-recouvrement-des-avoirs-criminels\"]}]},{\"@type\":\"ImageObject\",\"inLanguage\":\"fr-FR\",\"@id\":\"https:\/\/www.africa-press.net\/cotedivoire\/politique\/lagrac-sensibilise-les-autorites-de-bouake-sur-le-recouvrement-des-avoirs-criminels#primaryimage\",\"url\":\"https:\/\/static.africa-press.net\/cote\/sites\/43\/2025\/01\/sm_1737196704.515895.jpg\",\"contentUrl\":\"https:\/\/static.africa-press.net\/cote\/sites\/43\/2025\/01\/sm_1737196704.515895.jpg\",\"width\":768,\"height\":463,\"caption\":\"L\u2019AGRAC sensibilise les autorit\u00e9s de Bouak\u00e9 sur le recouvrement des avoirs criminels\"},{\"@type\":\"BreadcrumbList\",\"@id\":\"https:\/\/www.africa-press.net\/cotedivoire\/politique\/lagrac-sensibilise-les-autorites-de-bouake-sur-le-recouvrement-des-avoirs-criminels#breadcrumb\",\"itemListElement\":[{\"@type\":\"ListItem\",\"position\":1,\"name\":\"Accueil\",\"item\":\"https:\/\/www.africa-press.net\/cotedivoire\/\"},{\"@type\":\"ListItem\",\"position\":2,\"name\":\"L\u2019AGRAC sensibilise les autorit\u00e9s de Bouak\u00e9 sur le recouvrement des avoirs criminels\"}]},{\"@type\":\"WebSite\",\"@id\":\"https:\/\/www.africa-press.net\/cotedivoire\/#website\",\"url\":\"https:\/\/www.africa-press.net\/cotedivoire\/\",\"name\":\"C\u00f4te d&#039;Ivoire\",\"description\":\"Just another Africa News Agency Sites site\",\"potentialAction\":[{\"@type\":\"SearchAction\",\"target\":{\"@type\":\"EntryPoint\",\"urlTemplate\":\"https:\/\/www.africa-press.net\/cotedivoire\/?s={search_term_string}\"},\"query-input\":{\"@type\":\"PropertyValueSpecification\",\"valueRequired\":true,\"valueName\":\"search_term_string\"}}],\"inLanguage\":\"fr-FR\"},{\"@type\":\"Person\",\"@id\":\"https:\/\/www.africa-press.net\/cotedivoire\/#\/schema\/person\/2b1cf3cd81a31e3cd26889ca66d677f1\",\"name\":\"cfeditorfr\"}]}<\/script>\n<!-- \/ Yoast SEO Premium plugin. -->","yoast_head_json":{"title":"L\u2019AGRAC sensibilise les autorit\u00e9s de Bouak\u00e9 sur le recouvrement des avoirs criminels - C\u00f4te d&#039;Ivoire","robots":{"index":"index","follow":"follow","max-snippet":"max-snippet:-1","max-image-preview":"max-image-preview:large","max-video-preview":"max-video-preview:-1"},"canonical":"https:\/\/www.africa-press.net\/cotedivoire\/politique\/lagrac-sensibilise-les-autorites-de-bouake-sur-le-recouvrement-des-avoirs-criminels","og_locale":"fr_FR","og_type":"article","og_title":"L\u2019AGRAC sensibilise les autorit\u00e9s de Bouak\u00e9 sur le recouvrement des avoirs criminels","og_description":"Africa-Press &#8211; C\u00f4te d&rsquo;Ivoire. L\u2019Agence de gestion et de recouvrement des avoirs criminels (AGRAC) a organise\u0301 une session de sensibilisation a\u0300 la pre\u0301fecture de la re\u0301gion du Gbe\u0302ke\u0302, une rencontre pour pre\u0301senter les missions de l\u2019institution judiciaire et ses attentes vis-a\u0300-vis des autorite\u0301s locales de Bouake\u0301. Conduite par son directeur ge\u0301ne\u0301ral adjoint, Ouattara Bourahiman, cette [&hellip;]","og_url":"https:\/\/www.africa-press.net\/cotedivoire\/politique\/lagrac-sensibilise-les-autorites-de-bouake-sur-le-recouvrement-des-avoirs-criminels","og_site_name":"C\u00f4te d&#039;Ivoire","article_published_time":"2025-01-18T13:35:59+00:00","author":"cfeditorfr","twitter_card":"summary_large_image","twitter_misc":{"\u00c9crit par":"cfeditorfr","Dur\u00e9e de lecture estim\u00e9e":"2 minutes"},"schema":{"@context":"https:\/\/schema.org","@graph":[{"@type":"Article","@id":"https:\/\/www.africa-press.net\/cotedivoire\/politique\/lagrac-sensibilise-les-autorites-de-bouake-sur-le-recouvrement-des-avoirs-criminels#article","isPartOf":{"@id":"https:\/\/www.africa-press.net\/cotedivoire\/politique\/lagrac-sensibilise-les-autorites-de-bouake-sur-le-recouvrement-des-avoirs-criminels"},"author":{"name":"cfeditorfr","@id":"https:\/\/www.africa-press.net\/cotedivoire\/#\/schema\/person\/2b1cf3cd81a31e3cd26889ca66d677f1"},"headline":"L\u2019AGRAC sensibilise les autorit\u00e9s de Bouak\u00e9 sur le recouvrement des avoirs criminels","datePublished":"2025-01-18T13:35:59+00:00","mainEntityOfPage":{"@id":"https:\/\/www.africa-press.net\/cotedivoire\/politique\/lagrac-sensibilise-les-autorites-de-bouake-sur-le-recouvrement-des-avoirs-criminels"},"wordCount":459,"commentCount":0,"image":{"@id":"https:\/\/www.africa-press.net\/cotedivoire\/politique\/lagrac-sensibilise-les-autorites-de-bouake-sur-le-recouvrement-des-avoirs-criminels#primaryimage"},"thumbnailUrl":"https:\/\/static.africa-press.net\/cote\/sites\/43\/2025\/01\/sm_1737196704.515895.jpg","keywords":["C\u00f4te d'Ivoire"],"articleSection":["\u00c9conomie","Toutes les actualit\u00e9s"],"inLanguage":"fr-FR","potentialAction":[{"@type":"CommentAction","name":"Comment","target":["https:\/\/www.africa-press.net\/cotedivoire\/politique\/lagrac-sensibilise-les-autorites-de-bouake-sur-le-recouvrement-des-avoirs-criminels#respond"]}]},{"@type":"WebPage","@id":"https:\/\/www.africa-press.net\/cotedivoire\/politique\/lagrac-sensibilise-les-autorites-de-bouake-sur-le-recouvrement-des-avoirs-criminels","url":"https:\/\/www.africa-press.net\/cotedivoire\/politique\/lagrac-sensibilise-les-autorites-de-bouake-sur-le-recouvrement-des-avoirs-criminels","name":"L\u2019AGRAC sensibilise les autorit\u00e9s de Bouak\u00e9 sur le recouvrement des avoirs criminels - C\u00f4te d&#039;Ivoire","isPartOf":{"@id":"https:\/\/www.africa-press.net\/cotedivoire\/#website"},"primaryImageOfPage":{"@id":"https:\/\/www.africa-press.net\/cotedivoire\/politique\/lagrac-sensibilise-les-autorites-de-bouake-sur-le-recouvrement-des-avoirs-criminels#primaryimage"},"image":{"@id":"https:\/\/www.africa-press.net\/cotedivoire\/politique\/lagrac-sensibilise-les-autorites-de-bouake-sur-le-recouvrement-des-avoirs-criminels#primaryimage"},"thumbnailUrl":"https:\/\/static.africa-press.net\/cote\/sites\/43\/2025\/01\/sm_1737196704.515895.jpg","datePublished":"2025-01-18T13:35:59+00:00","author":{"@id":"https:\/\/www.africa-press.net\/cotedivoire\/#\/schema\/person\/2b1cf3cd81a31e3cd26889ca66d677f1"},"breadcrumb":{"@id":"https:\/\/www.africa-press.net\/cotedivoire\/politique\/lagrac-sensibilise-les-autorites-de-bouake-sur-le-recouvrement-des-avoirs-criminels#breadcrumb"},"inLanguage":"fr-FR","potentialAction":[{"@type":"ReadAction","target":["https:\/\/www.africa-press.net\/cotedivoire\/politique\/lagrac-sensibilise-les-autorites-de-bouake-sur-le-recouvrement-des-avoirs-criminels"]}]},{"@type":"ImageObject","inLanguage":"fr-FR","@id":"https:\/\/www.africa-press.net\/cotedivoire\/politique\/lagrac-sensibilise-les-autorites-de-bouake-sur-le-recouvrement-des-avoirs-criminels#primaryimage","url":"https:\/\/static.africa-press.net\/cote\/sites\/43\/2025\/01\/sm_1737196704.515895.jpg","contentUrl":"https:\/\/static.africa-press.net\/cote\/sites\/43\/2025\/01\/sm_1737196704.515895.jpg","width":768,"height":463,"caption":"L\u2019AGRAC sensibilise les autorit\u00e9s de Bouak\u00e9 sur le recouvrement des avoirs criminels"},{"@type":"BreadcrumbList","@id":"https:\/\/www.africa-press.net\/cotedivoire\/politique\/lagrac-sensibilise-les-autorites-de-bouake-sur-le-recouvrement-des-avoirs-criminels#breadcrumb","itemListElement":[{"@type":"ListItem","position":1,"name":"Accueil","item":"https:\/\/www.africa-press.net\/cotedivoire\/"},{"@type":"ListItem","position":2,"name":"L\u2019AGRAC sensibilise les autorit\u00e9s de Bouak\u00e9 sur le recouvrement des avoirs criminels"}]},{"@type":"WebSite","@id":"https:\/\/www.africa-press.net\/cotedivoire\/#website","url":"https:\/\/www.africa-press.net\/cotedivoire\/","name":"C\u00f4te d&#039;Ivoire","description":"Just another Africa News Agency Sites site","potentialAction":[{"@type":"SearchAction","target":{"@type":"EntryPoint","urlTemplate":"https:\/\/www.africa-press.net\/cotedivoire\/?s={search_term_string}"},"query-input":{"@type":"PropertyValueSpecification","valueRequired":true,"valueName":"search_term_string"}}],"inLanguage":"fr-FR"},{"@type":"Person","@id":"https:\/\/www.africa-press.net\/cotedivoire\/#\/schema\/person\/2b1cf3cd81a31e3cd26889ca66d677f1","name":"cfeditorfr"}]}},"_links":{"self":[{"href":"https:\/\/www.africa-press.net\/cotedivoire\/wp-json\/wp\/v2\/posts\/93889","targetHints":{"allow":["GET"]}}],"collection":[{"href":"https:\/\/www.africa-press.net\/cotedivoire\/wp-json\/wp\/v2\/posts"}],"about":[{"href":"https:\/\/www.africa-press.net\/cotedivoire\/wp-json\/wp\/v2\/types\/post"}],"author":[{"embeddable":true,"href":"https:\/\/www.africa-press.net\/cotedivoire\/wp-json\/wp\/v2\/users\/82"}],"replies":[{"embeddable":true,"href":"https:\/\/www.africa-press.net\/cotedivoire\/wp-json\/wp\/v2\/comments?post=93889"}],"version-history":[{"count":0,"href":"https:\/\/www.africa-press.net\/cotedivoire\/wp-json\/wp\/v2\/posts\/93889\/revisions"}],"wp:featuredmedia":[{"embeddable":true,"href":"https:\/\/www.africa-press.net\/cotedivoire\/wp-json\/wp\/v2\/media\/93888"}],"wp:attachment":[{"href":"https:\/\/www.africa-press.net\/cotedivoire\/wp-json\/wp\/v2\/media?parent=93889"}],"wp:term":[{"taxonomy":"category","embeddable":true,"href":"https:\/\/www.africa-press.net\/cotedivoire\/wp-json\/wp\/v2\/categories?post=93889"},{"taxonomy":"post_tag","embeddable":true,"href":"https:\/\/www.africa-press.net\/cotedivoire\/wp-json\/wp\/v2\/tags?post=93889"}],"curies":[{"name":"wp","href":"https:\/\/api.w.org\/{rel}","templated":true}]}}