{"id":9389,"date":"2021-06-24T17:46:12","date_gmt":"2021-06-24T17:46:12","guid":{"rendered":"https:\/\/www.africa-press.net\/cotedivoire\/?p=9389"},"modified":"2021-06-25T08:43:35","modified_gmt":"2021-06-25T08:43:35","slug":"les-avocats-de-soro-denoncent-la-dissolution-de-son-mouvement-politique-en-cote-divoire","status":"publish","type":"post","link":"https:\/\/www.africa-press.net\/cotedivoire\/politique\/les-avocats-de-soro-denoncent-la-dissolution-de-son-mouvement-politique-en-cote-divoire","title":{"rendered":"Les avocats de Soro d\u00e9noncent la dissolution de son mouvement politique en C\u00f4te-d\u2019Ivoire"},"content":{"rendered":"<p><span style=\"color: #ff6600\"><strong><a href=\"https:\/\/www.africa-press.net\/\">Africa-Press<\/a> &#8211; <a href=\"https:\/\/www.africa-press.net\/cotedivoire\">C\u00f4te d&rsquo;Ivoire<\/a>.\u00a0 <\/strong><\/span>Deux avocats du collectif, charg\u00e9 de d\u00e9fendre Guillaume Soro et 19 de ses proches, jug\u00e9s pour tentative de renversement des institutions de la R\u00e9publique, ont d\u00e9nonc\u00e9 mercredi la d\u00e9cision de dissolution du G\u00e9n\u00e9ration et peuples solidaires (GPS), le mouvement politique de l\u2019ancien pr\u00e9sident de l\u2019Assembl\u00e9e nationale de C\u00f4te d\u2019Ivoire.<\/p>\n<p>\u201cC\u2019est la dissolution de GPS qui explique la raison de ce proc\u00e8s. C\u2019est une association politique qui a une personnalit\u00e9 juridique diff\u00e9rente de celle de ses animateurs, mais qui grossi\u00e8rement et honteusement est dissoute. Mais par quel m\u00e9canisme juridique ?\u2019\u2019, s\u2019est interrog\u00e9 Me Raoul Gohi-Bi, l\u2019un des avocats du collectif, face \u00e0 la presse, apr\u00e8s le verdict du juge.<\/p>\n<p>Selon lui, \u201cil aurait fallu mettre en mouvement une action publique pr\u00e9vue maintenant pour les personnes morales, par le nouveau code de proc\u00e9dure\u2019\u2019.<\/p>\n<p>\u201cCette dissolution \u00e9tait le but vis\u00e9 et c\u2019est un proc\u00e8s manifestement politique\u2019\u2019, a insist\u00e9 l\u2019avocat, qui estime que cette \u201cd\u00e9cision est la jumelle de la volont\u00e9\u2019\u2019 du chef de l\u2019Etat Alassane Ouattara, \u201cle vrai gagnant\u2019\u2019 de ce proc\u00e8s, selon lui.<\/p>\n<p>Interrog\u00e9 \u00e9galement par la presse, Me Souleymane Diallo a, \u00e0 son tour, d\u00e9nonc\u00e9 \u201cune d\u00e9cision d\u2019an\u00e9antissement d\u2019opposants politiques\u2019\u2019.<\/p>\n<p>\u201cLa dissolution d\u2019une association rel\u00e8ve des pouvoirs de l\u2019administration et non du pouvoir judiciaire\u2019\u2019, a-t-il soutenu.<\/p>\n<p>&nbsp;<\/p>\n","protected":false},"excerpt":{"rendered":"<p>Africa-Press &#8211; C\u00f4te d&rsquo;Ivoire.\u00a0 Deux avocats du collectif, charg\u00e9 de d\u00e9fendre Guillaume Soro et 19 de ses proches, jug\u00e9s pour tentative de renversement des institutions de la R\u00e9publique, ont d\u00e9nonc\u00e9 mercredi la d\u00e9cision de dissolution du G\u00e9n\u00e9ration et peuples solidaires (GPS), le mouvement politique de l\u2019ancien pr\u00e9sident de l\u2019Assembl\u00e9e nationale de C\u00f4te d\u2019Ivoire. \u201cC\u2019est la [&hellip;]<\/p>\n","protected":false},"author":82,"featured_media":9388,"comment_status":"open","ping_status":"closed","sticky":false,"template":"","format":"standard","meta":{"footnotes":""},"categories":[11,2,10],"tags":[56,63,29],"class_list":["post-9389","post","type-post","status-publish","format-standard","has-post-thumbnail","hentry","category-homepage-french","category-politique","category-toutes-les-actualites","tag-africa-press","tag-africa-press-cote-divoire","tag-cote-divoire"],"yoast_head":"<!-- This site is optimized with the Yoast SEO Premium plugin v26.1 (Yoast SEO v27.0) - https:\/\/yoast.com\/product\/yoast-seo-premium-wordpress\/ -->\n<title>Les avocats de Soro d\u00e9noncent la dissolution de son mouvement politique en C\u00f4te-d\u2019Ivoire - C\u00f4te d&#039;Ivoire<\/title>\n<meta name=\"description\" content=\"Serge Alain KOFFI Deux avocats du collectif, charg\u00e9 de d\u00e9fendre Guillaume Soro et 19 de ses proches, jug\u00e9s pour tentati ...\" \/>\n<meta name=\"robots\" content=\"index, follow, max-snippet:-1, max-image-preview:large, max-video-preview:-1\" \/>\n<link rel=\"canonical\" href=\"https:\/\/www.africa-press.net\/cotedivoire\/politique\/les-avocats-de-soro-denoncent-la-dissolution-de-son-mouvement-politique-en-cote-divoire\" \/>\n<meta property=\"og:locale\" content=\"fr_FR\" \/>\n<meta property=\"og:type\" content=\"article\" \/>\n<meta property=\"og:title\" content=\"Les avocats de Soro d\u00e9noncent la dissolution de son mouvement politique en C\u00f4te-d\u2019Ivoire\" \/>\n<meta property=\"og:description\" content=\"Serge Alain KOFFI Deux avocats du collectif, charg\u00e9 de d\u00e9fendre Guillaume Soro et 19 de ses proches, jug\u00e9s pour tentati ...\" \/>\n<meta property=\"og:url\" content=\"https:\/\/www.africa-press.net\/cotedivoire\/politique\/les-avocats-de-soro-denoncent-la-dissolution-de-son-mouvement-politique-en-cote-divoire\" \/>\n<meta property=\"og:site_name\" content=\"C\u00f4te d&#039;Ivoire\" \/>\n<meta property=\"article:published_time\" content=\"2021-06-24T17:46:12+00:00\" \/>\n<meta property=\"article:modified_time\" content=\"2021-06-25T08:43:35+00:00\" \/>\n<meta property=\"og:image\" content=\"https:\/\/static.africa-press.net\/cote\/sites\/43\/2021\/06\/img-60d4c0a0e9fc6.jpg\" \/>\n\t<meta property=\"og:image:width\" content=\"720\" \/>\n\t<meta property=\"og:image:height\" content=\"360\" \/>\n\t<meta property=\"og:image:type\" content=\"image\/jpeg\" \/>\n<meta name=\"author\" content=\"cfeditorfr\" \/>\n<meta name=\"twitter:card\" content=\"summary_large_image\" \/>\n<meta name=\"twitter:label1\" content=\"\u00c9crit par\" \/>\n\t<meta name=\"twitter:data1\" content=\"cfeditorfr\" \/>\n\t<meta name=\"twitter:label2\" content=\"Dur\u00e9e de lecture estim\u00e9e\" \/>\n\t<meta name=\"twitter:data2\" content=\"1 minute\" \/>\n<script type=\"application\/ld+json\" class=\"yoast-schema-graph\">{\"@context\":\"https:\/\/schema.org\",\"@graph\":[{\"@type\":\"Article\",\"@id\":\"https:\/\/www.africa-press.net\/cotedivoire\/politique\/les-avocats-de-soro-denoncent-la-dissolution-de-son-mouvement-politique-en-cote-divoire#article\",\"isPartOf\":{\"@id\":\"https:\/\/www.africa-press.net\/cotedivoire\/politique\/les-avocats-de-soro-denoncent-la-dissolution-de-son-mouvement-politique-en-cote-divoire\"},\"author\":{\"name\":\"cfeditorfr\",\"@id\":\"https:\/\/www.africa-press.net\/cotedivoire\/#\/schema\/person\/2b1cf3cd81a31e3cd26889ca66d677f1\"},\"headline\":\"Les avocats de Soro d\u00e9noncent la dissolution de son mouvement politique en C\u00f4te-d\u2019Ivoire\",\"datePublished\":\"2021-06-24T17:46:12+00:00\",\"dateModified\":\"2021-06-25T08:43:35+00:00\",\"mainEntityOfPage\":{\"@id\":\"https:\/\/www.africa-press.net\/cotedivoire\/politique\/les-avocats-de-soro-denoncent-la-dissolution-de-son-mouvement-politique-en-cote-divoire\"},\"wordCount\":262,\"commentCount\":0,\"image\":{\"@id\":\"https:\/\/www.africa-press.net\/cotedivoire\/politique\/les-avocats-de-soro-denoncent-la-dissolution-de-son-mouvement-politique-en-cote-divoire#primaryimage\"},\"thumbnailUrl\":\"https:\/\/static.africa-press.net\/cote\/sites\/43\/2021\/06\/img-60d4c0a0e9fc6.jpg\",\"keywords\":[\"Africa Press\",\"Africa Press-C\u00f4te d'Ivoire\",\"C\u00d4TE D'IVOIRE\"],\"articleSection\":[\"homepage-french\",\"Politique\",\"Toutes les actualit\u00e9s\"],\"inLanguage\":\"fr-FR\",\"potentialAction\":[{\"@type\":\"CommentAction\",\"name\":\"Comment\",\"target\":[\"https:\/\/www.africa-press.net\/cotedivoire\/politique\/les-avocats-de-soro-denoncent-la-dissolution-de-son-mouvement-politique-en-cote-divoire#respond\"]}]},{\"@type\":\"WebPage\",\"@id\":\"https:\/\/www.africa-press.net\/cotedivoire\/politique\/les-avocats-de-soro-denoncent-la-dissolution-de-son-mouvement-politique-en-cote-divoire\",\"url\":\"https:\/\/www.africa-press.net\/cotedivoire\/politique\/les-avocats-de-soro-denoncent-la-dissolution-de-son-mouvement-politique-en-cote-divoire\",\"name\":\"Les avocats de Soro d\u00e9noncent la dissolution de son mouvement politique en C\u00f4te-d\u2019Ivoire - C\u00f4te d&#039;Ivoire\",\"isPartOf\":{\"@id\":\"https:\/\/www.africa-press.net\/cotedivoire\/#website\"},\"primaryImageOfPage\":{\"@id\":\"https:\/\/www.africa-press.net\/cotedivoire\/politique\/les-avocats-de-soro-denoncent-la-dissolution-de-son-mouvement-politique-en-cote-divoire#primaryimage\"},\"image\":{\"@id\":\"https:\/\/www.africa-press.net\/cotedivoire\/politique\/les-avocats-de-soro-denoncent-la-dissolution-de-son-mouvement-politique-en-cote-divoire#primaryimage\"},\"thumbnailUrl\":\"https:\/\/static.africa-press.net\/cote\/sites\/43\/2021\/06\/img-60d4c0a0e9fc6.jpg\",\"datePublished\":\"2021-06-24T17:46:12+00:00\",\"dateModified\":\"2021-06-25T08:43:35+00:00\",\"author\":{\"@id\":\"https:\/\/www.africa-press.net\/cotedivoire\/#\/schema\/person\/2b1cf3cd81a31e3cd26889ca66d677f1\"},\"description\":\"Serge Alain KOFFI Deux avocats du collectif, charg\u00e9 de d\u00e9fendre Guillaume Soro et 19 de ses proches, jug\u00e9s pour tentati ...\",\"breadcrumb\":{\"@id\":\"https:\/\/www.africa-press.net\/cotedivoire\/politique\/les-avocats-de-soro-denoncent-la-dissolution-de-son-mouvement-politique-en-cote-divoire#breadcrumb\"},\"inLanguage\":\"fr-FR\",\"potentialAction\":[{\"@type\":\"ReadAction\",\"target\":[\"https:\/\/www.africa-press.net\/cotedivoire\/politique\/les-avocats-de-soro-denoncent-la-dissolution-de-son-mouvement-politique-en-cote-divoire\"]}]},{\"@type\":\"ImageObject\",\"inLanguage\":\"fr-FR\",\"@id\":\"https:\/\/www.africa-press.net\/cotedivoire\/politique\/les-avocats-de-soro-denoncent-la-dissolution-de-son-mouvement-politique-en-cote-divoire#primaryimage\",\"url\":\"https:\/\/static.africa-press.net\/cote\/sites\/43\/2021\/06\/img-60d4c0a0e9fc6.jpg\",\"contentUrl\":\"https:\/\/static.africa-press.net\/cote\/sites\/43\/2021\/06\/img-60d4c0a0e9fc6.jpg\",\"width\":720,\"height\":360,\"caption\":\"Les avocats de Soro d\u00e9noncent la dissolution de son mouvement politique en C\u00f4te-d\u2019Ivoire\"},{\"@type\":\"BreadcrumbList\",\"@id\":\"https:\/\/www.africa-press.net\/cotedivoire\/politique\/les-avocats-de-soro-denoncent-la-dissolution-de-son-mouvement-politique-en-cote-divoire#breadcrumb\",\"itemListElement\":[{\"@type\":\"ListItem\",\"position\":1,\"name\":\"Accueil\",\"item\":\"https:\/\/www.africa-press.net\/cotedivoire\/\"},{\"@type\":\"ListItem\",\"position\":2,\"name\":\"Les avocats de Soro d\u00e9noncent la dissolution de son mouvement politique en C\u00f4te-d\u2019Ivoire\"}]},{\"@type\":\"WebSite\",\"@id\":\"https:\/\/www.africa-press.net\/cotedivoire\/#website\",\"url\":\"https:\/\/www.africa-press.net\/cotedivoire\/\",\"name\":\"C\u00f4te d&#039;Ivoire\",\"description\":\"Just another Africa News Agency Sites site\",\"potentialAction\":[{\"@type\":\"SearchAction\",\"target\":{\"@type\":\"EntryPoint\",\"urlTemplate\":\"https:\/\/www.africa-press.net\/cotedivoire\/?s={search_term_string}\"},\"query-input\":{\"@type\":\"PropertyValueSpecification\",\"valueRequired\":true,\"valueName\":\"search_term_string\"}}],\"inLanguage\":\"fr-FR\"},{\"@type\":\"Person\",\"@id\":\"https:\/\/www.africa-press.net\/cotedivoire\/#\/schema\/person\/2b1cf3cd81a31e3cd26889ca66d677f1\",\"name\":\"cfeditorfr\"}]}<\/script>\n<!-- \/ Yoast SEO Premium plugin. -->","yoast_head_json":{"title":"Les avocats de Soro d\u00e9noncent la dissolution de son mouvement politique en C\u00f4te-d\u2019Ivoire - C\u00f4te d&#039;Ivoire","description":"Serge Alain KOFFI Deux avocats du collectif, charg\u00e9 de d\u00e9fendre Guillaume Soro et 19 de ses proches, jug\u00e9s pour tentati ...","robots":{"index":"index","follow":"follow","max-snippet":"max-snippet:-1","max-image-preview":"max-image-preview:large","max-video-preview":"max-video-preview:-1"},"canonical":"https:\/\/www.africa-press.net\/cotedivoire\/politique\/les-avocats-de-soro-denoncent-la-dissolution-de-son-mouvement-politique-en-cote-divoire","og_locale":"fr_FR","og_type":"article","og_title":"Les avocats de Soro d\u00e9noncent la dissolution de son mouvement politique en C\u00f4te-d\u2019Ivoire","og_description":"Serge Alain KOFFI Deux avocats du collectif, charg\u00e9 de d\u00e9fendre Guillaume Soro et 19 de ses proches, jug\u00e9s pour tentati ...","og_url":"https:\/\/www.africa-press.net\/cotedivoire\/politique\/les-avocats-de-soro-denoncent-la-dissolution-de-son-mouvement-politique-en-cote-divoire","og_site_name":"C\u00f4te d&#039;Ivoire","article_published_time":"2021-06-24T17:46:12+00:00","article_modified_time":"2021-06-25T08:43:35+00:00","og_image":[{"width":720,"height":360,"url":"https:\/\/static.africa-press.net\/cote\/sites\/43\/2021\/06\/img-60d4c0a0e9fc6.jpg","type":"image\/jpeg"}],"author":"cfeditorfr","twitter_card":"summary_large_image","twitter_misc":{"\u00c9crit par":"cfeditorfr","Dur\u00e9e de lecture estim\u00e9e":"1 minute"},"schema":{"@context":"https:\/\/schema.org","@graph":[{"@type":"Article","@id":"https:\/\/www.africa-press.net\/cotedivoire\/politique\/les-avocats-de-soro-denoncent-la-dissolution-de-son-mouvement-politique-en-cote-divoire#article","isPartOf":{"@id":"https:\/\/www.africa-press.net\/cotedivoire\/politique\/les-avocats-de-soro-denoncent-la-dissolution-de-son-mouvement-politique-en-cote-divoire"},"author":{"name":"cfeditorfr","@id":"https:\/\/www.africa-press.net\/cotedivoire\/#\/schema\/person\/2b1cf3cd81a31e3cd26889ca66d677f1"},"headline":"Les avocats de Soro d\u00e9noncent la dissolution de son mouvement politique en C\u00f4te-d\u2019Ivoire","datePublished":"2021-06-24T17:46:12+00:00","dateModified":"2021-06-25T08:43:35+00:00","mainEntityOfPage":{"@id":"https:\/\/www.africa-press.net\/cotedivoire\/politique\/les-avocats-de-soro-denoncent-la-dissolution-de-son-mouvement-politique-en-cote-divoire"},"wordCount":262,"commentCount":0,"image":{"@id":"https:\/\/www.africa-press.net\/cotedivoire\/politique\/les-avocats-de-soro-denoncent-la-dissolution-de-son-mouvement-politique-en-cote-divoire#primaryimage"},"thumbnailUrl":"https:\/\/static.africa-press.net\/cote\/sites\/43\/2021\/06\/img-60d4c0a0e9fc6.jpg","keywords":["Africa Press","Africa Press-C\u00f4te d'Ivoire","C\u00d4TE D'IVOIRE"],"articleSection":["homepage-french","Politique","Toutes les actualit\u00e9s"],"inLanguage":"fr-FR","potentialAction":[{"@type":"CommentAction","name":"Comment","target":["https:\/\/www.africa-press.net\/cotedivoire\/politique\/les-avocats-de-soro-denoncent-la-dissolution-de-son-mouvement-politique-en-cote-divoire#respond"]}]},{"@type":"WebPage","@id":"https:\/\/www.africa-press.net\/cotedivoire\/politique\/les-avocats-de-soro-denoncent-la-dissolution-de-son-mouvement-politique-en-cote-divoire","url":"https:\/\/www.africa-press.net\/cotedivoire\/politique\/les-avocats-de-soro-denoncent-la-dissolution-de-son-mouvement-politique-en-cote-divoire","name":"Les avocats de Soro d\u00e9noncent la dissolution de son mouvement politique en C\u00f4te-d\u2019Ivoire - C\u00f4te d&#039;Ivoire","isPartOf":{"@id":"https:\/\/www.africa-press.net\/cotedivoire\/#website"},"primaryImageOfPage":{"@id":"https:\/\/www.africa-press.net\/cotedivoire\/politique\/les-avocats-de-soro-denoncent-la-dissolution-de-son-mouvement-politique-en-cote-divoire#primaryimage"},"image":{"@id":"https:\/\/www.africa-press.net\/cotedivoire\/politique\/les-avocats-de-soro-denoncent-la-dissolution-de-son-mouvement-politique-en-cote-divoire#primaryimage"},"thumbnailUrl":"https:\/\/static.africa-press.net\/cote\/sites\/43\/2021\/06\/img-60d4c0a0e9fc6.jpg","datePublished":"2021-06-24T17:46:12+00:00","dateModified":"2021-06-25T08:43:35+00:00","author":{"@id":"https:\/\/www.africa-press.net\/cotedivoire\/#\/schema\/person\/2b1cf3cd81a31e3cd26889ca66d677f1"},"description":"Serge Alain KOFFI Deux avocats du collectif, charg\u00e9 de d\u00e9fendre Guillaume Soro et 19 de ses proches, jug\u00e9s pour tentati ...","breadcrumb":{"@id":"https:\/\/www.africa-press.net\/cotedivoire\/politique\/les-avocats-de-soro-denoncent-la-dissolution-de-son-mouvement-politique-en-cote-divoire#breadcrumb"},"inLanguage":"fr-FR","potentialAction":[{"@type":"ReadAction","target":["https:\/\/www.africa-press.net\/cotedivoire\/politique\/les-avocats-de-soro-denoncent-la-dissolution-de-son-mouvement-politique-en-cote-divoire"]}]},{"@type":"ImageObject","inLanguage":"fr-FR","@id":"https:\/\/www.africa-press.net\/cotedivoire\/politique\/les-avocats-de-soro-denoncent-la-dissolution-de-son-mouvement-politique-en-cote-divoire#primaryimage","url":"https:\/\/static.africa-press.net\/cote\/sites\/43\/2021\/06\/img-60d4c0a0e9fc6.jpg","contentUrl":"https:\/\/static.africa-press.net\/cote\/sites\/43\/2021\/06\/img-60d4c0a0e9fc6.jpg","width":720,"height":360,"caption":"Les avocats de Soro d\u00e9noncent la dissolution de son mouvement politique en C\u00f4te-d\u2019Ivoire"},{"@type":"BreadcrumbList","@id":"https:\/\/www.africa-press.net\/cotedivoire\/politique\/les-avocats-de-soro-denoncent-la-dissolution-de-son-mouvement-politique-en-cote-divoire#breadcrumb","itemListElement":[{"@type":"ListItem","position":1,"name":"Accueil","item":"https:\/\/www.africa-press.net\/cotedivoire\/"},{"@type":"ListItem","position":2,"name":"Les avocats de Soro d\u00e9noncent la dissolution de son mouvement politique en C\u00f4te-d\u2019Ivoire"}]},{"@type":"WebSite","@id":"https:\/\/www.africa-press.net\/cotedivoire\/#website","url":"https:\/\/www.africa-press.net\/cotedivoire\/","name":"C\u00f4te d&#039;Ivoire","description":"Just another Africa News Agency Sites site","potentialAction":[{"@type":"SearchAction","target":{"@type":"EntryPoint","urlTemplate":"https:\/\/www.africa-press.net\/cotedivoire\/?s={search_term_string}"},"query-input":{"@type":"PropertyValueSpecification","valueRequired":true,"valueName":"search_term_string"}}],"inLanguage":"fr-FR"},{"@type":"Person","@id":"https:\/\/www.africa-press.net\/cotedivoire\/#\/schema\/person\/2b1cf3cd81a31e3cd26889ca66d677f1","name":"cfeditorfr"}]}},"_links":{"self":[{"href":"https:\/\/www.africa-press.net\/cotedivoire\/wp-json\/wp\/v2\/posts\/9389","targetHints":{"allow":["GET"]}}],"collection":[{"href":"https:\/\/www.africa-press.net\/cotedivoire\/wp-json\/wp\/v2\/posts"}],"about":[{"href":"https:\/\/www.africa-press.net\/cotedivoire\/wp-json\/wp\/v2\/types\/post"}],"author":[{"embeddable":true,"href":"https:\/\/www.africa-press.net\/cotedivoire\/wp-json\/wp\/v2\/users\/82"}],"replies":[{"embeddable":true,"href":"https:\/\/www.africa-press.net\/cotedivoire\/wp-json\/wp\/v2\/comments?post=9389"}],"version-history":[{"count":0,"href":"https:\/\/www.africa-press.net\/cotedivoire\/wp-json\/wp\/v2\/posts\/9389\/revisions"}],"wp:featuredmedia":[{"embeddable":true,"href":"https:\/\/www.africa-press.net\/cotedivoire\/wp-json\/wp\/v2\/media\/9388"}],"wp:attachment":[{"href":"https:\/\/www.africa-press.net\/cotedivoire\/wp-json\/wp\/v2\/media?parent=9389"}],"wp:term":[{"taxonomy":"category","embeddable":true,"href":"https:\/\/www.africa-press.net\/cotedivoire\/wp-json\/wp\/v2\/categories?post=9389"},{"taxonomy":"post_tag","embeddable":true,"href":"https:\/\/www.africa-press.net\/cotedivoire\/wp-json\/wp\/v2\/tags?post=9389"}],"curies":[{"name":"wp","href":"https:\/\/api.w.org\/{rel}","templated":true}]}}