{"id":9395,"date":"2021-06-24T17:58:25","date_gmt":"2021-06-24T17:58:25","guid":{"rendered":"https:\/\/www.africa-press.net\/cotedivoire\/?p=9395"},"modified":"2021-06-25T08:43:55","modified_gmt":"2021-06-25T08:43:55","slug":"soro-condamne-a-lerrance","status":"publish","type":"post","link":"https:\/\/www.africa-press.net\/cotedivoire\/dossiers\/soro-condamne-a-lerrance","title":{"rendered":"Soro condamn\u00e9 \u00e0 l\u2019errance ?"},"content":{"rendered":"<p><span style=\"color: #ff6600\"><strong><a href=\"https:\/\/www.africa-press.net\/\">Africa-Press<\/a> &#8211; <a href=\"https:\/\/www.africa-press.net\/cotedivoire\">C\u00f4te d&rsquo;Ivoire<\/a>. <\/strong><\/span>Une \u00e2me sans doute condamn\u00e9e \u00e0 l\u2019errance, loin des siens! C\u2019est \u00e0 ce triste sort que semble, \u00e0 pr\u00e9sent, r\u00e9duit l\u2019ancien Premier ministre ivoirien, dont l\u2019exil interminable risque de se transformer en voyage sans retour. Poursuivi avec dix-neuf de ses partisans pour \u00ab complot \u00bb, \u00ab tentative d\u2019atteinte \u00e0 l\u2019autorit\u00e9 de l\u2019Etat ainsi que pour \u00ab diffusion et publication de nouvelles fausses jetant le discr\u00e9dit sur les institutions et leur fonctionnement, ayant entra\u00een\u00e9 une atteinte au moral des populations \u00bb, Guillaume Soro vient, en effet, d\u2019\u00eatre condamn\u00e9 \u00e0 perp\u00e9tuit\u00e9 pour \u00ab atteinte \u00e0 la s\u00fbret\u00e9 de l\u2019Etat \u00bb. La peine a \u00e9t\u00e9 prononc\u00e9e le 23 juin dernier \u00e0 Abidjan, \u00e0 l\u2019issue d\u2019un proc\u00e8s d\u00e9but\u00e9 le 19 mai dernier. Certainement abasourdi par la nouvelle, l\u2019ancien pr\u00e9sident de l\u2019Assembl\u00e9e nationale ne peut plus que constater les d\u00e9g\u00e2ts : des carottes totalement cram\u00e9es pour lui, et un avenir politique litt\u00e9ralement r\u00e9duit \u00e0 n\u00e9ant. Apr\u00e8s ce verdict, quel espoir cet homme qui a toujours r\u00eav\u00e9 d\u2019un destin national et qui tr\u00e9pignait d\u2019impatience de d\u00e9crocher le saint Graal, a-t-il encore de rentrer au bercail, au moment m\u00eame o\u00f9, sur les bords de la lagune Ebri\u00e9, l\u2019on agite les grelots de la r\u00e9conciliation nationale qui semble tenir \u00e0 c\u0153ur le pr\u00e9sident Alassane Dramane Ouattara ? De toute apparence, les chances sont bien minces. D\u2019autant que les ponts sont depuis longtemps rompus entre les deux hommes qui ne veulent plus se voir, m\u00eame en peinture. Certes, le pouvoir en place aura beau jeu de claironner qu\u2019il n\u2019a pas \u00e0 se m\u00ealer des affaires judiciaires et que, ce faisant, il est totalement \u00e9tranger au verdict prononc\u00e9 \u00e0 l\u2019encontre de Guillaume Soro.<\/p>\n<p>Guillaume Soro ne devrait s\u2019en prendre qu\u2019\u00e0 lui-m\u00eame<\/p>\n<p>Reste que les rapports entre ce dernier et son ancien mentor devenu son ennemi jur\u00e9, auraient \u00e9t\u00e9 moins ex\u00e9crables, que le natif de Ferkess\u00e9dougou aurait sans doute lui aussi empoch\u00e9 son ticket pour embarquer dans le train de la r\u00e9conciliation nationale en marche depuis quelque temps. C\u2019est dire si ce qui arrive au leader du GPS (G\u00e9n\u00e9rations et peuples solidaires) n\u2019est pas surprenant. Mais apr\u00e8s tout, Guillaume Soro qui passe aujourd\u2019hui pour \u00eatre le grand oubli\u00e9 de la r\u00e9conciliation nationale, ne devrait s\u2019en prendre qu\u2019\u00e0 lui-m\u00eame. Car, entr\u00e9 en conflit ouvert avec ADO, Guillaume Soro a multipli\u00e9 les provocations et autres attaques depuis l\u2019exil, hypoth\u00e9quant ses chances de se rabibocher avec un adversaire face auquel il ne fait pas le poids. Quand on a affaire \u00e0 plus fort que soi, la sagesse commande qu\u2019on prenne toute la mesure de ses forces avant d\u2019engager tout combat sous peine de courir \u00e0 sa perte. En cela, on peut dire que le pr\u00e9sident du GPS a manqu\u00e9 d\u2019intelligence politique qui, dans le cas d\u2019esp\u00e8ce, n\u2019est pas sans cons\u00e9quences. Il est, en tout cas, certain que les affronts de Guillaume Soro \u00e0 l\u2019endroit de ADO sont rest\u00e9s en travers de la gorge de ce dernier. A trop se montrer press\u00e9, on finit par se griller les ailes. Guillaume Soro peut d\u00e9sormais faire sienne, cette le\u00e7on de vie. Il apprend aussi \u00e0 ses d\u00e9pens que \u00ab qui veut aller loin, m\u00e9nage sa monture \u00bb. Mais en plus, dans le cas d\u2019esp\u00e8ce, il faut y aller avec tact et intelligence sous peine de devoir rendre des comptes en passant par la case Justice.<\/p>\n<p>&nbsp;<\/p>\n","protected":false},"excerpt":{"rendered":"<p>Africa-Press &#8211; C\u00f4te d&rsquo;Ivoire. Une \u00e2me sans doute condamn\u00e9e \u00e0 l\u2019errance, loin des siens! C\u2019est \u00e0 ce triste sort que semble, \u00e0 pr\u00e9sent, r\u00e9duit l\u2019ancien Premier ministre ivoirien, dont l\u2019exil interminable risque de se transformer en voyage sans retour. Poursuivi avec dix-neuf de ses partisans pour \u00ab complot \u00bb, \u00ab tentative d\u2019atteinte \u00e0 l\u2019autorit\u00e9 de [&hellip;]<\/p>\n","protected":false},"author":82,"featured_media":9394,"comment_status":"open","ping_status":"closed","sticky":false,"template":"","format":"standard","meta":{"footnotes":""},"categories":[7,11,20,10],"tags":[56,63,29],"class_list":["post-9395","post","type-post","status-publish","format-standard","has-post-thumbnail","hentry","category-dossiers","category-homepage-french","category-top-nouvelles","category-toutes-les-actualites","tag-africa-press","tag-africa-press-cote-divoire","tag-cote-divoire"],"yoast_head":"<!-- This site is optimized with the Yoast SEO Premium plugin v26.1 (Yoast SEO v27.0) - https:\/\/yoast.com\/product\/yoast-seo-premium-wordpress\/ -->\n<title>Soro condamn\u00e9 \u00e0 l\u2019errance ? - C\u00f4te d&#039;Ivoire<\/title>\n<meta name=\"description\" content=\"Une \u00e2me sans doute condamn\u00e9e \u00e0 l\u2019errance, loin des siens! C\u2019est \u00e0 ce triste sort que semble, \u00e0 pr\u00e9sent, r\u00e9duit l\u2019ancien ...\" \/>\n<meta name=\"robots\" content=\"index, follow, max-snippet:-1, max-image-preview:large, max-video-preview:-1\" \/>\n<link rel=\"canonical\" href=\"https:\/\/www.africa-press.net\/cotedivoire\/dossiers\/soro-condamne-a-lerrance\" \/>\n<meta property=\"og:locale\" content=\"fr_FR\" \/>\n<meta property=\"og:type\" content=\"article\" \/>\n<meta property=\"og:title\" content=\"Soro condamn\u00e9 \u00e0 l\u2019errance ?\" \/>\n<meta property=\"og:description\" content=\"Une \u00e2me sans doute condamn\u00e9e \u00e0 l\u2019errance, loin des siens! C\u2019est \u00e0 ce triste sort que semble, \u00e0 pr\u00e9sent, r\u00e9duit l\u2019ancien ...\" \/>\n<meta property=\"og:url\" content=\"https:\/\/www.africa-press.net\/cotedivoire\/dossiers\/soro-condamne-a-lerrance\" \/>\n<meta property=\"og:site_name\" content=\"C\u00f4te d&#039;Ivoire\" \/>\n<meta property=\"article:published_time\" content=\"2021-06-24T17:58:25+00:00\" \/>\n<meta property=\"article:modified_time\" content=\"2021-06-25T08:43:55+00:00\" \/>\n<meta property=\"og:image\" content=\"https:\/\/static.africa-press.net\/cote\/sites\/43\/2021\/06\/img-60d4c0e993f3f.jpg\" \/>\n\t<meta property=\"og:image:width\" content=\"720\" \/>\n\t<meta property=\"og:image:height\" content=\"480\" \/>\n\t<meta property=\"og:image:type\" content=\"image\/jpeg\" \/>\n<meta name=\"author\" content=\"cfeditorfr\" \/>\n<meta name=\"twitter:card\" content=\"summary_large_image\" \/>\n<meta name=\"twitter:label1\" content=\"\u00c9crit par\" \/>\n\t<meta name=\"twitter:data1\" content=\"cfeditorfr\" \/>\n\t<meta name=\"twitter:label2\" content=\"Dur\u00e9e de lecture estim\u00e9e\" \/>\n\t<meta name=\"twitter:data2\" content=\"3 minutes\" \/>\n<script type=\"application\/ld+json\" class=\"yoast-schema-graph\">{\"@context\":\"https:\/\/schema.org\",\"@graph\":[{\"@type\":\"Article\",\"@id\":\"https:\/\/www.africa-press.net\/cotedivoire\/dossiers\/soro-condamne-a-lerrance#article\",\"isPartOf\":{\"@id\":\"https:\/\/www.africa-press.net\/cotedivoire\/dossiers\/soro-condamne-a-lerrance\"},\"author\":{\"name\":\"cfeditorfr\",\"@id\":\"https:\/\/www.africa-press.net\/cotedivoire\/#\/schema\/person\/2b1cf3cd81a31e3cd26889ca66d677f1\"},\"headline\":\"Soro condamn\u00e9 \u00e0 l\u2019errance ?\",\"datePublished\":\"2021-06-24T17:58:25+00:00\",\"dateModified\":\"2021-06-25T08:43:55+00:00\",\"mainEntityOfPage\":{\"@id\":\"https:\/\/www.africa-press.net\/cotedivoire\/dossiers\/soro-condamne-a-lerrance\"},\"wordCount\":610,\"commentCount\":0,\"image\":{\"@id\":\"https:\/\/www.africa-press.net\/cotedivoire\/dossiers\/soro-condamne-a-lerrance#primaryimage\"},\"thumbnailUrl\":\"https:\/\/static.africa-press.net\/cote\/sites\/43\/2021\/06\/img-60d4c0e993f3f.jpg\",\"keywords\":[\"Africa Press\",\"Africa Press-C\u00f4te d'Ivoire\",\"C\u00d4TE D'IVOIRE\"],\"articleSection\":[\"Dossiers\",\"homepage-french\",\"Top Nouvelles\",\"Toutes les actualit\u00e9s\"],\"inLanguage\":\"fr-FR\",\"potentialAction\":[{\"@type\":\"CommentAction\",\"name\":\"Comment\",\"target\":[\"https:\/\/www.africa-press.net\/cotedivoire\/dossiers\/soro-condamne-a-lerrance#respond\"]}]},{\"@type\":\"WebPage\",\"@id\":\"https:\/\/www.africa-press.net\/cotedivoire\/dossiers\/soro-condamne-a-lerrance\",\"url\":\"https:\/\/www.africa-press.net\/cotedivoire\/dossiers\/soro-condamne-a-lerrance\",\"name\":\"Soro condamn\u00e9 \u00e0 l\u2019errance ? - C\u00f4te d&#039;Ivoire\",\"isPartOf\":{\"@id\":\"https:\/\/www.africa-press.net\/cotedivoire\/#website\"},\"primaryImageOfPage\":{\"@id\":\"https:\/\/www.africa-press.net\/cotedivoire\/dossiers\/soro-condamne-a-lerrance#primaryimage\"},\"image\":{\"@id\":\"https:\/\/www.africa-press.net\/cotedivoire\/dossiers\/soro-condamne-a-lerrance#primaryimage\"},\"thumbnailUrl\":\"https:\/\/static.africa-press.net\/cote\/sites\/43\/2021\/06\/img-60d4c0e993f3f.jpg\",\"datePublished\":\"2021-06-24T17:58:25+00:00\",\"dateModified\":\"2021-06-25T08:43:55+00:00\",\"author\":{\"@id\":\"https:\/\/www.africa-press.net\/cotedivoire\/#\/schema\/person\/2b1cf3cd81a31e3cd26889ca66d677f1\"},\"description\":\"Une \u00e2me sans doute condamn\u00e9e \u00e0 l\u2019errance, loin des siens! C\u2019est \u00e0 ce triste sort que semble, \u00e0 pr\u00e9sent, r\u00e9duit l\u2019ancien ...\",\"breadcrumb\":{\"@id\":\"https:\/\/www.africa-press.net\/cotedivoire\/dossiers\/soro-condamne-a-lerrance#breadcrumb\"},\"inLanguage\":\"fr-FR\",\"potentialAction\":[{\"@type\":\"ReadAction\",\"target\":[\"https:\/\/www.africa-press.net\/cotedivoire\/dossiers\/soro-condamne-a-lerrance\"]}]},{\"@type\":\"ImageObject\",\"inLanguage\":\"fr-FR\",\"@id\":\"https:\/\/www.africa-press.net\/cotedivoire\/dossiers\/soro-condamne-a-lerrance#primaryimage\",\"url\":\"https:\/\/static.africa-press.net\/cote\/sites\/43\/2021\/06\/img-60d4c0e993f3f.jpg\",\"contentUrl\":\"https:\/\/static.africa-press.net\/cote\/sites\/43\/2021\/06\/img-60d4c0e993f3f.jpg\",\"width\":720,\"height\":480,\"caption\":\"Soro condamn\u00e9 \u00e0 l\u2019errance ?\"},{\"@type\":\"BreadcrumbList\",\"@id\":\"https:\/\/www.africa-press.net\/cotedivoire\/dossiers\/soro-condamne-a-lerrance#breadcrumb\",\"itemListElement\":[{\"@type\":\"ListItem\",\"position\":1,\"name\":\"Accueil\",\"item\":\"https:\/\/www.africa-press.net\/cotedivoire\/\"},{\"@type\":\"ListItem\",\"position\":2,\"name\":\"Soro condamn\u00e9 \u00e0 l\u2019errance ?\"}]},{\"@type\":\"WebSite\",\"@id\":\"https:\/\/www.africa-press.net\/cotedivoire\/#website\",\"url\":\"https:\/\/www.africa-press.net\/cotedivoire\/\",\"name\":\"C\u00f4te d&#039;Ivoire\",\"description\":\"Just another Africa News Agency Sites site\",\"potentialAction\":[{\"@type\":\"SearchAction\",\"target\":{\"@type\":\"EntryPoint\",\"urlTemplate\":\"https:\/\/www.africa-press.net\/cotedivoire\/?s={search_term_string}\"},\"query-input\":{\"@type\":\"PropertyValueSpecification\",\"valueRequired\":true,\"valueName\":\"search_term_string\"}}],\"inLanguage\":\"fr-FR\"},{\"@type\":\"Person\",\"@id\":\"https:\/\/www.africa-press.net\/cotedivoire\/#\/schema\/person\/2b1cf3cd81a31e3cd26889ca66d677f1\",\"name\":\"cfeditorfr\"}]}<\/script>\n<!-- \/ Yoast SEO Premium plugin. -->","yoast_head_json":{"title":"Soro condamn\u00e9 \u00e0 l\u2019errance ? - C\u00f4te d&#039;Ivoire","description":"Une \u00e2me sans doute condamn\u00e9e \u00e0 l\u2019errance, loin des siens! C\u2019est \u00e0 ce triste sort que semble, \u00e0 pr\u00e9sent, r\u00e9duit l\u2019ancien ...","robots":{"index":"index","follow":"follow","max-snippet":"max-snippet:-1","max-image-preview":"max-image-preview:large","max-video-preview":"max-video-preview:-1"},"canonical":"https:\/\/www.africa-press.net\/cotedivoire\/dossiers\/soro-condamne-a-lerrance","og_locale":"fr_FR","og_type":"article","og_title":"Soro condamn\u00e9 \u00e0 l\u2019errance ?","og_description":"Une \u00e2me sans doute condamn\u00e9e \u00e0 l\u2019errance, loin des siens! C\u2019est \u00e0 ce triste sort que semble, \u00e0 pr\u00e9sent, r\u00e9duit l\u2019ancien ...","og_url":"https:\/\/www.africa-press.net\/cotedivoire\/dossiers\/soro-condamne-a-lerrance","og_site_name":"C\u00f4te d&#039;Ivoire","article_published_time":"2021-06-24T17:58:25+00:00","article_modified_time":"2021-06-25T08:43:55+00:00","og_image":[{"width":720,"height":480,"url":"https:\/\/static.africa-press.net\/cote\/sites\/43\/2021\/06\/img-60d4c0e993f3f.jpg","type":"image\/jpeg"}],"author":"cfeditorfr","twitter_card":"summary_large_image","twitter_misc":{"\u00c9crit par":"cfeditorfr","Dur\u00e9e de lecture estim\u00e9e":"3 minutes"},"schema":{"@context":"https:\/\/schema.org","@graph":[{"@type":"Article","@id":"https:\/\/www.africa-press.net\/cotedivoire\/dossiers\/soro-condamne-a-lerrance#article","isPartOf":{"@id":"https:\/\/www.africa-press.net\/cotedivoire\/dossiers\/soro-condamne-a-lerrance"},"author":{"name":"cfeditorfr","@id":"https:\/\/www.africa-press.net\/cotedivoire\/#\/schema\/person\/2b1cf3cd81a31e3cd26889ca66d677f1"},"headline":"Soro condamn\u00e9 \u00e0 l\u2019errance ?","datePublished":"2021-06-24T17:58:25+00:00","dateModified":"2021-06-25T08:43:55+00:00","mainEntityOfPage":{"@id":"https:\/\/www.africa-press.net\/cotedivoire\/dossiers\/soro-condamne-a-lerrance"},"wordCount":610,"commentCount":0,"image":{"@id":"https:\/\/www.africa-press.net\/cotedivoire\/dossiers\/soro-condamne-a-lerrance#primaryimage"},"thumbnailUrl":"https:\/\/static.africa-press.net\/cote\/sites\/43\/2021\/06\/img-60d4c0e993f3f.jpg","keywords":["Africa Press","Africa Press-C\u00f4te d'Ivoire","C\u00d4TE D'IVOIRE"],"articleSection":["Dossiers","homepage-french","Top Nouvelles","Toutes les actualit\u00e9s"],"inLanguage":"fr-FR","potentialAction":[{"@type":"CommentAction","name":"Comment","target":["https:\/\/www.africa-press.net\/cotedivoire\/dossiers\/soro-condamne-a-lerrance#respond"]}]},{"@type":"WebPage","@id":"https:\/\/www.africa-press.net\/cotedivoire\/dossiers\/soro-condamne-a-lerrance","url":"https:\/\/www.africa-press.net\/cotedivoire\/dossiers\/soro-condamne-a-lerrance","name":"Soro condamn\u00e9 \u00e0 l\u2019errance ? - C\u00f4te d&#039;Ivoire","isPartOf":{"@id":"https:\/\/www.africa-press.net\/cotedivoire\/#website"},"primaryImageOfPage":{"@id":"https:\/\/www.africa-press.net\/cotedivoire\/dossiers\/soro-condamne-a-lerrance#primaryimage"},"image":{"@id":"https:\/\/www.africa-press.net\/cotedivoire\/dossiers\/soro-condamne-a-lerrance#primaryimage"},"thumbnailUrl":"https:\/\/static.africa-press.net\/cote\/sites\/43\/2021\/06\/img-60d4c0e993f3f.jpg","datePublished":"2021-06-24T17:58:25+00:00","dateModified":"2021-06-25T08:43:55+00:00","author":{"@id":"https:\/\/www.africa-press.net\/cotedivoire\/#\/schema\/person\/2b1cf3cd81a31e3cd26889ca66d677f1"},"description":"Une \u00e2me sans doute condamn\u00e9e \u00e0 l\u2019errance, loin des siens! C\u2019est \u00e0 ce triste sort que semble, \u00e0 pr\u00e9sent, r\u00e9duit l\u2019ancien ...","breadcrumb":{"@id":"https:\/\/www.africa-press.net\/cotedivoire\/dossiers\/soro-condamne-a-lerrance#breadcrumb"},"inLanguage":"fr-FR","potentialAction":[{"@type":"ReadAction","target":["https:\/\/www.africa-press.net\/cotedivoire\/dossiers\/soro-condamne-a-lerrance"]}]},{"@type":"ImageObject","inLanguage":"fr-FR","@id":"https:\/\/www.africa-press.net\/cotedivoire\/dossiers\/soro-condamne-a-lerrance#primaryimage","url":"https:\/\/static.africa-press.net\/cote\/sites\/43\/2021\/06\/img-60d4c0e993f3f.jpg","contentUrl":"https:\/\/static.africa-press.net\/cote\/sites\/43\/2021\/06\/img-60d4c0e993f3f.jpg","width":720,"height":480,"caption":"Soro condamn\u00e9 \u00e0 l\u2019errance ?"},{"@type":"BreadcrumbList","@id":"https:\/\/www.africa-press.net\/cotedivoire\/dossiers\/soro-condamne-a-lerrance#breadcrumb","itemListElement":[{"@type":"ListItem","position":1,"name":"Accueil","item":"https:\/\/www.africa-press.net\/cotedivoire\/"},{"@type":"ListItem","position":2,"name":"Soro condamn\u00e9 \u00e0 l\u2019errance ?"}]},{"@type":"WebSite","@id":"https:\/\/www.africa-press.net\/cotedivoire\/#website","url":"https:\/\/www.africa-press.net\/cotedivoire\/","name":"C\u00f4te d&#039;Ivoire","description":"Just another Africa News Agency Sites site","potentialAction":[{"@type":"SearchAction","target":{"@type":"EntryPoint","urlTemplate":"https:\/\/www.africa-press.net\/cotedivoire\/?s={search_term_string}"},"query-input":{"@type":"PropertyValueSpecification","valueRequired":true,"valueName":"search_term_string"}}],"inLanguage":"fr-FR"},{"@type":"Person","@id":"https:\/\/www.africa-press.net\/cotedivoire\/#\/schema\/person\/2b1cf3cd81a31e3cd26889ca66d677f1","name":"cfeditorfr"}]}},"_links":{"self":[{"href":"https:\/\/www.africa-press.net\/cotedivoire\/wp-json\/wp\/v2\/posts\/9395","targetHints":{"allow":["GET"]}}],"collection":[{"href":"https:\/\/www.africa-press.net\/cotedivoire\/wp-json\/wp\/v2\/posts"}],"about":[{"href":"https:\/\/www.africa-press.net\/cotedivoire\/wp-json\/wp\/v2\/types\/post"}],"author":[{"embeddable":true,"href":"https:\/\/www.africa-press.net\/cotedivoire\/wp-json\/wp\/v2\/users\/82"}],"replies":[{"embeddable":true,"href":"https:\/\/www.africa-press.net\/cotedivoire\/wp-json\/wp\/v2\/comments?post=9395"}],"version-history":[{"count":0,"href":"https:\/\/www.africa-press.net\/cotedivoire\/wp-json\/wp\/v2\/posts\/9395\/revisions"}],"wp:featuredmedia":[{"embeddable":true,"href":"https:\/\/www.africa-press.net\/cotedivoire\/wp-json\/wp\/v2\/media\/9394"}],"wp:attachment":[{"href":"https:\/\/www.africa-press.net\/cotedivoire\/wp-json\/wp\/v2\/media?parent=9395"}],"wp:term":[{"taxonomy":"category","embeddable":true,"href":"https:\/\/www.africa-press.net\/cotedivoire\/wp-json\/wp\/v2\/categories?post=9395"},{"taxonomy":"post_tag","embeddable":true,"href":"https:\/\/www.africa-press.net\/cotedivoire\/wp-json\/wp\/v2\/tags?post=9395"}],"curies":[{"name":"wp","href":"https:\/\/api.w.org\/{rel}","templated":true}]}}