{"id":93967,"date":"2025-01-19T18:50:18","date_gmt":"2025-01-19T18:50:18","guid":{"rendered":"https:\/\/www.africa-press.net\/cotedivoire\/politique\/le-president-alassane-ouattara-laureat-du-prix-afrique-pour-la-promotion-de-la-paix-2025"},"modified":"2025-01-19T18:50:18","modified_gmt":"2025-01-19T18:50:18","slug":"le-president-alassane-ouattara-laureat-du-prix-afrique-pour-la-promotion-de-la-paix-2025","status":"publish","type":"post","link":"https:\/\/www.africa-press.net\/cotedivoire\/politique\/le-president-alassane-ouattara-laureat-du-prix-afrique-pour-la-promotion-de-la-paix-2025","title":{"rendered":"Le Pr\u00e9sident Alassane Ouattara laur\u00e9at du Prix Afrique pour la promotion de la paix 2025"},"content":{"rendered":"<p><span style=\"color: #ff6600\"><strong>Africa-Press &#8211; C\u00f4te d&rsquo;Ivoire. <\/strong><\/span>Une nouvelle qui honore la Co\u0302te d&rsquo;Ivoire et son Pre\u0301sident: Alassane Ouattara vient d&rsquo;e\u0302tre distingue\u0301 par la Confe\u0301rence africaine pour la promotion de la paix en remportant le prestigieux \u00ab Prix Afrique pour la promotion de la paix 2025 \u00bb. Cette re\u0301compense vient saluer son engagement sans faille en faveur de la paix et de la stabilite\u0301 sur le continent africain.<\/p>\n<p><b>Une reconnaissance internationale<\/b><\/p>\n<p>Ce prix, hautement convoite\u0301 sur la sce\u0300ne africaine, vient couronner les efforts soutenus du Pre\u0301sident Ouattara pour promouvoir le dialogue, la re\u0301conciliation et la coope\u0301ration entre les nations africaines. Son action en faveur de la paix en Co\u0302te d&rsquo;Ivoire, mais aussi dans la sous-re\u0301gion et sur tout le continent, a e\u0301te\u0301 salue\u0301e par la communaute\u0301 internationale.<\/p>\n<p><b>Les actions du Pre\u0301sident re\u0301compense\u0301es<\/b><\/p>\n<p>De nombreuses actions du Pre\u0301sident Ouattara ont e\u0301te\u0301 mises en avant pour justifier cette distinction:<\/p>\n<p><b>La re\u0301conciliation nationale en Co\u0302te d&rsquo;Ivoire:<\/b> Apre\u0300s la crise post-e\u0301lectorale de 2010, le Pre\u0301sident Ouattara a \u0153uvre\u0301 sans rela\u0302che pour la re\u0301conciliation nationale et la reconstruction du pays.<\/p>\n<p><b>Son engagement en faveur de la CEDEAO:<\/b> Le Pre\u0301sident ivoirien a toujours e\u0301te\u0301 un fervent de\u0301fenseur de l&rsquo;inte\u0301gration re\u0301gionale et a joue\u0301 un ro\u0302le cle\u0301 dans la re\u0301solution de plusieurs crises en Afrique de l&rsquo;Ouest.<\/p>\n<p><b>Son soutien aux initiatives de paix en Afrique:<\/b> Le Pre\u0301sident Ouattara a apporte\u0301 son soutien a\u0300 de nombreuses initiatives de paix en Afrique, notamment en Re\u0301publique Centrafricaine et au Mali.<\/p>\n<p><strong>Pour plus d&rsquo;informations et d&rsquo;analyses sur la <span style=\"color: #ff6600\">C\u00f4te d&rsquo;Ivoire<\/span>, suivez <span style=\"color: #ff6600\">Africa-Press<span style=\"color: #ff6600\"><\/span><\/strong><\/p>\n","protected":false},"excerpt":{"rendered":"<p>Africa-Press &#8211; C\u00f4te d&rsquo;Ivoire. Une nouvelle qui honore la Co\u0302te d&rsquo;Ivoire et son Pre\u0301sident: Alassane Ouattara vient d&rsquo;e\u0302tre distingue\u0301 par la Confe\u0301rence africaine pour la promotion de la paix en remportant le prestigieux \u00ab Prix Afrique pour la promotion de la paix 2025 \u00bb. Cette re\u0301compense vient saluer son engagement sans faille en faveur de [&hellip;]<\/p>\n","protected":false},"author":82,"featured_media":93966,"comment_status":"open","ping_status":"closed","sticky":false,"template":"","format":"standard","meta":{"footnotes":""},"categories":[2,10],"tags":[37],"class_list":["post-93967","post","type-post","status-publish","format-standard","has-post-thumbnail","hentry","category-politique","category-toutes-les-actualites","tag-cote-divoire-2"],"yoast_head":"<!-- This site is optimized with the Yoast SEO Premium plugin v26.1 (Yoast SEO v27.0) - https:\/\/yoast.com\/product\/yoast-seo-premium-wordpress\/ -->\n<title>Le Pr\u00e9sident Alassane Ouattara laur\u00e9at du Prix Afrique pour la promotion de la paix 2025 - C\u00f4te d&#039;Ivoire<\/title>\n<meta name=\"robots\" content=\"index, follow, max-snippet:-1, max-image-preview:large, max-video-preview:-1\" \/>\n<link rel=\"canonical\" href=\"https:\/\/www.africa-press.net\/cotedivoire\/politique\/le-president-alassane-ouattara-laureat-du-prix-afrique-pour-la-promotion-de-la-paix-2025\" \/>\n<meta property=\"og:locale\" content=\"fr_FR\" \/>\n<meta property=\"og:type\" content=\"article\" \/>\n<meta property=\"og:title\" content=\"Le Pr\u00e9sident Alassane Ouattara laur\u00e9at du Prix Afrique pour la promotion de la paix 2025\" \/>\n<meta property=\"og:description\" content=\"Africa-Press &#8211; C\u00f4te d&rsquo;Ivoire. Une nouvelle qui honore la Co\u0302te d&rsquo;Ivoire et son Pre\u0301sident: Alassane Ouattara vient d&rsquo;e\u0302tre distingue\u0301 par la Confe\u0301rence africaine pour la promotion de la paix en remportant le prestigieux \u00ab Prix Afrique pour la promotion de la paix 2025 \u00bb. Cette re\u0301compense vient saluer son engagement sans faille en faveur de [&hellip;]\" \/>\n<meta property=\"og:url\" content=\"https:\/\/www.africa-press.net\/cotedivoire\/politique\/le-president-alassane-ouattara-laureat-du-prix-afrique-pour-la-promotion-de-la-paix-2025\" \/>\n<meta property=\"og:site_name\" content=\"C\u00f4te d&#039;Ivoire\" \/>\n<meta property=\"article:published_time\" content=\"2025-01-19T18:50:18+00:00\" \/>\n<meta name=\"author\" content=\"cfeditorfr\" \/>\n<meta name=\"twitter:card\" content=\"summary_large_image\" \/>\n<meta name=\"twitter:label1\" content=\"\u00c9crit par\" \/>\n\t<meta name=\"twitter:data1\" content=\"cfeditorfr\" \/>\n\t<meta name=\"twitter:label2\" content=\"Dur\u00e9e de lecture estim\u00e9e\" \/>\n\t<meta name=\"twitter:data2\" content=\"1 minute\" \/>\n<script type=\"application\/ld+json\" class=\"yoast-schema-graph\">{\"@context\":\"https:\/\/schema.org\",\"@graph\":[{\"@type\":\"Article\",\"@id\":\"https:\/\/www.africa-press.net\/cotedivoire\/politique\/le-president-alassane-ouattara-laureat-du-prix-afrique-pour-la-promotion-de-la-paix-2025#article\",\"isPartOf\":{\"@id\":\"https:\/\/www.africa-press.net\/cotedivoire\/politique\/le-president-alassane-ouattara-laureat-du-prix-afrique-pour-la-promotion-de-la-paix-2025\"},\"author\":{\"name\":\"cfeditorfr\",\"@id\":\"https:\/\/www.africa-press.net\/cotedivoire\/#\/schema\/person\/2b1cf3cd81a31e3cd26889ca66d677f1\"},\"headline\":\"Le Pr\u00e9sident Alassane Ouattara laur\u00e9at du Prix Afrique pour la promotion de la paix 2025\",\"datePublished\":\"2025-01-19T18:50:18+00:00\",\"mainEntityOfPage\":{\"@id\":\"https:\/\/www.africa-press.net\/cotedivoire\/politique\/le-president-alassane-ouattara-laureat-du-prix-afrique-pour-la-promotion-de-la-paix-2025\"},\"wordCount\":306,\"commentCount\":0,\"image\":{\"@id\":\"https:\/\/www.africa-press.net\/cotedivoire\/politique\/le-president-alassane-ouattara-laureat-du-prix-afrique-pour-la-promotion-de-la-paix-2025#primaryimage\"},\"thumbnailUrl\":\"https:\/\/static.africa-press.net\/cote\/sites\/43\/2025\/01\/sm_1737301651.180622.jpg\",\"keywords\":[\"C\u00f4te d'Ivoire\"],\"articleSection\":[\"Politique\",\"Toutes les actualit\u00e9s\"],\"inLanguage\":\"fr-FR\",\"potentialAction\":[{\"@type\":\"CommentAction\",\"name\":\"Comment\",\"target\":[\"https:\/\/www.africa-press.net\/cotedivoire\/politique\/le-president-alassane-ouattara-laureat-du-prix-afrique-pour-la-promotion-de-la-paix-2025#respond\"]}]},{\"@type\":\"WebPage\",\"@id\":\"https:\/\/www.africa-press.net\/cotedivoire\/politique\/le-president-alassane-ouattara-laureat-du-prix-afrique-pour-la-promotion-de-la-paix-2025\",\"url\":\"https:\/\/www.africa-press.net\/cotedivoire\/politique\/le-president-alassane-ouattara-laureat-du-prix-afrique-pour-la-promotion-de-la-paix-2025\",\"name\":\"Le Pr\u00e9sident Alassane Ouattara laur\u00e9at du Prix Afrique pour la promotion de la paix 2025 - C\u00f4te d&#039;Ivoire\",\"isPartOf\":{\"@id\":\"https:\/\/www.africa-press.net\/cotedivoire\/#website\"},\"primaryImageOfPage\":{\"@id\":\"https:\/\/www.africa-press.net\/cotedivoire\/politique\/le-president-alassane-ouattara-laureat-du-prix-afrique-pour-la-promotion-de-la-paix-2025#primaryimage\"},\"image\":{\"@id\":\"https:\/\/www.africa-press.net\/cotedivoire\/politique\/le-president-alassane-ouattara-laureat-du-prix-afrique-pour-la-promotion-de-la-paix-2025#primaryimage\"},\"thumbnailUrl\":\"https:\/\/static.africa-press.net\/cote\/sites\/43\/2025\/01\/sm_1737301651.180622.jpg\",\"datePublished\":\"2025-01-19T18:50:18+00:00\",\"author\":{\"@id\":\"https:\/\/www.africa-press.net\/cotedivoire\/#\/schema\/person\/2b1cf3cd81a31e3cd26889ca66d677f1\"},\"breadcrumb\":{\"@id\":\"https:\/\/www.africa-press.net\/cotedivoire\/politique\/le-president-alassane-ouattara-laureat-du-prix-afrique-pour-la-promotion-de-la-paix-2025#breadcrumb\"},\"inLanguage\":\"fr-FR\",\"potentialAction\":[{\"@type\":\"ReadAction\",\"target\":[\"https:\/\/www.africa-press.net\/cotedivoire\/politique\/le-president-alassane-ouattara-laureat-du-prix-afrique-pour-la-promotion-de-la-paix-2025\"]}]},{\"@type\":\"ImageObject\",\"inLanguage\":\"fr-FR\",\"@id\":\"https:\/\/www.africa-press.net\/cotedivoire\/politique\/le-president-alassane-ouattara-laureat-du-prix-afrique-pour-la-promotion-de-la-paix-2025#primaryimage\",\"url\":\"https:\/\/static.africa-press.net\/cote\/sites\/43\/2025\/01\/sm_1737301651.180622.jpg\",\"contentUrl\":\"https:\/\/static.africa-press.net\/cote\/sites\/43\/2025\/01\/sm_1737301651.180622.jpg\",\"width\":720,\"height\":540,\"caption\":\"Le Pr\u00e9sident Alassane Ouattara laur\u00e9at du Prix Afrique pour la promotion de la paix 2025\"},{\"@type\":\"BreadcrumbList\",\"@id\":\"https:\/\/www.africa-press.net\/cotedivoire\/politique\/le-president-alassane-ouattara-laureat-du-prix-afrique-pour-la-promotion-de-la-paix-2025#breadcrumb\",\"itemListElement\":[{\"@type\":\"ListItem\",\"position\":1,\"name\":\"Accueil\",\"item\":\"https:\/\/www.africa-press.net\/cotedivoire\/\"},{\"@type\":\"ListItem\",\"position\":2,\"name\":\"Le Pr\u00e9sident Alassane Ouattara laur\u00e9at du Prix Afrique pour la promotion de la paix 2025\"}]},{\"@type\":\"WebSite\",\"@id\":\"https:\/\/www.africa-press.net\/cotedivoire\/#website\",\"url\":\"https:\/\/www.africa-press.net\/cotedivoire\/\",\"name\":\"C\u00f4te d&#039;Ivoire\",\"description\":\"Just another Africa News Agency Sites site\",\"potentialAction\":[{\"@type\":\"SearchAction\",\"target\":{\"@type\":\"EntryPoint\",\"urlTemplate\":\"https:\/\/www.africa-press.net\/cotedivoire\/?s={search_term_string}\"},\"query-input\":{\"@type\":\"PropertyValueSpecification\",\"valueRequired\":true,\"valueName\":\"search_term_string\"}}],\"inLanguage\":\"fr-FR\"},{\"@type\":\"Person\",\"@id\":\"https:\/\/www.africa-press.net\/cotedivoire\/#\/schema\/person\/2b1cf3cd81a31e3cd26889ca66d677f1\",\"name\":\"cfeditorfr\"}]}<\/script>\n<!-- \/ Yoast SEO Premium plugin. -->","yoast_head_json":{"title":"Le Pr\u00e9sident Alassane Ouattara laur\u00e9at du Prix Afrique pour la promotion de la paix 2025 - C\u00f4te d&#039;Ivoire","robots":{"index":"index","follow":"follow","max-snippet":"max-snippet:-1","max-image-preview":"max-image-preview:large","max-video-preview":"max-video-preview:-1"},"canonical":"https:\/\/www.africa-press.net\/cotedivoire\/politique\/le-president-alassane-ouattara-laureat-du-prix-afrique-pour-la-promotion-de-la-paix-2025","og_locale":"fr_FR","og_type":"article","og_title":"Le Pr\u00e9sident Alassane Ouattara laur\u00e9at du Prix Afrique pour la promotion de la paix 2025","og_description":"Africa-Press &#8211; C\u00f4te d&rsquo;Ivoire. Une nouvelle qui honore la Co\u0302te d&rsquo;Ivoire et son Pre\u0301sident: Alassane Ouattara vient d&rsquo;e\u0302tre distingue\u0301 par la Confe\u0301rence africaine pour la promotion de la paix en remportant le prestigieux \u00ab Prix Afrique pour la promotion de la paix 2025 \u00bb. Cette re\u0301compense vient saluer son engagement sans faille en faveur de [&hellip;]","og_url":"https:\/\/www.africa-press.net\/cotedivoire\/politique\/le-president-alassane-ouattara-laureat-du-prix-afrique-pour-la-promotion-de-la-paix-2025","og_site_name":"C\u00f4te d&#039;Ivoire","article_published_time":"2025-01-19T18:50:18+00:00","author":"cfeditorfr","twitter_card":"summary_large_image","twitter_misc":{"\u00c9crit par":"cfeditorfr","Dur\u00e9e de lecture estim\u00e9e":"1 minute"},"schema":{"@context":"https:\/\/schema.org","@graph":[{"@type":"Article","@id":"https:\/\/www.africa-press.net\/cotedivoire\/politique\/le-president-alassane-ouattara-laureat-du-prix-afrique-pour-la-promotion-de-la-paix-2025#article","isPartOf":{"@id":"https:\/\/www.africa-press.net\/cotedivoire\/politique\/le-president-alassane-ouattara-laureat-du-prix-afrique-pour-la-promotion-de-la-paix-2025"},"author":{"name":"cfeditorfr","@id":"https:\/\/www.africa-press.net\/cotedivoire\/#\/schema\/person\/2b1cf3cd81a31e3cd26889ca66d677f1"},"headline":"Le Pr\u00e9sident Alassane Ouattara laur\u00e9at du Prix Afrique pour la promotion de la paix 2025","datePublished":"2025-01-19T18:50:18+00:00","mainEntityOfPage":{"@id":"https:\/\/www.africa-press.net\/cotedivoire\/politique\/le-president-alassane-ouattara-laureat-du-prix-afrique-pour-la-promotion-de-la-paix-2025"},"wordCount":306,"commentCount":0,"image":{"@id":"https:\/\/www.africa-press.net\/cotedivoire\/politique\/le-president-alassane-ouattara-laureat-du-prix-afrique-pour-la-promotion-de-la-paix-2025#primaryimage"},"thumbnailUrl":"https:\/\/static.africa-press.net\/cote\/sites\/43\/2025\/01\/sm_1737301651.180622.jpg","keywords":["C\u00f4te d'Ivoire"],"articleSection":["Politique","Toutes les actualit\u00e9s"],"inLanguage":"fr-FR","potentialAction":[{"@type":"CommentAction","name":"Comment","target":["https:\/\/www.africa-press.net\/cotedivoire\/politique\/le-president-alassane-ouattara-laureat-du-prix-afrique-pour-la-promotion-de-la-paix-2025#respond"]}]},{"@type":"WebPage","@id":"https:\/\/www.africa-press.net\/cotedivoire\/politique\/le-president-alassane-ouattara-laureat-du-prix-afrique-pour-la-promotion-de-la-paix-2025","url":"https:\/\/www.africa-press.net\/cotedivoire\/politique\/le-president-alassane-ouattara-laureat-du-prix-afrique-pour-la-promotion-de-la-paix-2025","name":"Le Pr\u00e9sident Alassane Ouattara laur\u00e9at du Prix Afrique pour la promotion de la paix 2025 - C\u00f4te d&#039;Ivoire","isPartOf":{"@id":"https:\/\/www.africa-press.net\/cotedivoire\/#website"},"primaryImageOfPage":{"@id":"https:\/\/www.africa-press.net\/cotedivoire\/politique\/le-president-alassane-ouattara-laureat-du-prix-afrique-pour-la-promotion-de-la-paix-2025#primaryimage"},"image":{"@id":"https:\/\/www.africa-press.net\/cotedivoire\/politique\/le-president-alassane-ouattara-laureat-du-prix-afrique-pour-la-promotion-de-la-paix-2025#primaryimage"},"thumbnailUrl":"https:\/\/static.africa-press.net\/cote\/sites\/43\/2025\/01\/sm_1737301651.180622.jpg","datePublished":"2025-01-19T18:50:18+00:00","author":{"@id":"https:\/\/www.africa-press.net\/cotedivoire\/#\/schema\/person\/2b1cf3cd81a31e3cd26889ca66d677f1"},"breadcrumb":{"@id":"https:\/\/www.africa-press.net\/cotedivoire\/politique\/le-president-alassane-ouattara-laureat-du-prix-afrique-pour-la-promotion-de-la-paix-2025#breadcrumb"},"inLanguage":"fr-FR","potentialAction":[{"@type":"ReadAction","target":["https:\/\/www.africa-press.net\/cotedivoire\/politique\/le-president-alassane-ouattara-laureat-du-prix-afrique-pour-la-promotion-de-la-paix-2025"]}]},{"@type":"ImageObject","inLanguage":"fr-FR","@id":"https:\/\/www.africa-press.net\/cotedivoire\/politique\/le-president-alassane-ouattara-laureat-du-prix-afrique-pour-la-promotion-de-la-paix-2025#primaryimage","url":"https:\/\/static.africa-press.net\/cote\/sites\/43\/2025\/01\/sm_1737301651.180622.jpg","contentUrl":"https:\/\/static.africa-press.net\/cote\/sites\/43\/2025\/01\/sm_1737301651.180622.jpg","width":720,"height":540,"caption":"Le Pr\u00e9sident Alassane Ouattara laur\u00e9at du Prix Afrique pour la promotion de la paix 2025"},{"@type":"BreadcrumbList","@id":"https:\/\/www.africa-press.net\/cotedivoire\/politique\/le-president-alassane-ouattara-laureat-du-prix-afrique-pour-la-promotion-de-la-paix-2025#breadcrumb","itemListElement":[{"@type":"ListItem","position":1,"name":"Accueil","item":"https:\/\/www.africa-press.net\/cotedivoire\/"},{"@type":"ListItem","position":2,"name":"Le Pr\u00e9sident Alassane Ouattara laur\u00e9at du Prix Afrique pour la promotion de la paix 2025"}]},{"@type":"WebSite","@id":"https:\/\/www.africa-press.net\/cotedivoire\/#website","url":"https:\/\/www.africa-press.net\/cotedivoire\/","name":"C\u00f4te d&#039;Ivoire","description":"Just another Africa News Agency Sites site","potentialAction":[{"@type":"SearchAction","target":{"@type":"EntryPoint","urlTemplate":"https:\/\/www.africa-press.net\/cotedivoire\/?s={search_term_string}"},"query-input":{"@type":"PropertyValueSpecification","valueRequired":true,"valueName":"search_term_string"}}],"inLanguage":"fr-FR"},{"@type":"Person","@id":"https:\/\/www.africa-press.net\/cotedivoire\/#\/schema\/person\/2b1cf3cd81a31e3cd26889ca66d677f1","name":"cfeditorfr"}]}},"_links":{"self":[{"href":"https:\/\/www.africa-press.net\/cotedivoire\/wp-json\/wp\/v2\/posts\/93967","targetHints":{"allow":["GET"]}}],"collection":[{"href":"https:\/\/www.africa-press.net\/cotedivoire\/wp-json\/wp\/v2\/posts"}],"about":[{"href":"https:\/\/www.africa-press.net\/cotedivoire\/wp-json\/wp\/v2\/types\/post"}],"author":[{"embeddable":true,"href":"https:\/\/www.africa-press.net\/cotedivoire\/wp-json\/wp\/v2\/users\/82"}],"replies":[{"embeddable":true,"href":"https:\/\/www.africa-press.net\/cotedivoire\/wp-json\/wp\/v2\/comments?post=93967"}],"version-history":[{"count":0,"href":"https:\/\/www.africa-press.net\/cotedivoire\/wp-json\/wp\/v2\/posts\/93967\/revisions"}],"wp:featuredmedia":[{"embeddable":true,"href":"https:\/\/www.africa-press.net\/cotedivoire\/wp-json\/wp\/v2\/media\/93966"}],"wp:attachment":[{"href":"https:\/\/www.africa-press.net\/cotedivoire\/wp-json\/wp\/v2\/media?parent=93967"}],"wp:term":[{"taxonomy":"category","embeddable":true,"href":"https:\/\/www.africa-press.net\/cotedivoire\/wp-json\/wp\/v2\/categories?post=93967"},{"taxonomy":"post_tag","embeddable":true,"href":"https:\/\/www.africa-press.net\/cotedivoire\/wp-json\/wp\/v2\/tags?post=93967"}],"curies":[{"name":"wp","href":"https:\/\/api.w.org\/{rel}","templated":true}]}}