{"id":9398,"date":"2021-06-24T18:07:02","date_gmt":"2021-06-24T18:07:02","guid":{"rendered":"https:\/\/www.africa-press.net\/cotedivoire\/?p=9398"},"modified":"2021-06-25T08:44:33","modified_gmt":"2021-06-25T08:44:33","slug":"qatar-forum-economique-le-pm-ivoirien-presente-les-efforts-de-son-gouvernement-dans-lindustrie-cacaoyere","status":"publish","type":"post","link":"https:\/\/www.africa-press.net\/cotedivoire\/economie\/qatar-forum-economique-le-pm-ivoirien-presente-les-efforts-de-son-gouvernement-dans-lindustrie-cacaoyere","title":{"rendered":"Qatar Forum \u00e9conomique: Le PM ivoirien pr\u00e9sente les efforts de son gouvernement dans l\u2019industrie cacaoy\u00e8re"},"content":{"rendered":"<p><span style=\"color: #ff6600\"><strong><a href=\"https:\/\/www.africa-press.net\/\">Africa-Press<\/a> &#8211; <a href=\"https:\/\/www.africa-press.net\/cotedivoire\">C\u00f4te d&rsquo;Ivoire<\/a>. <\/strong><\/span>Dans une intervention par visio-conf\u00e9rence au Forum Economique du Qatar, le Premier ministre ivoirien, Patrick Achi, a \u00e9chang\u00e9, mardi 22 juin 2021, sur le secteur du cacao, des relations commerciales avec l\u2019Union Europ\u00e9enne et de l\u2019Eco, la monnaie unique \u00e0 venir de la CEDEAO, rapporte le centre d\u2019information et de communication gouvernementale (CICG).<\/p>\n<p>Parlant de la place du cacao dans des relations commerciales de la C\u00f4te d\u2019Ivoire avec l\u2019Union Europ\u00e9enne, il a indiqu\u00e9 qu\u2019il repr\u00e9sente une large proportion des recettes d\u2019exportation du pays, avec 67%.<\/p>\n<p>Pour Patrick Achi, le gouvernement renforce chaque jour davantage ses efforts pour un d\u00e9veloppement durable du secteur du cacao et surtout pour assurer aux producteurs un revenu d\u00e9cent. Il a notamment parl\u00e9 de la lutte contre le travail des enfants, par la mise en place du Conseil National de Surveillance des actions de lutte contre la traite, l\u2019exploitation et le travail des enfants ; l\u2019\u00e9laboration d\u2019une Nouvelle Strat\u00e9gie de Pr\u00e9servation, de R\u00e9habilitation et d\u2019Extension des for\u00eats class\u00e9es, assortie de dispositifs l\u00e9gislatifs et r\u00e9glementaires ad\u00e9quats ; et la mise en place du Diff\u00e9rentiel de Revenu D\u00e9cent (DRD), conjointement avec le Ghana.<\/p>\n<p>Avec une production de plus de 2 millions de tonnes, soit environ 45% de la production mondiale, le secteur repr\u00e9sente plus de 14% du Produit Int\u00e9rieur Brut. Il fait vivre directement et indirectement plus de 6 millions de personnes ; et assure, avec 40%, une large proportion des recettes d\u2019exportation du pays.<\/p>\n<p>Evoquant l\u2019Eco, le Chef du gouvernement a parl\u00e9 d\u2019une avanc\u00e9e ind\u00e9niable dans la conduite de la politique mon\u00e9taire sous-r\u00e9gionale. L\u2019essentiel, a-t-il dit, est que les d\u00e9bats permettent aux Etats, de fa\u00e7on sereine et dans une approche responsable, de continuer la marche vers la mise en place effective de la monnaie.<\/p>\n<p>&nbsp;<\/p>\n","protected":false},"excerpt":{"rendered":"<p>Africa-Press &#8211; C\u00f4te d&rsquo;Ivoire. Dans une intervention par visio-conf\u00e9rence au Forum Economique du Qatar, le Premier ministre ivoirien, Patrick Achi, a \u00e9chang\u00e9, mardi 22 juin 2021, sur le secteur du cacao, des relations commerciales avec l\u2019Union Europ\u00e9enne et de l\u2019Eco, la monnaie unique \u00e0 venir de la CEDEAO, rapporte le centre d\u2019information et de communication [&hellip;]<\/p>\n","protected":false},"author":82,"featured_media":9397,"comment_status":"open","ping_status":"closed","sticky":false,"template":"","format":"standard","meta":{"footnotes":""},"categories":[3,11,20,10],"tags":[56,63,29],"class_list":["post-9398","post","type-post","status-publish","format-standard","has-post-thumbnail","hentry","category-economie","category-homepage-french","category-top-nouvelles","category-toutes-les-actualites","tag-africa-press","tag-africa-press-cote-divoire","tag-cote-divoire"],"yoast_head":"<!-- This site is optimized with the Yoast SEO Premium plugin v26.1 (Yoast SEO v27.0) - https:\/\/yoast.com\/product\/yoast-seo-premium-wordpress\/ -->\n<title>Qatar Forum \u00e9conomique: Le PM ivoirien pr\u00e9sente les efforts de son gouvernement dans l\u2019industrie cacaoy\u00e8re - C\u00f4te d&#039;Ivoire<\/title>\n<meta name=\"description\" content=\"Dans une intervention par visio-conf\u00e9rence au Forum Economique du Qatar, le Premier ministre ivoirien, Patrick Achi, a \u00e9 ...\" \/>\n<meta name=\"robots\" content=\"index, follow, max-snippet:-1, max-image-preview:large, max-video-preview:-1\" \/>\n<link rel=\"canonical\" href=\"https:\/\/www.africa-press.net\/cotedivoire\/economie\/qatar-forum-economique-le-pm-ivoirien-presente-les-efforts-de-son-gouvernement-dans-lindustrie-cacaoyere\" \/>\n<meta property=\"og:locale\" content=\"fr_FR\" \/>\n<meta property=\"og:type\" content=\"article\" \/>\n<meta property=\"og:title\" content=\"Qatar Forum \u00e9conomique: Le PM ivoirien pr\u00e9sente les efforts de son gouvernement dans l\u2019industrie cacaoy\u00e8re\" \/>\n<meta property=\"og:description\" content=\"Dans une intervention par visio-conf\u00e9rence au Forum Economique du Qatar, le Premier ministre ivoirien, Patrick Achi, a \u00e9 ...\" \/>\n<meta property=\"og:url\" content=\"https:\/\/www.africa-press.net\/cotedivoire\/economie\/qatar-forum-economique-le-pm-ivoirien-presente-les-efforts-de-son-gouvernement-dans-lindustrie-cacaoyere\" \/>\n<meta property=\"og:site_name\" content=\"C\u00f4te d&#039;Ivoire\" \/>\n<meta property=\"article:published_time\" content=\"2021-06-24T18:07:02+00:00\" \/>\n<meta property=\"article:modified_time\" content=\"2021-06-25T08:44:33+00:00\" \/>\n<meta property=\"og:image\" content=\"https:\/\/static.africa-press.net\/cote\/sites\/43\/2021\/06\/img-60d4c10d2c62e.jpg\" \/>\n\t<meta property=\"og:image:width\" content=\"825\" \/>\n\t<meta property=\"og:image:height\" content=\"425\" \/>\n\t<meta property=\"og:image:type\" content=\"image\/jpeg\" \/>\n<meta name=\"author\" content=\"cfeditorfr\" \/>\n<meta name=\"twitter:card\" content=\"summary_large_image\" \/>\n<meta name=\"twitter:label1\" content=\"\u00c9crit par\" \/>\n\t<meta name=\"twitter:data1\" content=\"cfeditorfr\" \/>\n\t<meta name=\"twitter:label2\" content=\"Dur\u00e9e de lecture estim\u00e9e\" \/>\n\t<meta name=\"twitter:data2\" content=\"2 minutes\" \/>\n<script type=\"application\/ld+json\" class=\"yoast-schema-graph\">{\"@context\":\"https:\/\/schema.org\",\"@graph\":[{\"@type\":\"Article\",\"@id\":\"https:\/\/www.africa-press.net\/cotedivoire\/economie\/qatar-forum-economique-le-pm-ivoirien-presente-les-efforts-de-son-gouvernement-dans-lindustrie-cacaoyere#article\",\"isPartOf\":{\"@id\":\"https:\/\/www.africa-press.net\/cotedivoire\/economie\/qatar-forum-economique-le-pm-ivoirien-presente-les-efforts-de-son-gouvernement-dans-lindustrie-cacaoyere\"},\"author\":{\"name\":\"cfeditorfr\",\"@id\":\"https:\/\/www.africa-press.net\/cotedivoire\/#\/schema\/person\/2b1cf3cd81a31e3cd26889ca66d677f1\"},\"headline\":\"Qatar Forum \u00e9conomique: Le PM ivoirien pr\u00e9sente les efforts de son gouvernement dans l\u2019industrie cacaoy\u00e8re\",\"datePublished\":\"2021-06-24T18:07:02+00:00\",\"dateModified\":\"2021-06-25T08:44:33+00:00\",\"mainEntityOfPage\":{\"@id\":\"https:\/\/www.africa-press.net\/cotedivoire\/economie\/qatar-forum-economique-le-pm-ivoirien-presente-les-efforts-de-son-gouvernement-dans-lindustrie-cacaoyere\"},\"wordCount\":340,\"commentCount\":0,\"image\":{\"@id\":\"https:\/\/www.africa-press.net\/cotedivoire\/economie\/qatar-forum-economique-le-pm-ivoirien-presente-les-efforts-de-son-gouvernement-dans-lindustrie-cacaoyere#primaryimage\"},\"thumbnailUrl\":\"https:\/\/static.africa-press.net\/cote\/sites\/43\/2021\/06\/img-60d4c10d2c62e.jpg\",\"keywords\":[\"Africa Press\",\"Africa Press-C\u00f4te d'Ivoire\",\"C\u00d4TE D'IVOIRE\"],\"articleSection\":[\"\u00c9conomie\",\"homepage-french\",\"Top Nouvelles\",\"Toutes les actualit\u00e9s\"],\"inLanguage\":\"fr-FR\",\"potentialAction\":[{\"@type\":\"CommentAction\",\"name\":\"Comment\",\"target\":[\"https:\/\/www.africa-press.net\/cotedivoire\/economie\/qatar-forum-economique-le-pm-ivoirien-presente-les-efforts-de-son-gouvernement-dans-lindustrie-cacaoyere#respond\"]}]},{\"@type\":\"WebPage\",\"@id\":\"https:\/\/www.africa-press.net\/cotedivoire\/economie\/qatar-forum-economique-le-pm-ivoirien-presente-les-efforts-de-son-gouvernement-dans-lindustrie-cacaoyere\",\"url\":\"https:\/\/www.africa-press.net\/cotedivoire\/economie\/qatar-forum-economique-le-pm-ivoirien-presente-les-efforts-de-son-gouvernement-dans-lindustrie-cacaoyere\",\"name\":\"Qatar Forum \u00e9conomique: Le PM ivoirien pr\u00e9sente les efforts de son gouvernement dans l\u2019industrie cacaoy\u00e8re - C\u00f4te d&#039;Ivoire\",\"isPartOf\":{\"@id\":\"https:\/\/www.africa-press.net\/cotedivoire\/#website\"},\"primaryImageOfPage\":{\"@id\":\"https:\/\/www.africa-press.net\/cotedivoire\/economie\/qatar-forum-economique-le-pm-ivoirien-presente-les-efforts-de-son-gouvernement-dans-lindustrie-cacaoyere#primaryimage\"},\"image\":{\"@id\":\"https:\/\/www.africa-press.net\/cotedivoire\/economie\/qatar-forum-economique-le-pm-ivoirien-presente-les-efforts-de-son-gouvernement-dans-lindustrie-cacaoyere#primaryimage\"},\"thumbnailUrl\":\"https:\/\/static.africa-press.net\/cote\/sites\/43\/2021\/06\/img-60d4c10d2c62e.jpg\",\"datePublished\":\"2021-06-24T18:07:02+00:00\",\"dateModified\":\"2021-06-25T08:44:33+00:00\",\"author\":{\"@id\":\"https:\/\/www.africa-press.net\/cotedivoire\/#\/schema\/person\/2b1cf3cd81a31e3cd26889ca66d677f1\"},\"description\":\"Dans une intervention par visio-conf\u00e9rence au Forum Economique du Qatar, le Premier ministre ivoirien, Patrick Achi, a \u00e9 ...\",\"breadcrumb\":{\"@id\":\"https:\/\/www.africa-press.net\/cotedivoire\/economie\/qatar-forum-economique-le-pm-ivoirien-presente-les-efforts-de-son-gouvernement-dans-lindustrie-cacaoyere#breadcrumb\"},\"inLanguage\":\"fr-FR\",\"potentialAction\":[{\"@type\":\"ReadAction\",\"target\":[\"https:\/\/www.africa-press.net\/cotedivoire\/economie\/qatar-forum-economique-le-pm-ivoirien-presente-les-efforts-de-son-gouvernement-dans-lindustrie-cacaoyere\"]}]},{\"@type\":\"ImageObject\",\"inLanguage\":\"fr-FR\",\"@id\":\"https:\/\/www.africa-press.net\/cotedivoire\/economie\/qatar-forum-economique-le-pm-ivoirien-presente-les-efforts-de-son-gouvernement-dans-lindustrie-cacaoyere#primaryimage\",\"url\":\"https:\/\/static.africa-press.net\/cote\/sites\/43\/2021\/06\/img-60d4c10d2c62e.jpg\",\"contentUrl\":\"https:\/\/static.africa-press.net\/cote\/sites\/43\/2021\/06\/img-60d4c10d2c62e.jpg\",\"width\":825,\"height\":425,\"caption\":\"Qatar Forum \u00e9conomique: Le PM ivoirien pr\u00e9sente les efforts de son gouvernement dans l\u2019industrie cacaoy\u00e8re\"},{\"@type\":\"BreadcrumbList\",\"@id\":\"https:\/\/www.africa-press.net\/cotedivoire\/economie\/qatar-forum-economique-le-pm-ivoirien-presente-les-efforts-de-son-gouvernement-dans-lindustrie-cacaoyere#breadcrumb\",\"itemListElement\":[{\"@type\":\"ListItem\",\"position\":1,\"name\":\"Accueil\",\"item\":\"https:\/\/www.africa-press.net\/cotedivoire\/\"},{\"@type\":\"ListItem\",\"position\":2,\"name\":\"Qatar Forum \u00e9conomique: Le PM ivoirien pr\u00e9sente les efforts de son gouvernement dans l\u2019industrie cacaoy\u00e8re\"}]},{\"@type\":\"WebSite\",\"@id\":\"https:\/\/www.africa-press.net\/cotedivoire\/#website\",\"url\":\"https:\/\/www.africa-press.net\/cotedivoire\/\",\"name\":\"C\u00f4te d&#039;Ivoire\",\"description\":\"Just another Africa News Agency Sites site\",\"potentialAction\":[{\"@type\":\"SearchAction\",\"target\":{\"@type\":\"EntryPoint\",\"urlTemplate\":\"https:\/\/www.africa-press.net\/cotedivoire\/?s={search_term_string}\"},\"query-input\":{\"@type\":\"PropertyValueSpecification\",\"valueRequired\":true,\"valueName\":\"search_term_string\"}}],\"inLanguage\":\"fr-FR\"},{\"@type\":\"Person\",\"@id\":\"https:\/\/www.africa-press.net\/cotedivoire\/#\/schema\/person\/2b1cf3cd81a31e3cd26889ca66d677f1\",\"name\":\"cfeditorfr\"}]}<\/script>\n<!-- \/ Yoast SEO Premium plugin. -->","yoast_head_json":{"title":"Qatar Forum \u00e9conomique: Le PM ivoirien pr\u00e9sente les efforts de son gouvernement dans l\u2019industrie cacaoy\u00e8re - C\u00f4te d&#039;Ivoire","description":"Dans une intervention par visio-conf\u00e9rence au Forum Economique du Qatar, le Premier ministre ivoirien, Patrick Achi, a \u00e9 ...","robots":{"index":"index","follow":"follow","max-snippet":"max-snippet:-1","max-image-preview":"max-image-preview:large","max-video-preview":"max-video-preview:-1"},"canonical":"https:\/\/www.africa-press.net\/cotedivoire\/economie\/qatar-forum-economique-le-pm-ivoirien-presente-les-efforts-de-son-gouvernement-dans-lindustrie-cacaoyere","og_locale":"fr_FR","og_type":"article","og_title":"Qatar Forum \u00e9conomique: Le PM ivoirien pr\u00e9sente les efforts de son gouvernement dans l\u2019industrie cacaoy\u00e8re","og_description":"Dans une intervention par visio-conf\u00e9rence au Forum Economique du Qatar, le Premier ministre ivoirien, Patrick Achi, a \u00e9 ...","og_url":"https:\/\/www.africa-press.net\/cotedivoire\/economie\/qatar-forum-economique-le-pm-ivoirien-presente-les-efforts-de-son-gouvernement-dans-lindustrie-cacaoyere","og_site_name":"C\u00f4te d&#039;Ivoire","article_published_time":"2021-06-24T18:07:02+00:00","article_modified_time":"2021-06-25T08:44:33+00:00","og_image":[{"width":825,"height":425,"url":"https:\/\/static.africa-press.net\/cote\/sites\/43\/2021\/06\/img-60d4c10d2c62e.jpg","type":"image\/jpeg"}],"author":"cfeditorfr","twitter_card":"summary_large_image","twitter_misc":{"\u00c9crit par":"cfeditorfr","Dur\u00e9e de lecture estim\u00e9e":"2 minutes"},"schema":{"@context":"https:\/\/schema.org","@graph":[{"@type":"Article","@id":"https:\/\/www.africa-press.net\/cotedivoire\/economie\/qatar-forum-economique-le-pm-ivoirien-presente-les-efforts-de-son-gouvernement-dans-lindustrie-cacaoyere#article","isPartOf":{"@id":"https:\/\/www.africa-press.net\/cotedivoire\/economie\/qatar-forum-economique-le-pm-ivoirien-presente-les-efforts-de-son-gouvernement-dans-lindustrie-cacaoyere"},"author":{"name":"cfeditorfr","@id":"https:\/\/www.africa-press.net\/cotedivoire\/#\/schema\/person\/2b1cf3cd81a31e3cd26889ca66d677f1"},"headline":"Qatar Forum \u00e9conomique: Le PM ivoirien pr\u00e9sente les efforts de son gouvernement dans l\u2019industrie cacaoy\u00e8re","datePublished":"2021-06-24T18:07:02+00:00","dateModified":"2021-06-25T08:44:33+00:00","mainEntityOfPage":{"@id":"https:\/\/www.africa-press.net\/cotedivoire\/economie\/qatar-forum-economique-le-pm-ivoirien-presente-les-efforts-de-son-gouvernement-dans-lindustrie-cacaoyere"},"wordCount":340,"commentCount":0,"image":{"@id":"https:\/\/www.africa-press.net\/cotedivoire\/economie\/qatar-forum-economique-le-pm-ivoirien-presente-les-efforts-de-son-gouvernement-dans-lindustrie-cacaoyere#primaryimage"},"thumbnailUrl":"https:\/\/static.africa-press.net\/cote\/sites\/43\/2021\/06\/img-60d4c10d2c62e.jpg","keywords":["Africa Press","Africa Press-C\u00f4te d'Ivoire","C\u00d4TE D'IVOIRE"],"articleSection":["\u00c9conomie","homepage-french","Top Nouvelles","Toutes les actualit\u00e9s"],"inLanguage":"fr-FR","potentialAction":[{"@type":"CommentAction","name":"Comment","target":["https:\/\/www.africa-press.net\/cotedivoire\/economie\/qatar-forum-economique-le-pm-ivoirien-presente-les-efforts-de-son-gouvernement-dans-lindustrie-cacaoyere#respond"]}]},{"@type":"WebPage","@id":"https:\/\/www.africa-press.net\/cotedivoire\/economie\/qatar-forum-economique-le-pm-ivoirien-presente-les-efforts-de-son-gouvernement-dans-lindustrie-cacaoyere","url":"https:\/\/www.africa-press.net\/cotedivoire\/economie\/qatar-forum-economique-le-pm-ivoirien-presente-les-efforts-de-son-gouvernement-dans-lindustrie-cacaoyere","name":"Qatar Forum \u00e9conomique: Le PM ivoirien pr\u00e9sente les efforts de son gouvernement dans l\u2019industrie cacaoy\u00e8re - C\u00f4te d&#039;Ivoire","isPartOf":{"@id":"https:\/\/www.africa-press.net\/cotedivoire\/#website"},"primaryImageOfPage":{"@id":"https:\/\/www.africa-press.net\/cotedivoire\/economie\/qatar-forum-economique-le-pm-ivoirien-presente-les-efforts-de-son-gouvernement-dans-lindustrie-cacaoyere#primaryimage"},"image":{"@id":"https:\/\/www.africa-press.net\/cotedivoire\/economie\/qatar-forum-economique-le-pm-ivoirien-presente-les-efforts-de-son-gouvernement-dans-lindustrie-cacaoyere#primaryimage"},"thumbnailUrl":"https:\/\/static.africa-press.net\/cote\/sites\/43\/2021\/06\/img-60d4c10d2c62e.jpg","datePublished":"2021-06-24T18:07:02+00:00","dateModified":"2021-06-25T08:44:33+00:00","author":{"@id":"https:\/\/www.africa-press.net\/cotedivoire\/#\/schema\/person\/2b1cf3cd81a31e3cd26889ca66d677f1"},"description":"Dans une intervention par visio-conf\u00e9rence au Forum Economique du Qatar, le Premier ministre ivoirien, Patrick Achi, a \u00e9 ...","breadcrumb":{"@id":"https:\/\/www.africa-press.net\/cotedivoire\/economie\/qatar-forum-economique-le-pm-ivoirien-presente-les-efforts-de-son-gouvernement-dans-lindustrie-cacaoyere#breadcrumb"},"inLanguage":"fr-FR","potentialAction":[{"@type":"ReadAction","target":["https:\/\/www.africa-press.net\/cotedivoire\/economie\/qatar-forum-economique-le-pm-ivoirien-presente-les-efforts-de-son-gouvernement-dans-lindustrie-cacaoyere"]}]},{"@type":"ImageObject","inLanguage":"fr-FR","@id":"https:\/\/www.africa-press.net\/cotedivoire\/economie\/qatar-forum-economique-le-pm-ivoirien-presente-les-efforts-de-son-gouvernement-dans-lindustrie-cacaoyere#primaryimage","url":"https:\/\/static.africa-press.net\/cote\/sites\/43\/2021\/06\/img-60d4c10d2c62e.jpg","contentUrl":"https:\/\/static.africa-press.net\/cote\/sites\/43\/2021\/06\/img-60d4c10d2c62e.jpg","width":825,"height":425,"caption":"Qatar Forum \u00e9conomique: Le PM ivoirien pr\u00e9sente les efforts de son gouvernement dans l\u2019industrie cacaoy\u00e8re"},{"@type":"BreadcrumbList","@id":"https:\/\/www.africa-press.net\/cotedivoire\/economie\/qatar-forum-economique-le-pm-ivoirien-presente-les-efforts-de-son-gouvernement-dans-lindustrie-cacaoyere#breadcrumb","itemListElement":[{"@type":"ListItem","position":1,"name":"Accueil","item":"https:\/\/www.africa-press.net\/cotedivoire\/"},{"@type":"ListItem","position":2,"name":"Qatar Forum \u00e9conomique: Le PM ivoirien pr\u00e9sente les efforts de son gouvernement dans l\u2019industrie cacaoy\u00e8re"}]},{"@type":"WebSite","@id":"https:\/\/www.africa-press.net\/cotedivoire\/#website","url":"https:\/\/www.africa-press.net\/cotedivoire\/","name":"C\u00f4te d&#039;Ivoire","description":"Just another Africa News Agency Sites site","potentialAction":[{"@type":"SearchAction","target":{"@type":"EntryPoint","urlTemplate":"https:\/\/www.africa-press.net\/cotedivoire\/?s={search_term_string}"},"query-input":{"@type":"PropertyValueSpecification","valueRequired":true,"valueName":"search_term_string"}}],"inLanguage":"fr-FR"},{"@type":"Person","@id":"https:\/\/www.africa-press.net\/cotedivoire\/#\/schema\/person\/2b1cf3cd81a31e3cd26889ca66d677f1","name":"cfeditorfr"}]}},"_links":{"self":[{"href":"https:\/\/www.africa-press.net\/cotedivoire\/wp-json\/wp\/v2\/posts\/9398","targetHints":{"allow":["GET"]}}],"collection":[{"href":"https:\/\/www.africa-press.net\/cotedivoire\/wp-json\/wp\/v2\/posts"}],"about":[{"href":"https:\/\/www.africa-press.net\/cotedivoire\/wp-json\/wp\/v2\/types\/post"}],"author":[{"embeddable":true,"href":"https:\/\/www.africa-press.net\/cotedivoire\/wp-json\/wp\/v2\/users\/82"}],"replies":[{"embeddable":true,"href":"https:\/\/www.africa-press.net\/cotedivoire\/wp-json\/wp\/v2\/comments?post=9398"}],"version-history":[{"count":0,"href":"https:\/\/www.africa-press.net\/cotedivoire\/wp-json\/wp\/v2\/posts\/9398\/revisions"}],"wp:featuredmedia":[{"embeddable":true,"href":"https:\/\/www.africa-press.net\/cotedivoire\/wp-json\/wp\/v2\/media\/9397"}],"wp:attachment":[{"href":"https:\/\/www.africa-press.net\/cotedivoire\/wp-json\/wp\/v2\/media?parent=9398"}],"wp:term":[{"taxonomy":"category","embeddable":true,"href":"https:\/\/www.africa-press.net\/cotedivoire\/wp-json\/wp\/v2\/categories?post=9398"},{"taxonomy":"post_tag","embeddable":true,"href":"https:\/\/www.africa-press.net\/cotedivoire\/wp-json\/wp\/v2\/tags?post=9398"}],"curies":[{"name":"wp","href":"https:\/\/api.w.org\/{rel}","templated":true}]}}