{"id":94016,"date":"2025-01-20T16:41:53","date_gmt":"2025-01-20T16:41:53","guid":{"rendered":"https:\/\/www.africa-press.net\/cotedivoire\/politique\/le-forum-economique-mondial-2025-souvre-a-davos"},"modified":"2025-01-20T16:41:53","modified_gmt":"2025-01-20T16:41:53","slug":"le-forum-economique-mondial-2025-souvre-a-davos","status":"publish","type":"post","link":"https:\/\/www.africa-press.net\/cotedivoire\/economie\/le-forum-economique-mondial-2025-souvre-a-davos","title":{"rendered":"Le Forum \u00e9conomique mondial 2025 s&rsquo;ouvre \u00e0 Davos"},"content":{"rendered":"<p><span style=\"color: #ff6600\"><strong>Africa-Press &#8211; C\u00f4te d&rsquo;Ivoire. <\/strong><\/span>La re\u0301union annuelle 2025 du Forum e\u0301conomique mondial a lieu du 20 au 24 janvier 2025 a\u0300 Davos, en Suisse, et promet d&rsquo;e\u0302tre un autre e\u0301ve\u0301nement crucial pour le monde, en particulier pour les re\u0301gions ne\u0301cessitant une intervention e\u0301conomique imme\u0301diate.<\/p>\n<p>Organise\u0301es sous le the\u0300me \u00ab Collaboration pour l\u2019e\u0300re intelligente \u00bb, les re\u0301unions de cette anne\u0301e surviennent alors que le monde tente de comprendre l\u2019e\u0301volution du paysage politique mondial. Avec la re\u0301e\u0301lection de Donald Trump a\u0300 la pre\u0301sidence des E\u0301tats-Unis, le renversement d\u2019Assad en Syrie, la de\u0301mission de Justin Trudeu comme Premier ministre canadien, la guerre en cours a\u0300 Gaza et bien d\u2019autres encore, de nombreux facteurs doivent e\u0302tre pris en compte. Si l\u2019on ajoute a\u0300 cela les progre\u0300s technologiques rapides, de l\u2019intelligence artificielle aux crypto-monnaies, l\u2019e\u0301quation sociale comporte de nombreux aspects a\u0300 re\u0301soudre pour de\u0301bloquer des opportunite\u0301s sans pre\u0301ce\u0301dent, pour stimuler la productivite\u0301, favoriser la croissance et ame\u0301liorer le niveau de vie.<\/p>\n<p>La re\u0301union de cette anne\u0301e vise a\u0300 re\u0301soudre ces complexite\u0301s en favorisant le dialogue et la coope\u0301ration entre les voix les plus influentes du gouvernement, des entreprises, de la socie\u0301te\u0301 civile, de la science et de la culture. Le programme est conc\u0327u pour inspirer des approches innovantes et des solutions concre\u0300tes qui mettent l&rsquo;accent sur l&rsquo;inclusion, la durabilite\u0301 et la re\u0301silience dans un monde en e\u0301volution rapide.<\/p>\n<p>La re\u0301union explorera cinq the\u0300mes interconnecte\u0301s:<\/p>\n<p>Reconstruire la confiance: renforcer la collaboration au sein des socie\u0301te\u0301s et au-dela\u0300 des frontie\u0300res pour combler les divisions et favoriser l\u2019unite\u0301 face aux de\u0301fis communs.<\/p>\n<p>Re\u0301-imaginer la croissance: identifier de nouvelles voies d\u2019expansion e\u0301conomique, en particulier face aux incertitudes e\u0301conomiques mondiales et aux niveaux d\u2019endettement e\u0301leve\u0301s.<\/p>\n<p>Investir dans les personnes: mettre en e\u0301vidence le ro\u0302le essentiel du capital humain, en mettant l&rsquo;accent sur la cre\u0301ation d&#8217;emplois, l&rsquo;e\u0301ducation et le de\u0301veloppement des compe\u0301tences pour construire des socie\u0301te\u0301s re\u0301silientes et modernes.<\/p>\n<p>Sauvegarder la plane\u0300te: stimuler l&rsquo;action climatique, les transitions e\u0301nerge\u0301tiques et la conservation de la nature gra\u0302ce a\u0300 des partenariats innovants et des technologies de pointe.<\/p>\n<p>Industries a\u0300 l\u2019e\u0300re intelligente: aider les industries a\u0300 e\u0301quilibrer leurs objectifs commerciaux imme\u0301diats avec des strate\u0301gies a\u0300 long terme pour une transformation durable.<\/p>\n<p>La re\u0301union s&rsquo;appuiera sur les fonctions fondamentales du Forum e\u0301conomique mondial en tant qu&rsquo;Organisation internationale de coope\u0301ration public-prive\u0301.<\/p>\n<p>1.Agir comme un forum international fiable de communication et de collaboration<\/p>\n<p>2. Rassembler un large e\u0301ventail de parties inte\u0301resse\u0301es<\/p>\n<p>3. Dans une pe\u0301riode de complexite\u0301, essayez d\u2019e\u0301tablir des liens.<\/p>\n<p>4. Avoir une forte concentration sur l\u2019avenir, tant en termes d\u2019ide\u0301es que de solutions. L&rsquo;atelier comprendra e\u0301galement un axe de travail unique sur le leadership dans la complexite\u0301, qui examinera les outils ne\u0301cessaires pour ne\u0301gocier dans cet environnement en e\u0301volution rapide.<\/p>\n<p><b>Programme <\/b><\/p>\n<p>L&rsquo;e\u0301ve\u0301nement se poursuivra pendant cinq jours remplis d&rsquo;agendas informatifs:<\/p>\n<p><b>20 janvier 2025<\/b><\/p>\n<p>\u25cf15h 00: Journe\u0301e d&rsquo;inauguration \u2013 Discours d&rsquo;ouverture avec des intervenants de premier plan.<\/p>\n<p>\u25cf18h00: Crystal Awards 2025 \u2013 Re\u0301compense des laure\u0301ats mondiaux.<\/p>\n<p>\u25cf18h30: Concert d&rsquo;ouverture \u2013 E\u0301ve\u0301nement de lancement culturel.<\/p>\n<p>\u25cf18h30-19h45: Forum Investir dans les ressources humaines \u2013 Dialogue inclusif sur le de\u0301veloppement du capital humain.<\/p>\n<p><b>21 janvier 2025<\/b><\/p>\n<p>\u25cf08h00-10h15: The\u0300mes cle\u0301s: de\u0301mographie mondiale, perspectives de la pre\u0301sidence ame\u0301ricaine, innovation technologique, changements dans le secteur bancaire et re\u0301silience des re\u0301fugie\u0301s.<\/p>\n<p>\u25cf10h00-13h45: allocutions spe\u0301ciales de dirigeants d&rsquo;Europe et de Chine, forums sur le climat, discussions sur la cryptographie et strate\u0301gies de croissance industrielle.<\/p>\n<p>\u25cf14h00-17h30: Points forts: allocutions d&rsquo;Olaf Scholz et Volodymyr Zelenskyy, discussions sur la diplomatie, l&rsquo;e\u0301conomie ame\u0301ricaine, la biotechnologie et les tendances migratoires.<\/p>\n<p>\u25cf17h30-19h45: Domaines d&rsquo;intervention: e\u0301conomie africaine, diversite\u0301 sur le lieu de travail et initiatives d&rsquo;inclusion.<\/p>\n<p><b>22 janvier 2025<\/b><\/p>\n<p>\u25cf08h00-09h45: Discussions sur la sauvegarde des habitats naturels, le de\u0301cryptage de l&rsquo;e\u0301conomie chinoise et la parite\u0301 hommes-femmes.<\/p>\n<p>\u25cf10h15-12h15: panels sur la sante\u0301 mondiale, la gouvernance de l&rsquo;IA et l&rsquo;esclavage moderne, avec des allocutions d&rsquo;Anto\u0301nio Guterres et d&rsquo;Anwar Ibrahim.<\/p>\n<p>\u25cf14h00-15h45: la collaboration avec l&rsquo;ASEAN, les technologies e\u0301nerge\u0301tiques avance\u0301es et les tendances e\u0301conomiques dominent les se\u0301ances de l&rsquo;apre\u0300s-midi.<\/p>\n<p>\u25cf16h15-18h15: Focus sur la croissance europe\u0301enne, le financement climatique, la sante\u0301 nume\u0301rique et le ro\u0302le de l&rsquo;IA dans l&rsquo;innovation.<\/p>\n<p>\u25cf17h15-19h45: la soire\u0301e explore la se\u0301curite\u0301 alimentaire, le de\u0301veloppement de la jeunesse et la re\u0301invention de la retraite. Les personnalite\u0301s cle\u0301s incluent Al Gore, Christine Lagarde et Anto\u0301nio Guterres.<\/p>\n<p><b>23 janvier 2025<\/b><\/p>\n<p>\u25cf08h00-09h45: Climat, cyberse\u0301curite\u0301 et IA dans les industries.<\/p>\n<p>\u25cf10h15-11h00: Inte\u0301gration financie\u0300re, discours du pre\u0301sident argentin et transitions e\u0301nerge\u0301tiques.<\/p>\n<p>\u25cf11h30-14h00: discussions sur le commerce, la croissance de l&rsquo;Inde et la reconversion professionnelle.<\/p>\n<p>\u25cf15h00-16h15: risques mondiaux, IA dans la se\u0301curite\u0301 et discours de Muhammad Yunus.<\/p>\n<p>\u25cf17h00-20h45: discours du pre\u0301sident ame\u0301ricain, neurodiversite\u0301 et art pour la justice. Domaines d\u2019intervention cle\u0301s: Climat, croissance e\u0301conomique, IA et renforcement de la confiance mondiale.<\/p>\n<p><b>24 janvier 2025 <\/b><\/p>\n<p>\u25cf09h00-09h45: Discussions sur la technologie, le de\u0301veloppement, la confiance, la de\u0301mocratie et l&rsquo;environnement. \u25cf10h15-11h00: Innovations dans les infrastructures nume\u0301riques, les technologies propres et les relations mondiales. \u25cf11h00-12h00: Perspectives e\u0301conomiques mondiales.<\/p>\n<p>\u25cf12h00-12h15: Lutter contre l&rsquo;exclusion socie\u0301tale.<\/p>\n<p>\u25cf12h30-13h45: remarques finales. Objectif: Innovation, durabilite\u0301, inclusivite\u0301 et collaboration mondiale.<\/p>\n<p><b>L\u2019Open Forum<\/b><\/p>\n<p>C\u2019est un e\u0301le\u0301ment cle\u0301 de la re\u0301union annuelle du Forum e\u0301conomique mondial, conc\u0327u pour engager un public plus large dans des conversations significatives.<\/p>\n<p>Depuis sa cre\u0301ation en 2003, l&rsquo;Open Forum se re\u0301unit chaque anne\u0301e en janvier a\u0300 l&rsquo;E\u0301cole alpine suisse de Davos, re\u0301unissant un large e\u0301ventail de dirigeants. Des responsables gouvernementaux, des artistes, des militants de la socie\u0301te\u0301 civile, des entrepreneurs visionnaires et des PDG d\u2019entreprises mondiales, apportant leurs points de vue sur des questions importantes. Cette plate-forme invite le public a\u0300 e\u0301couter, a\u0300 s&rsquo;engager et a\u0300 partager des ide\u0301es avec les pane\u0301listes sur des sujets d&rsquo;importance mondiale.<\/p>\n<p>Refle\u0301tant l&rsquo;esprit de Davos, l\u2019Open Forum favorise le dialogue sur des the\u0300mes cle\u0301s tels que la ge\u0301opolitique, l&rsquo;e\u0301conomie, l&rsquo;environnement, le leadership et le ro\u0302le des arts dans la socie\u0301te\u0301. Il sert de pont pour des e\u0301changes ouverts entre le public, les universitaires, les chefs d\u2019entreprise et les de\u0301cideurs politiques de\u0301termine\u0301s a\u0300 ame\u0301liorer le monde.<\/p>\n<p>L\u2019objectif de l\u2019Open Forum est de sensibiliser et de susciter des conversations sur les de\u0301fis critiques en offrant un espace d\u2019ide\u0301es, de questions et de discussions. Toutes les sessions sont diffuse\u0301es en direct sur notre site Web et peuvent e\u0302tre visionne\u0301es ulte\u0301rieurement.<\/p>\n<p><b>Suivi des membres nume\u0301riques<\/b><\/p>\n<p>Les membres du Forum Digital et Pro, issus d&rsquo;horizons divers, be\u0301ne\u0301ficient d&rsquo;un acce\u0300s unique a\u0300 un programme virtuel qui offre un aperc\u0327u des discussions qui se de\u0301rouleront au Centre des Congre\u0300s lors de l&rsquo;Assemble\u0301e annuelle de Davos. Ils rec\u0327oivent e\u0301galement la newsletter du Davos Daily.<\/p>\n<p><strong>Pour plus d&rsquo;informations et d&rsquo;analyses sur la <span style=\"color: #ff6600\">C\u00f4te d&rsquo;Ivoire<\/span>, suivez <span style=\"color: #ff6600\">Africa-Press<span style=\"color: #ff6600\"><\/span><\/strong><\/p>\n","protected":false},"excerpt":{"rendered":"<p>Africa-Press &#8211; C\u00f4te d&rsquo;Ivoire. La re\u0301union annuelle 2025 du Forum e\u0301conomique mondial a lieu du 20 au 24 janvier 2025 a\u0300 Davos, en Suisse, et promet d&rsquo;e\u0302tre un autre e\u0301ve\u0301nement crucial pour le monde, en particulier pour les re\u0301gions ne\u0301cessitant une intervention e\u0301conomique imme\u0301diate. Organise\u0301es sous le the\u0300me \u00ab Collaboration pour l\u2019e\u0300re intelligente \u00bb, les [&hellip;]<\/p>\n","protected":false},"author":82,"featured_media":94015,"comment_status":"open","ping_status":"closed","sticky":false,"template":"","format":"standard","meta":{"footnotes":""},"categories":[3,10],"tags":[37],"class_list":["post-94016","post","type-post","status-publish","format-standard","has-post-thumbnail","hentry","category-economie","category-toutes-les-actualites","tag-cote-divoire-2"],"yoast_head":"<!-- This site is optimized with the Yoast SEO Premium plugin v26.1 (Yoast SEO v27.0) - https:\/\/yoast.com\/product\/yoast-seo-premium-wordpress\/ -->\n<title>Le Forum \u00e9conomique mondial 2025 s&#039;ouvre \u00e0 Davos - C\u00f4te d&#039;Ivoire<\/title>\n<meta name=\"robots\" content=\"index, follow, max-snippet:-1, max-image-preview:large, max-video-preview:-1\" \/>\n<link rel=\"canonical\" href=\"https:\/\/www.africa-press.net\/cotedivoire\/politique\/le-forum-economique-mondial-2025-souvre-a-davos\" \/>\n<meta property=\"og:locale\" content=\"fr_FR\" \/>\n<meta property=\"og:type\" content=\"article\" \/>\n<meta property=\"og:title\" content=\"Le Forum \u00e9conomique mondial 2025 s&#039;ouvre \u00e0 Davos\" \/>\n<meta property=\"og:description\" content=\"Africa-Press &#8211; C\u00f4te d&rsquo;Ivoire. La re\u0301union annuelle 2025 du Forum e\u0301conomique mondial a lieu du 20 au 24 janvier 2025 a\u0300 Davos, en Suisse, et promet d&rsquo;e\u0302tre un autre e\u0301ve\u0301nement crucial pour le monde, en particulier pour les re\u0301gions ne\u0301cessitant une intervention e\u0301conomique imme\u0301diate. Organise\u0301es sous le the\u0300me \u00ab Collaboration pour l\u2019e\u0300re intelligente \u00bb, les [&hellip;]\" \/>\n<meta property=\"og:url\" content=\"https:\/\/www.africa-press.net\/cotedivoire\/politique\/le-forum-economique-mondial-2025-souvre-a-davos\" \/>\n<meta property=\"og:site_name\" content=\"C\u00f4te d&#039;Ivoire\" \/>\n<meta property=\"article:published_time\" content=\"2025-01-20T16:41:53+00:00\" \/>\n<meta name=\"author\" content=\"cfeditorfr\" \/>\n<meta name=\"twitter:card\" content=\"summary_large_image\" \/>\n<meta name=\"twitter:label1\" content=\"\u00c9crit par\" \/>\n\t<meta name=\"twitter:data1\" content=\"cfeditorfr\" \/>\n\t<meta name=\"twitter:label2\" content=\"Dur\u00e9e de lecture estim\u00e9e\" \/>\n\t<meta name=\"twitter:data2\" content=\"6 minutes\" \/>\n<script type=\"application\/ld+json\" class=\"yoast-schema-graph\">{\"@context\":\"https:\/\/schema.org\",\"@graph\":[{\"@type\":\"Article\",\"@id\":\"https:\/\/www.africa-press.net\/cotedivoire\/politique\/le-forum-economique-mondial-2025-souvre-a-davos#article\",\"isPartOf\":{\"@id\":\"https:\/\/www.africa-press.net\/cotedivoire\/politique\/le-forum-economique-mondial-2025-souvre-a-davos\"},\"author\":{\"name\":\"cfeditorfr\",\"@id\":\"https:\/\/www.africa-press.net\/cotedivoire\/#\/schema\/person\/2b1cf3cd81a31e3cd26889ca66d677f1\"},\"headline\":\"Le Forum \u00e9conomique mondial 2025 s&rsquo;ouvre \u00e0 Davos\",\"datePublished\":\"2025-01-20T16:41:53+00:00\",\"mainEntityOfPage\":{\"@id\":\"https:\/\/www.africa-press.net\/cotedivoire\/politique\/le-forum-economique-mondial-2025-souvre-a-davos\"},\"wordCount\":1337,\"commentCount\":0,\"image\":{\"@id\":\"https:\/\/www.africa-press.net\/cotedivoire\/politique\/le-forum-economique-mondial-2025-souvre-a-davos#primaryimage\"},\"thumbnailUrl\":\"https:\/\/static.africa-press.net\/cote\/sites\/43\/2025\/01\/sm_1737384931.532348.jpg\",\"keywords\":[\"C\u00f4te d'Ivoire\"],\"articleSection\":[\"\u00c9conomie\",\"Toutes les actualit\u00e9s\"],\"inLanguage\":\"fr-FR\",\"potentialAction\":[{\"@type\":\"CommentAction\",\"name\":\"Comment\",\"target\":[\"https:\/\/www.africa-press.net\/cotedivoire\/politique\/le-forum-economique-mondial-2025-souvre-a-davos#respond\"]}]},{\"@type\":\"WebPage\",\"@id\":\"https:\/\/www.africa-press.net\/cotedivoire\/politique\/le-forum-economique-mondial-2025-souvre-a-davos\",\"url\":\"https:\/\/www.africa-press.net\/cotedivoire\/politique\/le-forum-economique-mondial-2025-souvre-a-davos\",\"name\":\"Le Forum \u00e9conomique mondial 2025 s'ouvre \u00e0 Davos - C\u00f4te d&#039;Ivoire\",\"isPartOf\":{\"@id\":\"https:\/\/www.africa-press.net\/cotedivoire\/#website\"},\"primaryImageOfPage\":{\"@id\":\"https:\/\/www.africa-press.net\/cotedivoire\/politique\/le-forum-economique-mondial-2025-souvre-a-davos#primaryimage\"},\"image\":{\"@id\":\"https:\/\/www.africa-press.net\/cotedivoire\/politique\/le-forum-economique-mondial-2025-souvre-a-davos#primaryimage\"},\"thumbnailUrl\":\"https:\/\/static.africa-press.net\/cote\/sites\/43\/2025\/01\/sm_1737384931.532348.jpg\",\"datePublished\":\"2025-01-20T16:41:53+00:00\",\"author\":{\"@id\":\"https:\/\/www.africa-press.net\/cotedivoire\/#\/schema\/person\/2b1cf3cd81a31e3cd26889ca66d677f1\"},\"breadcrumb\":{\"@id\":\"https:\/\/www.africa-press.net\/cotedivoire\/politique\/le-forum-economique-mondial-2025-souvre-a-davos#breadcrumb\"},\"inLanguage\":\"fr-FR\",\"potentialAction\":[{\"@type\":\"ReadAction\",\"target\":[\"https:\/\/www.africa-press.net\/cotedivoire\/politique\/le-forum-economique-mondial-2025-souvre-a-davos\"]}]},{\"@type\":\"ImageObject\",\"inLanguage\":\"fr-FR\",\"@id\":\"https:\/\/www.africa-press.net\/cotedivoire\/politique\/le-forum-economique-mondial-2025-souvre-a-davos#primaryimage\",\"url\":\"https:\/\/static.africa-press.net\/cote\/sites\/43\/2025\/01\/sm_1737384931.532348.jpg\",\"contentUrl\":\"https:\/\/static.africa-press.net\/cote\/sites\/43\/2025\/01\/sm_1737384931.532348.jpg\",\"width\":1728,\"height\":1151,\"caption\":\"Le Forum \u00e9conomique mondial 2025 s'ouvre \u00e0 Davos\"},{\"@type\":\"BreadcrumbList\",\"@id\":\"https:\/\/www.africa-press.net\/cotedivoire\/politique\/le-forum-economique-mondial-2025-souvre-a-davos#breadcrumb\",\"itemListElement\":[{\"@type\":\"ListItem\",\"position\":1,\"name\":\"Accueil\",\"item\":\"https:\/\/www.africa-press.net\/cotedivoire\/\"},{\"@type\":\"ListItem\",\"position\":2,\"name\":\"Le Forum \u00e9conomique mondial 2025 s&rsquo;ouvre \u00e0 Davos\"}]},{\"@type\":\"WebSite\",\"@id\":\"https:\/\/www.africa-press.net\/cotedivoire\/#website\",\"url\":\"https:\/\/www.africa-press.net\/cotedivoire\/\",\"name\":\"C\u00f4te d&#039;Ivoire\",\"description\":\"Just another Africa News Agency Sites site\",\"potentialAction\":[{\"@type\":\"SearchAction\",\"target\":{\"@type\":\"EntryPoint\",\"urlTemplate\":\"https:\/\/www.africa-press.net\/cotedivoire\/?s={search_term_string}\"},\"query-input\":{\"@type\":\"PropertyValueSpecification\",\"valueRequired\":true,\"valueName\":\"search_term_string\"}}],\"inLanguage\":\"fr-FR\"},{\"@type\":\"Person\",\"@id\":\"https:\/\/www.africa-press.net\/cotedivoire\/#\/schema\/person\/2b1cf3cd81a31e3cd26889ca66d677f1\",\"name\":\"cfeditorfr\"}]}<\/script>\n<!-- \/ Yoast SEO Premium plugin. -->","yoast_head_json":{"title":"Le Forum \u00e9conomique mondial 2025 s'ouvre \u00e0 Davos - C\u00f4te d&#039;Ivoire","robots":{"index":"index","follow":"follow","max-snippet":"max-snippet:-1","max-image-preview":"max-image-preview:large","max-video-preview":"max-video-preview:-1"},"canonical":"https:\/\/www.africa-press.net\/cotedivoire\/politique\/le-forum-economique-mondial-2025-souvre-a-davos","og_locale":"fr_FR","og_type":"article","og_title":"Le Forum \u00e9conomique mondial 2025 s'ouvre \u00e0 Davos","og_description":"Africa-Press &#8211; C\u00f4te d&rsquo;Ivoire. La re\u0301union annuelle 2025 du Forum e\u0301conomique mondial a lieu du 20 au 24 janvier 2025 a\u0300 Davos, en Suisse, et promet d&rsquo;e\u0302tre un autre e\u0301ve\u0301nement crucial pour le monde, en particulier pour les re\u0301gions ne\u0301cessitant une intervention e\u0301conomique imme\u0301diate. Organise\u0301es sous le the\u0300me \u00ab Collaboration pour l\u2019e\u0300re intelligente \u00bb, les [&hellip;]","og_url":"https:\/\/www.africa-press.net\/cotedivoire\/politique\/le-forum-economique-mondial-2025-souvre-a-davos","og_site_name":"C\u00f4te d&#039;Ivoire","article_published_time":"2025-01-20T16:41:53+00:00","author":"cfeditorfr","twitter_card":"summary_large_image","twitter_misc":{"\u00c9crit par":"cfeditorfr","Dur\u00e9e de lecture estim\u00e9e":"6 minutes"},"schema":{"@context":"https:\/\/schema.org","@graph":[{"@type":"Article","@id":"https:\/\/www.africa-press.net\/cotedivoire\/politique\/le-forum-economique-mondial-2025-souvre-a-davos#article","isPartOf":{"@id":"https:\/\/www.africa-press.net\/cotedivoire\/politique\/le-forum-economique-mondial-2025-souvre-a-davos"},"author":{"name":"cfeditorfr","@id":"https:\/\/www.africa-press.net\/cotedivoire\/#\/schema\/person\/2b1cf3cd81a31e3cd26889ca66d677f1"},"headline":"Le Forum \u00e9conomique mondial 2025 s&rsquo;ouvre \u00e0 Davos","datePublished":"2025-01-20T16:41:53+00:00","mainEntityOfPage":{"@id":"https:\/\/www.africa-press.net\/cotedivoire\/politique\/le-forum-economique-mondial-2025-souvre-a-davos"},"wordCount":1337,"commentCount":0,"image":{"@id":"https:\/\/www.africa-press.net\/cotedivoire\/politique\/le-forum-economique-mondial-2025-souvre-a-davos#primaryimage"},"thumbnailUrl":"https:\/\/static.africa-press.net\/cote\/sites\/43\/2025\/01\/sm_1737384931.532348.jpg","keywords":["C\u00f4te d'Ivoire"],"articleSection":["\u00c9conomie","Toutes les actualit\u00e9s"],"inLanguage":"fr-FR","potentialAction":[{"@type":"CommentAction","name":"Comment","target":["https:\/\/www.africa-press.net\/cotedivoire\/politique\/le-forum-economique-mondial-2025-souvre-a-davos#respond"]}]},{"@type":"WebPage","@id":"https:\/\/www.africa-press.net\/cotedivoire\/politique\/le-forum-economique-mondial-2025-souvre-a-davos","url":"https:\/\/www.africa-press.net\/cotedivoire\/politique\/le-forum-economique-mondial-2025-souvre-a-davos","name":"Le Forum \u00e9conomique mondial 2025 s'ouvre \u00e0 Davos - C\u00f4te d&#039;Ivoire","isPartOf":{"@id":"https:\/\/www.africa-press.net\/cotedivoire\/#website"},"primaryImageOfPage":{"@id":"https:\/\/www.africa-press.net\/cotedivoire\/politique\/le-forum-economique-mondial-2025-souvre-a-davos#primaryimage"},"image":{"@id":"https:\/\/www.africa-press.net\/cotedivoire\/politique\/le-forum-economique-mondial-2025-souvre-a-davos#primaryimage"},"thumbnailUrl":"https:\/\/static.africa-press.net\/cote\/sites\/43\/2025\/01\/sm_1737384931.532348.jpg","datePublished":"2025-01-20T16:41:53+00:00","author":{"@id":"https:\/\/www.africa-press.net\/cotedivoire\/#\/schema\/person\/2b1cf3cd81a31e3cd26889ca66d677f1"},"breadcrumb":{"@id":"https:\/\/www.africa-press.net\/cotedivoire\/politique\/le-forum-economique-mondial-2025-souvre-a-davos#breadcrumb"},"inLanguage":"fr-FR","potentialAction":[{"@type":"ReadAction","target":["https:\/\/www.africa-press.net\/cotedivoire\/politique\/le-forum-economique-mondial-2025-souvre-a-davos"]}]},{"@type":"ImageObject","inLanguage":"fr-FR","@id":"https:\/\/www.africa-press.net\/cotedivoire\/politique\/le-forum-economique-mondial-2025-souvre-a-davos#primaryimage","url":"https:\/\/static.africa-press.net\/cote\/sites\/43\/2025\/01\/sm_1737384931.532348.jpg","contentUrl":"https:\/\/static.africa-press.net\/cote\/sites\/43\/2025\/01\/sm_1737384931.532348.jpg","width":1728,"height":1151,"caption":"Le Forum \u00e9conomique mondial 2025 s'ouvre \u00e0 Davos"},{"@type":"BreadcrumbList","@id":"https:\/\/www.africa-press.net\/cotedivoire\/politique\/le-forum-economique-mondial-2025-souvre-a-davos#breadcrumb","itemListElement":[{"@type":"ListItem","position":1,"name":"Accueil","item":"https:\/\/www.africa-press.net\/cotedivoire\/"},{"@type":"ListItem","position":2,"name":"Le Forum \u00e9conomique mondial 2025 s&rsquo;ouvre \u00e0 Davos"}]},{"@type":"WebSite","@id":"https:\/\/www.africa-press.net\/cotedivoire\/#website","url":"https:\/\/www.africa-press.net\/cotedivoire\/","name":"C\u00f4te d&#039;Ivoire","description":"Just another Africa News Agency Sites site","potentialAction":[{"@type":"SearchAction","target":{"@type":"EntryPoint","urlTemplate":"https:\/\/www.africa-press.net\/cotedivoire\/?s={search_term_string}"},"query-input":{"@type":"PropertyValueSpecification","valueRequired":true,"valueName":"search_term_string"}}],"inLanguage":"fr-FR"},{"@type":"Person","@id":"https:\/\/www.africa-press.net\/cotedivoire\/#\/schema\/person\/2b1cf3cd81a31e3cd26889ca66d677f1","name":"cfeditorfr"}]}},"_links":{"self":[{"href":"https:\/\/www.africa-press.net\/cotedivoire\/wp-json\/wp\/v2\/posts\/94016","targetHints":{"allow":["GET"]}}],"collection":[{"href":"https:\/\/www.africa-press.net\/cotedivoire\/wp-json\/wp\/v2\/posts"}],"about":[{"href":"https:\/\/www.africa-press.net\/cotedivoire\/wp-json\/wp\/v2\/types\/post"}],"author":[{"embeddable":true,"href":"https:\/\/www.africa-press.net\/cotedivoire\/wp-json\/wp\/v2\/users\/82"}],"replies":[{"embeddable":true,"href":"https:\/\/www.africa-press.net\/cotedivoire\/wp-json\/wp\/v2\/comments?post=94016"}],"version-history":[{"count":0,"href":"https:\/\/www.africa-press.net\/cotedivoire\/wp-json\/wp\/v2\/posts\/94016\/revisions"}],"wp:featuredmedia":[{"embeddable":true,"href":"https:\/\/www.africa-press.net\/cotedivoire\/wp-json\/wp\/v2\/media\/94015"}],"wp:attachment":[{"href":"https:\/\/www.africa-press.net\/cotedivoire\/wp-json\/wp\/v2\/media?parent=94016"}],"wp:term":[{"taxonomy":"category","embeddable":true,"href":"https:\/\/www.africa-press.net\/cotedivoire\/wp-json\/wp\/v2\/categories?post=94016"},{"taxonomy":"post_tag","embeddable":true,"href":"https:\/\/www.africa-press.net\/cotedivoire\/wp-json\/wp\/v2\/tags?post=94016"}],"curies":[{"name":"wp","href":"https:\/\/api.w.org\/{rel}","templated":true}]}}