{"id":94025,"date":"2025-01-20T17:53:15","date_gmt":"2025-01-20T17:53:15","guid":{"rendered":"https:\/\/www.africa-press.net\/cotedivoire\/politique\/nous-vivons-au-quotidien-dans-un-environnement-obesogene"},"modified":"2025-01-20T17:53:15","modified_gmt":"2025-01-20T17:53:15","slug":"nous-vivons-au-quotidien-dans-un-environnement-obesogene","status":"publish","type":"post","link":"https:\/\/www.africa-press.net\/cotedivoire\/toutes-les-actualites\/nous-vivons-au-quotidien-dans-un-environnement-obesogene","title":{"rendered":"\u00ab\u00a0Nous vivons au quotidien dans un environnement ob\u00e9sog\u00e8ne\u00a0\u00bb"},"content":{"rendered":"<p><span style=\"color: #ff6600\"><strong>Africa-Press &#8211; C\u00f4te d&rsquo;Ivoire. <\/strong><\/span><b>Les Dossiers de Sciences et Avenir: Dans vos travaux, vous soulignez qu&rsquo;adopter une alimentation saine ne rele\u0300ve pas uniquement de la responsabilite\u0301 de chacun. Qu&rsquo;entendez-vous par la\u0300 ?<\/b><br \/>\n<b>Pierre Levasseur:<\/b> Ce constat de\u0301coule d&rsquo;une observation: en France, la pre\u0301valence de l&rsquo;obe\u0301site\u0301 chez les adultes est passe\u0301e de 8,5 % en 1997 a\u0300 17 % en 2020. Une telle augmentation, rapide et ge\u0301ne\u0301ralise\u0301e, ne peut pas e\u0302tre attribue\u0301e uniquement a\u0300 des facteurs biologiques ou a\u0300 des choix individuels. Elle re\u0301sulte en grande partie d&rsquo;un environnement quotidien qui incite a\u0300 une consommation excessive de calories et a\u0300 une re\u0301duction de l&rsquo;activite\u0301 physique. Les scientifiques parlent d&rsquo;un \u00ab\u00a0environnement obe\u0301soge\u0300ne\u00a0\u00bb.<\/p>\n<p><b>\u00ab\u00a0Certaines zones peuvent e\u0302tre qualifie\u0301es de &lsquo;mare\u0301cages alimentaires'\u00a0\u00bb<\/b><br \/>\n<b>Les Dossiers de Sciences et Avenir: Pourriez-vous donner des exemples pre\u0301cis ?<\/b><br \/>\n<b>Pierre Levasseur: <\/b>Notre environnement alimentaire se caracte\u0301rise par une surrepre\u0301sentation dans les supermarche\u0301s de produits riches en sucres et en matie\u0300res grasses. Ces aliments tre\u0300s e\u0301nerge\u0301tiques contiennent des \u00ab\u00a0calories vides\u00a0\u00bb qui n&rsquo;apportent pas de nutriments essentiels mais augmentent l&rsquo;apport calorique journalier. Une simple canette de Coca-Cola contient environ 140 kilocalories !<\/p>\n<p>L&rsquo;e\u0301tude Inca, qui analyse les comportements alimentaires des Franc\u0327ais, confirme ce phe\u0301nome\u0300ne: nos concitoyens consomment en moyenne 2.200 kcal par jour, alors que l&rsquo;apport recommande\u0301, pour une activite\u0301 physique mode\u0301re\u0301e (moins de trente minutes de marche par jour), est de 1.800 kcal pour une femme et de 2.100 kcal pour un homme.<\/p>\n<p>Par ailleurs, certaines zones, souvent les quartiers pe\u0301riphe\u0301riques des villes, peuvent e\u0302tre qualifie\u0301es de \u00ab\u00a0mare\u0301cages alimentaires\u00a0\u00bb, quand l&rsquo;offre dominante est constitue\u0301e de fast-foods.<\/p>\n<p><b>\u00ab\u00a0Un profond remodelage de l&rsquo;espace urbain et pe\u0301riurbain apparai\u0302t indispensable\u00a0\u00bb<\/b><br \/>\n<b>Les Dossiers de Sciences et Avenir: Qu&rsquo;en est-il de l&rsquo;activite\u0301 physique ?<\/b><br \/>\n<b>Pierre Levasseur: <\/b>La tertiarisation de l&#8217;emploi a entrai\u0302ne\u0301 une diminution du nombre de travailleurs dans des secteurs physiquement exigeants, comme l&rsquo;agriculture ou l&rsquo;industrie, au profit de me\u0301tiers se\u0301dentaires, de bureau. De plus, les espaces urbains ont rarement e\u0301te\u0301 conc\u0327us pour favoriser la circulation a\u0300 pied ou a\u0300 ve\u0301lo. Enfin, dans certains territoires, on observe peu d&rsquo;espaces verts et davantage d&rsquo;inse\u0301curite\u0301, ce qui n&rsquo;incite pas les habitants a\u0300 sortir.<\/p>\n<p><b>Les Dossiers de Sciences et Avenir: Comment e\u0301chapper a\u0300 cet environnement obe\u0301soge\u0300ne ?<\/b><br \/>\n<b>Pierre Levasseur: <\/b>Un profond remodelage de l&rsquo;espace urbain et pe\u0301riurbain apparai\u0302t indispensable. Cela passe par une diversification de l&rsquo;offre alimentaire et un re\u0301ame\u0301nagement des espaces pour encourager l&rsquo;activite\u0301 physique. Des mesures comme le verdissement des villes, la pie\u0301tonisation, le de\u0301veloppement de voies cyclables, le soutien aux commerces de proximite\u0301 ou les investissements dans les transports publics sont des leviers efficaces.<\/p>\n<p>Paralle\u0300lement, des politiques de sante\u0301 publique pourraient re\u0301orienter l&rsquo;offre alimentaire en taxant davantage les produits les moins sains, en interdisant les aliments ultra-transforme\u0301s dans les cantines scolaires et autour des e\u0301coles ou en restreignant la publicite\u0301 pour la \u00ab\u00a0malbouffe\u00a0\u00bb.<\/p>\n<p>Par ailleurs, les facteurs de protection contre l&rsquo;obe\u0301site\u0301 restent e\u0301troitement lie\u0301s au niveau d&rsquo;e\u0301ducation et au revenu. En France, les chiffres sont clairs: la pre\u0301valence de l&rsquo;obe\u0301site\u0301 est particulie\u0300rement e\u0301leve\u0301e dans les Hauts-de-France, ou\u0300 ces deux indicateurs sont infe\u0301rieurs a\u0300 la moyenne nationale. Ainsi, ame\u0301liorer l&rsquo;acce\u0300s a\u0300 l&rsquo;e\u0301ducation et offrir de meilleures conditions de vie figurent parmi les strate\u0301gies les plus prometteuses pour lutter contre l&rsquo;obe\u0301site\u0301.<\/p>\n<p><strong>Pour plus d&rsquo;informations et d&rsquo;analyses sur la <span style=\"color: #ff6600\">C\u00f4te d&rsquo;Ivoire<\/span>, suivez <span style=\"color: #ff6600\">Africa-Press<span style=\"color: #ff6600\"><\/span><\/strong><\/p>\n","protected":false},"excerpt":{"rendered":"<p>Africa-Press &#8211; C\u00f4te d&rsquo;Ivoire. Les Dossiers de Sciences et Avenir: Dans vos travaux, vous soulignez qu&rsquo;adopter une alimentation saine ne rele\u0300ve pas uniquement de la responsabilite\u0301 de chacun. Qu&rsquo;entendez-vous par la\u0300 ? Pierre Levasseur: Ce constat de\u0301coule d&rsquo;une observation: en France, la pre\u0301valence de l&rsquo;obe\u0301site\u0301 chez les adultes est passe\u0301e de 8,5 % en 1997 [&hellip;]<\/p>\n","protected":false},"author":82,"featured_media":94024,"comment_status":"open","ping_status":"closed","sticky":false,"template":"","format":"standard","meta":{"footnotes":""},"categories":[22,10],"tags":[37],"class_list":["post-94025","post","type-post","status-publish","format-standard","has-post-thumbnail","hentry","category-divers","category-toutes-les-actualites","tag-cote-divoire-2"],"yoast_head":"<!-- This site is optimized with the Yoast SEO Premium plugin v26.1 (Yoast SEO v27.0) - https:\/\/yoast.com\/product\/yoast-seo-premium-wordpress\/ -->\n<title>&quot;Nous vivons au quotidien dans un environnement ob\u00e9sog\u00e8ne&quot; - C\u00f4te d&#039;Ivoire<\/title>\n<meta name=\"robots\" content=\"index, follow, max-snippet:-1, max-image-preview:large, max-video-preview:-1\" \/>\n<link rel=\"canonical\" href=\"https:\/\/www.africa-press.net\/cotedivoire\/politique\/nous-vivons-au-quotidien-dans-un-environnement-obesogene\" \/>\n<meta property=\"og:locale\" content=\"fr_FR\" \/>\n<meta property=\"og:type\" content=\"article\" \/>\n<meta property=\"og:title\" content=\"&quot;Nous vivons au quotidien dans un environnement ob\u00e9sog\u00e8ne&quot;\" \/>\n<meta property=\"og:description\" content=\"Africa-Press &#8211; C\u00f4te d&rsquo;Ivoire. Les Dossiers de Sciences et Avenir: Dans vos travaux, vous soulignez qu&rsquo;adopter une alimentation saine ne rele\u0300ve pas uniquement de la responsabilite\u0301 de chacun. Qu&rsquo;entendez-vous par la\u0300 ? Pierre Levasseur: Ce constat de\u0301coule d&rsquo;une observation: en France, la pre\u0301valence de l&rsquo;obe\u0301site\u0301 chez les adultes est passe\u0301e de 8,5 % en 1997 [&hellip;]\" \/>\n<meta property=\"og:url\" content=\"https:\/\/www.africa-press.net\/cotedivoire\/politique\/nous-vivons-au-quotidien-dans-un-environnement-obesogene\" \/>\n<meta property=\"og:site_name\" content=\"C\u00f4te d&#039;Ivoire\" \/>\n<meta property=\"article:published_time\" content=\"2025-01-20T17:53:15+00:00\" \/>\n<meta name=\"author\" content=\"cfeditorfr\" \/>\n<meta name=\"twitter:card\" content=\"summary_large_image\" \/>\n<meta name=\"twitter:label1\" content=\"\u00c9crit par\" \/>\n\t<meta name=\"twitter:data1\" content=\"cfeditorfr\" \/>\n\t<meta name=\"twitter:label2\" content=\"Dur\u00e9e de lecture estim\u00e9e\" \/>\n\t<meta name=\"twitter:data2\" content=\"3 minutes\" \/>\n<script type=\"application\/ld+json\" class=\"yoast-schema-graph\">{\"@context\":\"https:\/\/schema.org\",\"@graph\":[{\"@type\":\"Article\",\"@id\":\"https:\/\/www.africa-press.net\/cotedivoire\/politique\/nous-vivons-au-quotidien-dans-un-environnement-obesogene#article\",\"isPartOf\":{\"@id\":\"https:\/\/www.africa-press.net\/cotedivoire\/politique\/nous-vivons-au-quotidien-dans-un-environnement-obesogene\"},\"author\":{\"name\":\"cfeditorfr\",\"@id\":\"https:\/\/www.africa-press.net\/cotedivoire\/#\/schema\/person\/2b1cf3cd81a31e3cd26889ca66d677f1\"},\"headline\":\"\u00ab\u00a0Nous vivons au quotidien dans un environnement ob\u00e9sog\u00e8ne\u00a0\u00bb\",\"datePublished\":\"2025-01-20T17:53:15+00:00\",\"mainEntityOfPage\":{\"@id\":\"https:\/\/www.africa-press.net\/cotedivoire\/politique\/nous-vivons-au-quotidien-dans-un-environnement-obesogene\"},\"wordCount\":641,\"commentCount\":0,\"image\":{\"@id\":\"https:\/\/www.africa-press.net\/cotedivoire\/politique\/nous-vivons-au-quotidien-dans-un-environnement-obesogene#primaryimage\"},\"thumbnailUrl\":\"https:\/\/static.africa-press.net\/cote\/sites\/43\/2025\/01\/sm_1737386696.544748.jpg\",\"keywords\":[\"C\u00f4te d'Ivoire\"],\"articleSection\":[\"Divers\",\"Toutes les actualit\u00e9s\"],\"inLanguage\":\"fr-FR\",\"potentialAction\":[{\"@type\":\"CommentAction\",\"name\":\"Comment\",\"target\":[\"https:\/\/www.africa-press.net\/cotedivoire\/politique\/nous-vivons-au-quotidien-dans-un-environnement-obesogene#respond\"]}]},{\"@type\":\"WebPage\",\"@id\":\"https:\/\/www.africa-press.net\/cotedivoire\/politique\/nous-vivons-au-quotidien-dans-un-environnement-obesogene\",\"url\":\"https:\/\/www.africa-press.net\/cotedivoire\/politique\/nous-vivons-au-quotidien-dans-un-environnement-obesogene\",\"name\":\"\\\"Nous vivons au quotidien dans un environnement ob\u00e9sog\u00e8ne\\\" - C\u00f4te d&#039;Ivoire\",\"isPartOf\":{\"@id\":\"https:\/\/www.africa-press.net\/cotedivoire\/#website\"},\"primaryImageOfPage\":{\"@id\":\"https:\/\/www.africa-press.net\/cotedivoire\/politique\/nous-vivons-au-quotidien-dans-un-environnement-obesogene#primaryimage\"},\"image\":{\"@id\":\"https:\/\/www.africa-press.net\/cotedivoire\/politique\/nous-vivons-au-quotidien-dans-un-environnement-obesogene#primaryimage\"},\"thumbnailUrl\":\"https:\/\/static.africa-press.net\/cote\/sites\/43\/2025\/01\/sm_1737386696.544748.jpg\",\"datePublished\":\"2025-01-20T17:53:15+00:00\",\"author\":{\"@id\":\"https:\/\/www.africa-press.net\/cotedivoire\/#\/schema\/person\/2b1cf3cd81a31e3cd26889ca66d677f1\"},\"breadcrumb\":{\"@id\":\"https:\/\/www.africa-press.net\/cotedivoire\/politique\/nous-vivons-au-quotidien-dans-un-environnement-obesogene#breadcrumb\"},\"inLanguage\":\"fr-FR\",\"potentialAction\":[{\"@type\":\"ReadAction\",\"target\":[\"https:\/\/www.africa-press.net\/cotedivoire\/politique\/nous-vivons-au-quotidien-dans-un-environnement-obesogene\"]}]},{\"@type\":\"ImageObject\",\"inLanguage\":\"fr-FR\",\"@id\":\"https:\/\/www.africa-press.net\/cotedivoire\/politique\/nous-vivons-au-quotidien-dans-un-environnement-obesogene#primaryimage\",\"url\":\"https:\/\/static.africa-press.net\/cote\/sites\/43\/2025\/01\/sm_1737386696.544748.jpg\",\"contentUrl\":\"https:\/\/static.africa-press.net\/cote\/sites\/43\/2025\/01\/sm_1737386696.544748.jpg\",\"width\":1200,\"height\":900,\"caption\":\"\\\"Nous vivons au quotidien dans un environnement ob\u00e9sog\u00e8ne\\\"\"},{\"@type\":\"BreadcrumbList\",\"@id\":\"https:\/\/www.africa-press.net\/cotedivoire\/politique\/nous-vivons-au-quotidien-dans-un-environnement-obesogene#breadcrumb\",\"itemListElement\":[{\"@type\":\"ListItem\",\"position\":1,\"name\":\"Accueil\",\"item\":\"https:\/\/www.africa-press.net\/cotedivoire\/\"},{\"@type\":\"ListItem\",\"position\":2,\"name\":\"\u00ab\u00a0Nous vivons au quotidien dans un environnement ob\u00e9sog\u00e8ne\u00a0\u00bb\"}]},{\"@type\":\"WebSite\",\"@id\":\"https:\/\/www.africa-press.net\/cotedivoire\/#website\",\"url\":\"https:\/\/www.africa-press.net\/cotedivoire\/\",\"name\":\"C\u00f4te d&#039;Ivoire\",\"description\":\"Just another Africa News Agency Sites site\",\"potentialAction\":[{\"@type\":\"SearchAction\",\"target\":{\"@type\":\"EntryPoint\",\"urlTemplate\":\"https:\/\/www.africa-press.net\/cotedivoire\/?s={search_term_string}\"},\"query-input\":{\"@type\":\"PropertyValueSpecification\",\"valueRequired\":true,\"valueName\":\"search_term_string\"}}],\"inLanguage\":\"fr-FR\"},{\"@type\":\"Person\",\"@id\":\"https:\/\/www.africa-press.net\/cotedivoire\/#\/schema\/person\/2b1cf3cd81a31e3cd26889ca66d677f1\",\"name\":\"cfeditorfr\"}]}<\/script>\n<!-- \/ Yoast SEO Premium plugin. -->","yoast_head_json":{"title":"\"Nous vivons au quotidien dans un environnement ob\u00e9sog\u00e8ne\" - C\u00f4te d&#039;Ivoire","robots":{"index":"index","follow":"follow","max-snippet":"max-snippet:-1","max-image-preview":"max-image-preview:large","max-video-preview":"max-video-preview:-1"},"canonical":"https:\/\/www.africa-press.net\/cotedivoire\/politique\/nous-vivons-au-quotidien-dans-un-environnement-obesogene","og_locale":"fr_FR","og_type":"article","og_title":"\"Nous vivons au quotidien dans un environnement ob\u00e9sog\u00e8ne\"","og_description":"Africa-Press &#8211; C\u00f4te d&rsquo;Ivoire. Les Dossiers de Sciences et Avenir: Dans vos travaux, vous soulignez qu&rsquo;adopter une alimentation saine ne rele\u0300ve pas uniquement de la responsabilite\u0301 de chacun. Qu&rsquo;entendez-vous par la\u0300 ? Pierre Levasseur: Ce constat de\u0301coule d&rsquo;une observation: en France, la pre\u0301valence de l&rsquo;obe\u0301site\u0301 chez les adultes est passe\u0301e de 8,5 % en 1997 [&hellip;]","og_url":"https:\/\/www.africa-press.net\/cotedivoire\/politique\/nous-vivons-au-quotidien-dans-un-environnement-obesogene","og_site_name":"C\u00f4te d&#039;Ivoire","article_published_time":"2025-01-20T17:53:15+00:00","author":"cfeditorfr","twitter_card":"summary_large_image","twitter_misc":{"\u00c9crit par":"cfeditorfr","Dur\u00e9e de lecture estim\u00e9e":"3 minutes"},"schema":{"@context":"https:\/\/schema.org","@graph":[{"@type":"Article","@id":"https:\/\/www.africa-press.net\/cotedivoire\/politique\/nous-vivons-au-quotidien-dans-un-environnement-obesogene#article","isPartOf":{"@id":"https:\/\/www.africa-press.net\/cotedivoire\/politique\/nous-vivons-au-quotidien-dans-un-environnement-obesogene"},"author":{"name":"cfeditorfr","@id":"https:\/\/www.africa-press.net\/cotedivoire\/#\/schema\/person\/2b1cf3cd81a31e3cd26889ca66d677f1"},"headline":"\u00ab\u00a0Nous vivons au quotidien dans un environnement ob\u00e9sog\u00e8ne\u00a0\u00bb","datePublished":"2025-01-20T17:53:15+00:00","mainEntityOfPage":{"@id":"https:\/\/www.africa-press.net\/cotedivoire\/politique\/nous-vivons-au-quotidien-dans-un-environnement-obesogene"},"wordCount":641,"commentCount":0,"image":{"@id":"https:\/\/www.africa-press.net\/cotedivoire\/politique\/nous-vivons-au-quotidien-dans-un-environnement-obesogene#primaryimage"},"thumbnailUrl":"https:\/\/static.africa-press.net\/cote\/sites\/43\/2025\/01\/sm_1737386696.544748.jpg","keywords":["C\u00f4te d'Ivoire"],"articleSection":["Divers","Toutes les actualit\u00e9s"],"inLanguage":"fr-FR","potentialAction":[{"@type":"CommentAction","name":"Comment","target":["https:\/\/www.africa-press.net\/cotedivoire\/politique\/nous-vivons-au-quotidien-dans-un-environnement-obesogene#respond"]}]},{"@type":"WebPage","@id":"https:\/\/www.africa-press.net\/cotedivoire\/politique\/nous-vivons-au-quotidien-dans-un-environnement-obesogene","url":"https:\/\/www.africa-press.net\/cotedivoire\/politique\/nous-vivons-au-quotidien-dans-un-environnement-obesogene","name":"\"Nous vivons au quotidien dans un environnement ob\u00e9sog\u00e8ne\" - C\u00f4te d&#039;Ivoire","isPartOf":{"@id":"https:\/\/www.africa-press.net\/cotedivoire\/#website"},"primaryImageOfPage":{"@id":"https:\/\/www.africa-press.net\/cotedivoire\/politique\/nous-vivons-au-quotidien-dans-un-environnement-obesogene#primaryimage"},"image":{"@id":"https:\/\/www.africa-press.net\/cotedivoire\/politique\/nous-vivons-au-quotidien-dans-un-environnement-obesogene#primaryimage"},"thumbnailUrl":"https:\/\/static.africa-press.net\/cote\/sites\/43\/2025\/01\/sm_1737386696.544748.jpg","datePublished":"2025-01-20T17:53:15+00:00","author":{"@id":"https:\/\/www.africa-press.net\/cotedivoire\/#\/schema\/person\/2b1cf3cd81a31e3cd26889ca66d677f1"},"breadcrumb":{"@id":"https:\/\/www.africa-press.net\/cotedivoire\/politique\/nous-vivons-au-quotidien-dans-un-environnement-obesogene#breadcrumb"},"inLanguage":"fr-FR","potentialAction":[{"@type":"ReadAction","target":["https:\/\/www.africa-press.net\/cotedivoire\/politique\/nous-vivons-au-quotidien-dans-un-environnement-obesogene"]}]},{"@type":"ImageObject","inLanguage":"fr-FR","@id":"https:\/\/www.africa-press.net\/cotedivoire\/politique\/nous-vivons-au-quotidien-dans-un-environnement-obesogene#primaryimage","url":"https:\/\/static.africa-press.net\/cote\/sites\/43\/2025\/01\/sm_1737386696.544748.jpg","contentUrl":"https:\/\/static.africa-press.net\/cote\/sites\/43\/2025\/01\/sm_1737386696.544748.jpg","width":1200,"height":900,"caption":"\"Nous vivons au quotidien dans un environnement ob\u00e9sog\u00e8ne\""},{"@type":"BreadcrumbList","@id":"https:\/\/www.africa-press.net\/cotedivoire\/politique\/nous-vivons-au-quotidien-dans-un-environnement-obesogene#breadcrumb","itemListElement":[{"@type":"ListItem","position":1,"name":"Accueil","item":"https:\/\/www.africa-press.net\/cotedivoire\/"},{"@type":"ListItem","position":2,"name":"\u00ab\u00a0Nous vivons au quotidien dans un environnement ob\u00e9sog\u00e8ne\u00a0\u00bb"}]},{"@type":"WebSite","@id":"https:\/\/www.africa-press.net\/cotedivoire\/#website","url":"https:\/\/www.africa-press.net\/cotedivoire\/","name":"C\u00f4te d&#039;Ivoire","description":"Just another Africa News Agency Sites site","potentialAction":[{"@type":"SearchAction","target":{"@type":"EntryPoint","urlTemplate":"https:\/\/www.africa-press.net\/cotedivoire\/?s={search_term_string}"},"query-input":{"@type":"PropertyValueSpecification","valueRequired":true,"valueName":"search_term_string"}}],"inLanguage":"fr-FR"},{"@type":"Person","@id":"https:\/\/www.africa-press.net\/cotedivoire\/#\/schema\/person\/2b1cf3cd81a31e3cd26889ca66d677f1","name":"cfeditorfr"}]}},"_links":{"self":[{"href":"https:\/\/www.africa-press.net\/cotedivoire\/wp-json\/wp\/v2\/posts\/94025","targetHints":{"allow":["GET"]}}],"collection":[{"href":"https:\/\/www.africa-press.net\/cotedivoire\/wp-json\/wp\/v2\/posts"}],"about":[{"href":"https:\/\/www.africa-press.net\/cotedivoire\/wp-json\/wp\/v2\/types\/post"}],"author":[{"embeddable":true,"href":"https:\/\/www.africa-press.net\/cotedivoire\/wp-json\/wp\/v2\/users\/82"}],"replies":[{"embeddable":true,"href":"https:\/\/www.africa-press.net\/cotedivoire\/wp-json\/wp\/v2\/comments?post=94025"}],"version-history":[{"count":0,"href":"https:\/\/www.africa-press.net\/cotedivoire\/wp-json\/wp\/v2\/posts\/94025\/revisions"}],"wp:featuredmedia":[{"embeddable":true,"href":"https:\/\/www.africa-press.net\/cotedivoire\/wp-json\/wp\/v2\/media\/94024"}],"wp:attachment":[{"href":"https:\/\/www.africa-press.net\/cotedivoire\/wp-json\/wp\/v2\/media?parent=94025"}],"wp:term":[{"taxonomy":"category","embeddable":true,"href":"https:\/\/www.africa-press.net\/cotedivoire\/wp-json\/wp\/v2\/categories?post=94025"},{"taxonomy":"post_tag","embeddable":true,"href":"https:\/\/www.africa-press.net\/cotedivoire\/wp-json\/wp\/v2\/tags?post=94025"}],"curies":[{"name":"wp","href":"https:\/\/api.w.org\/{rel}","templated":true}]}}