{"id":94032,"date":"2025-01-21T17:25:33","date_gmt":"2025-01-21T17:25:33","guid":{"rendered":"https:\/\/www.africa-press.net\/cotedivoire\/politique\/carte-du-ciel-de-fevrier-2025-ne-manquez-pas-lobservation-dorion-majeste-hivernale"},"modified":"2025-01-21T17:25:33","modified_gmt":"2025-01-21T17:25:33","slug":"carte-du-ciel-de-fevrier-2025-ne-manquez-pas-lobservation-dorion-majeste-hivernale","status":"publish","type":"post","link":"https:\/\/www.africa-press.net\/cotedivoire\/toutes-les-actualites\/carte-du-ciel-de-fevrier-2025-ne-manquez-pas-lobservation-dorion-majeste-hivernale","title":{"rendered":"Carte du ciel de f\u00e9vrier 2025 : ne manquez pas l&rsquo;observation d&rsquo;Orion, majest\u00e9 hivernale"},"content":{"rendered":"<p><span style=\"color: #ff6600\"><strong>Africa-Press &#8211; C\u00f4te d&rsquo;Ivoire. <\/strong><\/span>Situe\u0301e au c\u0153ur du ciel d\u2019hiver, Orion est un rectangle au centre duquel tro\u0302nent trois e\u0301toiles brillantes qui forment la ceinture d\u2019Orion. Cette constellation he\u0301berge plusieurs nuages de gaz et de poussie\u0300res, dont la ce\u0301le\u0300bre ne\u0301buleuse d\u2019Orion (M42) et IC 434, ho\u0302te de la non moins ce\u0301le\u0300bre ne\u0301buleuse de la Te\u0302te de cheval.<\/p>\n<p><b>Notre conseil: <\/b>facile a\u0300 identifier, Orion domine majestueusement l\u2019horizon sud vers 21 heures. On peut de\u0301tecter aux jumelles M42 sous la forme d\u2019une ne\u0301bulosite\u0301 grisa\u0302tre, mais la ne\u0301buleuse IC 434 n\u2019est accessible qu\u2019avec un te\u0301lescope.<\/p>\n<p>Par ordre d\u2019e\u0301clat de\u0301croissant, les sept e\u0301toiles les plus brillantes d\u2019Orion sont \u03b2 (Rigel), \u03b1 (Be\u0301telgeuse), \u03b3 (Bellatrix), \u03b5 (Alnilam), \u03b6 (Alnitak), \u03ba (Saiph) et \u03b4 (Mintaka). Cre\u0301dits: Johan Kieken \/ Sciences et Avenir<\/p>\n<p><b>La carte du ciel de fe\u0301vrier 2025<\/b><\/p>\n<p>De\u0301couvrez ci-dessous la carte du ciel visible a\u0300 la mi-fe\u0301vrier vers 19h <b>(cliquez dessus pour agrandir l&rsquo;image).<\/b><br \/>\n<img loading=\"lazy\" decoding=\"async\" width=\"453\" height=\"290\" class=\"alignnone wp-image-94029 size-full\" src=\"https:\/\/static.africa-press.net\/cote\/sites\/43\/2025\/01\/sm_1737472066.08109.jpg\" srcset=\"https:\/\/static.africa-press.net\/cote\/sites\/43\/2025\/01\/sm_1737472066.08109.jpg 453w, https:\/\/static.africa-press.net\/cote\/sites\/43\/2025\/01\/sm_1737472066.08109-300x192.jpg 300w\" sizes=\"auto, (max-width: 453px) 100vw, 453px\" \/><br \/>\n<b>Comment utiliser notre carte du ciel ?<\/b><\/p>\n<p>Faites tourner votre smartphone ou tablette de manie\u0300re a\u0300 ce que le nom de la direction dans laquelle vous observez soit e\u0301crit a\u0300 l&rsquo;endroit. Les constellations et les e\u0301toiles que vous retrouverez dans le ciel qui vous fait face sont toutes celles dont le nom est lisible sans trop pencher la te\u0302te. La position des plane\u0300tes visibles a\u0300 l&rsquo;\u0153il nu est indique\u0301e pour le 15 du mois. Notre carte trace\u0301e pour une latitude de 47\u00b0 nord montre le ciel visible en France me\u0301tropolitaine, et plus largement en Europe et dans le monde, a\u0300 l&rsquo;inte\u0301rieur d&rsquo;une bande s&rsquo;e\u0301tendant de 40 a\u0300 54\u00b0 de latitude nord. Si vous e\u0302tes au nord du 47e paralle\u0300le, l&rsquo;e\u0301toile Polaire sera plus haute dans votre ciel et plus basse dans le cas contraire.<\/p>\n<p><img loading=\"lazy\" decoding=\"async\" width=\"2156\" height=\"2156\" class=\"alignnone wp-image-94030 size-full\" src=\"https:\/\/static.africa-press.net\/cote\/sites\/43\/2025\/01\/sm_1737472068.739037.jpg\" srcset=\"https:\/\/static.africa-press.net\/cote\/sites\/43\/2025\/01\/sm_1737472068.739037.jpg 2156w, https:\/\/static.africa-press.net\/cote\/sites\/43\/2025\/01\/sm_1737472068.739037-300x300.jpg 300w, https:\/\/static.africa-press.net\/cote\/sites\/43\/2025\/01\/sm_1737472068.739037-1024x1024.jpg 1024w, https:\/\/static.africa-press.net\/cote\/sites\/43\/2025\/01\/sm_1737472068.739037-150x150.jpg 150w, https:\/\/static.africa-press.net\/cote\/sites\/43\/2025\/01\/sm_1737472068.739037-768x768.jpg 768w, https:\/\/static.africa-press.net\/cote\/sites\/43\/2025\/01\/sm_1737472068.739037-1536x1536.jpg 1536w, https:\/\/static.africa-press.net\/cote\/sites\/43\/2025\/01\/sm_1737472068.739037-2048x2048.jpg 2048w\" sizes=\"auto, (max-width: 2156px) 100vw, 2156px\" \/><\/p>\n<p><strong>Pour plus d&rsquo;informations et d&rsquo;analyses sur la <span style=\"color: #ff6600\">C\u00f4te d&rsquo;Ivoire<\/span>, suivez <span style=\"color: #ff6600\">Africa-Press<span style=\"color: #ff6600\"><\/span><\/strong><\/p>\n","protected":false},"excerpt":{"rendered":"<p>Africa-Press &#8211; C\u00f4te d&rsquo;Ivoire. Situe\u0301e au c\u0153ur du ciel d\u2019hiver, Orion est un rectangle au centre duquel tro\u0302nent trois e\u0301toiles brillantes qui forment la ceinture d\u2019Orion. Cette constellation he\u0301berge plusieurs nuages de gaz et de poussie\u0300res, dont la ce\u0301le\u0300bre ne\u0301buleuse d\u2019Orion (M42) et IC 434, ho\u0302te de la non moins ce\u0301le\u0300bre ne\u0301buleuse de la Te\u0302te [&hellip;]<\/p>\n","protected":false},"author":82,"featured_media":94031,"comment_status":"open","ping_status":"closed","sticky":false,"template":"","format":"standard","meta":{"footnotes":""},"categories":[22,10],"tags":[37],"class_list":["post-94032","post","type-post","status-publish","format-standard","has-post-thumbnail","hentry","category-divers","category-toutes-les-actualites","tag-cote-divoire-2"],"yoast_head":"<!-- This site is optimized with the Yoast SEO Premium plugin v26.1 (Yoast SEO v27.0) - https:\/\/yoast.com\/product\/yoast-seo-premium-wordpress\/ -->\n<title>Carte du ciel de f\u00e9vrier 2025 : ne manquez pas l&#039;observation d&#039;Orion, majest\u00e9 hivernale - C\u00f4te d&#039;Ivoire<\/title>\n<meta name=\"robots\" content=\"index, follow, max-snippet:-1, max-image-preview:large, max-video-preview:-1\" \/>\n<link rel=\"canonical\" href=\"https:\/\/www.africa-press.net\/cotedivoire\/politique\/carte-du-ciel-de-fevrier-2025-ne-manquez-pas-lobservation-dorion-majeste-hivernale\" \/>\n<meta property=\"og:locale\" content=\"fr_FR\" \/>\n<meta property=\"og:type\" content=\"article\" \/>\n<meta property=\"og:title\" content=\"Carte du ciel de f\u00e9vrier 2025 : ne manquez pas l&#039;observation d&#039;Orion, majest\u00e9 hivernale\" \/>\n<meta property=\"og:description\" content=\"Africa-Press &#8211; C\u00f4te d&rsquo;Ivoire. Situe\u0301e au c\u0153ur du ciel d\u2019hiver, Orion est un rectangle au centre duquel tro\u0302nent trois e\u0301toiles brillantes qui forment la ceinture d\u2019Orion. Cette constellation he\u0301berge plusieurs nuages de gaz et de poussie\u0300res, dont la ce\u0301le\u0300bre ne\u0301buleuse d\u2019Orion (M42) et IC 434, ho\u0302te de la non moins ce\u0301le\u0300bre ne\u0301buleuse de la Te\u0302te [&hellip;]\" \/>\n<meta property=\"og:url\" content=\"https:\/\/www.africa-press.net\/cotedivoire\/politique\/carte-du-ciel-de-fevrier-2025-ne-manquez-pas-lobservation-dorion-majeste-hivernale\" \/>\n<meta property=\"og:site_name\" content=\"C\u00f4te d&#039;Ivoire\" \/>\n<meta property=\"article:published_time\" content=\"2025-01-21T17:25:33+00:00\" \/>\n<meta property=\"og:image\" content=\"https:\/\/static.africa-press.net\/cote\/sites\/43\/2025\/01\/sm_1737472066.08109.jpg\" \/>\n\t<meta property=\"og:image:width\" content=\"453\" \/>\n\t<meta property=\"og:image:height\" content=\"290\" \/>\n\t<meta property=\"og:image:type\" content=\"image\/jpeg\" \/>\n<meta name=\"author\" content=\"cfeditorfr\" \/>\n<meta name=\"twitter:card\" content=\"summary_large_image\" \/>\n<meta name=\"twitter:label1\" content=\"\u00c9crit par\" \/>\n\t<meta name=\"twitter:data1\" content=\"cfeditorfr\" \/>\n\t<meta name=\"twitter:label2\" content=\"Dur\u00e9e de lecture estim\u00e9e\" \/>\n\t<meta name=\"twitter:data2\" content=\"2 minutes\" \/>\n<script type=\"application\/ld+json\" class=\"yoast-schema-graph\">{\"@context\":\"https:\/\/schema.org\",\"@graph\":[{\"@type\":\"Article\",\"@id\":\"https:\/\/www.africa-press.net\/cotedivoire\/politique\/carte-du-ciel-de-fevrier-2025-ne-manquez-pas-lobservation-dorion-majeste-hivernale#article\",\"isPartOf\":{\"@id\":\"https:\/\/www.africa-press.net\/cotedivoire\/politique\/carte-du-ciel-de-fevrier-2025-ne-manquez-pas-lobservation-dorion-majeste-hivernale\"},\"author\":{\"name\":\"cfeditorfr\",\"@id\":\"https:\/\/www.africa-press.net\/cotedivoire\/#\/schema\/person\/2b1cf3cd81a31e3cd26889ca66d677f1\"},\"headline\":\"Carte du ciel de f\u00e9vrier 2025 : ne manquez pas l&rsquo;observation d&rsquo;Orion, majest\u00e9 hivernale\",\"datePublished\":\"2025-01-21T17:25:33+00:00\",\"mainEntityOfPage\":{\"@id\":\"https:\/\/www.africa-press.net\/cotedivoire\/politique\/carte-du-ciel-de-fevrier-2025-ne-manquez-pas-lobservation-dorion-majeste-hivernale\"},\"wordCount\":355,\"commentCount\":0,\"image\":{\"@id\":\"https:\/\/www.africa-press.net\/cotedivoire\/politique\/carte-du-ciel-de-fevrier-2025-ne-manquez-pas-lobservation-dorion-majeste-hivernale#primaryimage\"},\"thumbnailUrl\":\"https:\/\/static.africa-press.net\/cote\/sites\/43\/2025\/01\/sm_1737472074.574762.jpg\",\"keywords\":[\"C\u00f4te d'Ivoire\"],\"articleSection\":[\"Divers\",\"Toutes les actualit\u00e9s\"],\"inLanguage\":\"fr-FR\",\"potentialAction\":[{\"@type\":\"CommentAction\",\"name\":\"Comment\",\"target\":[\"https:\/\/www.africa-press.net\/cotedivoire\/politique\/carte-du-ciel-de-fevrier-2025-ne-manquez-pas-lobservation-dorion-majeste-hivernale#respond\"]}]},{\"@type\":\"WebPage\",\"@id\":\"https:\/\/www.africa-press.net\/cotedivoire\/politique\/carte-du-ciel-de-fevrier-2025-ne-manquez-pas-lobservation-dorion-majeste-hivernale\",\"url\":\"https:\/\/www.africa-press.net\/cotedivoire\/politique\/carte-du-ciel-de-fevrier-2025-ne-manquez-pas-lobservation-dorion-majeste-hivernale\",\"name\":\"Carte du ciel de f\u00e9vrier 2025 : ne manquez pas l'observation d'Orion, majest\u00e9 hivernale - C\u00f4te d&#039;Ivoire\",\"isPartOf\":{\"@id\":\"https:\/\/www.africa-press.net\/cotedivoire\/#website\"},\"primaryImageOfPage\":{\"@id\":\"https:\/\/www.africa-press.net\/cotedivoire\/politique\/carte-du-ciel-de-fevrier-2025-ne-manquez-pas-lobservation-dorion-majeste-hivernale#primaryimage\"},\"image\":{\"@id\":\"https:\/\/www.africa-press.net\/cotedivoire\/politique\/carte-du-ciel-de-fevrier-2025-ne-manquez-pas-lobservation-dorion-majeste-hivernale#primaryimage\"},\"thumbnailUrl\":\"https:\/\/static.africa-press.net\/cote\/sites\/43\/2025\/01\/sm_1737472074.574762.jpg\",\"datePublished\":\"2025-01-21T17:25:33+00:00\",\"author\":{\"@id\":\"https:\/\/www.africa-press.net\/cotedivoire\/#\/schema\/person\/2b1cf3cd81a31e3cd26889ca66d677f1\"},\"breadcrumb\":{\"@id\":\"https:\/\/www.africa-press.net\/cotedivoire\/politique\/carte-du-ciel-de-fevrier-2025-ne-manquez-pas-lobservation-dorion-majeste-hivernale#breadcrumb\"},\"inLanguage\":\"fr-FR\",\"potentialAction\":[{\"@type\":\"ReadAction\",\"target\":[\"https:\/\/www.africa-press.net\/cotedivoire\/politique\/carte-du-ciel-de-fevrier-2025-ne-manquez-pas-lobservation-dorion-majeste-hivernale\"]}]},{\"@type\":\"ImageObject\",\"inLanguage\":\"fr-FR\",\"@id\":\"https:\/\/www.africa-press.net\/cotedivoire\/politique\/carte-du-ciel-de-fevrier-2025-ne-manquez-pas-lobservation-dorion-majeste-hivernale#primaryimage\",\"url\":\"https:\/\/static.africa-press.net\/cote\/sites\/43\/2025\/01\/sm_1737472074.574762.jpg\",\"contentUrl\":\"https:\/\/static.africa-press.net\/cote\/sites\/43\/2025\/01\/sm_1737472074.574762.jpg\",\"width\":1200,\"height\":898,\"caption\":\"Carte du ciel de f\u00e9vrier 2025 : ne manquez pas l'observation d'Orion, majest\u00e9 hivernale\"},{\"@type\":\"BreadcrumbList\",\"@id\":\"https:\/\/www.africa-press.net\/cotedivoire\/politique\/carte-du-ciel-de-fevrier-2025-ne-manquez-pas-lobservation-dorion-majeste-hivernale#breadcrumb\",\"itemListElement\":[{\"@type\":\"ListItem\",\"position\":1,\"name\":\"Accueil\",\"item\":\"https:\/\/www.africa-press.net\/cotedivoire\/\"},{\"@type\":\"ListItem\",\"position\":2,\"name\":\"Carte du ciel de f\u00e9vrier 2025 : ne manquez pas l&rsquo;observation d&rsquo;Orion, majest\u00e9 hivernale\"}]},{\"@type\":\"WebSite\",\"@id\":\"https:\/\/www.africa-press.net\/cotedivoire\/#website\",\"url\":\"https:\/\/www.africa-press.net\/cotedivoire\/\",\"name\":\"C\u00f4te d&#039;Ivoire\",\"description\":\"Just another Africa News Agency Sites site\",\"potentialAction\":[{\"@type\":\"SearchAction\",\"target\":{\"@type\":\"EntryPoint\",\"urlTemplate\":\"https:\/\/www.africa-press.net\/cotedivoire\/?s={search_term_string}\"},\"query-input\":{\"@type\":\"PropertyValueSpecification\",\"valueRequired\":true,\"valueName\":\"search_term_string\"}}],\"inLanguage\":\"fr-FR\"},{\"@type\":\"Person\",\"@id\":\"https:\/\/www.africa-press.net\/cotedivoire\/#\/schema\/person\/2b1cf3cd81a31e3cd26889ca66d677f1\",\"name\":\"cfeditorfr\"}]}<\/script>\n<!-- \/ Yoast SEO Premium plugin. -->","yoast_head_json":{"title":"Carte du ciel de f\u00e9vrier 2025 : ne manquez pas l'observation d'Orion, majest\u00e9 hivernale - C\u00f4te d&#039;Ivoire","robots":{"index":"index","follow":"follow","max-snippet":"max-snippet:-1","max-image-preview":"max-image-preview:large","max-video-preview":"max-video-preview:-1"},"canonical":"https:\/\/www.africa-press.net\/cotedivoire\/politique\/carte-du-ciel-de-fevrier-2025-ne-manquez-pas-lobservation-dorion-majeste-hivernale","og_locale":"fr_FR","og_type":"article","og_title":"Carte du ciel de f\u00e9vrier 2025 : ne manquez pas l'observation d'Orion, majest\u00e9 hivernale","og_description":"Africa-Press &#8211; C\u00f4te d&rsquo;Ivoire. Situe\u0301e au c\u0153ur du ciel d\u2019hiver, Orion est un rectangle au centre duquel tro\u0302nent trois e\u0301toiles brillantes qui forment la ceinture d\u2019Orion. Cette constellation he\u0301berge plusieurs nuages de gaz et de poussie\u0300res, dont la ce\u0301le\u0300bre ne\u0301buleuse d\u2019Orion (M42) et IC 434, ho\u0302te de la non moins ce\u0301le\u0300bre ne\u0301buleuse de la Te\u0302te [&hellip;]","og_url":"https:\/\/www.africa-press.net\/cotedivoire\/politique\/carte-du-ciel-de-fevrier-2025-ne-manquez-pas-lobservation-dorion-majeste-hivernale","og_site_name":"C\u00f4te d&#039;Ivoire","article_published_time":"2025-01-21T17:25:33+00:00","og_image":[{"width":453,"height":290,"url":"https:\/\/static.africa-press.net\/cote\/sites\/43\/2025\/01\/sm_1737472066.08109.jpg","type":"image\/jpeg"}],"author":"cfeditorfr","twitter_card":"summary_large_image","twitter_misc":{"\u00c9crit par":"cfeditorfr","Dur\u00e9e de lecture estim\u00e9e":"2 minutes"},"schema":{"@context":"https:\/\/schema.org","@graph":[{"@type":"Article","@id":"https:\/\/www.africa-press.net\/cotedivoire\/politique\/carte-du-ciel-de-fevrier-2025-ne-manquez-pas-lobservation-dorion-majeste-hivernale#article","isPartOf":{"@id":"https:\/\/www.africa-press.net\/cotedivoire\/politique\/carte-du-ciel-de-fevrier-2025-ne-manquez-pas-lobservation-dorion-majeste-hivernale"},"author":{"name":"cfeditorfr","@id":"https:\/\/www.africa-press.net\/cotedivoire\/#\/schema\/person\/2b1cf3cd81a31e3cd26889ca66d677f1"},"headline":"Carte du ciel de f\u00e9vrier 2025 : ne manquez pas l&rsquo;observation d&rsquo;Orion, majest\u00e9 hivernale","datePublished":"2025-01-21T17:25:33+00:00","mainEntityOfPage":{"@id":"https:\/\/www.africa-press.net\/cotedivoire\/politique\/carte-du-ciel-de-fevrier-2025-ne-manquez-pas-lobservation-dorion-majeste-hivernale"},"wordCount":355,"commentCount":0,"image":{"@id":"https:\/\/www.africa-press.net\/cotedivoire\/politique\/carte-du-ciel-de-fevrier-2025-ne-manquez-pas-lobservation-dorion-majeste-hivernale#primaryimage"},"thumbnailUrl":"https:\/\/static.africa-press.net\/cote\/sites\/43\/2025\/01\/sm_1737472074.574762.jpg","keywords":["C\u00f4te d'Ivoire"],"articleSection":["Divers","Toutes les actualit\u00e9s"],"inLanguage":"fr-FR","potentialAction":[{"@type":"CommentAction","name":"Comment","target":["https:\/\/www.africa-press.net\/cotedivoire\/politique\/carte-du-ciel-de-fevrier-2025-ne-manquez-pas-lobservation-dorion-majeste-hivernale#respond"]}]},{"@type":"WebPage","@id":"https:\/\/www.africa-press.net\/cotedivoire\/politique\/carte-du-ciel-de-fevrier-2025-ne-manquez-pas-lobservation-dorion-majeste-hivernale","url":"https:\/\/www.africa-press.net\/cotedivoire\/politique\/carte-du-ciel-de-fevrier-2025-ne-manquez-pas-lobservation-dorion-majeste-hivernale","name":"Carte du ciel de f\u00e9vrier 2025 : ne manquez pas l'observation d'Orion, majest\u00e9 hivernale - C\u00f4te d&#039;Ivoire","isPartOf":{"@id":"https:\/\/www.africa-press.net\/cotedivoire\/#website"},"primaryImageOfPage":{"@id":"https:\/\/www.africa-press.net\/cotedivoire\/politique\/carte-du-ciel-de-fevrier-2025-ne-manquez-pas-lobservation-dorion-majeste-hivernale#primaryimage"},"image":{"@id":"https:\/\/www.africa-press.net\/cotedivoire\/politique\/carte-du-ciel-de-fevrier-2025-ne-manquez-pas-lobservation-dorion-majeste-hivernale#primaryimage"},"thumbnailUrl":"https:\/\/static.africa-press.net\/cote\/sites\/43\/2025\/01\/sm_1737472074.574762.jpg","datePublished":"2025-01-21T17:25:33+00:00","author":{"@id":"https:\/\/www.africa-press.net\/cotedivoire\/#\/schema\/person\/2b1cf3cd81a31e3cd26889ca66d677f1"},"breadcrumb":{"@id":"https:\/\/www.africa-press.net\/cotedivoire\/politique\/carte-du-ciel-de-fevrier-2025-ne-manquez-pas-lobservation-dorion-majeste-hivernale#breadcrumb"},"inLanguage":"fr-FR","potentialAction":[{"@type":"ReadAction","target":["https:\/\/www.africa-press.net\/cotedivoire\/politique\/carte-du-ciel-de-fevrier-2025-ne-manquez-pas-lobservation-dorion-majeste-hivernale"]}]},{"@type":"ImageObject","inLanguage":"fr-FR","@id":"https:\/\/www.africa-press.net\/cotedivoire\/politique\/carte-du-ciel-de-fevrier-2025-ne-manquez-pas-lobservation-dorion-majeste-hivernale#primaryimage","url":"https:\/\/static.africa-press.net\/cote\/sites\/43\/2025\/01\/sm_1737472074.574762.jpg","contentUrl":"https:\/\/static.africa-press.net\/cote\/sites\/43\/2025\/01\/sm_1737472074.574762.jpg","width":1200,"height":898,"caption":"Carte du ciel de f\u00e9vrier 2025 : ne manquez pas l'observation d'Orion, majest\u00e9 hivernale"},{"@type":"BreadcrumbList","@id":"https:\/\/www.africa-press.net\/cotedivoire\/politique\/carte-du-ciel-de-fevrier-2025-ne-manquez-pas-lobservation-dorion-majeste-hivernale#breadcrumb","itemListElement":[{"@type":"ListItem","position":1,"name":"Accueil","item":"https:\/\/www.africa-press.net\/cotedivoire\/"},{"@type":"ListItem","position":2,"name":"Carte du ciel de f\u00e9vrier 2025 : ne manquez pas l&rsquo;observation d&rsquo;Orion, majest\u00e9 hivernale"}]},{"@type":"WebSite","@id":"https:\/\/www.africa-press.net\/cotedivoire\/#website","url":"https:\/\/www.africa-press.net\/cotedivoire\/","name":"C\u00f4te d&#039;Ivoire","description":"Just another Africa News Agency Sites site","potentialAction":[{"@type":"SearchAction","target":{"@type":"EntryPoint","urlTemplate":"https:\/\/www.africa-press.net\/cotedivoire\/?s={search_term_string}"},"query-input":{"@type":"PropertyValueSpecification","valueRequired":true,"valueName":"search_term_string"}}],"inLanguage":"fr-FR"},{"@type":"Person","@id":"https:\/\/www.africa-press.net\/cotedivoire\/#\/schema\/person\/2b1cf3cd81a31e3cd26889ca66d677f1","name":"cfeditorfr"}]}},"_links":{"self":[{"href":"https:\/\/www.africa-press.net\/cotedivoire\/wp-json\/wp\/v2\/posts\/94032","targetHints":{"allow":["GET"]}}],"collection":[{"href":"https:\/\/www.africa-press.net\/cotedivoire\/wp-json\/wp\/v2\/posts"}],"about":[{"href":"https:\/\/www.africa-press.net\/cotedivoire\/wp-json\/wp\/v2\/types\/post"}],"author":[{"embeddable":true,"href":"https:\/\/www.africa-press.net\/cotedivoire\/wp-json\/wp\/v2\/users\/82"}],"replies":[{"embeddable":true,"href":"https:\/\/www.africa-press.net\/cotedivoire\/wp-json\/wp\/v2\/comments?post=94032"}],"version-history":[{"count":0,"href":"https:\/\/www.africa-press.net\/cotedivoire\/wp-json\/wp\/v2\/posts\/94032\/revisions"}],"wp:featuredmedia":[{"embeddable":true,"href":"https:\/\/www.africa-press.net\/cotedivoire\/wp-json\/wp\/v2\/media\/94031"}],"wp:attachment":[{"href":"https:\/\/www.africa-press.net\/cotedivoire\/wp-json\/wp\/v2\/media?parent=94032"}],"wp:term":[{"taxonomy":"category","embeddable":true,"href":"https:\/\/www.africa-press.net\/cotedivoire\/wp-json\/wp\/v2\/categories?post=94032"},{"taxonomy":"post_tag","embeddable":true,"href":"https:\/\/www.africa-press.net\/cotedivoire\/wp-json\/wp\/v2\/tags?post=94032"}],"curies":[{"name":"wp","href":"https:\/\/api.w.org\/{rel}","templated":true}]}}