{"id":94039,"date":"2025-01-21T17:13:08","date_gmt":"2025-01-21T17:13:08","guid":{"rendered":"https:\/\/www.africa-press.net\/cotedivoire\/politique\/pfas-les-polluants-eternels-dans-leau-potable-sont-ils-responsables-dune-hausse-des-cancers"},"modified":"2025-01-21T17:13:08","modified_gmt":"2025-01-21T17:13:08","slug":"pfas-les-polluants-eternels-dans-leau-potable-sont-ils-responsables-dune-hausse-des-cancers","status":"publish","type":"post","link":"https:\/\/www.africa-press.net\/cotedivoire\/toutes-les-actualites\/pfas-les-polluants-eternels-dans-leau-potable-sont-ils-responsables-dune-hausse-des-cancers","title":{"rendered":"PFAS : les \u00ab\u00a0polluants \u00e9ternels\u00a0\u00bb dans l\u2019eau potable sont-ils responsables d\u2019une hausse des cancers ?"},"content":{"rendered":"<p><span style=\"color: #ff6600\"><strong>Africa-Press &#8211; C\u00f4te d&rsquo;Ivoire. <\/strong><\/span>Chaque anne\u0301e, aux Etats-Unis, un peu plus de 6800 cancers seraient cause\u0301s par la pre\u0301sence de PFAS (lire l&rsquo;encadre\u0301 ci-dessous) dans l\u2019eau potable. C&rsquo;est ce que re\u0301ve\u0300le une e\u0301tude de la Keck School of Medicine de Los Angeles (Etats-Unis), parue dans le Journal of Exposure Science &amp; Environmental Epidemiology. Ainsi, selon ces travaux, les personnes expose\u0301es aux PFAS dans leur eau du robinet ont jusqu\u2019a\u0300 33% de risques supple\u0301mentaires de de\u0301velopper certains types de cancers.<\/p>\n<p>Dans cette e\u0301tude, les scientifiques se sont penche\u0301s sur les re\u0301gions des Etats-Unis ou\u0300 les taux maximaux de PFAS pre\u0301sents dans les syste\u0300mes publics d\u2019eau potable e\u0301taient supe\u0301rieurs aux recommandations de l\u2019Agence Ame\u0301ricaine de Protection de l\u2019Environnement (EPA), de 2013 a\u0300 2015 et de 2023 a\u0300 2024, notamment aux alentours de New York ou de Chicago par exemple. Les chercheurs ont compare\u0301 ces re\u0301sultats avec les donne\u0301es d\u2019incidence du cancer de 2016 a\u0300 2021 du programme ame\u0301ricain Surveillance, Epidemiology, and End Results.<\/p>\n<p><b>Qu\u2019est-ce que les PFAS ?<\/b><\/p>\n<p>Les<b> <\/b>PFAS ou les substances perfluoroalkyle\u0301es et polyfluoroalkyle\u0301es (aussi appele\u0301es \u00ab\u00a0polluants e\u0301ternels\u00a0\u00bb) sont des produits chimiques utilise\u0301s dans de nombreux proce\u0301de\u0301s et produits industriels tels que les poe\u0302les a\u0300 frire, les re\u0301cipients alimentaires ou encore l&rsquo;eau du robinet. Ils sont tre\u0300s re\u0301sistants a\u0300 la de\u0301gradation et peuvent donc persister jusqu&rsquo;a\u0300 plusieurs sie\u0300cles dans l&rsquo;environnement.<\/p>\n<p><b>Jusqu\u2019a\u0300 33% de risques en plus de de\u0301velopper un cancer<\/b><\/p>\n<p>Ainsi, en contro\u0302lant les facteurs exte\u0301rieurs tels que l\u2019a\u0302ge, le sexe, le tabagisme, l\u2019obe\u0301site\u0301 ou encore la pre\u0301sence d\u2019autres polluants, ils se sont aperc\u0327us que, dans les re\u0301gions ou\u0300 les taux de PFAS dans l\u2019eau potable de\u0301passaient les recommandations de 0,004 microgramme par litre (\u03bcg\/L), selon le polluant, les habitants pre\u0301sentaient de 2 a\u0300 33% de risques supple\u0301mentaires de de\u0301velopper certains types de cancers, par rapport au reste de la population.<\/p>\n<p>En effet, les cancers de la cavite\u0301 buccale, du pharynx, des poumons, du syste\u0300me digestif, du cerveau ou encore du syste\u0300me urinaire et de la thyroi\u0308de sont associe\u0301s ici a\u0300 la pre\u0301sence de PFAS<b> <\/b>en grande quantite\u0301, pouvant aller de 0.002 a\u0300 0.020 microgramme par litre (\u03bcg\/L) de PFAS dans le syste\u0300me public d\u2019eau potable.<\/p>\n<p><img loading=\"lazy\" decoding=\"async\" width=\"453\" height=\"448\" class=\"alignnone wp-image-94037 size-full\" src=\"https:\/\/static.africa-press.net\/cote\/sites\/43\/2025\/01\/sm_1737472471.776994.jpg\" srcset=\"https:\/\/static.africa-press.net\/cote\/sites\/43\/2025\/01\/sm_1737472471.776994.jpg 453w, https:\/\/static.africa-press.net\/cote\/sites\/43\/2025\/01\/sm_1737472471.776994-300x297.jpg 300w\" sizes=\"auto, (max-width: 453px) 100vw, 453px\" \/><\/p>\n<p>De plus, selon une e\u0301tude de l&rsquo;Institut d&rsquo;e\u0301tudes ge\u0301ologiques des Etats-Unis parue en 2023, environ 45% des eaux potables des Etats-Unis contiennent au moins un \u00ab\u00a0polluant e\u0301ternel\u00a0\u00bb. C\u2019est-a\u0300-dire que pre\u0300s de la moitie\u0301 des Ame\u0301ricains seraient contamine\u0301s aux PFAS via leur eau du robinet. En plus des autres expositions a\u0300 ces polluants, sur des emballages alimentaires, des ustensiles antiadhe\u0301sifs ou encore via certains produits cosme\u0301tiques, les PFAS sont pre\u0301sents presque partout dans le pays. Augmentant conside\u0301rablement les risques pour la sante\u0301, notamment de de\u0301velopper des cancers.<\/p>\n<p><b>Il est ne\u0301cessaire d\u2019augmenter la surveillance des PFAS<\/b><\/p>\n<p>Cette e\u0301tude apporte une nouvelle preuve dans la bataille mene\u0301e contre l\u2019utilisation des PFAS et la ne\u0301cessite\u0301 d\u2019augmenter la surveillance de ces produits, aussi ne\u0301fastes pour l&rsquo;environnement que pour l\u2019humain. Ainsi, de\u0300s 2029, l\u2019EPA devrait contro\u0302ler, aux Etats-Unis, les niveaux de six diffe\u0301rents PFAS dans l\u2019eau potable afin d\u2019e\u0301viter que la population n\u2019y soit trop contamine\u0301e.<\/p>\n<p><b>Que dit la loi en France ?<\/b><\/p>\n<p>En France, afin de respecter les limites europe\u0301ennes fixe\u0301es pour 2026, la pre\u0301sence de 20 PFAS dans l&rsquo;eau destine\u0301e a\u0300 la consommation humaine est re\u0301glemente\u0301e depuis janvier 2023 et limite\u0301e a\u0300 0,1 microgramme par litre (\u03bcg\/L) pour l&rsquo;eau du robinet et a\u0300 0,2 microgramme par litre (\u03bcg\/L) pour l&rsquo;eau avant traitement selon le ministe\u0300re de la Sante\u0301.<\/p>\n<p>D&rsquo;apre\u0300s le chercheur Shiwen Li, auteur de l&rsquo;e\u0301tude, \u00ab\u00a0ces re\u0301sultats nous permettent de tirer une premie\u0300re conclusion sur le lien entre certains cancers rares et les PFAS\u00a0\u00bb, incitant ainsi a\u0300 \u00ab\u00a0rechercher chacun de ces liens d&rsquo;une manie\u0300re plus individualise\u0301e et plus pre\u0301cise\u00a0\u00bb, afin de comprendre comment les \u201cpolluants e\u0301ternels\u201d impactent l\u2019organisme et entrai\u0302nent le de\u0301veloppement d\u2019un cancer. En effet, \u00ab\u00a0certains PFAS, ayant e\u0301te\u0301 moins e\u0301tudie\u0301s, doivent e\u0302tre davantage surveille\u0301s et d&rsquo;autres, qui ne sont peut-e\u0302tre pas encore strictement re\u0301glemente\u0301s, doivent l&rsquo;e\u0302tre\u00a0\u00bb, d&rsquo;apre\u0300s le chercheur.<\/p>\n<p><strong>Pour plus d&rsquo;informations et d&rsquo;analyses sur la <span style=\"color: #ff6600\">C\u00f4te d&rsquo;Ivoire<\/span>, suivez <span style=\"color: #ff6600\">Africa-Press<span style=\"color: #ff6600\"><\/span><\/strong><\/p>\n","protected":false},"excerpt":{"rendered":"<p>Africa-Press &#8211; C\u00f4te d&rsquo;Ivoire. Chaque anne\u0301e, aux Etats-Unis, un peu plus de 6800 cancers seraient cause\u0301s par la pre\u0301sence de PFAS (lire l&rsquo;encadre\u0301 ci-dessous) dans l\u2019eau potable. C&rsquo;est ce que re\u0301ve\u0300le une e\u0301tude de la Keck School of Medicine de Los Angeles (Etats-Unis), parue dans le Journal of Exposure Science &amp; Environmental Epidemiology. Ainsi, selon [&hellip;]<\/p>\n","protected":false},"author":82,"featured_media":94038,"comment_status":"open","ping_status":"closed","sticky":false,"template":"","format":"standard","meta":{"footnotes":""},"categories":[22,10],"tags":[37],"class_list":["post-94039","post","type-post","status-publish","format-standard","has-post-thumbnail","hentry","category-divers","category-toutes-les-actualites","tag-cote-divoire-2"],"yoast_head":"<!-- This site is optimized with the Yoast SEO Premium plugin v26.1 (Yoast SEO v27.0) - https:\/\/yoast.com\/product\/yoast-seo-premium-wordpress\/ -->\n<title>PFAS : les &quot;polluants \u00e9ternels&quot; dans l\u2019eau potable sont-ils responsables d\u2019une hausse des cancers ? - C\u00f4te d&#039;Ivoire<\/title>\n<meta name=\"robots\" content=\"index, follow, max-snippet:-1, max-image-preview:large, max-video-preview:-1\" \/>\n<link rel=\"canonical\" href=\"https:\/\/www.africa-press.net\/cotedivoire\/politique\/pfas-les-polluants-eternels-dans-leau-potable-sont-ils-responsables-dune-hausse-des-cancers\" \/>\n<meta property=\"og:locale\" content=\"fr_FR\" \/>\n<meta property=\"og:type\" content=\"article\" \/>\n<meta property=\"og:title\" content=\"PFAS : les &quot;polluants \u00e9ternels&quot; dans l\u2019eau potable sont-ils responsables d\u2019une hausse des cancers ?\" \/>\n<meta property=\"og:description\" content=\"Africa-Press &#8211; C\u00f4te d&rsquo;Ivoire. Chaque anne\u0301e, aux Etats-Unis, un peu plus de 6800 cancers seraient cause\u0301s par la pre\u0301sence de PFAS (lire l&rsquo;encadre\u0301 ci-dessous) dans l\u2019eau potable. C&rsquo;est ce que re\u0301ve\u0300le une e\u0301tude de la Keck School of Medicine de Los Angeles (Etats-Unis), parue dans le Journal of Exposure Science &amp; Environmental Epidemiology. Ainsi, selon [&hellip;]\" \/>\n<meta property=\"og:url\" content=\"https:\/\/www.africa-press.net\/cotedivoire\/politique\/pfas-les-polluants-eternels-dans-leau-potable-sont-ils-responsables-dune-hausse-des-cancers\" \/>\n<meta property=\"og:site_name\" content=\"C\u00f4te d&#039;Ivoire\" \/>\n<meta property=\"article:published_time\" content=\"2025-01-21T17:13:08+00:00\" \/>\n<meta property=\"og:image\" content=\"https:\/\/static.africa-press.net\/cote\/sites\/43\/2025\/01\/sm_1737472471.776994.jpg\" \/>\n\t<meta property=\"og:image:width\" content=\"453\" \/>\n\t<meta property=\"og:image:height\" content=\"448\" \/>\n\t<meta property=\"og:image:type\" content=\"image\/jpeg\" \/>\n<meta name=\"author\" content=\"cfeditorfr\" \/>\n<meta name=\"twitter:card\" content=\"summary_large_image\" \/>\n<meta name=\"twitter:label1\" content=\"\u00c9crit par\" \/>\n\t<meta name=\"twitter:data1\" content=\"cfeditorfr\" \/>\n\t<meta name=\"twitter:label2\" content=\"Dur\u00e9e de lecture estim\u00e9e\" \/>\n\t<meta name=\"twitter:data2\" content=\"4 minutes\" \/>\n<script type=\"application\/ld+json\" class=\"yoast-schema-graph\">{\"@context\":\"https:\/\/schema.org\",\"@graph\":[{\"@type\":\"Article\",\"@id\":\"https:\/\/www.africa-press.net\/cotedivoire\/politique\/pfas-les-polluants-eternels-dans-leau-potable-sont-ils-responsables-dune-hausse-des-cancers#article\",\"isPartOf\":{\"@id\":\"https:\/\/www.africa-press.net\/cotedivoire\/politique\/pfas-les-polluants-eternels-dans-leau-potable-sont-ils-responsables-dune-hausse-des-cancers\"},\"author\":{\"name\":\"cfeditorfr\",\"@id\":\"https:\/\/www.africa-press.net\/cotedivoire\/#\/schema\/person\/2b1cf3cd81a31e3cd26889ca66d677f1\"},\"headline\":\"PFAS : les \u00ab\u00a0polluants \u00e9ternels\u00a0\u00bb dans l\u2019eau potable sont-ils responsables d\u2019une hausse des cancers ?\",\"datePublished\":\"2025-01-21T17:13:08+00:00\",\"mainEntityOfPage\":{\"@id\":\"https:\/\/www.africa-press.net\/cotedivoire\/politique\/pfas-les-polluants-eternels-dans-leau-potable-sont-ils-responsables-dune-hausse-des-cancers\"},\"wordCount\":809,\"commentCount\":0,\"image\":{\"@id\":\"https:\/\/www.africa-press.net\/cotedivoire\/politique\/pfas-les-polluants-eternels-dans-leau-potable-sont-ils-responsables-dune-hausse-des-cancers#primaryimage\"},\"thumbnailUrl\":\"https:\/\/static.africa-press.net\/cote\/sites\/43\/2025\/01\/sm_1737472476.22816.jpg\",\"keywords\":[\"C\u00f4te d'Ivoire\"],\"articleSection\":[\"Divers\",\"Toutes les actualit\u00e9s\"],\"inLanguage\":\"fr-FR\",\"potentialAction\":[{\"@type\":\"CommentAction\",\"name\":\"Comment\",\"target\":[\"https:\/\/www.africa-press.net\/cotedivoire\/politique\/pfas-les-polluants-eternels-dans-leau-potable-sont-ils-responsables-dune-hausse-des-cancers#respond\"]}]},{\"@type\":\"WebPage\",\"@id\":\"https:\/\/www.africa-press.net\/cotedivoire\/politique\/pfas-les-polluants-eternels-dans-leau-potable-sont-ils-responsables-dune-hausse-des-cancers\",\"url\":\"https:\/\/www.africa-press.net\/cotedivoire\/politique\/pfas-les-polluants-eternels-dans-leau-potable-sont-ils-responsables-dune-hausse-des-cancers\",\"name\":\"PFAS : les \\\"polluants \u00e9ternels\\\" dans l\u2019eau potable sont-ils responsables d\u2019une hausse des cancers ? - C\u00f4te d&#039;Ivoire\",\"isPartOf\":{\"@id\":\"https:\/\/www.africa-press.net\/cotedivoire\/#website\"},\"primaryImageOfPage\":{\"@id\":\"https:\/\/www.africa-press.net\/cotedivoire\/politique\/pfas-les-polluants-eternels-dans-leau-potable-sont-ils-responsables-dune-hausse-des-cancers#primaryimage\"},\"image\":{\"@id\":\"https:\/\/www.africa-press.net\/cotedivoire\/politique\/pfas-les-polluants-eternels-dans-leau-potable-sont-ils-responsables-dune-hausse-des-cancers#primaryimage\"},\"thumbnailUrl\":\"https:\/\/static.africa-press.net\/cote\/sites\/43\/2025\/01\/sm_1737472476.22816.jpg\",\"datePublished\":\"2025-01-21T17:13:08+00:00\",\"author\":{\"@id\":\"https:\/\/www.africa-press.net\/cotedivoire\/#\/schema\/person\/2b1cf3cd81a31e3cd26889ca66d677f1\"},\"breadcrumb\":{\"@id\":\"https:\/\/www.africa-press.net\/cotedivoire\/politique\/pfas-les-polluants-eternels-dans-leau-potable-sont-ils-responsables-dune-hausse-des-cancers#breadcrumb\"},\"inLanguage\":\"fr-FR\",\"potentialAction\":[{\"@type\":\"ReadAction\",\"target\":[\"https:\/\/www.africa-press.net\/cotedivoire\/politique\/pfas-les-polluants-eternels-dans-leau-potable-sont-ils-responsables-dune-hausse-des-cancers\"]}]},{\"@type\":\"ImageObject\",\"inLanguage\":\"fr-FR\",\"@id\":\"https:\/\/www.africa-press.net\/cotedivoire\/politique\/pfas-les-polluants-eternels-dans-leau-potable-sont-ils-responsables-dune-hausse-des-cancers#primaryimage\",\"url\":\"https:\/\/static.africa-press.net\/cote\/sites\/43\/2025\/01\/sm_1737472476.22816.jpg\",\"contentUrl\":\"https:\/\/static.africa-press.net\/cote\/sites\/43\/2025\/01\/sm_1737472476.22816.jpg\",\"width\":1200,\"height\":899,\"caption\":\"PFAS : les \\\"polluants \u00e9ternels\\\" dans l\u2019eau potable sont-ils responsables d\u2019une hausse des cancers ?\"},{\"@type\":\"BreadcrumbList\",\"@id\":\"https:\/\/www.africa-press.net\/cotedivoire\/politique\/pfas-les-polluants-eternels-dans-leau-potable-sont-ils-responsables-dune-hausse-des-cancers#breadcrumb\",\"itemListElement\":[{\"@type\":\"ListItem\",\"position\":1,\"name\":\"Accueil\",\"item\":\"https:\/\/www.africa-press.net\/cotedivoire\/\"},{\"@type\":\"ListItem\",\"position\":2,\"name\":\"PFAS : les \u00ab\u00a0polluants \u00e9ternels\u00a0\u00bb dans l\u2019eau potable sont-ils responsables d\u2019une hausse des cancers ?\"}]},{\"@type\":\"WebSite\",\"@id\":\"https:\/\/www.africa-press.net\/cotedivoire\/#website\",\"url\":\"https:\/\/www.africa-press.net\/cotedivoire\/\",\"name\":\"C\u00f4te d&#039;Ivoire\",\"description\":\"Just another Africa News Agency Sites site\",\"potentialAction\":[{\"@type\":\"SearchAction\",\"target\":{\"@type\":\"EntryPoint\",\"urlTemplate\":\"https:\/\/www.africa-press.net\/cotedivoire\/?s={search_term_string}\"},\"query-input\":{\"@type\":\"PropertyValueSpecification\",\"valueRequired\":true,\"valueName\":\"search_term_string\"}}],\"inLanguage\":\"fr-FR\"},{\"@type\":\"Person\",\"@id\":\"https:\/\/www.africa-press.net\/cotedivoire\/#\/schema\/person\/2b1cf3cd81a31e3cd26889ca66d677f1\",\"name\":\"cfeditorfr\"}]}<\/script>\n<!-- \/ Yoast SEO Premium plugin. -->","yoast_head_json":{"title":"PFAS : les \"polluants \u00e9ternels\" dans l\u2019eau potable sont-ils responsables d\u2019une hausse des cancers ? - C\u00f4te d&#039;Ivoire","robots":{"index":"index","follow":"follow","max-snippet":"max-snippet:-1","max-image-preview":"max-image-preview:large","max-video-preview":"max-video-preview:-1"},"canonical":"https:\/\/www.africa-press.net\/cotedivoire\/politique\/pfas-les-polluants-eternels-dans-leau-potable-sont-ils-responsables-dune-hausse-des-cancers","og_locale":"fr_FR","og_type":"article","og_title":"PFAS : les \"polluants \u00e9ternels\" dans l\u2019eau potable sont-ils responsables d\u2019une hausse des cancers ?","og_description":"Africa-Press &#8211; C\u00f4te d&rsquo;Ivoire. Chaque anne\u0301e, aux Etats-Unis, un peu plus de 6800 cancers seraient cause\u0301s par la pre\u0301sence de PFAS (lire l&rsquo;encadre\u0301 ci-dessous) dans l\u2019eau potable. C&rsquo;est ce que re\u0301ve\u0300le une e\u0301tude de la Keck School of Medicine de Los Angeles (Etats-Unis), parue dans le Journal of Exposure Science &amp; Environmental Epidemiology. Ainsi, selon [&hellip;]","og_url":"https:\/\/www.africa-press.net\/cotedivoire\/politique\/pfas-les-polluants-eternels-dans-leau-potable-sont-ils-responsables-dune-hausse-des-cancers","og_site_name":"C\u00f4te d&#039;Ivoire","article_published_time":"2025-01-21T17:13:08+00:00","og_image":[{"width":453,"height":448,"url":"https:\/\/static.africa-press.net\/cote\/sites\/43\/2025\/01\/sm_1737472471.776994.jpg","type":"image\/jpeg"}],"author":"cfeditorfr","twitter_card":"summary_large_image","twitter_misc":{"\u00c9crit par":"cfeditorfr","Dur\u00e9e de lecture estim\u00e9e":"4 minutes"},"schema":{"@context":"https:\/\/schema.org","@graph":[{"@type":"Article","@id":"https:\/\/www.africa-press.net\/cotedivoire\/politique\/pfas-les-polluants-eternels-dans-leau-potable-sont-ils-responsables-dune-hausse-des-cancers#article","isPartOf":{"@id":"https:\/\/www.africa-press.net\/cotedivoire\/politique\/pfas-les-polluants-eternels-dans-leau-potable-sont-ils-responsables-dune-hausse-des-cancers"},"author":{"name":"cfeditorfr","@id":"https:\/\/www.africa-press.net\/cotedivoire\/#\/schema\/person\/2b1cf3cd81a31e3cd26889ca66d677f1"},"headline":"PFAS : les \u00ab\u00a0polluants \u00e9ternels\u00a0\u00bb dans l\u2019eau potable sont-ils responsables d\u2019une hausse des cancers ?","datePublished":"2025-01-21T17:13:08+00:00","mainEntityOfPage":{"@id":"https:\/\/www.africa-press.net\/cotedivoire\/politique\/pfas-les-polluants-eternels-dans-leau-potable-sont-ils-responsables-dune-hausse-des-cancers"},"wordCount":809,"commentCount":0,"image":{"@id":"https:\/\/www.africa-press.net\/cotedivoire\/politique\/pfas-les-polluants-eternels-dans-leau-potable-sont-ils-responsables-dune-hausse-des-cancers#primaryimage"},"thumbnailUrl":"https:\/\/static.africa-press.net\/cote\/sites\/43\/2025\/01\/sm_1737472476.22816.jpg","keywords":["C\u00f4te d'Ivoire"],"articleSection":["Divers","Toutes les actualit\u00e9s"],"inLanguage":"fr-FR","potentialAction":[{"@type":"CommentAction","name":"Comment","target":["https:\/\/www.africa-press.net\/cotedivoire\/politique\/pfas-les-polluants-eternels-dans-leau-potable-sont-ils-responsables-dune-hausse-des-cancers#respond"]}]},{"@type":"WebPage","@id":"https:\/\/www.africa-press.net\/cotedivoire\/politique\/pfas-les-polluants-eternels-dans-leau-potable-sont-ils-responsables-dune-hausse-des-cancers","url":"https:\/\/www.africa-press.net\/cotedivoire\/politique\/pfas-les-polluants-eternels-dans-leau-potable-sont-ils-responsables-dune-hausse-des-cancers","name":"PFAS : les \"polluants \u00e9ternels\" dans l\u2019eau potable sont-ils responsables d\u2019une hausse des cancers ? - C\u00f4te d&#039;Ivoire","isPartOf":{"@id":"https:\/\/www.africa-press.net\/cotedivoire\/#website"},"primaryImageOfPage":{"@id":"https:\/\/www.africa-press.net\/cotedivoire\/politique\/pfas-les-polluants-eternels-dans-leau-potable-sont-ils-responsables-dune-hausse-des-cancers#primaryimage"},"image":{"@id":"https:\/\/www.africa-press.net\/cotedivoire\/politique\/pfas-les-polluants-eternels-dans-leau-potable-sont-ils-responsables-dune-hausse-des-cancers#primaryimage"},"thumbnailUrl":"https:\/\/static.africa-press.net\/cote\/sites\/43\/2025\/01\/sm_1737472476.22816.jpg","datePublished":"2025-01-21T17:13:08+00:00","author":{"@id":"https:\/\/www.africa-press.net\/cotedivoire\/#\/schema\/person\/2b1cf3cd81a31e3cd26889ca66d677f1"},"breadcrumb":{"@id":"https:\/\/www.africa-press.net\/cotedivoire\/politique\/pfas-les-polluants-eternels-dans-leau-potable-sont-ils-responsables-dune-hausse-des-cancers#breadcrumb"},"inLanguage":"fr-FR","potentialAction":[{"@type":"ReadAction","target":["https:\/\/www.africa-press.net\/cotedivoire\/politique\/pfas-les-polluants-eternels-dans-leau-potable-sont-ils-responsables-dune-hausse-des-cancers"]}]},{"@type":"ImageObject","inLanguage":"fr-FR","@id":"https:\/\/www.africa-press.net\/cotedivoire\/politique\/pfas-les-polluants-eternels-dans-leau-potable-sont-ils-responsables-dune-hausse-des-cancers#primaryimage","url":"https:\/\/static.africa-press.net\/cote\/sites\/43\/2025\/01\/sm_1737472476.22816.jpg","contentUrl":"https:\/\/static.africa-press.net\/cote\/sites\/43\/2025\/01\/sm_1737472476.22816.jpg","width":1200,"height":899,"caption":"PFAS : les \"polluants \u00e9ternels\" dans l\u2019eau potable sont-ils responsables d\u2019une hausse des cancers ?"},{"@type":"BreadcrumbList","@id":"https:\/\/www.africa-press.net\/cotedivoire\/politique\/pfas-les-polluants-eternels-dans-leau-potable-sont-ils-responsables-dune-hausse-des-cancers#breadcrumb","itemListElement":[{"@type":"ListItem","position":1,"name":"Accueil","item":"https:\/\/www.africa-press.net\/cotedivoire\/"},{"@type":"ListItem","position":2,"name":"PFAS : les \u00ab\u00a0polluants \u00e9ternels\u00a0\u00bb dans l\u2019eau potable sont-ils responsables d\u2019une hausse des cancers ?"}]},{"@type":"WebSite","@id":"https:\/\/www.africa-press.net\/cotedivoire\/#website","url":"https:\/\/www.africa-press.net\/cotedivoire\/","name":"C\u00f4te d&#039;Ivoire","description":"Just another Africa News Agency Sites site","potentialAction":[{"@type":"SearchAction","target":{"@type":"EntryPoint","urlTemplate":"https:\/\/www.africa-press.net\/cotedivoire\/?s={search_term_string}"},"query-input":{"@type":"PropertyValueSpecification","valueRequired":true,"valueName":"search_term_string"}}],"inLanguage":"fr-FR"},{"@type":"Person","@id":"https:\/\/www.africa-press.net\/cotedivoire\/#\/schema\/person\/2b1cf3cd81a31e3cd26889ca66d677f1","name":"cfeditorfr"}]}},"_links":{"self":[{"href":"https:\/\/www.africa-press.net\/cotedivoire\/wp-json\/wp\/v2\/posts\/94039","targetHints":{"allow":["GET"]}}],"collection":[{"href":"https:\/\/www.africa-press.net\/cotedivoire\/wp-json\/wp\/v2\/posts"}],"about":[{"href":"https:\/\/www.africa-press.net\/cotedivoire\/wp-json\/wp\/v2\/types\/post"}],"author":[{"embeddable":true,"href":"https:\/\/www.africa-press.net\/cotedivoire\/wp-json\/wp\/v2\/users\/82"}],"replies":[{"embeddable":true,"href":"https:\/\/www.africa-press.net\/cotedivoire\/wp-json\/wp\/v2\/comments?post=94039"}],"version-history":[{"count":0,"href":"https:\/\/www.africa-press.net\/cotedivoire\/wp-json\/wp\/v2\/posts\/94039\/revisions"}],"wp:featuredmedia":[{"embeddable":true,"href":"https:\/\/www.africa-press.net\/cotedivoire\/wp-json\/wp\/v2\/media\/94038"}],"wp:attachment":[{"href":"https:\/\/www.africa-press.net\/cotedivoire\/wp-json\/wp\/v2\/media?parent=94039"}],"wp:term":[{"taxonomy":"category","embeddable":true,"href":"https:\/\/www.africa-press.net\/cotedivoire\/wp-json\/wp\/v2\/categories?post=94039"},{"taxonomy":"post_tag","embeddable":true,"href":"https:\/\/www.africa-press.net\/cotedivoire\/wp-json\/wp\/v2\/tags?post=94039"}],"curies":[{"name":"wp","href":"https:\/\/api.w.org\/{rel}","templated":true}]}}