{"id":9404,"date":"2021-06-24T18:21:17","date_gmt":"2021-06-24T18:21:17","guid":{"rendered":"https:\/\/www.africa-press.net\/cotedivoire\/?p=9404"},"modified":"2021-06-25T08:44:35","modified_gmt":"2021-06-25T08:44:35","slug":"la-fin-dexil-pour-bendjo-le-3-juillet-prochain-apres-3-annees-loin-de-la-cote-divoire","status":"publish","type":"post","link":"https:\/\/www.africa-press.net\/cotedivoire\/politique\/la-fin-dexil-pour-bendjo-le-3-juillet-prochain-apres-3-annees-loin-de-la-cote-divoire","title":{"rendered":"La fin d\u2019exil pour Bendjo le 3 juillet prochain apr\u00e8s 3 ann\u00e9es loin de la C\u00f4te-d\u2019Ivoire ?"},"content":{"rendered":"<p><span style=\"color: #ff6600\"><strong><a href=\"https:\/\/www.africa-press.net\/\">Africa-Press<\/a> &#8211; <a href=\"https:\/\/www.africa-press.net\/cotedivoire\">C\u00f4te d&rsquo;Ivoire<\/a>. <\/strong><\/span>L\u2019ancien maire du Plateau, cadre du Parti d\u00e9mocratique de C\u00f4te d\u2019Ivoire (Pdci) sera de retour tr\u00e8s prochainement au Pays.<\/p>\n<p>En tout cas, en mai dernier, Maurice Kakou Guikahu\u00e9, secr\u00e9taire ex\u00e9cutif du Pdci, avait r\u00e9v\u00e9l\u00e9 que les plus hautes autorit\u00e9s ivoiriennes avaient donn\u00e9 leur aval pour le retour de d\u2019Akossi Bendjo dans son Pays.<\/p>\n<p>\u00ab Nous voudrions saluer \u00e0 juste titre la d\u00e9cision du chef de l\u2019Etat et du gouvernement autorisant notre fr\u00e8re No\u00ebl Akossi Bendjo en exil \u00e0 regagner son pays, notre belle C\u00f4te d\u2019Ivoire \u00bb, avait l\u00e2ch\u00e9 Guikahu\u00e9 le jeudi 20 mai 2021 lors d\u2019une r\u00e9union ouverte \u00e0 la presse au si\u00e8ge du plus vieux Parti ivoirien.<\/p>\n<p>KOACI apprend de sources proches du Pdci que celui qui fut maire de la commune du Plateau pendant 17 ans sera de retour dans son Pays, sauf un changement de derni\u00e8re minute leBendjo 3 juillet prochain.<\/p>\n<p>En exil depuis le mois d\u2019ao\u00fbt 2018, l\u2019ancien maire du Plateau, r\u00e9voqu\u00e9 de son poste pour soup\u00e7on de \u00ab d\u00e9tournement de fonds publics, faux et usage de faux \u00bb a \u00e9t\u00e9 condamn\u00e9 \u00e0 20 ann\u00e9es de prison ferme assortie d\u2019une amende de 10 milliards de FCFA<\/p>\n<p>Si le retour de ce baron du Pdci est une bonne nouvelle pour le plus vieux Parti, No\u00ebl Akossi Bendjo ne souhaite pas un accueil triomphal, pr\u00e9cisent les sources proches du Parti de B\u00e9di\u00e9.<\/p>\n<p>L\u2019homme souhaite un accueil discret de la part de ses proches \u00e0 l\u2019a\u00e9roport F\u00e9lix Houphou\u00ebt-Boigny d\u2019Abidjan.<\/p>\n<p>&nbsp;<\/p>\n","protected":false},"excerpt":{"rendered":"<p>Africa-Press &#8211; C\u00f4te d&rsquo;Ivoire. L\u2019ancien maire du Plateau, cadre du Parti d\u00e9mocratique de C\u00f4te d\u2019Ivoire (Pdci) sera de retour tr\u00e8s prochainement au Pays. En tout cas, en mai dernier, Maurice Kakou Guikahu\u00e9, secr\u00e9taire ex\u00e9cutif du Pdci, avait r\u00e9v\u00e9l\u00e9 que les plus hautes autorit\u00e9s ivoiriennes avaient donn\u00e9 leur aval pour le retour de d\u2019Akossi Bendjo dans [&hellip;]<\/p>\n","protected":false},"author":82,"featured_media":9403,"comment_status":"open","ping_status":"closed","sticky":false,"template":"","format":"standard","meta":{"footnotes":""},"categories":[11,2,20,10],"tags":[56,63,29],"class_list":["post-9404","post","type-post","status-publish","format-standard","has-post-thumbnail","hentry","category-homepage-french","category-politique","category-top-nouvelles","category-toutes-les-actualites","tag-africa-press","tag-africa-press-cote-divoire","tag-cote-divoire"],"yoast_head":"<!-- This site is optimized with the Yoast SEO Premium plugin v26.1 (Yoast SEO v27.0) - https:\/\/yoast.com\/product\/yoast-seo-premium-wordpress\/ -->\n<title>La fin d\u2019exil pour Bendjo le 3 juillet prochain apr\u00e8s 3 ann\u00e9es loin de la C\u00f4te-d\u2019Ivoire ? - C\u00f4te d&#039;Ivoire<\/title>\n<meta name=\"description\" content=\"L\u2019ancien maire du Plateau, cadre du Parti d\u00e9mocratique de C\u00f4te d\u2019Ivoire (Pdci) sera de retour tr\u00e8s prochainement au Pays ...\" \/>\n<meta name=\"robots\" content=\"index, follow, max-snippet:-1, max-image-preview:large, max-video-preview:-1\" \/>\n<link rel=\"canonical\" href=\"https:\/\/www.africa-press.net\/cotedivoire\/politique\/la-fin-dexil-pour-bendjo-le-3-juillet-prochain-apres-3-annees-loin-de-la-cote-divoire\" \/>\n<meta property=\"og:locale\" content=\"fr_FR\" \/>\n<meta property=\"og:type\" content=\"article\" \/>\n<meta property=\"og:title\" content=\"La fin d\u2019exil pour Bendjo le 3 juillet prochain apr\u00e8s 3 ann\u00e9es loin de la C\u00f4te-d\u2019Ivoire ?\" \/>\n<meta property=\"og:description\" content=\"L\u2019ancien maire du Plateau, cadre du Parti d\u00e9mocratique de C\u00f4te d\u2019Ivoire (Pdci) sera de retour tr\u00e8s prochainement au Pays ...\" \/>\n<meta property=\"og:url\" content=\"https:\/\/www.africa-press.net\/cotedivoire\/politique\/la-fin-dexil-pour-bendjo-le-3-juillet-prochain-apres-3-annees-loin-de-la-cote-divoire\" \/>\n<meta property=\"og:site_name\" content=\"C\u00f4te d&#039;Ivoire\" \/>\n<meta property=\"article:published_time\" content=\"2021-06-24T18:21:17+00:00\" \/>\n<meta property=\"article:modified_time\" content=\"2021-06-25T08:44:35+00:00\" \/>\n<meta property=\"og:image\" content=\"https:\/\/static.africa-press.net\/cote\/sites\/43\/2021\/06\/img-60d4c156616ee.jpg\" \/>\n\t<meta property=\"og:image:width\" content=\"1000\" \/>\n\t<meta property=\"og:image:height\" content=\"483\" \/>\n\t<meta property=\"og:image:type\" content=\"image\/jpeg\" \/>\n<meta name=\"author\" content=\"cfeditorfr\" \/>\n<meta name=\"twitter:card\" content=\"summary_large_image\" \/>\n<meta name=\"twitter:label1\" content=\"\u00c9crit par\" \/>\n\t<meta name=\"twitter:data1\" content=\"cfeditorfr\" \/>\n\t<meta name=\"twitter:label2\" content=\"Dur\u00e9e de lecture estim\u00e9e\" \/>\n\t<meta name=\"twitter:data2\" content=\"1 minute\" \/>\n<script type=\"application\/ld+json\" class=\"yoast-schema-graph\">{\"@context\":\"https:\/\/schema.org\",\"@graph\":[{\"@type\":\"Article\",\"@id\":\"https:\/\/www.africa-press.net\/cotedivoire\/politique\/la-fin-dexil-pour-bendjo-le-3-juillet-prochain-apres-3-annees-loin-de-la-cote-divoire#article\",\"isPartOf\":{\"@id\":\"https:\/\/www.africa-press.net\/cotedivoire\/politique\/la-fin-dexil-pour-bendjo-le-3-juillet-prochain-apres-3-annees-loin-de-la-cote-divoire\"},\"author\":{\"name\":\"cfeditorfr\",\"@id\":\"https:\/\/www.africa-press.net\/cotedivoire\/#\/schema\/person\/2b1cf3cd81a31e3cd26889ca66d677f1\"},\"headline\":\"La fin d\u2019exil pour Bendjo le 3 juillet prochain apr\u00e8s 3 ann\u00e9es loin de la C\u00f4te-d\u2019Ivoire ?\",\"datePublished\":\"2021-06-24T18:21:17+00:00\",\"dateModified\":\"2021-06-25T08:44:35+00:00\",\"mainEntityOfPage\":{\"@id\":\"https:\/\/www.africa-press.net\/cotedivoire\/politique\/la-fin-dexil-pour-bendjo-le-3-juillet-prochain-apres-3-annees-loin-de-la-cote-divoire\"},\"wordCount\":289,\"commentCount\":0,\"image\":{\"@id\":\"https:\/\/www.africa-press.net\/cotedivoire\/politique\/la-fin-dexil-pour-bendjo-le-3-juillet-prochain-apres-3-annees-loin-de-la-cote-divoire#primaryimage\"},\"thumbnailUrl\":\"https:\/\/static.africa-press.net\/cote\/sites\/43\/2021\/06\/img-60d4c156616ee.jpg\",\"keywords\":[\"Africa Press\",\"Africa Press-C\u00f4te d'Ivoire\",\"C\u00d4TE D'IVOIRE\"],\"articleSection\":[\"homepage-french\",\"Politique\",\"Top Nouvelles\",\"Toutes les actualit\u00e9s\"],\"inLanguage\":\"fr-FR\",\"potentialAction\":[{\"@type\":\"CommentAction\",\"name\":\"Comment\",\"target\":[\"https:\/\/www.africa-press.net\/cotedivoire\/politique\/la-fin-dexil-pour-bendjo-le-3-juillet-prochain-apres-3-annees-loin-de-la-cote-divoire#respond\"]}]},{\"@type\":\"WebPage\",\"@id\":\"https:\/\/www.africa-press.net\/cotedivoire\/politique\/la-fin-dexil-pour-bendjo-le-3-juillet-prochain-apres-3-annees-loin-de-la-cote-divoire\",\"url\":\"https:\/\/www.africa-press.net\/cotedivoire\/politique\/la-fin-dexil-pour-bendjo-le-3-juillet-prochain-apres-3-annees-loin-de-la-cote-divoire\",\"name\":\"La fin d\u2019exil pour Bendjo le 3 juillet prochain apr\u00e8s 3 ann\u00e9es loin de la C\u00f4te-d\u2019Ivoire ? - C\u00f4te d&#039;Ivoire\",\"isPartOf\":{\"@id\":\"https:\/\/www.africa-press.net\/cotedivoire\/#website\"},\"primaryImageOfPage\":{\"@id\":\"https:\/\/www.africa-press.net\/cotedivoire\/politique\/la-fin-dexil-pour-bendjo-le-3-juillet-prochain-apres-3-annees-loin-de-la-cote-divoire#primaryimage\"},\"image\":{\"@id\":\"https:\/\/www.africa-press.net\/cotedivoire\/politique\/la-fin-dexil-pour-bendjo-le-3-juillet-prochain-apres-3-annees-loin-de-la-cote-divoire#primaryimage\"},\"thumbnailUrl\":\"https:\/\/static.africa-press.net\/cote\/sites\/43\/2021\/06\/img-60d4c156616ee.jpg\",\"datePublished\":\"2021-06-24T18:21:17+00:00\",\"dateModified\":\"2021-06-25T08:44:35+00:00\",\"author\":{\"@id\":\"https:\/\/www.africa-press.net\/cotedivoire\/#\/schema\/person\/2b1cf3cd81a31e3cd26889ca66d677f1\"},\"description\":\"L\u2019ancien maire du Plateau, cadre du Parti d\u00e9mocratique de C\u00f4te d\u2019Ivoire (Pdci) sera de retour tr\u00e8s prochainement au Pays ...\",\"breadcrumb\":{\"@id\":\"https:\/\/www.africa-press.net\/cotedivoire\/politique\/la-fin-dexil-pour-bendjo-le-3-juillet-prochain-apres-3-annees-loin-de-la-cote-divoire#breadcrumb\"},\"inLanguage\":\"fr-FR\",\"potentialAction\":[{\"@type\":\"ReadAction\",\"target\":[\"https:\/\/www.africa-press.net\/cotedivoire\/politique\/la-fin-dexil-pour-bendjo-le-3-juillet-prochain-apres-3-annees-loin-de-la-cote-divoire\"]}]},{\"@type\":\"ImageObject\",\"inLanguage\":\"fr-FR\",\"@id\":\"https:\/\/www.africa-press.net\/cotedivoire\/politique\/la-fin-dexil-pour-bendjo-le-3-juillet-prochain-apres-3-annees-loin-de-la-cote-divoire#primaryimage\",\"url\":\"https:\/\/static.africa-press.net\/cote\/sites\/43\/2021\/06\/img-60d4c156616ee.jpg\",\"contentUrl\":\"https:\/\/static.africa-press.net\/cote\/sites\/43\/2021\/06\/img-60d4c156616ee.jpg\",\"width\":1000,\"height\":483,\"caption\":\"La fin d\u2019exil pour Bendjo le 3 juillet prochain apr\u00e8s 3 ann\u00e9es loin de la C\u00f4te-d\u2019Ivoire ?\"},{\"@type\":\"BreadcrumbList\",\"@id\":\"https:\/\/www.africa-press.net\/cotedivoire\/politique\/la-fin-dexil-pour-bendjo-le-3-juillet-prochain-apres-3-annees-loin-de-la-cote-divoire#breadcrumb\",\"itemListElement\":[{\"@type\":\"ListItem\",\"position\":1,\"name\":\"Accueil\",\"item\":\"https:\/\/www.africa-press.net\/cotedivoire\/\"},{\"@type\":\"ListItem\",\"position\":2,\"name\":\"La fin d\u2019exil pour Bendjo le 3 juillet prochain apr\u00e8s 3 ann\u00e9es loin de la C\u00f4te-d\u2019Ivoire ?\"}]},{\"@type\":\"WebSite\",\"@id\":\"https:\/\/www.africa-press.net\/cotedivoire\/#website\",\"url\":\"https:\/\/www.africa-press.net\/cotedivoire\/\",\"name\":\"C\u00f4te d&#039;Ivoire\",\"description\":\"Just another Africa News Agency Sites site\",\"potentialAction\":[{\"@type\":\"SearchAction\",\"target\":{\"@type\":\"EntryPoint\",\"urlTemplate\":\"https:\/\/www.africa-press.net\/cotedivoire\/?s={search_term_string}\"},\"query-input\":{\"@type\":\"PropertyValueSpecification\",\"valueRequired\":true,\"valueName\":\"search_term_string\"}}],\"inLanguage\":\"fr-FR\"},{\"@type\":\"Person\",\"@id\":\"https:\/\/www.africa-press.net\/cotedivoire\/#\/schema\/person\/2b1cf3cd81a31e3cd26889ca66d677f1\",\"name\":\"cfeditorfr\"}]}<\/script>\n<!-- \/ Yoast SEO Premium plugin. -->","yoast_head_json":{"title":"La fin d\u2019exil pour Bendjo le 3 juillet prochain apr\u00e8s 3 ann\u00e9es loin de la C\u00f4te-d\u2019Ivoire ? - C\u00f4te d&#039;Ivoire","description":"L\u2019ancien maire du Plateau, cadre du Parti d\u00e9mocratique de C\u00f4te d\u2019Ivoire (Pdci) sera de retour tr\u00e8s prochainement au Pays ...","robots":{"index":"index","follow":"follow","max-snippet":"max-snippet:-1","max-image-preview":"max-image-preview:large","max-video-preview":"max-video-preview:-1"},"canonical":"https:\/\/www.africa-press.net\/cotedivoire\/politique\/la-fin-dexil-pour-bendjo-le-3-juillet-prochain-apres-3-annees-loin-de-la-cote-divoire","og_locale":"fr_FR","og_type":"article","og_title":"La fin d\u2019exil pour Bendjo le 3 juillet prochain apr\u00e8s 3 ann\u00e9es loin de la C\u00f4te-d\u2019Ivoire ?","og_description":"L\u2019ancien maire du Plateau, cadre du Parti d\u00e9mocratique de C\u00f4te d\u2019Ivoire (Pdci) sera de retour tr\u00e8s prochainement au Pays ...","og_url":"https:\/\/www.africa-press.net\/cotedivoire\/politique\/la-fin-dexil-pour-bendjo-le-3-juillet-prochain-apres-3-annees-loin-de-la-cote-divoire","og_site_name":"C\u00f4te d&#039;Ivoire","article_published_time":"2021-06-24T18:21:17+00:00","article_modified_time":"2021-06-25T08:44:35+00:00","og_image":[{"width":1000,"height":483,"url":"https:\/\/static.africa-press.net\/cote\/sites\/43\/2021\/06\/img-60d4c156616ee.jpg","type":"image\/jpeg"}],"author":"cfeditorfr","twitter_card":"summary_large_image","twitter_misc":{"\u00c9crit par":"cfeditorfr","Dur\u00e9e de lecture estim\u00e9e":"1 minute"},"schema":{"@context":"https:\/\/schema.org","@graph":[{"@type":"Article","@id":"https:\/\/www.africa-press.net\/cotedivoire\/politique\/la-fin-dexil-pour-bendjo-le-3-juillet-prochain-apres-3-annees-loin-de-la-cote-divoire#article","isPartOf":{"@id":"https:\/\/www.africa-press.net\/cotedivoire\/politique\/la-fin-dexil-pour-bendjo-le-3-juillet-prochain-apres-3-annees-loin-de-la-cote-divoire"},"author":{"name":"cfeditorfr","@id":"https:\/\/www.africa-press.net\/cotedivoire\/#\/schema\/person\/2b1cf3cd81a31e3cd26889ca66d677f1"},"headline":"La fin d\u2019exil pour Bendjo le 3 juillet prochain apr\u00e8s 3 ann\u00e9es loin de la C\u00f4te-d\u2019Ivoire ?","datePublished":"2021-06-24T18:21:17+00:00","dateModified":"2021-06-25T08:44:35+00:00","mainEntityOfPage":{"@id":"https:\/\/www.africa-press.net\/cotedivoire\/politique\/la-fin-dexil-pour-bendjo-le-3-juillet-prochain-apres-3-annees-loin-de-la-cote-divoire"},"wordCount":289,"commentCount":0,"image":{"@id":"https:\/\/www.africa-press.net\/cotedivoire\/politique\/la-fin-dexil-pour-bendjo-le-3-juillet-prochain-apres-3-annees-loin-de-la-cote-divoire#primaryimage"},"thumbnailUrl":"https:\/\/static.africa-press.net\/cote\/sites\/43\/2021\/06\/img-60d4c156616ee.jpg","keywords":["Africa Press","Africa Press-C\u00f4te d'Ivoire","C\u00d4TE D'IVOIRE"],"articleSection":["homepage-french","Politique","Top Nouvelles","Toutes les actualit\u00e9s"],"inLanguage":"fr-FR","potentialAction":[{"@type":"CommentAction","name":"Comment","target":["https:\/\/www.africa-press.net\/cotedivoire\/politique\/la-fin-dexil-pour-bendjo-le-3-juillet-prochain-apres-3-annees-loin-de-la-cote-divoire#respond"]}]},{"@type":"WebPage","@id":"https:\/\/www.africa-press.net\/cotedivoire\/politique\/la-fin-dexil-pour-bendjo-le-3-juillet-prochain-apres-3-annees-loin-de-la-cote-divoire","url":"https:\/\/www.africa-press.net\/cotedivoire\/politique\/la-fin-dexil-pour-bendjo-le-3-juillet-prochain-apres-3-annees-loin-de-la-cote-divoire","name":"La fin d\u2019exil pour Bendjo le 3 juillet prochain apr\u00e8s 3 ann\u00e9es loin de la C\u00f4te-d\u2019Ivoire ? - C\u00f4te d&#039;Ivoire","isPartOf":{"@id":"https:\/\/www.africa-press.net\/cotedivoire\/#website"},"primaryImageOfPage":{"@id":"https:\/\/www.africa-press.net\/cotedivoire\/politique\/la-fin-dexil-pour-bendjo-le-3-juillet-prochain-apres-3-annees-loin-de-la-cote-divoire#primaryimage"},"image":{"@id":"https:\/\/www.africa-press.net\/cotedivoire\/politique\/la-fin-dexil-pour-bendjo-le-3-juillet-prochain-apres-3-annees-loin-de-la-cote-divoire#primaryimage"},"thumbnailUrl":"https:\/\/static.africa-press.net\/cote\/sites\/43\/2021\/06\/img-60d4c156616ee.jpg","datePublished":"2021-06-24T18:21:17+00:00","dateModified":"2021-06-25T08:44:35+00:00","author":{"@id":"https:\/\/www.africa-press.net\/cotedivoire\/#\/schema\/person\/2b1cf3cd81a31e3cd26889ca66d677f1"},"description":"L\u2019ancien maire du Plateau, cadre du Parti d\u00e9mocratique de C\u00f4te d\u2019Ivoire (Pdci) sera de retour tr\u00e8s prochainement au Pays ...","breadcrumb":{"@id":"https:\/\/www.africa-press.net\/cotedivoire\/politique\/la-fin-dexil-pour-bendjo-le-3-juillet-prochain-apres-3-annees-loin-de-la-cote-divoire#breadcrumb"},"inLanguage":"fr-FR","potentialAction":[{"@type":"ReadAction","target":["https:\/\/www.africa-press.net\/cotedivoire\/politique\/la-fin-dexil-pour-bendjo-le-3-juillet-prochain-apres-3-annees-loin-de-la-cote-divoire"]}]},{"@type":"ImageObject","inLanguage":"fr-FR","@id":"https:\/\/www.africa-press.net\/cotedivoire\/politique\/la-fin-dexil-pour-bendjo-le-3-juillet-prochain-apres-3-annees-loin-de-la-cote-divoire#primaryimage","url":"https:\/\/static.africa-press.net\/cote\/sites\/43\/2021\/06\/img-60d4c156616ee.jpg","contentUrl":"https:\/\/static.africa-press.net\/cote\/sites\/43\/2021\/06\/img-60d4c156616ee.jpg","width":1000,"height":483,"caption":"La fin d\u2019exil pour Bendjo le 3 juillet prochain apr\u00e8s 3 ann\u00e9es loin de la C\u00f4te-d\u2019Ivoire ?"},{"@type":"BreadcrumbList","@id":"https:\/\/www.africa-press.net\/cotedivoire\/politique\/la-fin-dexil-pour-bendjo-le-3-juillet-prochain-apres-3-annees-loin-de-la-cote-divoire#breadcrumb","itemListElement":[{"@type":"ListItem","position":1,"name":"Accueil","item":"https:\/\/www.africa-press.net\/cotedivoire\/"},{"@type":"ListItem","position":2,"name":"La fin d\u2019exil pour Bendjo le 3 juillet prochain apr\u00e8s 3 ann\u00e9es loin de la C\u00f4te-d\u2019Ivoire ?"}]},{"@type":"WebSite","@id":"https:\/\/www.africa-press.net\/cotedivoire\/#website","url":"https:\/\/www.africa-press.net\/cotedivoire\/","name":"C\u00f4te d&#039;Ivoire","description":"Just another Africa News Agency Sites site","potentialAction":[{"@type":"SearchAction","target":{"@type":"EntryPoint","urlTemplate":"https:\/\/www.africa-press.net\/cotedivoire\/?s={search_term_string}"},"query-input":{"@type":"PropertyValueSpecification","valueRequired":true,"valueName":"search_term_string"}}],"inLanguage":"fr-FR"},{"@type":"Person","@id":"https:\/\/www.africa-press.net\/cotedivoire\/#\/schema\/person\/2b1cf3cd81a31e3cd26889ca66d677f1","name":"cfeditorfr"}]}},"_links":{"self":[{"href":"https:\/\/www.africa-press.net\/cotedivoire\/wp-json\/wp\/v2\/posts\/9404","targetHints":{"allow":["GET"]}}],"collection":[{"href":"https:\/\/www.africa-press.net\/cotedivoire\/wp-json\/wp\/v2\/posts"}],"about":[{"href":"https:\/\/www.africa-press.net\/cotedivoire\/wp-json\/wp\/v2\/types\/post"}],"author":[{"embeddable":true,"href":"https:\/\/www.africa-press.net\/cotedivoire\/wp-json\/wp\/v2\/users\/82"}],"replies":[{"embeddable":true,"href":"https:\/\/www.africa-press.net\/cotedivoire\/wp-json\/wp\/v2\/comments?post=9404"}],"version-history":[{"count":0,"href":"https:\/\/www.africa-press.net\/cotedivoire\/wp-json\/wp\/v2\/posts\/9404\/revisions"}],"wp:featuredmedia":[{"embeddable":true,"href":"https:\/\/www.africa-press.net\/cotedivoire\/wp-json\/wp\/v2\/media\/9403"}],"wp:attachment":[{"href":"https:\/\/www.africa-press.net\/cotedivoire\/wp-json\/wp\/v2\/media?parent=9404"}],"wp:term":[{"taxonomy":"category","embeddable":true,"href":"https:\/\/www.africa-press.net\/cotedivoire\/wp-json\/wp\/v2\/categories?post=9404"},{"taxonomy":"post_tag","embeddable":true,"href":"https:\/\/www.africa-press.net\/cotedivoire\/wp-json\/wp\/v2\/tags?post=9404"}],"curies":[{"name":"wp","href":"https:\/\/api.w.org\/{rel}","templated":true}]}}