{"id":94057,"date":"2025-01-21T17:36:26","date_gmt":"2025-01-21T17:36:26","guid":{"rendered":"https:\/\/www.africa-press.net\/cotedivoire\/politique\/cote-divoire-france-presentant-ses-voeux-aux-armees-macron-veut-un-partenariat-de-securite-repense-avec-lafrique"},"modified":"2025-01-21T17:36:26","modified_gmt":"2025-01-21T17:36:26","slug":"cote-divoire-france-presentant-ses-voeux-aux-armees-macron-veut-un-partenariat-de-securite-repense-avec-lafrique","status":"publish","type":"post","link":"https:\/\/www.africa-press.net\/cotedivoire\/politique\/cote-divoire-france-presentant-ses-voeux-aux-armees-macron-veut-un-partenariat-de-securite-repense-avec-lafrique","title":{"rendered":"C\u00f4te d&rsquo;Ivoire-France : Pr\u00e9sentant ses v\u0153ux aux Arm\u00e9es, Macron veut un partenariat de s\u00e9curit\u00e9 repens\u00e9 avec l&rsquo;Afrique"},"content":{"rendered":"<p><span style=\"color: #ff6600\"><strong>Africa-Press &#8211; C\u00f4te d&rsquo;Ivoire. <\/strong><\/span>Le pre\u0301sident franc\u0327ais, Emmanuel Macron, a pre\u0301sente\u0301 ses v\u0153ux aux Arme\u0301es, le lundi 20 janvier 2025 a\u0300 Cesson-Se\u0301vigne\u0301, pre\u0300s de Rennes en Bretagne.<\/p>\n<p>Concernant le retrait des soldats franc\u0327ais en Afrique, il a e\u0301voque\u0301 le changement structurel de la pre\u0301sence militaire franc\u0327aise sur le continent. Cela passe, a-t-il dit, par un \u00ab partenariat de se\u0301curite\u0301 repense\u0301 \u00bb, avant d\u2019expliquer.<\/p>\n<p>\u00ab Plus de formations dans nos e\u0301coles, plus d&rsquo;exercices et de coope\u0301ration ponctuelle. Des coope\u0301rations capacitaires qui sont la\u0300 aussi une vraie transformation de notre approche a\u0300 l&rsquo;e\u0301gard de l&rsquo;Afrique. Et je compte sur vous pour l&rsquo;accompagner. Et une empreinte plus le\u0301ge\u0300re. Il nous faut prolonger notre pre\u0301sence, notre partenariat strate\u0301gique, mais diffe\u0301remment, et prolonger artificiellement une empreinte partout ou\u0300 elle n&rsquo;e\u0301tait plus souhaite\u0301e par ses ho\u0302tes, par ses be\u0301ne\u0301ficiaires, aurait e\u0301te\u0301 une mauvaise politique \u00bb, a de\u0301clare\u0301 Emmanuel Macron, ont rapporte\u0301 plusieurs sources occidentales.<\/p>\n<p>La France est contrainte de retirer ses troupes du Tchad et sans doute biento\u0302t du Se\u0301ne\u0301gal, ainsi que de la Co\u0302te d\u2019Ivoire comme l\u2019a annonce\u0301 en de\u0301cembre dernier, le pre\u0301sident ivoirien, Alassane Ouattara, lors d\u2019un discours a\u0300 la Nation.<\/p>\n<p>\u00ab Nous pouvons e\u0302tre fiers de notre arme\u0301e dont la modernisation est de\u0301sormais effective. C&rsquo;est dans ce cadre que nous avons de\u0301cide\u0301 du retrait concerte\u0301 et organise\u0301 des Forces Franc\u0327aises en Co\u0302te d&rsquo;Ivoire. Ainsi, le camp du 43e BIMA, le Bataillon d\u2019Infanterie de Marine de Port-Boue\u0308t sera re\u0301troce\u0301de\u0301 aux Forces Arme\u0301es de Co\u0302te d\u2019Ivoire, de\u0300s ce mois de janvier 2025. Pour marquer cette nouvelle e\u0301tape de la vie de notre Arme\u0301e, j\u2019ai de\u0301cide\u0301 de baptiser ce Camp du nom du Ge\u0301ne\u0301ral Ouattara Thomas d\u2019Aquin, Militaire au parcours exceptionnel et tout premier Chef d&rsquo;Etat-Major de l&rsquo;Arme\u0301e ivoirienne \u00bb, a annonce\u0301 Ouattara.<\/p>\n<p><strong>Pour plus d&rsquo;informations et d&rsquo;analyses sur la <span style=\"color: #ff6600\">C\u00f4te d&rsquo;Ivoire<\/span>, suivez <span style=\"color: #ff6600\">Africa-Press<span style=\"color: #ff6600\"><\/span><\/strong><\/p>\n","protected":false},"excerpt":{"rendered":"<p>Africa-Press &#8211; C\u00f4te d&rsquo;Ivoire. Le pre\u0301sident franc\u0327ais, Emmanuel Macron, a pre\u0301sente\u0301 ses v\u0153ux aux Arme\u0301es, le lundi 20 janvier 2025 a\u0300 Cesson-Se\u0301vigne\u0301, pre\u0300s de Rennes en Bretagne. Concernant le retrait des soldats franc\u0327ais en Afrique, il a e\u0301voque\u0301 le changement structurel de la pre\u0301sence militaire franc\u0327aise sur le continent. Cela passe, a-t-il dit, par un [&hellip;]<\/p>\n","protected":false},"author":82,"featured_media":94056,"comment_status":"open","ping_status":"closed","sticky":false,"template":"","format":"standard","meta":{"footnotes":""},"categories":[2,20,10],"tags":[8468,11770,37,1979,4318],"class_list":["post-94057","post","type-post","status-publish","format-standard","has-post-thumbnail","hentry","category-politique","category-top-nouvelles","category-toutes-les-actualites","tag-armees","tag-bretagne","tag-cote-divoire-2","tag-emmanuel-macron","tag-rennes"],"yoast_head":"<!-- This site is optimized with the Yoast SEO Premium plugin v26.1 (Yoast SEO v27.0) - https:\/\/yoast.com\/product\/yoast-seo-premium-wordpress\/ -->\n<title>C\u00f4te d&#039;Ivoire-France : Pr\u00e9sentant ses v\u0153ux aux Arm\u00e9es, Macron veut un partenariat de s\u00e9curit\u00e9 repens\u00e9 avec l&#039;Afrique - C\u00f4te d&#039;Ivoire<\/title>\n<meta name=\"robots\" content=\"index, follow, max-snippet:-1, max-image-preview:large, max-video-preview:-1\" \/>\n<link rel=\"canonical\" href=\"https:\/\/www.africa-press.net\/cotedivoire\/politique\/cote-divoire-france-presentant-ses-voeux-aux-armees-macron-veut-un-partenariat-de-securite-repense-avec-lafrique\" \/>\n<meta property=\"og:locale\" content=\"fr_FR\" \/>\n<meta property=\"og:type\" content=\"article\" \/>\n<meta property=\"og:title\" content=\"C\u00f4te d&#039;Ivoire-France : Pr\u00e9sentant ses v\u0153ux aux Arm\u00e9es, Macron veut un partenariat de s\u00e9curit\u00e9 repens\u00e9 avec l&#039;Afrique\" \/>\n<meta property=\"og:description\" content=\"Africa-Press &#8211; C\u00f4te d&rsquo;Ivoire. Le pre\u0301sident franc\u0327ais, Emmanuel Macron, a pre\u0301sente\u0301 ses v\u0153ux aux Arme\u0301es, le lundi 20 janvier 2025 a\u0300 Cesson-Se\u0301vigne\u0301, pre\u0300s de Rennes en Bretagne. Concernant le retrait des soldats franc\u0327ais en Afrique, il a e\u0301voque\u0301 le changement structurel de la pre\u0301sence militaire franc\u0327aise sur le continent. Cela passe, a-t-il dit, par un [&hellip;]\" \/>\n<meta property=\"og:url\" content=\"https:\/\/www.africa-press.net\/cotedivoire\/politique\/cote-divoire-france-presentant-ses-voeux-aux-armees-macron-veut-un-partenariat-de-securite-repense-avec-lafrique\" \/>\n<meta property=\"og:site_name\" content=\"C\u00f4te d&#039;Ivoire\" \/>\n<meta property=\"article:published_time\" content=\"2025-01-21T17:36:26+00:00\" \/>\n<meta name=\"author\" content=\"cfeditorfr\" \/>\n<meta name=\"twitter:card\" content=\"summary_large_image\" \/>\n<meta name=\"twitter:label1\" content=\"\u00c9crit par\" \/>\n\t<meta name=\"twitter:data1\" content=\"cfeditorfr\" \/>\n\t<meta name=\"twitter:label2\" content=\"Dur\u00e9e de lecture estim\u00e9e\" \/>\n\t<meta name=\"twitter:data2\" content=\"2 minutes\" \/>\n<script type=\"application\/ld+json\" class=\"yoast-schema-graph\">{\"@context\":\"https:\/\/schema.org\",\"@graph\":[{\"@type\":\"Article\",\"@id\":\"https:\/\/www.africa-press.net\/cotedivoire\/politique\/cote-divoire-france-presentant-ses-voeux-aux-armees-macron-veut-un-partenariat-de-securite-repense-avec-lafrique#article\",\"isPartOf\":{\"@id\":\"https:\/\/www.africa-press.net\/cotedivoire\/politique\/cote-divoire-france-presentant-ses-voeux-aux-armees-macron-veut-un-partenariat-de-securite-repense-avec-lafrique\"},\"author\":{\"name\":\"cfeditorfr\",\"@id\":\"https:\/\/www.africa-press.net\/cotedivoire\/#\/schema\/person\/2b1cf3cd81a31e3cd26889ca66d677f1\"},\"headline\":\"C\u00f4te d&rsquo;Ivoire-France : Pr\u00e9sentant ses v\u0153ux aux Arm\u00e9es, Macron veut un partenariat de s\u00e9curit\u00e9 repens\u00e9 avec l&rsquo;Afrique\",\"datePublished\":\"2025-01-21T17:36:26+00:00\",\"mainEntityOfPage\":{\"@id\":\"https:\/\/www.africa-press.net\/cotedivoire\/politique\/cote-divoire-france-presentant-ses-voeux-aux-armees-macron-veut-un-partenariat-de-securite-repense-avec-lafrique\"},\"wordCount\":387,\"commentCount\":0,\"image\":{\"@id\":\"https:\/\/www.africa-press.net\/cotedivoire\/politique\/cote-divoire-france-presentant-ses-voeux-aux-armees-macron-veut-un-partenariat-de-securite-repense-avec-lafrique#primaryimage\"},\"thumbnailUrl\":\"https:\/\/static.africa-press.net\/cote\/sites\/43\/2025\/01\/sm_1737472630.629375.jpg\",\"keywords\":[\"arm\u00e9es\",\"Bretagne\",\"C\u00f4te d'Ivoire\",\"Emmanuel Macron\",\"Rennes\"],\"articleSection\":[\"Politique\",\"Top Nouvelles\",\"Toutes les actualit\u00e9s\"],\"inLanguage\":\"fr-FR\",\"potentialAction\":[{\"@type\":\"CommentAction\",\"name\":\"Comment\",\"target\":[\"https:\/\/www.africa-press.net\/cotedivoire\/politique\/cote-divoire-france-presentant-ses-voeux-aux-armees-macron-veut-un-partenariat-de-securite-repense-avec-lafrique#respond\"]}]},{\"@type\":\"WebPage\",\"@id\":\"https:\/\/www.africa-press.net\/cotedivoire\/politique\/cote-divoire-france-presentant-ses-voeux-aux-armees-macron-veut-un-partenariat-de-securite-repense-avec-lafrique\",\"url\":\"https:\/\/www.africa-press.net\/cotedivoire\/politique\/cote-divoire-france-presentant-ses-voeux-aux-armees-macron-veut-un-partenariat-de-securite-repense-avec-lafrique\",\"name\":\"C\u00f4te d'Ivoire-France : Pr\u00e9sentant ses v\u0153ux aux Arm\u00e9es, Macron veut un partenariat de s\u00e9curit\u00e9 repens\u00e9 avec l'Afrique - C\u00f4te d&#039;Ivoire\",\"isPartOf\":{\"@id\":\"https:\/\/www.africa-press.net\/cotedivoire\/#website\"},\"primaryImageOfPage\":{\"@id\":\"https:\/\/www.africa-press.net\/cotedivoire\/politique\/cote-divoire-france-presentant-ses-voeux-aux-armees-macron-veut-un-partenariat-de-securite-repense-avec-lafrique#primaryimage\"},\"image\":{\"@id\":\"https:\/\/www.africa-press.net\/cotedivoire\/politique\/cote-divoire-france-presentant-ses-voeux-aux-armees-macron-veut-un-partenariat-de-securite-repense-avec-lafrique#primaryimage\"},\"thumbnailUrl\":\"https:\/\/static.africa-press.net\/cote\/sites\/43\/2025\/01\/sm_1737472630.629375.jpg\",\"datePublished\":\"2025-01-21T17:36:26+00:00\",\"author\":{\"@id\":\"https:\/\/www.africa-press.net\/cotedivoire\/#\/schema\/person\/2b1cf3cd81a31e3cd26889ca66d677f1\"},\"breadcrumb\":{\"@id\":\"https:\/\/www.africa-press.net\/cotedivoire\/politique\/cote-divoire-france-presentant-ses-voeux-aux-armees-macron-veut-un-partenariat-de-securite-repense-avec-lafrique#breadcrumb\"},\"inLanguage\":\"fr-FR\",\"potentialAction\":[{\"@type\":\"ReadAction\",\"target\":[\"https:\/\/www.africa-press.net\/cotedivoire\/politique\/cote-divoire-france-presentant-ses-voeux-aux-armees-macron-veut-un-partenariat-de-securite-repense-avec-lafrique\"]}]},{\"@type\":\"ImageObject\",\"inLanguage\":\"fr-FR\",\"@id\":\"https:\/\/www.africa-press.net\/cotedivoire\/politique\/cote-divoire-france-presentant-ses-voeux-aux-armees-macron-veut-un-partenariat-de-securite-repense-avec-lafrique#primaryimage\",\"url\":\"https:\/\/static.africa-press.net\/cote\/sites\/43\/2025\/01\/sm_1737472630.629375.jpg\",\"contentUrl\":\"https:\/\/static.africa-press.net\/cote\/sites\/43\/2025\/01\/sm_1737472630.629375.jpg\",\"width\":720,\"height\":357,\"caption\":\"C\u00f4te d'Ivoire-France : Pr\u00e9sentant ses v\u0153ux aux Arm\u00e9es, Macron veut un partenariat de s\u00e9curit\u00e9 repens\u00e9 avec l'Afrique\"},{\"@type\":\"BreadcrumbList\",\"@id\":\"https:\/\/www.africa-press.net\/cotedivoire\/politique\/cote-divoire-france-presentant-ses-voeux-aux-armees-macron-veut-un-partenariat-de-securite-repense-avec-lafrique#breadcrumb\",\"itemListElement\":[{\"@type\":\"ListItem\",\"position\":1,\"name\":\"Accueil\",\"item\":\"https:\/\/www.africa-press.net\/cotedivoire\/\"},{\"@type\":\"ListItem\",\"position\":2,\"name\":\"C\u00f4te d&rsquo;Ivoire-France : Pr\u00e9sentant ses v\u0153ux aux Arm\u00e9es, Macron veut un partenariat de s\u00e9curit\u00e9 repens\u00e9 avec l&rsquo;Afrique\"}]},{\"@type\":\"WebSite\",\"@id\":\"https:\/\/www.africa-press.net\/cotedivoire\/#website\",\"url\":\"https:\/\/www.africa-press.net\/cotedivoire\/\",\"name\":\"C\u00f4te d&#039;Ivoire\",\"description\":\"Just another Africa News Agency Sites site\",\"potentialAction\":[{\"@type\":\"SearchAction\",\"target\":{\"@type\":\"EntryPoint\",\"urlTemplate\":\"https:\/\/www.africa-press.net\/cotedivoire\/?s={search_term_string}\"},\"query-input\":{\"@type\":\"PropertyValueSpecification\",\"valueRequired\":true,\"valueName\":\"search_term_string\"}}],\"inLanguage\":\"fr-FR\"},{\"@type\":\"Person\",\"@id\":\"https:\/\/www.africa-press.net\/cotedivoire\/#\/schema\/person\/2b1cf3cd81a31e3cd26889ca66d677f1\",\"name\":\"cfeditorfr\"}]}<\/script>\n<!-- \/ Yoast SEO Premium plugin. -->","yoast_head_json":{"title":"C\u00f4te d'Ivoire-France : Pr\u00e9sentant ses v\u0153ux aux Arm\u00e9es, Macron veut un partenariat de s\u00e9curit\u00e9 repens\u00e9 avec l'Afrique - C\u00f4te d&#039;Ivoire","robots":{"index":"index","follow":"follow","max-snippet":"max-snippet:-1","max-image-preview":"max-image-preview:large","max-video-preview":"max-video-preview:-1"},"canonical":"https:\/\/www.africa-press.net\/cotedivoire\/politique\/cote-divoire-france-presentant-ses-voeux-aux-armees-macron-veut-un-partenariat-de-securite-repense-avec-lafrique","og_locale":"fr_FR","og_type":"article","og_title":"C\u00f4te d'Ivoire-France : Pr\u00e9sentant ses v\u0153ux aux Arm\u00e9es, Macron veut un partenariat de s\u00e9curit\u00e9 repens\u00e9 avec l'Afrique","og_description":"Africa-Press &#8211; C\u00f4te d&rsquo;Ivoire. Le pre\u0301sident franc\u0327ais, Emmanuel Macron, a pre\u0301sente\u0301 ses v\u0153ux aux Arme\u0301es, le lundi 20 janvier 2025 a\u0300 Cesson-Se\u0301vigne\u0301, pre\u0300s de Rennes en Bretagne. Concernant le retrait des soldats franc\u0327ais en Afrique, il a e\u0301voque\u0301 le changement structurel de la pre\u0301sence militaire franc\u0327aise sur le continent. Cela passe, a-t-il dit, par un [&hellip;]","og_url":"https:\/\/www.africa-press.net\/cotedivoire\/politique\/cote-divoire-france-presentant-ses-voeux-aux-armees-macron-veut-un-partenariat-de-securite-repense-avec-lafrique","og_site_name":"C\u00f4te d&#039;Ivoire","article_published_time":"2025-01-21T17:36:26+00:00","author":"cfeditorfr","twitter_card":"summary_large_image","twitter_misc":{"\u00c9crit par":"cfeditorfr","Dur\u00e9e de lecture estim\u00e9e":"2 minutes"},"schema":{"@context":"https:\/\/schema.org","@graph":[{"@type":"Article","@id":"https:\/\/www.africa-press.net\/cotedivoire\/politique\/cote-divoire-france-presentant-ses-voeux-aux-armees-macron-veut-un-partenariat-de-securite-repense-avec-lafrique#article","isPartOf":{"@id":"https:\/\/www.africa-press.net\/cotedivoire\/politique\/cote-divoire-france-presentant-ses-voeux-aux-armees-macron-veut-un-partenariat-de-securite-repense-avec-lafrique"},"author":{"name":"cfeditorfr","@id":"https:\/\/www.africa-press.net\/cotedivoire\/#\/schema\/person\/2b1cf3cd81a31e3cd26889ca66d677f1"},"headline":"C\u00f4te d&rsquo;Ivoire-France : Pr\u00e9sentant ses v\u0153ux aux Arm\u00e9es, Macron veut un partenariat de s\u00e9curit\u00e9 repens\u00e9 avec l&rsquo;Afrique","datePublished":"2025-01-21T17:36:26+00:00","mainEntityOfPage":{"@id":"https:\/\/www.africa-press.net\/cotedivoire\/politique\/cote-divoire-france-presentant-ses-voeux-aux-armees-macron-veut-un-partenariat-de-securite-repense-avec-lafrique"},"wordCount":387,"commentCount":0,"image":{"@id":"https:\/\/www.africa-press.net\/cotedivoire\/politique\/cote-divoire-france-presentant-ses-voeux-aux-armees-macron-veut-un-partenariat-de-securite-repense-avec-lafrique#primaryimage"},"thumbnailUrl":"https:\/\/static.africa-press.net\/cote\/sites\/43\/2025\/01\/sm_1737472630.629375.jpg","keywords":["arm\u00e9es","Bretagne","C\u00f4te d'Ivoire","Emmanuel Macron","Rennes"],"articleSection":["Politique","Top Nouvelles","Toutes les actualit\u00e9s"],"inLanguage":"fr-FR","potentialAction":[{"@type":"CommentAction","name":"Comment","target":["https:\/\/www.africa-press.net\/cotedivoire\/politique\/cote-divoire-france-presentant-ses-voeux-aux-armees-macron-veut-un-partenariat-de-securite-repense-avec-lafrique#respond"]}]},{"@type":"WebPage","@id":"https:\/\/www.africa-press.net\/cotedivoire\/politique\/cote-divoire-france-presentant-ses-voeux-aux-armees-macron-veut-un-partenariat-de-securite-repense-avec-lafrique","url":"https:\/\/www.africa-press.net\/cotedivoire\/politique\/cote-divoire-france-presentant-ses-voeux-aux-armees-macron-veut-un-partenariat-de-securite-repense-avec-lafrique","name":"C\u00f4te d'Ivoire-France : Pr\u00e9sentant ses v\u0153ux aux Arm\u00e9es, Macron veut un partenariat de s\u00e9curit\u00e9 repens\u00e9 avec l'Afrique - C\u00f4te d&#039;Ivoire","isPartOf":{"@id":"https:\/\/www.africa-press.net\/cotedivoire\/#website"},"primaryImageOfPage":{"@id":"https:\/\/www.africa-press.net\/cotedivoire\/politique\/cote-divoire-france-presentant-ses-voeux-aux-armees-macron-veut-un-partenariat-de-securite-repense-avec-lafrique#primaryimage"},"image":{"@id":"https:\/\/www.africa-press.net\/cotedivoire\/politique\/cote-divoire-france-presentant-ses-voeux-aux-armees-macron-veut-un-partenariat-de-securite-repense-avec-lafrique#primaryimage"},"thumbnailUrl":"https:\/\/static.africa-press.net\/cote\/sites\/43\/2025\/01\/sm_1737472630.629375.jpg","datePublished":"2025-01-21T17:36:26+00:00","author":{"@id":"https:\/\/www.africa-press.net\/cotedivoire\/#\/schema\/person\/2b1cf3cd81a31e3cd26889ca66d677f1"},"breadcrumb":{"@id":"https:\/\/www.africa-press.net\/cotedivoire\/politique\/cote-divoire-france-presentant-ses-voeux-aux-armees-macron-veut-un-partenariat-de-securite-repense-avec-lafrique#breadcrumb"},"inLanguage":"fr-FR","potentialAction":[{"@type":"ReadAction","target":["https:\/\/www.africa-press.net\/cotedivoire\/politique\/cote-divoire-france-presentant-ses-voeux-aux-armees-macron-veut-un-partenariat-de-securite-repense-avec-lafrique"]}]},{"@type":"ImageObject","inLanguage":"fr-FR","@id":"https:\/\/www.africa-press.net\/cotedivoire\/politique\/cote-divoire-france-presentant-ses-voeux-aux-armees-macron-veut-un-partenariat-de-securite-repense-avec-lafrique#primaryimage","url":"https:\/\/static.africa-press.net\/cote\/sites\/43\/2025\/01\/sm_1737472630.629375.jpg","contentUrl":"https:\/\/static.africa-press.net\/cote\/sites\/43\/2025\/01\/sm_1737472630.629375.jpg","width":720,"height":357,"caption":"C\u00f4te d'Ivoire-France : Pr\u00e9sentant ses v\u0153ux aux Arm\u00e9es, Macron veut un partenariat de s\u00e9curit\u00e9 repens\u00e9 avec l'Afrique"},{"@type":"BreadcrumbList","@id":"https:\/\/www.africa-press.net\/cotedivoire\/politique\/cote-divoire-france-presentant-ses-voeux-aux-armees-macron-veut-un-partenariat-de-securite-repense-avec-lafrique#breadcrumb","itemListElement":[{"@type":"ListItem","position":1,"name":"Accueil","item":"https:\/\/www.africa-press.net\/cotedivoire\/"},{"@type":"ListItem","position":2,"name":"C\u00f4te d&rsquo;Ivoire-France : Pr\u00e9sentant ses v\u0153ux aux Arm\u00e9es, Macron veut un partenariat de s\u00e9curit\u00e9 repens\u00e9 avec l&rsquo;Afrique"}]},{"@type":"WebSite","@id":"https:\/\/www.africa-press.net\/cotedivoire\/#website","url":"https:\/\/www.africa-press.net\/cotedivoire\/","name":"C\u00f4te d&#039;Ivoire","description":"Just another Africa News Agency Sites site","potentialAction":[{"@type":"SearchAction","target":{"@type":"EntryPoint","urlTemplate":"https:\/\/www.africa-press.net\/cotedivoire\/?s={search_term_string}"},"query-input":{"@type":"PropertyValueSpecification","valueRequired":true,"valueName":"search_term_string"}}],"inLanguage":"fr-FR"},{"@type":"Person","@id":"https:\/\/www.africa-press.net\/cotedivoire\/#\/schema\/person\/2b1cf3cd81a31e3cd26889ca66d677f1","name":"cfeditorfr"}]}},"_links":{"self":[{"href":"https:\/\/www.africa-press.net\/cotedivoire\/wp-json\/wp\/v2\/posts\/94057","targetHints":{"allow":["GET"]}}],"collection":[{"href":"https:\/\/www.africa-press.net\/cotedivoire\/wp-json\/wp\/v2\/posts"}],"about":[{"href":"https:\/\/www.africa-press.net\/cotedivoire\/wp-json\/wp\/v2\/types\/post"}],"author":[{"embeddable":true,"href":"https:\/\/www.africa-press.net\/cotedivoire\/wp-json\/wp\/v2\/users\/82"}],"replies":[{"embeddable":true,"href":"https:\/\/www.africa-press.net\/cotedivoire\/wp-json\/wp\/v2\/comments?post=94057"}],"version-history":[{"count":0,"href":"https:\/\/www.africa-press.net\/cotedivoire\/wp-json\/wp\/v2\/posts\/94057\/revisions"}],"wp:featuredmedia":[{"embeddable":true,"href":"https:\/\/www.africa-press.net\/cotedivoire\/wp-json\/wp\/v2\/media\/94056"}],"wp:attachment":[{"href":"https:\/\/www.africa-press.net\/cotedivoire\/wp-json\/wp\/v2\/media?parent=94057"}],"wp:term":[{"taxonomy":"category","embeddable":true,"href":"https:\/\/www.africa-press.net\/cotedivoire\/wp-json\/wp\/v2\/categories?post=94057"},{"taxonomy":"post_tag","embeddable":true,"href":"https:\/\/www.africa-press.net\/cotedivoire\/wp-json\/wp\/v2\/tags?post=94057"}],"curies":[{"name":"wp","href":"https:\/\/api.w.org\/{rel}","templated":true}]}}