{"id":94097,"date":"2025-01-22T18:32:22","date_gmt":"2025-01-22T18:32:22","guid":{"rendered":"https:\/\/www.africa-press.net\/cotedivoire\/politique\/fif-lounes-hattab-nouveau-dtn-reynald-pedros-officialise-sebastien-bannier-directeur-de-la-formation"},"modified":"2025-01-22T18:32:22","modified_gmt":"2025-01-22T18:32:22","slug":"fif-lounes-hattab-nouveau-dtn-reynald-pedros-officialise-sebastien-bannier-directeur-de-la-formation","status":"publish","type":"post","link":"https:\/\/www.africa-press.net\/cotedivoire\/sports\/fif-lounes-hattab-nouveau-dtn-reynald-pedros-officialise-sebastien-bannier-directeur-de-la-formation","title":{"rendered":"FIF, Loun\u00e8s Hattab nouveau DTN, Reynald Pedros officialis\u00e9, S\u00e9bastien Bannier Directeur de la formation"},"content":{"rendered":"<p><span style=\"color: #ff6600\"><strong>Africa-Press &#8211; C\u00f4te d&rsquo;Ivoire. <\/strong><\/span>La Fe\u0301de\u0301ration Ivoirienne de Football (FIF) a proce\u0301de\u0301 a\u0300 plusieurs nominations, le mardi 21 janvier 2025.<\/p>\n<p>Ainsi donc, Loune\u0300s Hattab est nomme\u0301 au poste de Directeur Technique National (DTN). Cet entrai\u0302neur franco-alge\u0301rien, a\u0302ge\u0301 de 57 ans, succe\u0300de a\u0300 Ludovic Batelli, parti rejoindre le Club Africain de Tunis pour s\u2019occuper de la formation des jeunes.<\/p>\n<p>Loune\u0300s Hattab est un ancien joueur professionnel au Havre entre 1989 et 1997 qui compte plus de 300 matchs en troisie\u0300me division franc\u0327aise et quelques apparitions en D2. De\u0301tenteur du BEES et du diplo\u0302me UEFA Pro, il a e\u0301galement travaille\u0301 six ans au sein de la Fe\u0301de\u0301ration Franc\u0327aise de Football (FFF).<\/p>\n<p>Il travaillera en collaboration avec Alain Gouame\u0301ne\u0301, ancien gardien international et champion d\u2019Afrique 1992, qui occupe de\u0301sormais le poste d\u2019adjoint au DTN apre\u0300s avoir assure\u0301 l\u2019inte\u0301rim. La Direction de la Formation sera l\u2019affaire du Franc\u0327ais Se\u0301bastien Bannier.<\/p>\n<p>Il est titulaire d\u2019une licence UEFA A et aura pour mission de structurer la formation des jeunes talents et de dynamiser les bases du football ivoirien.<\/p>\n<p>Outre ces deux noms, la FIF a e\u0301galement officialise\u0301 plusieurs nominations, notamment celle de Reynald Pedros dont nous e\u0301voquions dans un pre\u0301ce\u0301dent article, a\u0300 la te\u0302te de la se\u0301lection fe\u0301minine, de De\u0301sire\u0301 Amian entrai\u0302neur des U15, tandis que Diabate\u0301 Bassiriki prendra en charge les U17 masculins.<\/p>\n<p>Koudougnon Ade\u0301lai\u0308de, ancienne internationale ivoirienne, dirigera les U17 fe\u0301minines, et Younes s\u2019occupera des U20 fe\u0301minines.<\/p>\n<p><strong>Pour plus d&rsquo;informations et d&rsquo;analyses sur la <span style=\"color: #ff6600\">C\u00f4te d&rsquo;Ivoire<\/span>, suivez <span style=\"color: #ff6600\">Africa-Press<span style=\"color: #ff6600\"><\/span><\/strong><\/p>\n","protected":false},"excerpt":{"rendered":"<p>Africa-Press &#8211; C\u00f4te d&rsquo;Ivoire. La Fe\u0301de\u0301ration Ivoirienne de Football (FIF) a proce\u0301de\u0301 a\u0300 plusieurs nominations, le mardi 21 janvier 2025. Ainsi donc, Loune\u0300s Hattab est nomme\u0301 au poste de Directeur Technique National (DTN). Cet entrai\u0302neur franco-alge\u0301rien, a\u0302ge\u0301 de 57 ans, succe\u0300de a\u0300 Ludovic Batelli, parti rejoindre le Club Africain de Tunis pour s\u2019occuper de la [&hellip;]<\/p>\n","protected":false},"author":82,"featured_media":94096,"comment_status":"open","ping_status":"closed","sticky":false,"template":"","format":"standard","meta":{"footnotes":""},"categories":[6,10],"tags":[16448,16447,37,7482,859,16446,2799,16449],"class_list":["post-94097","post","type-post","status-publish","format-standard","has-post-thumbnail","hentry","category-sports","category-toutes-les-actualites","tag-alain-gouamene-2","tag-battelli","tag-cote-divoire-2","tag-dtn","tag-fif","tag-lounes-hattab","tag-nominations","tag-sebastien-bannier"],"yoast_head":"<!-- This site is optimized with the Yoast SEO Premium plugin v26.1 (Yoast SEO v27.0) - https:\/\/yoast.com\/product\/yoast-seo-premium-wordpress\/ -->\n<title>FIF, Loun\u00e8s Hattab nouveau DTN, Reynald Pedros officialis\u00e9, S\u00e9bastien Bannier Directeur de la formation - C\u00f4te d&#039;Ivoire<\/title>\n<meta name=\"robots\" content=\"index, follow, max-snippet:-1, max-image-preview:large, max-video-preview:-1\" \/>\n<link rel=\"canonical\" href=\"https:\/\/www.africa-press.net\/cotedivoire\/politique\/fif-lounes-hattab-nouveau-dtn-reynald-pedros-officialise-sebastien-bannier-directeur-de-la-formation\" \/>\n<meta property=\"og:locale\" content=\"fr_FR\" \/>\n<meta property=\"og:type\" content=\"article\" \/>\n<meta property=\"og:title\" content=\"FIF, Loun\u00e8s Hattab nouveau DTN, Reynald Pedros officialis\u00e9, S\u00e9bastien Bannier Directeur de la formation\" \/>\n<meta property=\"og:description\" content=\"Africa-Press &#8211; C\u00f4te d&rsquo;Ivoire. La Fe\u0301de\u0301ration Ivoirienne de Football (FIF) a proce\u0301de\u0301 a\u0300 plusieurs nominations, le mardi 21 janvier 2025. Ainsi donc, Loune\u0300s Hattab est nomme\u0301 au poste de Directeur Technique National (DTN). Cet entrai\u0302neur franco-alge\u0301rien, a\u0302ge\u0301 de 57 ans, succe\u0300de a\u0300 Ludovic Batelli, parti rejoindre le Club Africain de Tunis pour s\u2019occuper de la [&hellip;]\" \/>\n<meta property=\"og:url\" content=\"https:\/\/www.africa-press.net\/cotedivoire\/politique\/fif-lounes-hattab-nouveau-dtn-reynald-pedros-officialise-sebastien-bannier-directeur-de-la-formation\" \/>\n<meta property=\"og:site_name\" content=\"C\u00f4te d&#039;Ivoire\" \/>\n<meta property=\"article:published_time\" content=\"2025-01-22T18:32:22+00:00\" \/>\n<meta name=\"author\" content=\"cfeditorfr\" \/>\n<meta name=\"twitter:card\" content=\"summary_large_image\" \/>\n<meta name=\"twitter:label1\" content=\"\u00c9crit par\" \/>\n\t<meta name=\"twitter:data1\" content=\"cfeditorfr\" \/>\n\t<meta name=\"twitter:label2\" content=\"Dur\u00e9e de lecture estim\u00e9e\" \/>\n\t<meta name=\"twitter:data2\" content=\"1 minute\" \/>\n<script type=\"application\/ld+json\" class=\"yoast-schema-graph\">{\"@context\":\"https:\/\/schema.org\",\"@graph\":[{\"@type\":\"Article\",\"@id\":\"https:\/\/www.africa-press.net\/cotedivoire\/politique\/fif-lounes-hattab-nouveau-dtn-reynald-pedros-officialise-sebastien-bannier-directeur-de-la-formation#article\",\"isPartOf\":{\"@id\":\"https:\/\/www.africa-press.net\/cotedivoire\/politique\/fif-lounes-hattab-nouveau-dtn-reynald-pedros-officialise-sebastien-bannier-directeur-de-la-formation\"},\"author\":{\"name\":\"cfeditorfr\",\"@id\":\"https:\/\/www.africa-press.net\/cotedivoire\/#\/schema\/person\/2b1cf3cd81a31e3cd26889ca66d677f1\"},\"headline\":\"FIF, Loun\u00e8s Hattab nouveau DTN, Reynald Pedros officialis\u00e9, S\u00e9bastien Bannier Directeur de la formation\",\"datePublished\":\"2025-01-22T18:32:22+00:00\",\"mainEntityOfPage\":{\"@id\":\"https:\/\/www.africa-press.net\/cotedivoire\/politique\/fif-lounes-hattab-nouveau-dtn-reynald-pedros-officialise-sebastien-bannier-directeur-de-la-formation\"},\"wordCount\":302,\"commentCount\":0,\"image\":{\"@id\":\"https:\/\/www.africa-press.net\/cotedivoire\/politique\/fif-lounes-hattab-nouveau-dtn-reynald-pedros-officialise-sebastien-bannier-directeur-de-la-formation#primaryimage\"},\"thumbnailUrl\":\"https:\/\/static.africa-press.net\/cote\/sites\/43\/2025\/01\/sm_1737559421.422343.jpg\",\"keywords\":[\"Alain Gouam\u00e9n\u00e9\",\"Battelli\",\"C\u00f4te d'Ivoire\",\"DTN\",\"FIF\",\"Loun\u00e8s Hattab\",\"nominations\",\"S\u00e9bastien Bannier\"],\"articleSection\":[\"Sports\",\"Toutes les actualit\u00e9s\"],\"inLanguage\":\"fr-FR\",\"potentialAction\":[{\"@type\":\"CommentAction\",\"name\":\"Comment\",\"target\":[\"https:\/\/www.africa-press.net\/cotedivoire\/politique\/fif-lounes-hattab-nouveau-dtn-reynald-pedros-officialise-sebastien-bannier-directeur-de-la-formation#respond\"]}]},{\"@type\":\"WebPage\",\"@id\":\"https:\/\/www.africa-press.net\/cotedivoire\/politique\/fif-lounes-hattab-nouveau-dtn-reynald-pedros-officialise-sebastien-bannier-directeur-de-la-formation\",\"url\":\"https:\/\/www.africa-press.net\/cotedivoire\/politique\/fif-lounes-hattab-nouveau-dtn-reynald-pedros-officialise-sebastien-bannier-directeur-de-la-formation\",\"name\":\"FIF, Loun\u00e8s Hattab nouveau DTN, Reynald Pedros officialis\u00e9, S\u00e9bastien Bannier Directeur de la formation - C\u00f4te d&#039;Ivoire\",\"isPartOf\":{\"@id\":\"https:\/\/www.africa-press.net\/cotedivoire\/#website\"},\"primaryImageOfPage\":{\"@id\":\"https:\/\/www.africa-press.net\/cotedivoire\/politique\/fif-lounes-hattab-nouveau-dtn-reynald-pedros-officialise-sebastien-bannier-directeur-de-la-formation#primaryimage\"},\"image\":{\"@id\":\"https:\/\/www.africa-press.net\/cotedivoire\/politique\/fif-lounes-hattab-nouveau-dtn-reynald-pedros-officialise-sebastien-bannier-directeur-de-la-formation#primaryimage\"},\"thumbnailUrl\":\"https:\/\/static.africa-press.net\/cote\/sites\/43\/2025\/01\/sm_1737559421.422343.jpg\",\"datePublished\":\"2025-01-22T18:32:22+00:00\",\"author\":{\"@id\":\"https:\/\/www.africa-press.net\/cotedivoire\/#\/schema\/person\/2b1cf3cd81a31e3cd26889ca66d677f1\"},\"breadcrumb\":{\"@id\":\"https:\/\/www.africa-press.net\/cotedivoire\/politique\/fif-lounes-hattab-nouveau-dtn-reynald-pedros-officialise-sebastien-bannier-directeur-de-la-formation#breadcrumb\"},\"inLanguage\":\"fr-FR\",\"potentialAction\":[{\"@type\":\"ReadAction\",\"target\":[\"https:\/\/www.africa-press.net\/cotedivoire\/politique\/fif-lounes-hattab-nouveau-dtn-reynald-pedros-officialise-sebastien-bannier-directeur-de-la-formation\"]}]},{\"@type\":\"ImageObject\",\"inLanguage\":\"fr-FR\",\"@id\":\"https:\/\/www.africa-press.net\/cotedivoire\/politique\/fif-lounes-hattab-nouveau-dtn-reynald-pedros-officialise-sebastien-bannier-directeur-de-la-formation#primaryimage\",\"url\":\"https:\/\/static.africa-press.net\/cote\/sites\/43\/2025\/01\/sm_1737559421.422343.jpg\",\"contentUrl\":\"https:\/\/static.africa-press.net\/cote\/sites\/43\/2025\/01\/sm_1737559421.422343.jpg\",\"width\":720,\"height\":373,\"caption\":\"FIF, Loun\u00e8s Hattab nouveau DTN, Reynald Pedros officialis\u00e9, S\u00e9bastien Bannier Directeur de la formation\"},{\"@type\":\"BreadcrumbList\",\"@id\":\"https:\/\/www.africa-press.net\/cotedivoire\/politique\/fif-lounes-hattab-nouveau-dtn-reynald-pedros-officialise-sebastien-bannier-directeur-de-la-formation#breadcrumb\",\"itemListElement\":[{\"@type\":\"ListItem\",\"position\":1,\"name\":\"Accueil\",\"item\":\"https:\/\/www.africa-press.net\/cotedivoire\/\"},{\"@type\":\"ListItem\",\"position\":2,\"name\":\"FIF, Loun\u00e8s Hattab nouveau DTN, Reynald Pedros officialis\u00e9, S\u00e9bastien Bannier Directeur de la formation\"}]},{\"@type\":\"WebSite\",\"@id\":\"https:\/\/www.africa-press.net\/cotedivoire\/#website\",\"url\":\"https:\/\/www.africa-press.net\/cotedivoire\/\",\"name\":\"C\u00f4te d&#039;Ivoire\",\"description\":\"Just another Africa News Agency Sites site\",\"potentialAction\":[{\"@type\":\"SearchAction\",\"target\":{\"@type\":\"EntryPoint\",\"urlTemplate\":\"https:\/\/www.africa-press.net\/cotedivoire\/?s={search_term_string}\"},\"query-input\":{\"@type\":\"PropertyValueSpecification\",\"valueRequired\":true,\"valueName\":\"search_term_string\"}}],\"inLanguage\":\"fr-FR\"},{\"@type\":\"Person\",\"@id\":\"https:\/\/www.africa-press.net\/cotedivoire\/#\/schema\/person\/2b1cf3cd81a31e3cd26889ca66d677f1\",\"name\":\"cfeditorfr\"}]}<\/script>\n<!-- \/ Yoast SEO Premium plugin. -->","yoast_head_json":{"title":"FIF, Loun\u00e8s Hattab nouveau DTN, Reynald Pedros officialis\u00e9, S\u00e9bastien Bannier Directeur de la formation - C\u00f4te d&#039;Ivoire","robots":{"index":"index","follow":"follow","max-snippet":"max-snippet:-1","max-image-preview":"max-image-preview:large","max-video-preview":"max-video-preview:-1"},"canonical":"https:\/\/www.africa-press.net\/cotedivoire\/politique\/fif-lounes-hattab-nouveau-dtn-reynald-pedros-officialise-sebastien-bannier-directeur-de-la-formation","og_locale":"fr_FR","og_type":"article","og_title":"FIF, Loun\u00e8s Hattab nouveau DTN, Reynald Pedros officialis\u00e9, S\u00e9bastien Bannier Directeur de la formation","og_description":"Africa-Press &#8211; C\u00f4te d&rsquo;Ivoire. La Fe\u0301de\u0301ration Ivoirienne de Football (FIF) a proce\u0301de\u0301 a\u0300 plusieurs nominations, le mardi 21 janvier 2025. Ainsi donc, Loune\u0300s Hattab est nomme\u0301 au poste de Directeur Technique National (DTN). Cet entrai\u0302neur franco-alge\u0301rien, a\u0302ge\u0301 de 57 ans, succe\u0300de a\u0300 Ludovic Batelli, parti rejoindre le Club Africain de Tunis pour s\u2019occuper de la [&hellip;]","og_url":"https:\/\/www.africa-press.net\/cotedivoire\/politique\/fif-lounes-hattab-nouveau-dtn-reynald-pedros-officialise-sebastien-bannier-directeur-de-la-formation","og_site_name":"C\u00f4te d&#039;Ivoire","article_published_time":"2025-01-22T18:32:22+00:00","author":"cfeditorfr","twitter_card":"summary_large_image","twitter_misc":{"\u00c9crit par":"cfeditorfr","Dur\u00e9e de lecture estim\u00e9e":"1 minute"},"schema":{"@context":"https:\/\/schema.org","@graph":[{"@type":"Article","@id":"https:\/\/www.africa-press.net\/cotedivoire\/politique\/fif-lounes-hattab-nouveau-dtn-reynald-pedros-officialise-sebastien-bannier-directeur-de-la-formation#article","isPartOf":{"@id":"https:\/\/www.africa-press.net\/cotedivoire\/politique\/fif-lounes-hattab-nouveau-dtn-reynald-pedros-officialise-sebastien-bannier-directeur-de-la-formation"},"author":{"name":"cfeditorfr","@id":"https:\/\/www.africa-press.net\/cotedivoire\/#\/schema\/person\/2b1cf3cd81a31e3cd26889ca66d677f1"},"headline":"FIF, Loun\u00e8s Hattab nouveau DTN, Reynald Pedros officialis\u00e9, S\u00e9bastien Bannier Directeur de la formation","datePublished":"2025-01-22T18:32:22+00:00","mainEntityOfPage":{"@id":"https:\/\/www.africa-press.net\/cotedivoire\/politique\/fif-lounes-hattab-nouveau-dtn-reynald-pedros-officialise-sebastien-bannier-directeur-de-la-formation"},"wordCount":302,"commentCount":0,"image":{"@id":"https:\/\/www.africa-press.net\/cotedivoire\/politique\/fif-lounes-hattab-nouveau-dtn-reynald-pedros-officialise-sebastien-bannier-directeur-de-la-formation#primaryimage"},"thumbnailUrl":"https:\/\/static.africa-press.net\/cote\/sites\/43\/2025\/01\/sm_1737559421.422343.jpg","keywords":["Alain Gouam\u00e9n\u00e9","Battelli","C\u00f4te d'Ivoire","DTN","FIF","Loun\u00e8s Hattab","nominations","S\u00e9bastien Bannier"],"articleSection":["Sports","Toutes les actualit\u00e9s"],"inLanguage":"fr-FR","potentialAction":[{"@type":"CommentAction","name":"Comment","target":["https:\/\/www.africa-press.net\/cotedivoire\/politique\/fif-lounes-hattab-nouveau-dtn-reynald-pedros-officialise-sebastien-bannier-directeur-de-la-formation#respond"]}]},{"@type":"WebPage","@id":"https:\/\/www.africa-press.net\/cotedivoire\/politique\/fif-lounes-hattab-nouveau-dtn-reynald-pedros-officialise-sebastien-bannier-directeur-de-la-formation","url":"https:\/\/www.africa-press.net\/cotedivoire\/politique\/fif-lounes-hattab-nouveau-dtn-reynald-pedros-officialise-sebastien-bannier-directeur-de-la-formation","name":"FIF, Loun\u00e8s Hattab nouveau DTN, Reynald Pedros officialis\u00e9, S\u00e9bastien Bannier Directeur de la formation - C\u00f4te d&#039;Ivoire","isPartOf":{"@id":"https:\/\/www.africa-press.net\/cotedivoire\/#website"},"primaryImageOfPage":{"@id":"https:\/\/www.africa-press.net\/cotedivoire\/politique\/fif-lounes-hattab-nouveau-dtn-reynald-pedros-officialise-sebastien-bannier-directeur-de-la-formation#primaryimage"},"image":{"@id":"https:\/\/www.africa-press.net\/cotedivoire\/politique\/fif-lounes-hattab-nouveau-dtn-reynald-pedros-officialise-sebastien-bannier-directeur-de-la-formation#primaryimage"},"thumbnailUrl":"https:\/\/static.africa-press.net\/cote\/sites\/43\/2025\/01\/sm_1737559421.422343.jpg","datePublished":"2025-01-22T18:32:22+00:00","author":{"@id":"https:\/\/www.africa-press.net\/cotedivoire\/#\/schema\/person\/2b1cf3cd81a31e3cd26889ca66d677f1"},"breadcrumb":{"@id":"https:\/\/www.africa-press.net\/cotedivoire\/politique\/fif-lounes-hattab-nouveau-dtn-reynald-pedros-officialise-sebastien-bannier-directeur-de-la-formation#breadcrumb"},"inLanguage":"fr-FR","potentialAction":[{"@type":"ReadAction","target":["https:\/\/www.africa-press.net\/cotedivoire\/politique\/fif-lounes-hattab-nouveau-dtn-reynald-pedros-officialise-sebastien-bannier-directeur-de-la-formation"]}]},{"@type":"ImageObject","inLanguage":"fr-FR","@id":"https:\/\/www.africa-press.net\/cotedivoire\/politique\/fif-lounes-hattab-nouveau-dtn-reynald-pedros-officialise-sebastien-bannier-directeur-de-la-formation#primaryimage","url":"https:\/\/static.africa-press.net\/cote\/sites\/43\/2025\/01\/sm_1737559421.422343.jpg","contentUrl":"https:\/\/static.africa-press.net\/cote\/sites\/43\/2025\/01\/sm_1737559421.422343.jpg","width":720,"height":373,"caption":"FIF, Loun\u00e8s Hattab nouveau DTN, Reynald Pedros officialis\u00e9, S\u00e9bastien Bannier Directeur de la formation"},{"@type":"BreadcrumbList","@id":"https:\/\/www.africa-press.net\/cotedivoire\/politique\/fif-lounes-hattab-nouveau-dtn-reynald-pedros-officialise-sebastien-bannier-directeur-de-la-formation#breadcrumb","itemListElement":[{"@type":"ListItem","position":1,"name":"Accueil","item":"https:\/\/www.africa-press.net\/cotedivoire\/"},{"@type":"ListItem","position":2,"name":"FIF, Loun\u00e8s Hattab nouveau DTN, Reynald Pedros officialis\u00e9, S\u00e9bastien Bannier Directeur de la formation"}]},{"@type":"WebSite","@id":"https:\/\/www.africa-press.net\/cotedivoire\/#website","url":"https:\/\/www.africa-press.net\/cotedivoire\/","name":"C\u00f4te d&#039;Ivoire","description":"Just another Africa News Agency Sites site","potentialAction":[{"@type":"SearchAction","target":{"@type":"EntryPoint","urlTemplate":"https:\/\/www.africa-press.net\/cotedivoire\/?s={search_term_string}"},"query-input":{"@type":"PropertyValueSpecification","valueRequired":true,"valueName":"search_term_string"}}],"inLanguage":"fr-FR"},{"@type":"Person","@id":"https:\/\/www.africa-press.net\/cotedivoire\/#\/schema\/person\/2b1cf3cd81a31e3cd26889ca66d677f1","name":"cfeditorfr"}]}},"_links":{"self":[{"href":"https:\/\/www.africa-press.net\/cotedivoire\/wp-json\/wp\/v2\/posts\/94097","targetHints":{"allow":["GET"]}}],"collection":[{"href":"https:\/\/www.africa-press.net\/cotedivoire\/wp-json\/wp\/v2\/posts"}],"about":[{"href":"https:\/\/www.africa-press.net\/cotedivoire\/wp-json\/wp\/v2\/types\/post"}],"author":[{"embeddable":true,"href":"https:\/\/www.africa-press.net\/cotedivoire\/wp-json\/wp\/v2\/users\/82"}],"replies":[{"embeddable":true,"href":"https:\/\/www.africa-press.net\/cotedivoire\/wp-json\/wp\/v2\/comments?post=94097"}],"version-history":[{"count":0,"href":"https:\/\/www.africa-press.net\/cotedivoire\/wp-json\/wp\/v2\/posts\/94097\/revisions"}],"wp:featuredmedia":[{"embeddable":true,"href":"https:\/\/www.africa-press.net\/cotedivoire\/wp-json\/wp\/v2\/media\/94096"}],"wp:attachment":[{"href":"https:\/\/www.africa-press.net\/cotedivoire\/wp-json\/wp\/v2\/media?parent=94097"}],"wp:term":[{"taxonomy":"category","embeddable":true,"href":"https:\/\/www.africa-press.net\/cotedivoire\/wp-json\/wp\/v2\/categories?post=94097"},{"taxonomy":"post_tag","embeddable":true,"href":"https:\/\/www.africa-press.net\/cotedivoire\/wp-json\/wp\/v2\/tags?post=94097"}],"curies":[{"name":"wp","href":"https:\/\/api.w.org\/{rel}","templated":true}]}}