{"id":94123,"date":"2025-01-23T16:47:22","date_gmt":"2025-01-23T16:47:22","guid":{"rendered":"https:\/\/www.africa-press.net\/cotedivoire\/politique\/quel-avenir-pour-la-mediterranee-six-scenarios-envisages"},"modified":"2025-01-23T16:47:22","modified_gmt":"2025-01-23T16:47:22","slug":"quel-avenir-pour-la-mediterranee-six-scenarios-envisages","status":"publish","type":"post","link":"https:\/\/www.africa-press.net\/cotedivoire\/toutes-les-actualites\/quel-avenir-pour-la-mediterranee-six-scenarios-envisages","title":{"rendered":"Quel avenir pour la M\u00e9diterran\u00e9e ? Six sc\u00e9narios envisag\u00e9s"},"content":{"rendered":"<p><span style=\"color: #ff6600\"><strong>Africa-Press &#8211; C\u00f4te d&rsquo;Ivoire. <\/strong><\/span>Quel avenir pour la Me\u0301diterrane\u0301e demain ? L&rsquo;association Plan Bleu, cre\u0301e\u0301e en 1977 pour promouvoir le de\u0301veloppement durable en Me\u0301diterrane\u0301e, produit des analyses et recommandations tous les vingt ans afin de guider les de\u0301cideurs vers des politiques environnementales durables. \u00ab\u00a0Le rapport MED 2050 est prospectif\u00a0\u00bb, annonce d&#8217;emble\u0301e Guillaume Sainteny, Pre\u0301sident de l&rsquo;Association, lors d&rsquo;un point presse le 16 janvier 2025.<\/p>\n<p>Le rapport MED 2050 analyse la re\u0301gion dans le cadre du changement climatique global et adopte une approche syste\u0301mique couvrant sept dimensions: le contexte mondial, la de\u0301mographie, l\u2019e\u0301conomie, l\u2019environnement, les sciences et technologies, ainsi que la gouvernance. Structure\u0301 en cinq phases, le rapport propose une analyse des enjeux futurs, l\u2019e\u0301laboration de sce\u0301narios pour 2030-2050, ainsi qu&rsquo;une re\u0301flexion sur les transitions vers un de\u0301veloppement durable.<\/p>\n<p><b>Trois sce\u0301narios juge\u0301s particulie\u0300rement \u00ab\u00a0pre\u0301occupants\u00a0\u00bb, dont le plus probable<\/b><\/p>\n<p>Le rapport MED 2050 propose ainsi six sce\u0301narios pour l&rsquo;avenir de la Me\u0301diterrane\u0301e, chacun dicte\u0301 par des choix politiques et sociaux qui fac\u0327onneront la re\u0301gion d&rsquo;ici 2050. Parmi eux, trois sce\u0301narios sont juge\u0301s particulie\u0300rement \u00ab\u00a0pre\u0301occupants\u00a0\u00bb.<\/p>\n<p>Le premier sce\u0301nario est celui du \u00ab\u00a0<b>business as usual<\/b>\u00ab\u00a0: inertie, marginalisation de la Me\u0301diterrane\u0301e et pragmatisme. Ce sce\u0301nario refle\u0300te la prolongation des tendances actuelles dans une re\u0301gion paralyse\u0301e par de multiples blocages et la \u00ab\u00a0procrastination des de\u0301cideurs\u00a0\u00bb. Cette inertie, associe\u0301e a\u0300 la marginalisation de la Me\u0301diterrane\u0301e et a\u0300 un pragmatisme limite\u0301, se traduit par une de\u0301gradation continue des e\u0301cosyste\u0300mes, la fragmentation des socie\u0301te\u0301s, des conflits lie\u0301s a\u0300 l&rsquo;acce\u0300s aux ressources, ainsi qu&rsquo;une perte d&rsquo;influence de la re\u0301gion sur la sce\u0300ne mondiale. Selon Denis Lacroix, secre\u0301taire ge\u0301ne\u0301ral du Plan Bleu et co-auteur du rapport: \u00ab\u00a0ce sce\u0301nario est malheureusement le plus probable\u00a0\u00bb.<\/p>\n<p>Le deuxie\u0300me, le <b>choc des crises et adaptations force\u0301es<\/b>, imagine une succession ou accumulation de crises et de chocs, imagine des situations ou\u0300 pays et socie\u0301te\u0301s sont contraints de s\u2019adapter constamment dans l\u2019urgence. Ces catastrophes en chai\u0302ne, avec des effets domino, entrai\u0302nent une de\u0301stabilisation ge\u0301ne\u0301ralise\u0301e des socie\u0301te\u0301s, avant de provoquer l\u2019e\u0301mergence de me\u0301canismes d\u2019adaptation qui, a\u0300 terme, favorisent la construction de re\u0301seaux de re\u0301silience au niveau local. Ce sce\u0301nario met en lumie\u0300re les de\u0301fis et les transformations impose\u0301s par ces bouleversements.<\/p>\n<p>Enfin, la <b>croissance a\u0300 tout prix dans une Me\u0301diterrane\u0301e e\u0301clate\u0301e<\/b> illustre une dynamique centre\u0301e sur la compe\u0301tition mondiale pour l&rsquo;acce\u0300s aux ressources et aux marche\u0301s, ou\u0300 la priorite\u0301 accorde\u0301e a\u0300 la croissance e\u0301conomique et a\u0300 la cre\u0301ation d&#8217;emplois s&rsquo;inscrit dans une logique de de\u0301fense des inte\u0301re\u0302ts nationaux. Dans ce contexte, la coope\u0301ration re\u0301gionale ou internationale demeure limite\u0301e et ine\u0301gale, accentuant la de\u0301te\u0301rioration des e\u0301cosyste\u0300mes et aggravant les tensions sociales, alors que la croissance e\u0301conomique est e\u0301rige\u0301e en objectif central du de\u0301veloppement dans tous les domaines.<\/p>\n<p>\u00ab\u00a0L\u2019avantage de la prospective, c\u2019est qu\u2019en simulant les pires sce\u0301narios, on peut prendre des mesures pour les e\u0301viter. On ne peut pas dire qu\u2019on ne savait pas\u00a0\u00bb, de\u0301clare Denis Lacroix. \u00ab\u00a0Les e\u0301ve\u0301nements climatiques extre\u0302mes, comme les re\u0301centes inondations de Valence, ne sont que le de\u0301but d\u2019une tendance qui pourrait se re\u0301pe\u0301ter si rien n\u2019est fait pour agir\u00a0\u00bb, rappelle a\u0300 son tour Guillaume Sainteny, Pre\u0301sident du Plan Bleu.<\/p>\n<p><b>Vers une transition plus durable: coope\u0301ration et gouvernance<\/b><\/p>\n<p>Les sce\u0301narios 4 et 5 du rapport MED 2050 pre\u0301sentent des solutions optimistes pour la Me\u0301diterrane\u0301e.<\/p>\n<p>Le sce\u0301nario 4, juge\u0301 le \u00ab\u00a0plus re\u0301aliste\u00a0\u00bb par Denis Lacroix,\u00a0\u00bbmise sur une <b>coope\u0301ration euro-me\u0301diterrane\u0301enne pour une transition bleue-verte\u00a0\u00bb<\/b>, visant la neutralite\u0301 carbone d\u2019ici 2050. Cette collaboration multilate\u0301rale re\u0301ussie entre l\u2019Union europe\u0301enne et les autres pays me\u0301diterrane\u0301ens permet non seulement de re\u0301duire drastiquement les e\u0301missions de carbone, mais aussi d\u2019assurer une inte\u0301gration de la re\u0301gion dans la mondialisation. Gra\u0302ce a\u0300 une strate\u0301gie combinant technologie et incitations e\u0301conomiques, ce sce\u0301nario envisage une transformation durable et e\u0301quilibre\u0301e a\u0300 l\u2019e\u0301chelle re\u0301gionale.<\/p>\n<p>Le sce\u0301nario 5 propose un <b>mode\u0300le spe\u0301cifique a\u0300 la re\u0301gion<\/b>. Il met en avant un mode\u0300le ine\u0301dit et spe\u0301cifiquement me\u0301diterrane\u0301en, reposant sur la synergie des socie\u0301te\u0301s civiles et une planification coordonne\u0301e a\u0300 diffe\u0301rentes e\u0301chelles temporelles. Ce sce\u0301nario imagine une bifurcation vers un de\u0301veloppement durable fort, incarnant un exemple mondial gra\u0302ce a\u0300 une transformation profonde des conditions de vie, des mode\u0300les e\u0301conomiques et des gouvernances. Cette transition s&rsquo;appuie sur des relations Nord-Sud e\u0301quilibre\u0301es et le respect de la diversite\u0301 culturelle et locale, faisant de la Me\u0301diterrane\u0301e un \u00ab\u00a0laboratoire d&rsquo;innovation pour un avenir soutenable\u00a0\u00bb.<\/p>\n<p>Comme l\u2019indique Denis Lacroix, \u00ab\u00a0le sce\u0301nario 4 est plus facile a\u0300 mettre en \u0153uvre, tandis que le sce\u0301nario 5, bien que plus ambitieux, rencontre des blocages\u00a0\u00bb.<\/p>\n<p><b>L\u2019avenir du bien commun mondial: une utopie ne\u0301cessaire ?<\/b><\/p>\n<p>Enfin, le dernier sce\u0301nario envisage la mer Me\u0301diterrane\u0301e comme un \u00ab\u00a0<b>bien commun mondial\u00a0\u00bb<\/b>. Une telle vision s\u2019inscrit a\u0300 la fois dans le cadre d\u2019une mobilisation mondiale en faveur des oce\u0301ans et dans une dynamique de reconnaissance des droits accorde\u0301s a\u0300 la nature et aux ge\u0301ne\u0301rations futures. \u00ab\u00a0Un concept innovant\u201d pour Denis Lacroix \u00ab\u00a0qui repose sur la reconnaissance des droits de la nature, ce qui a de\u0301ja\u0300 e\u0301te\u0301 fait pour l\u2019Amazonie par exemple\u00a0\u00bb, mais \u00ab\u00a0cela ne\u0301cessite une mobilisation de la communaute\u0301 internationale\u00a0\u00bb.<\/p>\n<p>Ainsi, le rapport MED 2050 invite a\u0300 une prise de conscience collective des de\u0301fis et a\u0300 des actions concre\u0300tes pour e\u0301viter les sce\u0301narios les plus dramatiques, tout en explorant des mode\u0300les de coope\u0301ration et de durabilite\u0301 pour garantir un avenir meilleur pour la Me\u0301diterrane\u0301e.<\/p>\n<p><strong>Pour plus d&rsquo;informations et d&rsquo;analyses sur la <span style=\"color: #ff6600\">C\u00f4te d&rsquo;Ivoire<\/span>, suivez <span style=\"color: #ff6600\">Africa-Press<span style=\"color: #ff6600\"><\/span><\/strong><\/p>\n","protected":false},"excerpt":{"rendered":"<p>Africa-Press &#8211; C\u00f4te d&rsquo;Ivoire. Quel avenir pour la Me\u0301diterrane\u0301e demain ? L&rsquo;association Plan Bleu, cre\u0301e\u0301e en 1977 pour promouvoir le de\u0301veloppement durable en Me\u0301diterrane\u0301e, produit des analyses et recommandations tous les vingt ans afin de guider les de\u0301cideurs vers des politiques environnementales durables. \u00ab\u00a0Le rapport MED 2050 est prospectif\u00a0\u00bb, annonce d&#8217;emble\u0301e Guillaume Sainteny, Pre\u0301sident de [&hellip;]<\/p>\n","protected":false},"author":82,"featured_media":94122,"comment_status":"open","ping_status":"closed","sticky":false,"template":"","format":"standard","meta":{"footnotes":""},"categories":[22,10],"tags":[37],"class_list":["post-94123","post","type-post","status-publish","format-standard","has-post-thumbnail","hentry","category-divers","category-toutes-les-actualites","tag-cote-divoire-2"],"yoast_head":"<!-- This site is optimized with the Yoast SEO Premium plugin v26.1 (Yoast SEO v27.0) - https:\/\/yoast.com\/product\/yoast-seo-premium-wordpress\/ -->\n<title>Quel avenir pour la M\u00e9diterran\u00e9e ? Six sc\u00e9narios envisag\u00e9s - C\u00f4te d&#039;Ivoire<\/title>\n<meta name=\"robots\" content=\"index, follow, max-snippet:-1, max-image-preview:large, max-video-preview:-1\" \/>\n<link rel=\"canonical\" href=\"https:\/\/www.africa-press.net\/cotedivoire\/politique\/quel-avenir-pour-la-mediterranee-six-scenarios-envisages\" \/>\n<meta property=\"og:locale\" content=\"fr_FR\" \/>\n<meta property=\"og:type\" content=\"article\" \/>\n<meta property=\"og:title\" content=\"Quel avenir pour la M\u00e9diterran\u00e9e ? Six sc\u00e9narios envisag\u00e9s\" \/>\n<meta property=\"og:description\" content=\"Africa-Press &#8211; C\u00f4te d&rsquo;Ivoire. Quel avenir pour la Me\u0301diterrane\u0301e demain ? L&rsquo;association Plan Bleu, cre\u0301e\u0301e en 1977 pour promouvoir le de\u0301veloppement durable en Me\u0301diterrane\u0301e, produit des analyses et recommandations tous les vingt ans afin de guider les de\u0301cideurs vers des politiques environnementales durables. \u00ab\u00a0Le rapport MED 2050 est prospectif\u00a0\u00bb, annonce d&#8217;emble\u0301e Guillaume Sainteny, Pre\u0301sident de [&hellip;]\" \/>\n<meta property=\"og:url\" content=\"https:\/\/www.africa-press.net\/cotedivoire\/politique\/quel-avenir-pour-la-mediterranee-six-scenarios-envisages\" \/>\n<meta property=\"og:site_name\" content=\"C\u00f4te d&#039;Ivoire\" \/>\n<meta property=\"article:published_time\" content=\"2025-01-23T16:47:22+00:00\" \/>\n<meta name=\"author\" content=\"cfeditorfr\" \/>\n<meta name=\"twitter:card\" content=\"summary_large_image\" \/>\n<meta name=\"twitter:label1\" content=\"\u00c9crit par\" \/>\n\t<meta name=\"twitter:data1\" content=\"cfeditorfr\" \/>\n\t<meta name=\"twitter:label2\" content=\"Dur\u00e9e de lecture estim\u00e9e\" \/>\n\t<meta name=\"twitter:data2\" content=\"5 minutes\" \/>\n<script type=\"application\/ld+json\" class=\"yoast-schema-graph\">{\"@context\":\"https:\/\/schema.org\",\"@graph\":[{\"@type\":\"Article\",\"@id\":\"https:\/\/www.africa-press.net\/cotedivoire\/politique\/quel-avenir-pour-la-mediterranee-six-scenarios-envisages#article\",\"isPartOf\":{\"@id\":\"https:\/\/www.africa-press.net\/cotedivoire\/politique\/quel-avenir-pour-la-mediterranee-six-scenarios-envisages\"},\"author\":{\"name\":\"cfeditorfr\",\"@id\":\"https:\/\/www.africa-press.net\/cotedivoire\/#\/schema\/person\/2b1cf3cd81a31e3cd26889ca66d677f1\"},\"headline\":\"Quel avenir pour la M\u00e9diterran\u00e9e ? Six sc\u00e9narios envisag\u00e9s\",\"datePublished\":\"2025-01-23T16:47:22+00:00\",\"mainEntityOfPage\":{\"@id\":\"https:\/\/www.africa-press.net\/cotedivoire\/politique\/quel-avenir-pour-la-mediterranee-six-scenarios-envisages\"},\"wordCount\":1090,\"commentCount\":0,\"image\":{\"@id\":\"https:\/\/www.africa-press.net\/cotedivoire\/politique\/quel-avenir-pour-la-mediterranee-six-scenarios-envisages#primaryimage\"},\"thumbnailUrl\":\"https:\/\/static.africa-press.net\/cote\/sites\/43\/2025\/01\/sm_1737638877.106696.jpg\",\"keywords\":[\"C\u00f4te d'Ivoire\"],\"articleSection\":[\"Divers\",\"Toutes les actualit\u00e9s\"],\"inLanguage\":\"fr-FR\",\"potentialAction\":[{\"@type\":\"CommentAction\",\"name\":\"Comment\",\"target\":[\"https:\/\/www.africa-press.net\/cotedivoire\/politique\/quel-avenir-pour-la-mediterranee-six-scenarios-envisages#respond\"]}]},{\"@type\":\"WebPage\",\"@id\":\"https:\/\/www.africa-press.net\/cotedivoire\/politique\/quel-avenir-pour-la-mediterranee-six-scenarios-envisages\",\"url\":\"https:\/\/www.africa-press.net\/cotedivoire\/politique\/quel-avenir-pour-la-mediterranee-six-scenarios-envisages\",\"name\":\"Quel avenir pour la M\u00e9diterran\u00e9e ? Six sc\u00e9narios envisag\u00e9s - C\u00f4te d&#039;Ivoire\",\"isPartOf\":{\"@id\":\"https:\/\/www.africa-press.net\/cotedivoire\/#website\"},\"primaryImageOfPage\":{\"@id\":\"https:\/\/www.africa-press.net\/cotedivoire\/politique\/quel-avenir-pour-la-mediterranee-six-scenarios-envisages#primaryimage\"},\"image\":{\"@id\":\"https:\/\/www.africa-press.net\/cotedivoire\/politique\/quel-avenir-pour-la-mediterranee-six-scenarios-envisages#primaryimage\"},\"thumbnailUrl\":\"https:\/\/static.africa-press.net\/cote\/sites\/43\/2025\/01\/sm_1737638877.106696.jpg\",\"datePublished\":\"2025-01-23T16:47:22+00:00\",\"author\":{\"@id\":\"https:\/\/www.africa-press.net\/cotedivoire\/#\/schema\/person\/2b1cf3cd81a31e3cd26889ca66d677f1\"},\"breadcrumb\":{\"@id\":\"https:\/\/www.africa-press.net\/cotedivoire\/politique\/quel-avenir-pour-la-mediterranee-six-scenarios-envisages#breadcrumb\"},\"inLanguage\":\"fr-FR\",\"potentialAction\":[{\"@type\":\"ReadAction\",\"target\":[\"https:\/\/www.africa-press.net\/cotedivoire\/politique\/quel-avenir-pour-la-mediterranee-six-scenarios-envisages\"]}]},{\"@type\":\"ImageObject\",\"inLanguage\":\"fr-FR\",\"@id\":\"https:\/\/www.africa-press.net\/cotedivoire\/politique\/quel-avenir-pour-la-mediterranee-six-scenarios-envisages#primaryimage\",\"url\":\"https:\/\/static.africa-press.net\/cote\/sites\/43\/2025\/01\/sm_1737638877.106696.jpg\",\"contentUrl\":\"https:\/\/static.africa-press.net\/cote\/sites\/43\/2025\/01\/sm_1737638877.106696.jpg\",\"width\":1200,\"height\":900,\"caption\":\"Quel avenir pour la M\u00e9diterran\u00e9e ? Six sc\u00e9narios envisag\u00e9s\"},{\"@type\":\"BreadcrumbList\",\"@id\":\"https:\/\/www.africa-press.net\/cotedivoire\/politique\/quel-avenir-pour-la-mediterranee-six-scenarios-envisages#breadcrumb\",\"itemListElement\":[{\"@type\":\"ListItem\",\"position\":1,\"name\":\"Accueil\",\"item\":\"https:\/\/www.africa-press.net\/cotedivoire\/\"},{\"@type\":\"ListItem\",\"position\":2,\"name\":\"Quel avenir pour la M\u00e9diterran\u00e9e ? Six sc\u00e9narios envisag\u00e9s\"}]},{\"@type\":\"WebSite\",\"@id\":\"https:\/\/www.africa-press.net\/cotedivoire\/#website\",\"url\":\"https:\/\/www.africa-press.net\/cotedivoire\/\",\"name\":\"C\u00f4te d&#039;Ivoire\",\"description\":\"Just another Africa News Agency Sites site\",\"potentialAction\":[{\"@type\":\"SearchAction\",\"target\":{\"@type\":\"EntryPoint\",\"urlTemplate\":\"https:\/\/www.africa-press.net\/cotedivoire\/?s={search_term_string}\"},\"query-input\":{\"@type\":\"PropertyValueSpecification\",\"valueRequired\":true,\"valueName\":\"search_term_string\"}}],\"inLanguage\":\"fr-FR\"},{\"@type\":\"Person\",\"@id\":\"https:\/\/www.africa-press.net\/cotedivoire\/#\/schema\/person\/2b1cf3cd81a31e3cd26889ca66d677f1\",\"name\":\"cfeditorfr\"}]}<\/script>\n<!-- \/ Yoast SEO Premium plugin. -->","yoast_head_json":{"title":"Quel avenir pour la M\u00e9diterran\u00e9e ? Six sc\u00e9narios envisag\u00e9s - C\u00f4te d&#039;Ivoire","robots":{"index":"index","follow":"follow","max-snippet":"max-snippet:-1","max-image-preview":"max-image-preview:large","max-video-preview":"max-video-preview:-1"},"canonical":"https:\/\/www.africa-press.net\/cotedivoire\/politique\/quel-avenir-pour-la-mediterranee-six-scenarios-envisages","og_locale":"fr_FR","og_type":"article","og_title":"Quel avenir pour la M\u00e9diterran\u00e9e ? Six sc\u00e9narios envisag\u00e9s","og_description":"Africa-Press &#8211; C\u00f4te d&rsquo;Ivoire. Quel avenir pour la Me\u0301diterrane\u0301e demain ? L&rsquo;association Plan Bleu, cre\u0301e\u0301e en 1977 pour promouvoir le de\u0301veloppement durable en Me\u0301diterrane\u0301e, produit des analyses et recommandations tous les vingt ans afin de guider les de\u0301cideurs vers des politiques environnementales durables. \u00ab\u00a0Le rapport MED 2050 est prospectif\u00a0\u00bb, annonce d&#8217;emble\u0301e Guillaume Sainteny, Pre\u0301sident de [&hellip;]","og_url":"https:\/\/www.africa-press.net\/cotedivoire\/politique\/quel-avenir-pour-la-mediterranee-six-scenarios-envisages","og_site_name":"C\u00f4te d&#039;Ivoire","article_published_time":"2025-01-23T16:47:22+00:00","author":"cfeditorfr","twitter_card":"summary_large_image","twitter_misc":{"\u00c9crit par":"cfeditorfr","Dur\u00e9e de lecture estim\u00e9e":"5 minutes"},"schema":{"@context":"https:\/\/schema.org","@graph":[{"@type":"Article","@id":"https:\/\/www.africa-press.net\/cotedivoire\/politique\/quel-avenir-pour-la-mediterranee-six-scenarios-envisages#article","isPartOf":{"@id":"https:\/\/www.africa-press.net\/cotedivoire\/politique\/quel-avenir-pour-la-mediterranee-six-scenarios-envisages"},"author":{"name":"cfeditorfr","@id":"https:\/\/www.africa-press.net\/cotedivoire\/#\/schema\/person\/2b1cf3cd81a31e3cd26889ca66d677f1"},"headline":"Quel avenir pour la M\u00e9diterran\u00e9e ? Six sc\u00e9narios envisag\u00e9s","datePublished":"2025-01-23T16:47:22+00:00","mainEntityOfPage":{"@id":"https:\/\/www.africa-press.net\/cotedivoire\/politique\/quel-avenir-pour-la-mediterranee-six-scenarios-envisages"},"wordCount":1090,"commentCount":0,"image":{"@id":"https:\/\/www.africa-press.net\/cotedivoire\/politique\/quel-avenir-pour-la-mediterranee-six-scenarios-envisages#primaryimage"},"thumbnailUrl":"https:\/\/static.africa-press.net\/cote\/sites\/43\/2025\/01\/sm_1737638877.106696.jpg","keywords":["C\u00f4te d'Ivoire"],"articleSection":["Divers","Toutes les actualit\u00e9s"],"inLanguage":"fr-FR","potentialAction":[{"@type":"CommentAction","name":"Comment","target":["https:\/\/www.africa-press.net\/cotedivoire\/politique\/quel-avenir-pour-la-mediterranee-six-scenarios-envisages#respond"]}]},{"@type":"WebPage","@id":"https:\/\/www.africa-press.net\/cotedivoire\/politique\/quel-avenir-pour-la-mediterranee-six-scenarios-envisages","url":"https:\/\/www.africa-press.net\/cotedivoire\/politique\/quel-avenir-pour-la-mediterranee-six-scenarios-envisages","name":"Quel avenir pour la M\u00e9diterran\u00e9e ? Six sc\u00e9narios envisag\u00e9s - C\u00f4te d&#039;Ivoire","isPartOf":{"@id":"https:\/\/www.africa-press.net\/cotedivoire\/#website"},"primaryImageOfPage":{"@id":"https:\/\/www.africa-press.net\/cotedivoire\/politique\/quel-avenir-pour-la-mediterranee-six-scenarios-envisages#primaryimage"},"image":{"@id":"https:\/\/www.africa-press.net\/cotedivoire\/politique\/quel-avenir-pour-la-mediterranee-six-scenarios-envisages#primaryimage"},"thumbnailUrl":"https:\/\/static.africa-press.net\/cote\/sites\/43\/2025\/01\/sm_1737638877.106696.jpg","datePublished":"2025-01-23T16:47:22+00:00","author":{"@id":"https:\/\/www.africa-press.net\/cotedivoire\/#\/schema\/person\/2b1cf3cd81a31e3cd26889ca66d677f1"},"breadcrumb":{"@id":"https:\/\/www.africa-press.net\/cotedivoire\/politique\/quel-avenir-pour-la-mediterranee-six-scenarios-envisages#breadcrumb"},"inLanguage":"fr-FR","potentialAction":[{"@type":"ReadAction","target":["https:\/\/www.africa-press.net\/cotedivoire\/politique\/quel-avenir-pour-la-mediterranee-six-scenarios-envisages"]}]},{"@type":"ImageObject","inLanguage":"fr-FR","@id":"https:\/\/www.africa-press.net\/cotedivoire\/politique\/quel-avenir-pour-la-mediterranee-six-scenarios-envisages#primaryimage","url":"https:\/\/static.africa-press.net\/cote\/sites\/43\/2025\/01\/sm_1737638877.106696.jpg","contentUrl":"https:\/\/static.africa-press.net\/cote\/sites\/43\/2025\/01\/sm_1737638877.106696.jpg","width":1200,"height":900,"caption":"Quel avenir pour la M\u00e9diterran\u00e9e ? Six sc\u00e9narios envisag\u00e9s"},{"@type":"BreadcrumbList","@id":"https:\/\/www.africa-press.net\/cotedivoire\/politique\/quel-avenir-pour-la-mediterranee-six-scenarios-envisages#breadcrumb","itemListElement":[{"@type":"ListItem","position":1,"name":"Accueil","item":"https:\/\/www.africa-press.net\/cotedivoire\/"},{"@type":"ListItem","position":2,"name":"Quel avenir pour la M\u00e9diterran\u00e9e ? Six sc\u00e9narios envisag\u00e9s"}]},{"@type":"WebSite","@id":"https:\/\/www.africa-press.net\/cotedivoire\/#website","url":"https:\/\/www.africa-press.net\/cotedivoire\/","name":"C\u00f4te d&#039;Ivoire","description":"Just another Africa News Agency Sites site","potentialAction":[{"@type":"SearchAction","target":{"@type":"EntryPoint","urlTemplate":"https:\/\/www.africa-press.net\/cotedivoire\/?s={search_term_string}"},"query-input":{"@type":"PropertyValueSpecification","valueRequired":true,"valueName":"search_term_string"}}],"inLanguage":"fr-FR"},{"@type":"Person","@id":"https:\/\/www.africa-press.net\/cotedivoire\/#\/schema\/person\/2b1cf3cd81a31e3cd26889ca66d677f1","name":"cfeditorfr"}]}},"_links":{"self":[{"href":"https:\/\/www.africa-press.net\/cotedivoire\/wp-json\/wp\/v2\/posts\/94123","targetHints":{"allow":["GET"]}}],"collection":[{"href":"https:\/\/www.africa-press.net\/cotedivoire\/wp-json\/wp\/v2\/posts"}],"about":[{"href":"https:\/\/www.africa-press.net\/cotedivoire\/wp-json\/wp\/v2\/types\/post"}],"author":[{"embeddable":true,"href":"https:\/\/www.africa-press.net\/cotedivoire\/wp-json\/wp\/v2\/users\/82"}],"replies":[{"embeddable":true,"href":"https:\/\/www.africa-press.net\/cotedivoire\/wp-json\/wp\/v2\/comments?post=94123"}],"version-history":[{"count":0,"href":"https:\/\/www.africa-press.net\/cotedivoire\/wp-json\/wp\/v2\/posts\/94123\/revisions"}],"wp:featuredmedia":[{"embeddable":true,"href":"https:\/\/www.africa-press.net\/cotedivoire\/wp-json\/wp\/v2\/media\/94122"}],"wp:attachment":[{"href":"https:\/\/www.africa-press.net\/cotedivoire\/wp-json\/wp\/v2\/media?parent=94123"}],"wp:term":[{"taxonomy":"category","embeddable":true,"href":"https:\/\/www.africa-press.net\/cotedivoire\/wp-json\/wp\/v2\/categories?post=94123"},{"taxonomy":"post_tag","embeddable":true,"href":"https:\/\/www.africa-press.net\/cotedivoire\/wp-json\/wp\/v2\/tags?post=94123"}],"curies":[{"name":"wp","href":"https:\/\/api.w.org\/{rel}","templated":true}]}}