{"id":94133,"date":"2025-01-23T15:49:34","date_gmt":"2025-01-23T15:49:34","guid":{"rendered":"https:\/\/www.africa-press.net\/cotedivoire\/politique\/un-oeil-numerique-decrypte-les-sols"},"modified":"2025-01-23T15:49:34","modified_gmt":"2025-01-23T15:49:34","slug":"un-oeil-numerique-decrypte-les-sols","status":"publish","type":"post","link":"https:\/\/www.africa-press.net\/cotedivoire\/toutes-les-actualites\/un-oeil-numerique-decrypte-les-sols","title":{"rendered":"Un \u0153il num\u00e9rique d\u00e9crypte les sols"},"content":{"rendered":"<p><span style=\"color: #ff6600\"><strong>Africa-Press &#8211; C\u00f4te d&rsquo;Ivoire. <\/strong><\/span>De quoi est compose\u0301 le territoire franc\u0327ais aujourd&rsquo;hui ? Comment sont occupe\u0301s ses sols ? Comment ont-ils e\u0301volue\u0301 depuis 10 ans, 50 ans ou un sie\u0300cle ? Et comment se transformeront-ils demain ? Les indicateurs sont nombreux: artificialisation des sols, surface et composition des fore\u0302ts, recul des co\u0302tes, intensification agricole aussi. Mais face a\u0300 l&rsquo;urgence climatique, \u00ab\u00a0nous avons besoin de nouvelles descriptions du territoire qui soient syste\u0301matiques, de\u0301taille\u0301es et fiables afin d&rsquo;observer finement chaque e\u0301volution pour e\u0301clairer l&rsquo;action publique\u00a0\u00bb, estime Matthieu Porte, coordinateur des activite\u0301s IA de l&rsquo;Institut national de l&rsquo;information ge\u0301ographique et forestie\u0300re (IGN).<\/p>\n<p>Depuis sa cre\u0301ation en 1940, l&rsquo;IGN a toujours mise\u0301 sur l&rsquo;alliance de compe\u0301tences humaines d&rsquo;analyse et d&rsquo;interpre\u0301tation, et de technologies. Aujourd&rsquo;hui, il dispose d&rsquo;une capacite\u0301 d&rsquo;observation e\u0301largie gra\u0302ce au croisement d&rsquo;images satellitaires, ae\u0301riennes ou de lidar haute densite\u0301. Et pour analyser toutes ces donne\u0301es en continu, l&rsquo;IA joue de\u0301sormais un ro\u0302le de\u0301cisif.<\/p>\n<p>\u00ab\u00a0Prenons un cas emble\u0301matique chez nous: le suivi de l&rsquo;occupation des sols, de\u0301taille Matthieu Porte. Pour faire de l&rsquo;IA un outil puissant, nous allons cre\u0301er des algorithmes capables de lire des cliche\u0301s du territoire, et donc d&rsquo;en de\u0301crire la composition. Nos experts de l&rsquo;analyse photographique savent faire cette description sur quelques centaines ou milliers de kilome\u0300tres carre\u0301s. Demain, les algorithmes vont permettre de l&rsquo;e\u0301tendre a\u0300 la totalite\u0301 du territoire national et de le faire beaucoup plus re\u0301gulie\u0300rement. \u00a0\u00bb<\/p>\n<p>Deux projets majeurs illustrent cette ambition. Le premier, baptise\u0301 OCS GE (occupation du sol a\u0300 grande e\u0301chelle), a pour but de mesurer l&rsquo;artificialisation du territoire avec des mises a\u0300 jour tous les trois ans. Il consiste a\u0300 de\u0301velopper un mode\u0300le d&rsquo;apprentissage profond a\u0300 partir de donne\u0301es \u00ab\u00a0socles\u00a0\u00bb issues de prises de vue ae\u0301riennes en haute re\u0301solution, pour classer de manie\u0300re automatique les zones selon 16 natures de couverture diffe\u0301rentes (fore\u0302t, terre agricole, ba\u0302ti&#8230;). Une fois cette description faite, elle est croise\u0301e avec d&rsquo;autres donne\u0301es, comme celles des fichiers fonciers transmis par le Centre d&rsquo;e\u0301tudes et d&rsquo;expertise sur les risques, l&rsquo;environnement, la mobilite\u0301 et l&rsquo;ame\u0301nagement (Cerema).<\/p>\n<p>Non seulement ce projet offre une mesure plus exhaustive de l&rsquo;artificialisation des sols, mais il a e\u0301galement pour ambition de re\u0301pondre a\u0300 un autre de\u0301fi: identifier les zones dites de non-changement. Car le taux de changement sur une pe\u0301riode de trois ans est estime\u0301 a\u0300 1 % de la surface du territoire. Tout reprendre a\u0300 chaque fois n&rsquo;a donc pas de sens.<\/p>\n<p><b>Le temps d&rsquo;actualisation des cartes divise\u0301 par trois<\/b><\/p>\n<p>L&rsquo;autre projet concerne la cartographie forestie\u0300re nationale que produit l&rsquo;IGN. En s&rsquo;appuyant toujours sur l&rsquo;apprentissage profond, un \u00ab\u00a0masque fore\u0302t\u00a0\u00bb a pu e\u0302tre cre\u0301e\u0301 pour de\u0301terminer avec pre\u0301cision l&#8217;emprise de la fore\u0302t et ce qui n&rsquo;en fait pas partie. Il est ope\u0301rationnel depuis mai 2024 dans le cadre du lancement de la nouvelle version de cette cartographie. \u00ab\u00a0La pre\u0301ce\u0301dente version a e\u0301te\u0301 un tre\u0300s grand chantier chez nous: il nous a fallu dix ans pour le mener a\u0300 bien ! S&rsquo;appuyer sur l&rsquo;intelligence artificielle va nous permettre de diviser au moins par trois ce de\u0301lai \u00ab\u00a0, souligne Matthieu Porte.<\/p>\n<p>Ce \u00ab\u00a0masque fore\u0302t\u00a0\u00bb n&rsquo;a pas vocation a\u0300 servir aux seuls chercheurs de l&rsquo;IGN, mais a\u0300 tous les professionnels de la filie\u0300re du bois comme aux acteurs de l&rsquo;environnement et de l&rsquo;ame\u0301nagement. C&rsquo;est pourquoi la version be\u0302ta (non encore aboutie) est de\u0301ja\u0300 en acce\u0300s libre. Pour Arnaud Braun, coordinateur du projet BD Fore\u0302t v3, ce travail n&rsquo;e\u0301tait qu&rsquo;une \u00ab\u00a0premie\u0300re e\u0301tape importante avant de chercher a\u0300 descendre encore un peu plus bas vers le sol et a\u0300 identifier les diffe\u0301rentes essences d&rsquo;arbres qui constituent les fore\u0302ts. Pour cela, l&rsquo;IA inte\u0301grera des images re\u0301gulie\u0300rement mises a\u0300 jour issues des prises de vue satellitaires Sentinel-2, ce qui autorise la compre\u0301hension de la saisonnalite\u0301 qui re\u0301git le vivant, ainsi que les donne\u0301es lidar HD, qui ouvrent la compre\u0301hension par la machine de la forme des arbres. \u00a0\u00bb<\/p>\n<p>Reste que pour que les algorithmes soient efficaces, ils doivent e\u0302tre entrai\u0302ne\u0301s a\u0300 partir de donne\u0301es d&rsquo;apprentissage adapte\u0301es. Et sur ce point, l&rsquo;IGN dispose d&rsquo;un atout non ne\u0301gligeable: sa capacite\u0301 a\u0300 produire des jeux de donne\u0301es massifs, diversifie\u0301s et de qualite\u0301. \u00ab\u00a0Avec 2 milliards de pixels, 980 kilome\u0300tres carre\u0301s d&rsquo;images annote\u0301es pour en de\u0301crire l&rsquo;occupation des sols, le jeu de donne\u0301es ouvertes Flair e\u0301tait, par exemple, a\u0300 sa publication l&rsquo;un des trois plus riches du monde avec DeepGlobe (Facebook, MIT) et LoveDA (universite\u0301 de Wuhan, en Chine) \u00ab\u00a0, s&rsquo;enthousiasme le coordinateur IA de l&rsquo;IGN. Idem pour le jeu de donne\u0301es PureForest qui, avec 135.000 images lidar de 50 m2 couvrant 449 fore\u0302ts issues de 40 de\u0301partements, constitue le plus grand jeu de donne\u0301es lidar a\u0300 l&rsquo;international sur les essences forestie\u0300res.<\/p>\n<p>Cet atout est indispensable pour observer l&rsquo;occupation des sols et son e\u0301volution, car le mode\u0300le d&rsquo;IA mis a\u0300 l&rsquo;\u0153uvre doit e\u0302tre capable de fonctionner de manie\u0300re fiable sur l&rsquo;ensemble du territoire national. Il doit donc e\u0302tre en mesure de diffe\u0301rencier les environnements urbains et naturels en fonction du type de toiture, des composants de la ve\u0301ge\u0301tation et me\u0302me de la saison. Le massif des Vosges n&rsquo;aura pas le me\u0302me aspect en hiver qu&rsquo;a\u0300 la fin du printemps par exemple, et l&rsquo;IA devra pourtant le reconnai\u0302tre.<\/p>\n<p>Il faut donc nourrir le mode\u0300le d&rsquo;apprentissage d&rsquo;e\u0301chantillons tre\u0300s varie\u0301s. \u00ab\u00a0La photo-interpre\u0301tation est une expertise tre\u0300s pointue, en particulier en milieu forestier. Chez nous, on compare les spe\u0301cialistes a\u0300 des radiologues de la photo ae\u0301rienne ! Sans leur expertise de de\u0301part, il nous serait impossible de cre\u0301er des IA pertinentes \u00ab\u00a0, estime Matthieu Porte.<\/p>\n<p><b>Ultime ambition: un jumeau nume\u0301rique de la France<\/b><\/p>\n<p>L&rsquo;IGN n&rsquo;agit pas seul pour cartographier l&rsquo;anthropoce\u0300ne. Il a ouvert ses jeux de donne\u0301es, ses donne\u0301es d&rsquo;apprentissages et me\u0302me ses codes algorithmiques d&rsquo;IA permettant de les exploiter pour lancer des projets en partenariat avec d&rsquo;autres acteurs de la recherche. \u00ab\u00a0Deux sont particulie\u0300rement importants, de\u0301crit Matthieu Porte. Le premier, c&rsquo;est notre partenariat avec Genci [Grand E\u0301quipement national de calcul intensif] et le CNRS, qui nous permet d&rsquo;exploiter les capacite\u0301s du supercalculateur Jean-Zay [le plus puissant supercalculateur franc\u0327ais de\u0301die\u0301 a\u0300 la recherche]. Avoir acce\u0300s a\u0300 cette puissance de calcul facilite et acce\u0301le\u0300re l&rsquo;entrai\u0302nement de nos mode\u0300les. Par ailleurs, CarHab est un programme tre\u0300s ambitieux mene\u0301 dans le cadre des politiques europe\u0301ennes de protection de la biodiversite\u0301, pour lequel nous travaillons en lien e\u0301troit avec les conservatoires botaniques. Cette alliance de\u0301montre l&rsquo;inte\u0301re\u0302t de croiser les expertises pour cre\u0301er des IA vraiment utiles. \u00a0\u00bb CarHab vise en effet a\u0300 produire d&rsquo;ici a\u0300 2026 une cartographie nationale pre\u0301dictive des habitats naturels et semi-naturels: c&rsquo;est-a\u0300-dire tout milieu re\u0301unissant les conditions physiques et biologiques ne\u0301cessaires a\u0300 l&rsquo;existence d&rsquo;une espe\u0300ce animale ou ve\u0301ge\u0301tale.<\/p>\n<p>Ultime ambition: le projet de jumeau nume\u0301rique de la France et de ses territoires, lance\u0301 en mai dernier par l&rsquo;IGN, le Cerema et l&rsquo;Institut national de recherche en sciences et technologies du nume\u0301rique (Inria). Ici, l&rsquo;IA jouera un ro\u0302le central pour exploiter les millions de donne\u0301es obtenues dans le cadre du programme lidar HD notamment.<\/p>\n<p>Pour ce jumeau, l&rsquo;IGN a aussi l&rsquo;ambition de s&rsquo;appuyer sur les de\u0301veloppements rapides de l&rsquo;IA ge\u0301ne\u0301rative pour permettre de fabriquer des donne\u0301es descriptives de territoire avec l&rsquo;IA et be\u0301ne\u0301ficier des apports du langage naturel. \u00ab\u00a0Ce qui permettra la mode\u0301lisation du comportement du territoire selon des sce\u0301narios qu&rsquo;on lui soumettra, de\u0301crypte Matthieu Porte. De quoi offrir des pre\u0301visions d&rsquo;e\u0301volution selon des choix d&rsquo;ame\u0301nagement diffe\u0301rents par exemple, pour mieux aiguiller la de\u0301cision publique. \u00ab\u00a0.<\/p>\n<p><b>Vers une vision 3D de chaque parcelle<\/b><\/p>\n<p>Fin 2020, l&rsquo;IGN a lance\u0301 un immense chantier de mode\u0301lisation 3D par lidar haute densite\u0301 (HD) du territoire franc\u0327ais. Objectif: faire que d&rsquo;ici a\u0300 fin 2025, les faisceaux laser apportent une vision de chaque parcelle avec une pre\u0301cision ine\u0301dite. Se\u0301quence\u0301 sur cinq ans, le programme vise la mise a\u0300 disposition de donne\u0301es 3D relatives au sol et au sursol, qui seront a\u0300 la fois homoge\u0300nes, riches, fiables, ouvertes et accessibles a\u0300 tous. Le potentiel apporte\u0301 par cette mode\u0301lisation est conside\u0301rable.<\/p>\n<p>Aujourd&rsquo;hui, les donne\u0301es lidar sont de\u0301ja\u0300 exploite\u0301es en matie\u0300re de pre\u0301vention du risque d&rsquo;inondation. En octobre 2020, les avions de l&rsquo;IGN ont par exemple effectue\u0301 en urgence des releve\u0301s lidar dans les zones sinistre\u0301es par la tempe\u0302te Alex afin de mode\u0301liser pre\u0301cise\u0301ment les e\u0301volutions topographiques des valle\u0301es touche\u0301es par les intempe\u0301ries et de faciliter la mise a\u0300 jour rapide des plans de pre\u0301vention des risques. Demain, les donne\u0301es lidar HD concernant les zones de fore\u0302t permettront d&rsquo;observer la structuration des peuplements et renseigneront les chercheurs sur la porosite\u0301 du couvert ve\u0301ge\u0301tal, l&rsquo;un des indicateurs cle\u0301 de la sante\u0301 des fore\u0302ts et de leur capacite\u0301 a\u0300 se re\u0301ge\u0301ne\u0301rer. \u00ab\u00a0Cela contribuera a\u0300 renforcer la surveillance des fore\u0302ts afin de disposer d&rsquo;une carte de leur vulne\u0301rabilite\u0301 au changement climatique \u00ab\u00a0, souligne l&rsquo;IGN.<\/p>\n<p><strong>Pour plus d&rsquo;informations et d&rsquo;analyses sur la <span style=\"color: #ff6600\">C\u00f4te d&rsquo;Ivoire<\/span>, suivez <span style=\"color: #ff6600\">Africa-Press<span style=\"color: #ff6600\"><\/span><\/strong><\/p>\n","protected":false},"excerpt":{"rendered":"<p>Africa-Press &#8211; C\u00f4te d&rsquo;Ivoire. De quoi est compose\u0301 le territoire franc\u0327ais aujourd&rsquo;hui ? Comment sont occupe\u0301s ses sols ? Comment ont-ils e\u0301volue\u0301 depuis 10 ans, 50 ans ou un sie\u0300cle ? Et comment se transformeront-ils demain ? Les indicateurs sont nombreux: artificialisation des sols, surface et composition des fore\u0302ts, recul des co\u0302tes, intensification agricole aussi. [&hellip;]<\/p>\n","protected":false},"author":82,"featured_media":94132,"comment_status":"open","ping_status":"closed","sticky":false,"template":"","format":"standard","meta":{"footnotes":""},"categories":[22,10],"tags":[37],"class_list":["post-94133","post","type-post","status-publish","format-standard","has-post-thumbnail","hentry","category-divers","category-toutes-les-actualites","tag-cote-divoire-2"],"yoast_head":"<!-- This site is optimized with the Yoast SEO Premium plugin v26.1 (Yoast SEO v27.0) - https:\/\/yoast.com\/product\/yoast-seo-premium-wordpress\/ -->\n<title>Un \u0153il num\u00e9rique d\u00e9crypte les sols - C\u00f4te d&#039;Ivoire<\/title>\n<meta name=\"robots\" content=\"index, follow, max-snippet:-1, max-image-preview:large, max-video-preview:-1\" \/>\n<link rel=\"canonical\" href=\"https:\/\/www.africa-press.net\/cotedivoire\/politique\/un-oeil-numerique-decrypte-les-sols\" \/>\n<meta property=\"og:locale\" content=\"fr_FR\" \/>\n<meta property=\"og:type\" content=\"article\" \/>\n<meta property=\"og:title\" content=\"Un \u0153il num\u00e9rique d\u00e9crypte les sols\" \/>\n<meta property=\"og:description\" content=\"Africa-Press &#8211; C\u00f4te d&rsquo;Ivoire. De quoi est compose\u0301 le territoire franc\u0327ais aujourd&rsquo;hui ? Comment sont occupe\u0301s ses sols ? Comment ont-ils e\u0301volue\u0301 depuis 10 ans, 50 ans ou un sie\u0300cle ? Et comment se transformeront-ils demain ? Les indicateurs sont nombreux: artificialisation des sols, surface et composition des fore\u0302ts, recul des co\u0302tes, intensification agricole aussi. [&hellip;]\" \/>\n<meta property=\"og:url\" content=\"https:\/\/www.africa-press.net\/cotedivoire\/politique\/un-oeil-numerique-decrypte-les-sols\" \/>\n<meta property=\"og:site_name\" content=\"C\u00f4te d&#039;Ivoire\" \/>\n<meta property=\"article:published_time\" content=\"2025-01-23T15:49:34+00:00\" \/>\n<meta name=\"author\" content=\"cfeditorfr\" \/>\n<meta name=\"twitter:card\" content=\"summary_large_image\" \/>\n<meta name=\"twitter:label1\" content=\"\u00c9crit par\" \/>\n\t<meta name=\"twitter:data1\" content=\"cfeditorfr\" \/>\n\t<meta name=\"twitter:label2\" content=\"Dur\u00e9e de lecture estim\u00e9e\" \/>\n\t<meta name=\"twitter:data2\" content=\"8 minutes\" \/>\n<script type=\"application\/ld+json\" class=\"yoast-schema-graph\">{\"@context\":\"https:\/\/schema.org\",\"@graph\":[{\"@type\":\"Article\",\"@id\":\"https:\/\/www.africa-press.net\/cotedivoire\/politique\/un-oeil-numerique-decrypte-les-sols#article\",\"isPartOf\":{\"@id\":\"https:\/\/www.africa-press.net\/cotedivoire\/politique\/un-oeil-numerique-decrypte-les-sols\"},\"author\":{\"name\":\"cfeditorfr\",\"@id\":\"https:\/\/www.africa-press.net\/cotedivoire\/#\/schema\/person\/2b1cf3cd81a31e3cd26889ca66d677f1\"},\"headline\":\"Un \u0153il num\u00e9rique d\u00e9crypte les sols\",\"datePublished\":\"2025-01-23T15:49:34+00:00\",\"mainEntityOfPage\":{\"@id\":\"https:\/\/www.africa-press.net\/cotedivoire\/politique\/un-oeil-numerique-decrypte-les-sols\"},\"wordCount\":1729,\"commentCount\":0,\"image\":{\"@id\":\"https:\/\/www.africa-press.net\/cotedivoire\/politique\/un-oeil-numerique-decrypte-les-sols#primaryimage\"},\"thumbnailUrl\":\"https:\/\/static.africa-press.net\/cote\/sites\/43\/2025\/01\/sm_1737639138.887902.jpg\",\"keywords\":[\"C\u00f4te d'Ivoire\"],\"articleSection\":[\"Divers\",\"Toutes les actualit\u00e9s\"],\"inLanguage\":\"fr-FR\",\"potentialAction\":[{\"@type\":\"CommentAction\",\"name\":\"Comment\",\"target\":[\"https:\/\/www.africa-press.net\/cotedivoire\/politique\/un-oeil-numerique-decrypte-les-sols#respond\"]}]},{\"@type\":\"WebPage\",\"@id\":\"https:\/\/www.africa-press.net\/cotedivoire\/politique\/un-oeil-numerique-decrypte-les-sols\",\"url\":\"https:\/\/www.africa-press.net\/cotedivoire\/politique\/un-oeil-numerique-decrypte-les-sols\",\"name\":\"Un \u0153il num\u00e9rique d\u00e9crypte les sols - C\u00f4te d&#039;Ivoire\",\"isPartOf\":{\"@id\":\"https:\/\/www.africa-press.net\/cotedivoire\/#website\"},\"primaryImageOfPage\":{\"@id\":\"https:\/\/www.africa-press.net\/cotedivoire\/politique\/un-oeil-numerique-decrypte-les-sols#primaryimage\"},\"image\":{\"@id\":\"https:\/\/www.africa-press.net\/cotedivoire\/politique\/un-oeil-numerique-decrypte-les-sols#primaryimage\"},\"thumbnailUrl\":\"https:\/\/static.africa-press.net\/cote\/sites\/43\/2025\/01\/sm_1737639138.887902.jpg\",\"datePublished\":\"2025-01-23T15:49:34+00:00\",\"author\":{\"@id\":\"https:\/\/www.africa-press.net\/cotedivoire\/#\/schema\/person\/2b1cf3cd81a31e3cd26889ca66d677f1\"},\"breadcrumb\":{\"@id\":\"https:\/\/www.africa-press.net\/cotedivoire\/politique\/un-oeil-numerique-decrypte-les-sols#breadcrumb\"},\"inLanguage\":\"fr-FR\",\"potentialAction\":[{\"@type\":\"ReadAction\",\"target\":[\"https:\/\/www.africa-press.net\/cotedivoire\/politique\/un-oeil-numerique-decrypte-les-sols\"]}]},{\"@type\":\"ImageObject\",\"inLanguage\":\"fr-FR\",\"@id\":\"https:\/\/www.africa-press.net\/cotedivoire\/politique\/un-oeil-numerique-decrypte-les-sols#primaryimage\",\"url\":\"https:\/\/static.africa-press.net\/cote\/sites\/43\/2025\/01\/sm_1737639138.887902.jpg\",\"contentUrl\":\"https:\/\/static.africa-press.net\/cote\/sites\/43\/2025\/01\/sm_1737639138.887902.jpg\",\"width\":1200,\"height\":899,\"caption\":\"Un \u0153il num\u00e9rique d\u00e9crypte les sols\"},{\"@type\":\"BreadcrumbList\",\"@id\":\"https:\/\/www.africa-press.net\/cotedivoire\/politique\/un-oeil-numerique-decrypte-les-sols#breadcrumb\",\"itemListElement\":[{\"@type\":\"ListItem\",\"position\":1,\"name\":\"Accueil\",\"item\":\"https:\/\/www.africa-press.net\/cotedivoire\/\"},{\"@type\":\"ListItem\",\"position\":2,\"name\":\"Un \u0153il num\u00e9rique d\u00e9crypte les sols\"}]},{\"@type\":\"WebSite\",\"@id\":\"https:\/\/www.africa-press.net\/cotedivoire\/#website\",\"url\":\"https:\/\/www.africa-press.net\/cotedivoire\/\",\"name\":\"C\u00f4te d&#039;Ivoire\",\"description\":\"Just another Africa News Agency Sites site\",\"potentialAction\":[{\"@type\":\"SearchAction\",\"target\":{\"@type\":\"EntryPoint\",\"urlTemplate\":\"https:\/\/www.africa-press.net\/cotedivoire\/?s={search_term_string}\"},\"query-input\":{\"@type\":\"PropertyValueSpecification\",\"valueRequired\":true,\"valueName\":\"search_term_string\"}}],\"inLanguage\":\"fr-FR\"},{\"@type\":\"Person\",\"@id\":\"https:\/\/www.africa-press.net\/cotedivoire\/#\/schema\/person\/2b1cf3cd81a31e3cd26889ca66d677f1\",\"name\":\"cfeditorfr\"}]}<\/script>\n<!-- \/ Yoast SEO Premium plugin. -->","yoast_head_json":{"title":"Un \u0153il num\u00e9rique d\u00e9crypte les sols - C\u00f4te d&#039;Ivoire","robots":{"index":"index","follow":"follow","max-snippet":"max-snippet:-1","max-image-preview":"max-image-preview:large","max-video-preview":"max-video-preview:-1"},"canonical":"https:\/\/www.africa-press.net\/cotedivoire\/politique\/un-oeil-numerique-decrypte-les-sols","og_locale":"fr_FR","og_type":"article","og_title":"Un \u0153il num\u00e9rique d\u00e9crypte les sols","og_description":"Africa-Press &#8211; C\u00f4te d&rsquo;Ivoire. De quoi est compose\u0301 le territoire franc\u0327ais aujourd&rsquo;hui ? Comment sont occupe\u0301s ses sols ? Comment ont-ils e\u0301volue\u0301 depuis 10 ans, 50 ans ou un sie\u0300cle ? Et comment se transformeront-ils demain ? Les indicateurs sont nombreux: artificialisation des sols, surface et composition des fore\u0302ts, recul des co\u0302tes, intensification agricole aussi. [&hellip;]","og_url":"https:\/\/www.africa-press.net\/cotedivoire\/politique\/un-oeil-numerique-decrypte-les-sols","og_site_name":"C\u00f4te d&#039;Ivoire","article_published_time":"2025-01-23T15:49:34+00:00","author":"cfeditorfr","twitter_card":"summary_large_image","twitter_misc":{"\u00c9crit par":"cfeditorfr","Dur\u00e9e de lecture estim\u00e9e":"8 minutes"},"schema":{"@context":"https:\/\/schema.org","@graph":[{"@type":"Article","@id":"https:\/\/www.africa-press.net\/cotedivoire\/politique\/un-oeil-numerique-decrypte-les-sols#article","isPartOf":{"@id":"https:\/\/www.africa-press.net\/cotedivoire\/politique\/un-oeil-numerique-decrypte-les-sols"},"author":{"name":"cfeditorfr","@id":"https:\/\/www.africa-press.net\/cotedivoire\/#\/schema\/person\/2b1cf3cd81a31e3cd26889ca66d677f1"},"headline":"Un \u0153il num\u00e9rique d\u00e9crypte les sols","datePublished":"2025-01-23T15:49:34+00:00","mainEntityOfPage":{"@id":"https:\/\/www.africa-press.net\/cotedivoire\/politique\/un-oeil-numerique-decrypte-les-sols"},"wordCount":1729,"commentCount":0,"image":{"@id":"https:\/\/www.africa-press.net\/cotedivoire\/politique\/un-oeil-numerique-decrypte-les-sols#primaryimage"},"thumbnailUrl":"https:\/\/static.africa-press.net\/cote\/sites\/43\/2025\/01\/sm_1737639138.887902.jpg","keywords":["C\u00f4te d'Ivoire"],"articleSection":["Divers","Toutes les actualit\u00e9s"],"inLanguage":"fr-FR","potentialAction":[{"@type":"CommentAction","name":"Comment","target":["https:\/\/www.africa-press.net\/cotedivoire\/politique\/un-oeil-numerique-decrypte-les-sols#respond"]}]},{"@type":"WebPage","@id":"https:\/\/www.africa-press.net\/cotedivoire\/politique\/un-oeil-numerique-decrypte-les-sols","url":"https:\/\/www.africa-press.net\/cotedivoire\/politique\/un-oeil-numerique-decrypte-les-sols","name":"Un \u0153il num\u00e9rique d\u00e9crypte les sols - C\u00f4te d&#039;Ivoire","isPartOf":{"@id":"https:\/\/www.africa-press.net\/cotedivoire\/#website"},"primaryImageOfPage":{"@id":"https:\/\/www.africa-press.net\/cotedivoire\/politique\/un-oeil-numerique-decrypte-les-sols#primaryimage"},"image":{"@id":"https:\/\/www.africa-press.net\/cotedivoire\/politique\/un-oeil-numerique-decrypte-les-sols#primaryimage"},"thumbnailUrl":"https:\/\/static.africa-press.net\/cote\/sites\/43\/2025\/01\/sm_1737639138.887902.jpg","datePublished":"2025-01-23T15:49:34+00:00","author":{"@id":"https:\/\/www.africa-press.net\/cotedivoire\/#\/schema\/person\/2b1cf3cd81a31e3cd26889ca66d677f1"},"breadcrumb":{"@id":"https:\/\/www.africa-press.net\/cotedivoire\/politique\/un-oeil-numerique-decrypte-les-sols#breadcrumb"},"inLanguage":"fr-FR","potentialAction":[{"@type":"ReadAction","target":["https:\/\/www.africa-press.net\/cotedivoire\/politique\/un-oeil-numerique-decrypte-les-sols"]}]},{"@type":"ImageObject","inLanguage":"fr-FR","@id":"https:\/\/www.africa-press.net\/cotedivoire\/politique\/un-oeil-numerique-decrypte-les-sols#primaryimage","url":"https:\/\/static.africa-press.net\/cote\/sites\/43\/2025\/01\/sm_1737639138.887902.jpg","contentUrl":"https:\/\/static.africa-press.net\/cote\/sites\/43\/2025\/01\/sm_1737639138.887902.jpg","width":1200,"height":899,"caption":"Un \u0153il num\u00e9rique d\u00e9crypte les sols"},{"@type":"BreadcrumbList","@id":"https:\/\/www.africa-press.net\/cotedivoire\/politique\/un-oeil-numerique-decrypte-les-sols#breadcrumb","itemListElement":[{"@type":"ListItem","position":1,"name":"Accueil","item":"https:\/\/www.africa-press.net\/cotedivoire\/"},{"@type":"ListItem","position":2,"name":"Un \u0153il num\u00e9rique d\u00e9crypte les sols"}]},{"@type":"WebSite","@id":"https:\/\/www.africa-press.net\/cotedivoire\/#website","url":"https:\/\/www.africa-press.net\/cotedivoire\/","name":"C\u00f4te d&#039;Ivoire","description":"Just another Africa News Agency Sites site","potentialAction":[{"@type":"SearchAction","target":{"@type":"EntryPoint","urlTemplate":"https:\/\/www.africa-press.net\/cotedivoire\/?s={search_term_string}"},"query-input":{"@type":"PropertyValueSpecification","valueRequired":true,"valueName":"search_term_string"}}],"inLanguage":"fr-FR"},{"@type":"Person","@id":"https:\/\/www.africa-press.net\/cotedivoire\/#\/schema\/person\/2b1cf3cd81a31e3cd26889ca66d677f1","name":"cfeditorfr"}]}},"_links":{"self":[{"href":"https:\/\/www.africa-press.net\/cotedivoire\/wp-json\/wp\/v2\/posts\/94133","targetHints":{"allow":["GET"]}}],"collection":[{"href":"https:\/\/www.africa-press.net\/cotedivoire\/wp-json\/wp\/v2\/posts"}],"about":[{"href":"https:\/\/www.africa-press.net\/cotedivoire\/wp-json\/wp\/v2\/types\/post"}],"author":[{"embeddable":true,"href":"https:\/\/www.africa-press.net\/cotedivoire\/wp-json\/wp\/v2\/users\/82"}],"replies":[{"embeddable":true,"href":"https:\/\/www.africa-press.net\/cotedivoire\/wp-json\/wp\/v2\/comments?post=94133"}],"version-history":[{"count":0,"href":"https:\/\/www.africa-press.net\/cotedivoire\/wp-json\/wp\/v2\/posts\/94133\/revisions"}],"wp:featuredmedia":[{"embeddable":true,"href":"https:\/\/www.africa-press.net\/cotedivoire\/wp-json\/wp\/v2\/media\/94132"}],"wp:attachment":[{"href":"https:\/\/www.africa-press.net\/cotedivoire\/wp-json\/wp\/v2\/media?parent=94133"}],"wp:term":[{"taxonomy":"category","embeddable":true,"href":"https:\/\/www.africa-press.net\/cotedivoire\/wp-json\/wp\/v2\/categories?post=94133"},{"taxonomy":"post_tag","embeddable":true,"href":"https:\/\/www.africa-press.net\/cotedivoire\/wp-json\/wp\/v2\/tags?post=94133"}],"curies":[{"name":"wp","href":"https:\/\/api.w.org\/{rel}","templated":true}]}}