{"id":94179,"date":"2025-01-24T13:35:42","date_gmt":"2025-01-24T13:35:42","guid":{"rendered":"https:\/\/www.africa-press.net\/cotedivoire\/politique\/idriss-diallo-invite-la-generation-2015-a-faire-table-rase-sur-le-passe-et-detre-desormais-presents-au-cote-de-la-fif-en-permanence"},"modified":"2025-01-24T13:35:42","modified_gmt":"2025-01-24T13:35:42","slug":"idriss-diallo-invite-la-generation-2015-a-faire-table-rase-sur-le-passe-et-detre-desormais-presents-au-cote-de-la-fif-en-permanence","status":"publish","type":"post","link":"https:\/\/www.africa-press.net\/cotedivoire\/sports\/idriss-diallo-invite-la-generation-2015-a-faire-table-rase-sur-le-passe-et-detre-desormais-presents-au-cote-de-la-fif-en-permanence","title":{"rendered":"Idriss Diallo invite la G\u00e9n\u00e9ration 2015 \u00e0 faire table rase sur le pass\u00e9 et d&rsquo;\u00eatre d\u00e9sormais pr\u00e9sents au c\u00f4t\u00e9 de la FIF en permanence"},"content":{"rendered":"<p><span style=\"color: #ff6600\"><strong>Africa-Press &#8211; C\u00f4te d&rsquo;Ivoire. <\/strong><\/span>Le Pre\u0301sident de la Fe\u0301de\u0301ration Ivoirienne de Football (FIF), M. Yacine Idriss Diallo a rec\u0327u en audience des le\u0301gendes du football ivoirien de la ge\u0301ne\u0301ration \u00ab CAN Guine\u0301e Equatoriale 2015 \u00bb, le mercredi 22 janvier 2025 au sie\u0300ge de la FIF a\u0300 Abidjan-Treichville.<\/p>\n<p>Compose\u0301s de Yao Kouassi Gervinho, Doumbia Seydou, Diarrassouba Viera et Tie\u0301ne\u0301 Siaka, ces anciens Ele\u0301phants, vainqueurs de la CAN 2015 sont venus s\u2019entretenir avec le Pre\u0301sident de la FIF.<\/p>\n<p>Par la voix de Diarrassouba Viera, ils ont pre\u0301sente\u0301 leurs v\u0153ux au Pre\u0301sident de la FIF. Autour des e\u0301changes chaleureux, des rappels de souvenirs, l\u2019ancien de\u0301fenseur central des Ele\u0301phants a e\u0301voque\u0301 le sujet de la non-implication de leur ge\u0301ne\u0301ration aux activite\u0301s fe\u0301de\u0301rales.<\/p>\n<p>\u00ab On vous fe\u0301licite pour votre mandat a\u0300 la te\u0302te de la FIF. On vous pre\u0301sente aussi nos v\u0153ux de l\u2019anne\u0301e 2025. On a eu de la frustration, mais on a e\u0301change\u0301 entre nous. On ne demande pas du miracle. On demande a\u0300 e\u0302tre associe\u0301 a\u0300 certains e\u0301ve\u0300nements parce qu\u2019on se sent aussi concerne\u0301. Cela est aussi de notre faute parce qu\u2019on n\u2019est pas mieux organise\u0301. Nos devanciers de 1992 sont bien organise\u0301s. Cela fait plaisir. Je pense que chacun de nous peut apporter pour l\u2019e\u0301panouissement de notre football \u00bb, a indique\u0301 Diarrassouba Viera qui est rejoint par Gervinho: \u00ab&#8230;On aimerait e\u0302tre aupre\u0300s de vous pour vous soutenir \u00bb apre\u0300s avoir leve\u0301 tous les malentendus.<\/p>\n<p>Prenant la parole, le Pre\u0301sident Yacine Idriss Diallo a demande\u0301 a\u0300 ses ho\u0302tes de faire table rase sur le passe\u0301 et de se projeter sur l\u2019avenir du football ivoirien ou\u0300 l\u2019apport de ces le\u0301gendes est attendu.<\/p>\n<p>\u00ab&#8230;Dieu permet que nous nous retrouvions. Laissons donc le passe\u0301. (&#8230;) Je veux qu\u2019a\u0300 partir de maintenant vous soyez pre\u0301sents a\u0300 nos co\u0302te\u0301s en permanence. Et je vais vous encourager a\u0300 faire comme vos aine\u0301s de Se\u0301ne\u0301gal 92. Il faut cre\u0301er un collectif avec un point focal qui sera contacte\u0301. Ma vision est que tous les anciens footballeurs participent a\u0300 la vie du football a\u0300 diffe\u0301rents niveaux \u00bb, a confie\u0301 le Pre\u0301sident Yacine Idriss Diallo qui a remis une enveloppe pour servir de fonds de de\u0301marrage du collectif.<\/p>\n<p><strong>Pour plus d&rsquo;informations et d&rsquo;analyses sur la <span style=\"color: #ff6600\">C\u00f4te d&rsquo;Ivoire<\/span>, suivez <span style=\"color: #ff6600\">Africa-Press<span style=\"color: #ff6600\"><\/span><\/strong><\/p>\n","protected":false},"excerpt":{"rendered":"<p>Africa-Press &#8211; C\u00f4te d&rsquo;Ivoire. Le Pre\u0301sident de la Fe\u0301de\u0301ration Ivoirienne de Football (FIF), M. Yacine Idriss Diallo a rec\u0327u en audience des le\u0301gendes du football ivoirien de la ge\u0301ne\u0301ration \u00ab CAN Guine\u0301e Equatoriale 2015 \u00bb, le mercredi 22 janvier 2025 au sie\u0300ge de la FIF a\u0300 Abidjan-Treichville. Compose\u0301s de Yao Kouassi Gervinho, Doumbia Seydou, Diarrassouba [&hellip;]<\/p>\n","protected":false},"author":82,"featured_media":94178,"comment_status":"open","ping_status":"closed","sticky":false,"template":"","format":"standard","meta":{"footnotes":""},"categories":[6,10],"tags":[4524,37,16472,859,1491,2254,1356,16474,16473],"class_list":["post-94179","post","type-post","status-publish","format-standard","has-post-thumbnail","hentry","category-sports","category-toutes-les-actualites","tag-can-2015","tag-cote-divoire-2","tag-doumbia-seydou","tag-fif","tag-generation","tag-gervinho","tag-idriss-diallo","tag-ousmane-viera","tag-tiene-siaka"],"yoast_head":"<!-- This site is optimized with the Yoast SEO Premium plugin v26.1 (Yoast SEO v27.0) - https:\/\/yoast.com\/product\/yoast-seo-premium-wordpress\/ -->\n<title>Idriss Diallo invite la G\u00e9n\u00e9ration 2015 \u00e0 faire table rase sur le pass\u00e9 et d&#039;\u00eatre d\u00e9sormais pr\u00e9sents au c\u00f4t\u00e9 de la FIF en permanence - C\u00f4te d&#039;Ivoire<\/title>\n<meta name=\"robots\" content=\"index, follow, max-snippet:-1, max-image-preview:large, max-video-preview:-1\" \/>\n<link rel=\"canonical\" href=\"https:\/\/www.africa-press.net\/cotedivoire\/politique\/idriss-diallo-invite-la-generation-2015-a-faire-table-rase-sur-le-passe-et-detre-desormais-presents-au-cote-de-la-fif-en-permanence\" \/>\n<meta property=\"og:locale\" content=\"fr_FR\" \/>\n<meta property=\"og:type\" content=\"article\" \/>\n<meta property=\"og:title\" content=\"Idriss Diallo invite la G\u00e9n\u00e9ration 2015 \u00e0 faire table rase sur le pass\u00e9 et d&#039;\u00eatre d\u00e9sormais pr\u00e9sents au c\u00f4t\u00e9 de la FIF en permanence\" \/>\n<meta property=\"og:description\" content=\"Africa-Press &#8211; C\u00f4te d&rsquo;Ivoire. Le Pre\u0301sident de la Fe\u0301de\u0301ration Ivoirienne de Football (FIF), M. Yacine Idriss Diallo a rec\u0327u en audience des le\u0301gendes du football ivoirien de la ge\u0301ne\u0301ration \u00ab CAN Guine\u0301e Equatoriale 2015 \u00bb, le mercredi 22 janvier 2025 au sie\u0300ge de la FIF a\u0300 Abidjan-Treichville. Compose\u0301s de Yao Kouassi Gervinho, Doumbia Seydou, Diarrassouba [&hellip;]\" \/>\n<meta property=\"og:url\" content=\"https:\/\/www.africa-press.net\/cotedivoire\/politique\/idriss-diallo-invite-la-generation-2015-a-faire-table-rase-sur-le-passe-et-detre-desormais-presents-au-cote-de-la-fif-en-permanence\" \/>\n<meta property=\"og:site_name\" content=\"C\u00f4te d&#039;Ivoire\" \/>\n<meta property=\"article:published_time\" content=\"2025-01-24T13:35:42+00:00\" \/>\n<meta name=\"author\" content=\"cfeditorfr\" \/>\n<meta name=\"twitter:card\" content=\"summary_large_image\" \/>\n<meta name=\"twitter:label1\" content=\"\u00c9crit par\" \/>\n\t<meta name=\"twitter:data1\" content=\"cfeditorfr\" \/>\n\t<meta name=\"twitter:label2\" content=\"Dur\u00e9e de lecture estim\u00e9e\" \/>\n\t<meta name=\"twitter:data2\" content=\"2 minutes\" \/>\n<script type=\"application\/ld+json\" class=\"yoast-schema-graph\">{\"@context\":\"https:\/\/schema.org\",\"@graph\":[{\"@type\":\"Article\",\"@id\":\"https:\/\/www.africa-press.net\/cotedivoire\/politique\/idriss-diallo-invite-la-generation-2015-a-faire-table-rase-sur-le-passe-et-detre-desormais-presents-au-cote-de-la-fif-en-permanence#article\",\"isPartOf\":{\"@id\":\"https:\/\/www.africa-press.net\/cotedivoire\/politique\/idriss-diallo-invite-la-generation-2015-a-faire-table-rase-sur-le-passe-et-detre-desormais-presents-au-cote-de-la-fif-en-permanence\"},\"author\":{\"name\":\"cfeditorfr\",\"@id\":\"https:\/\/www.africa-press.net\/cotedivoire\/#\/schema\/person\/2b1cf3cd81a31e3cd26889ca66d677f1\"},\"headline\":\"Idriss Diallo invite la G\u00e9n\u00e9ration 2015 \u00e0 faire table rase sur le pass\u00e9 et d&rsquo;\u00eatre d\u00e9sormais pr\u00e9sents au c\u00f4t\u00e9 de la FIF en permanence\",\"datePublished\":\"2025-01-24T13:35:42+00:00\",\"mainEntityOfPage\":{\"@id\":\"https:\/\/www.africa-press.net\/cotedivoire\/politique\/idriss-diallo-invite-la-generation-2015-a-faire-table-rase-sur-le-passe-et-detre-desormais-presents-au-cote-de-la-fif-en-permanence\"},\"wordCount\":450,\"commentCount\":0,\"image\":{\"@id\":\"https:\/\/www.africa-press.net\/cotedivoire\/politique\/idriss-diallo-invite-la-generation-2015-a-faire-table-rase-sur-le-passe-et-detre-desormais-presents-au-cote-de-la-fif-en-permanence#primaryimage\"},\"thumbnailUrl\":\"https:\/\/static.africa-press.net\/cote\/sites\/43\/2025\/01\/sm_1737713314.814981.jpg\",\"keywords\":[\"CAN 2015\",\"C\u00f4te d'Ivoire\",\"Doumbia Seydou\",\"FIF\",\"g\u00e9n\u00e9ration\",\"Gervinho\",\"Idriss Diallo\",\"Ousmane Viera\",\"Ti\u00e9n\u00e9 Siaka\"],\"articleSection\":[\"Sports\",\"Toutes les actualit\u00e9s\"],\"inLanguage\":\"fr-FR\",\"potentialAction\":[{\"@type\":\"CommentAction\",\"name\":\"Comment\",\"target\":[\"https:\/\/www.africa-press.net\/cotedivoire\/politique\/idriss-diallo-invite-la-generation-2015-a-faire-table-rase-sur-le-passe-et-detre-desormais-presents-au-cote-de-la-fif-en-permanence#respond\"]}]},{\"@type\":\"WebPage\",\"@id\":\"https:\/\/www.africa-press.net\/cotedivoire\/politique\/idriss-diallo-invite-la-generation-2015-a-faire-table-rase-sur-le-passe-et-detre-desormais-presents-au-cote-de-la-fif-en-permanence\",\"url\":\"https:\/\/www.africa-press.net\/cotedivoire\/politique\/idriss-diallo-invite-la-generation-2015-a-faire-table-rase-sur-le-passe-et-detre-desormais-presents-au-cote-de-la-fif-en-permanence\",\"name\":\"Idriss Diallo invite la G\u00e9n\u00e9ration 2015 \u00e0 faire table rase sur le pass\u00e9 et d'\u00eatre d\u00e9sormais pr\u00e9sents au c\u00f4t\u00e9 de la FIF en permanence - C\u00f4te d&#039;Ivoire\",\"isPartOf\":{\"@id\":\"https:\/\/www.africa-press.net\/cotedivoire\/#website\"},\"primaryImageOfPage\":{\"@id\":\"https:\/\/www.africa-press.net\/cotedivoire\/politique\/idriss-diallo-invite-la-generation-2015-a-faire-table-rase-sur-le-passe-et-detre-desormais-presents-au-cote-de-la-fif-en-permanence#primaryimage\"},\"image\":{\"@id\":\"https:\/\/www.africa-press.net\/cotedivoire\/politique\/idriss-diallo-invite-la-generation-2015-a-faire-table-rase-sur-le-passe-et-detre-desormais-presents-au-cote-de-la-fif-en-permanence#primaryimage\"},\"thumbnailUrl\":\"https:\/\/static.africa-press.net\/cote\/sites\/43\/2025\/01\/sm_1737713314.814981.jpg\",\"datePublished\":\"2025-01-24T13:35:42+00:00\",\"author\":{\"@id\":\"https:\/\/www.africa-press.net\/cotedivoire\/#\/schema\/person\/2b1cf3cd81a31e3cd26889ca66d677f1\"},\"breadcrumb\":{\"@id\":\"https:\/\/www.africa-press.net\/cotedivoire\/politique\/idriss-diallo-invite-la-generation-2015-a-faire-table-rase-sur-le-passe-et-detre-desormais-presents-au-cote-de-la-fif-en-permanence#breadcrumb\"},\"inLanguage\":\"fr-FR\",\"potentialAction\":[{\"@type\":\"ReadAction\",\"target\":[\"https:\/\/www.africa-press.net\/cotedivoire\/politique\/idriss-diallo-invite-la-generation-2015-a-faire-table-rase-sur-le-passe-et-detre-desormais-presents-au-cote-de-la-fif-en-permanence\"]}]},{\"@type\":\"ImageObject\",\"inLanguage\":\"fr-FR\",\"@id\":\"https:\/\/www.africa-press.net\/cotedivoire\/politique\/idriss-diallo-invite-la-generation-2015-a-faire-table-rase-sur-le-passe-et-detre-desormais-presents-au-cote-de-la-fif-en-permanence#primaryimage\",\"url\":\"https:\/\/static.africa-press.net\/cote\/sites\/43\/2025\/01\/sm_1737713314.814981.jpg\",\"contentUrl\":\"https:\/\/static.africa-press.net\/cote\/sites\/43\/2025\/01\/sm_1737713314.814981.jpg\",\"width\":720,\"height\":513,\"caption\":\"Idriss Diallo invite la G\u00e9n\u00e9ration 2015 \u00e0 faire table rase sur le pass\u00e9 et d'\u00eatre d\u00e9sormais pr\u00e9sents au c\u00f4t\u00e9 de la FIF en permanence\"},{\"@type\":\"BreadcrumbList\",\"@id\":\"https:\/\/www.africa-press.net\/cotedivoire\/politique\/idriss-diallo-invite-la-generation-2015-a-faire-table-rase-sur-le-passe-et-detre-desormais-presents-au-cote-de-la-fif-en-permanence#breadcrumb\",\"itemListElement\":[{\"@type\":\"ListItem\",\"position\":1,\"name\":\"Accueil\",\"item\":\"https:\/\/www.africa-press.net\/cotedivoire\/\"},{\"@type\":\"ListItem\",\"position\":2,\"name\":\"Idriss Diallo invite la G\u00e9n\u00e9ration 2015 \u00e0 faire table rase sur le pass\u00e9 et d&rsquo;\u00eatre d\u00e9sormais pr\u00e9sents au c\u00f4t\u00e9 de la FIF en permanence\"}]},{\"@type\":\"WebSite\",\"@id\":\"https:\/\/www.africa-press.net\/cotedivoire\/#website\",\"url\":\"https:\/\/www.africa-press.net\/cotedivoire\/\",\"name\":\"C\u00f4te d&#039;Ivoire\",\"description\":\"Just another Africa News Agency Sites site\",\"potentialAction\":[{\"@type\":\"SearchAction\",\"target\":{\"@type\":\"EntryPoint\",\"urlTemplate\":\"https:\/\/www.africa-press.net\/cotedivoire\/?s={search_term_string}\"},\"query-input\":{\"@type\":\"PropertyValueSpecification\",\"valueRequired\":true,\"valueName\":\"search_term_string\"}}],\"inLanguage\":\"fr-FR\"},{\"@type\":\"Person\",\"@id\":\"https:\/\/www.africa-press.net\/cotedivoire\/#\/schema\/person\/2b1cf3cd81a31e3cd26889ca66d677f1\",\"name\":\"cfeditorfr\"}]}<\/script>\n<!-- \/ Yoast SEO Premium plugin. -->","yoast_head_json":{"title":"Idriss Diallo invite la G\u00e9n\u00e9ration 2015 \u00e0 faire table rase sur le pass\u00e9 et d'\u00eatre d\u00e9sormais pr\u00e9sents au c\u00f4t\u00e9 de la FIF en permanence - C\u00f4te d&#039;Ivoire","robots":{"index":"index","follow":"follow","max-snippet":"max-snippet:-1","max-image-preview":"max-image-preview:large","max-video-preview":"max-video-preview:-1"},"canonical":"https:\/\/www.africa-press.net\/cotedivoire\/politique\/idriss-diallo-invite-la-generation-2015-a-faire-table-rase-sur-le-passe-et-detre-desormais-presents-au-cote-de-la-fif-en-permanence","og_locale":"fr_FR","og_type":"article","og_title":"Idriss Diallo invite la G\u00e9n\u00e9ration 2015 \u00e0 faire table rase sur le pass\u00e9 et d'\u00eatre d\u00e9sormais pr\u00e9sents au c\u00f4t\u00e9 de la FIF en permanence","og_description":"Africa-Press &#8211; C\u00f4te d&rsquo;Ivoire. Le Pre\u0301sident de la Fe\u0301de\u0301ration Ivoirienne de Football (FIF), M. Yacine Idriss Diallo a rec\u0327u en audience des le\u0301gendes du football ivoirien de la ge\u0301ne\u0301ration \u00ab CAN Guine\u0301e Equatoriale 2015 \u00bb, le mercredi 22 janvier 2025 au sie\u0300ge de la FIF a\u0300 Abidjan-Treichville. Compose\u0301s de Yao Kouassi Gervinho, Doumbia Seydou, Diarrassouba [&hellip;]","og_url":"https:\/\/www.africa-press.net\/cotedivoire\/politique\/idriss-diallo-invite-la-generation-2015-a-faire-table-rase-sur-le-passe-et-detre-desormais-presents-au-cote-de-la-fif-en-permanence","og_site_name":"C\u00f4te d&#039;Ivoire","article_published_time":"2025-01-24T13:35:42+00:00","author":"cfeditorfr","twitter_card":"summary_large_image","twitter_misc":{"\u00c9crit par":"cfeditorfr","Dur\u00e9e de lecture estim\u00e9e":"2 minutes"},"schema":{"@context":"https:\/\/schema.org","@graph":[{"@type":"Article","@id":"https:\/\/www.africa-press.net\/cotedivoire\/politique\/idriss-diallo-invite-la-generation-2015-a-faire-table-rase-sur-le-passe-et-detre-desormais-presents-au-cote-de-la-fif-en-permanence#article","isPartOf":{"@id":"https:\/\/www.africa-press.net\/cotedivoire\/politique\/idriss-diallo-invite-la-generation-2015-a-faire-table-rase-sur-le-passe-et-detre-desormais-presents-au-cote-de-la-fif-en-permanence"},"author":{"name":"cfeditorfr","@id":"https:\/\/www.africa-press.net\/cotedivoire\/#\/schema\/person\/2b1cf3cd81a31e3cd26889ca66d677f1"},"headline":"Idriss Diallo invite la G\u00e9n\u00e9ration 2015 \u00e0 faire table rase sur le pass\u00e9 et d&rsquo;\u00eatre d\u00e9sormais pr\u00e9sents au c\u00f4t\u00e9 de la FIF en permanence","datePublished":"2025-01-24T13:35:42+00:00","mainEntityOfPage":{"@id":"https:\/\/www.africa-press.net\/cotedivoire\/politique\/idriss-diallo-invite-la-generation-2015-a-faire-table-rase-sur-le-passe-et-detre-desormais-presents-au-cote-de-la-fif-en-permanence"},"wordCount":450,"commentCount":0,"image":{"@id":"https:\/\/www.africa-press.net\/cotedivoire\/politique\/idriss-diallo-invite-la-generation-2015-a-faire-table-rase-sur-le-passe-et-detre-desormais-presents-au-cote-de-la-fif-en-permanence#primaryimage"},"thumbnailUrl":"https:\/\/static.africa-press.net\/cote\/sites\/43\/2025\/01\/sm_1737713314.814981.jpg","keywords":["CAN 2015","C\u00f4te d'Ivoire","Doumbia Seydou","FIF","g\u00e9n\u00e9ration","Gervinho","Idriss Diallo","Ousmane Viera","Ti\u00e9n\u00e9 Siaka"],"articleSection":["Sports","Toutes les actualit\u00e9s"],"inLanguage":"fr-FR","potentialAction":[{"@type":"CommentAction","name":"Comment","target":["https:\/\/www.africa-press.net\/cotedivoire\/politique\/idriss-diallo-invite-la-generation-2015-a-faire-table-rase-sur-le-passe-et-detre-desormais-presents-au-cote-de-la-fif-en-permanence#respond"]}]},{"@type":"WebPage","@id":"https:\/\/www.africa-press.net\/cotedivoire\/politique\/idriss-diallo-invite-la-generation-2015-a-faire-table-rase-sur-le-passe-et-detre-desormais-presents-au-cote-de-la-fif-en-permanence","url":"https:\/\/www.africa-press.net\/cotedivoire\/politique\/idriss-diallo-invite-la-generation-2015-a-faire-table-rase-sur-le-passe-et-detre-desormais-presents-au-cote-de-la-fif-en-permanence","name":"Idriss Diallo invite la G\u00e9n\u00e9ration 2015 \u00e0 faire table rase sur le pass\u00e9 et d'\u00eatre d\u00e9sormais pr\u00e9sents au c\u00f4t\u00e9 de la FIF en permanence - C\u00f4te d&#039;Ivoire","isPartOf":{"@id":"https:\/\/www.africa-press.net\/cotedivoire\/#website"},"primaryImageOfPage":{"@id":"https:\/\/www.africa-press.net\/cotedivoire\/politique\/idriss-diallo-invite-la-generation-2015-a-faire-table-rase-sur-le-passe-et-detre-desormais-presents-au-cote-de-la-fif-en-permanence#primaryimage"},"image":{"@id":"https:\/\/www.africa-press.net\/cotedivoire\/politique\/idriss-diallo-invite-la-generation-2015-a-faire-table-rase-sur-le-passe-et-detre-desormais-presents-au-cote-de-la-fif-en-permanence#primaryimage"},"thumbnailUrl":"https:\/\/static.africa-press.net\/cote\/sites\/43\/2025\/01\/sm_1737713314.814981.jpg","datePublished":"2025-01-24T13:35:42+00:00","author":{"@id":"https:\/\/www.africa-press.net\/cotedivoire\/#\/schema\/person\/2b1cf3cd81a31e3cd26889ca66d677f1"},"breadcrumb":{"@id":"https:\/\/www.africa-press.net\/cotedivoire\/politique\/idriss-diallo-invite-la-generation-2015-a-faire-table-rase-sur-le-passe-et-detre-desormais-presents-au-cote-de-la-fif-en-permanence#breadcrumb"},"inLanguage":"fr-FR","potentialAction":[{"@type":"ReadAction","target":["https:\/\/www.africa-press.net\/cotedivoire\/politique\/idriss-diallo-invite-la-generation-2015-a-faire-table-rase-sur-le-passe-et-detre-desormais-presents-au-cote-de-la-fif-en-permanence"]}]},{"@type":"ImageObject","inLanguage":"fr-FR","@id":"https:\/\/www.africa-press.net\/cotedivoire\/politique\/idriss-diallo-invite-la-generation-2015-a-faire-table-rase-sur-le-passe-et-detre-desormais-presents-au-cote-de-la-fif-en-permanence#primaryimage","url":"https:\/\/static.africa-press.net\/cote\/sites\/43\/2025\/01\/sm_1737713314.814981.jpg","contentUrl":"https:\/\/static.africa-press.net\/cote\/sites\/43\/2025\/01\/sm_1737713314.814981.jpg","width":720,"height":513,"caption":"Idriss Diallo invite la G\u00e9n\u00e9ration 2015 \u00e0 faire table rase sur le pass\u00e9 et d'\u00eatre d\u00e9sormais pr\u00e9sents au c\u00f4t\u00e9 de la FIF en permanence"},{"@type":"BreadcrumbList","@id":"https:\/\/www.africa-press.net\/cotedivoire\/politique\/idriss-diallo-invite-la-generation-2015-a-faire-table-rase-sur-le-passe-et-detre-desormais-presents-au-cote-de-la-fif-en-permanence#breadcrumb","itemListElement":[{"@type":"ListItem","position":1,"name":"Accueil","item":"https:\/\/www.africa-press.net\/cotedivoire\/"},{"@type":"ListItem","position":2,"name":"Idriss Diallo invite la G\u00e9n\u00e9ration 2015 \u00e0 faire table rase sur le pass\u00e9 et d&rsquo;\u00eatre d\u00e9sormais pr\u00e9sents au c\u00f4t\u00e9 de la FIF en permanence"}]},{"@type":"WebSite","@id":"https:\/\/www.africa-press.net\/cotedivoire\/#website","url":"https:\/\/www.africa-press.net\/cotedivoire\/","name":"C\u00f4te d&#039;Ivoire","description":"Just another Africa News Agency Sites site","potentialAction":[{"@type":"SearchAction","target":{"@type":"EntryPoint","urlTemplate":"https:\/\/www.africa-press.net\/cotedivoire\/?s={search_term_string}"},"query-input":{"@type":"PropertyValueSpecification","valueRequired":true,"valueName":"search_term_string"}}],"inLanguage":"fr-FR"},{"@type":"Person","@id":"https:\/\/www.africa-press.net\/cotedivoire\/#\/schema\/person\/2b1cf3cd81a31e3cd26889ca66d677f1","name":"cfeditorfr"}]}},"_links":{"self":[{"href":"https:\/\/www.africa-press.net\/cotedivoire\/wp-json\/wp\/v2\/posts\/94179","targetHints":{"allow":["GET"]}}],"collection":[{"href":"https:\/\/www.africa-press.net\/cotedivoire\/wp-json\/wp\/v2\/posts"}],"about":[{"href":"https:\/\/www.africa-press.net\/cotedivoire\/wp-json\/wp\/v2\/types\/post"}],"author":[{"embeddable":true,"href":"https:\/\/www.africa-press.net\/cotedivoire\/wp-json\/wp\/v2\/users\/82"}],"replies":[{"embeddable":true,"href":"https:\/\/www.africa-press.net\/cotedivoire\/wp-json\/wp\/v2\/comments?post=94179"}],"version-history":[{"count":0,"href":"https:\/\/www.africa-press.net\/cotedivoire\/wp-json\/wp\/v2\/posts\/94179\/revisions"}],"wp:featuredmedia":[{"embeddable":true,"href":"https:\/\/www.africa-press.net\/cotedivoire\/wp-json\/wp\/v2\/media\/94178"}],"wp:attachment":[{"href":"https:\/\/www.africa-press.net\/cotedivoire\/wp-json\/wp\/v2\/media?parent=94179"}],"wp:term":[{"taxonomy":"category","embeddable":true,"href":"https:\/\/www.africa-press.net\/cotedivoire\/wp-json\/wp\/v2\/categories?post=94179"},{"taxonomy":"post_tag","embeddable":true,"href":"https:\/\/www.africa-press.net\/cotedivoire\/wp-json\/wp\/v2\/tags?post=94179"}],"curies":[{"name":"wp","href":"https:\/\/api.w.org\/{rel}","templated":true}]}}