{"id":94187,"date":"2025-01-24T13:36:05","date_gmt":"2025-01-24T13:36:05","guid":{"rendered":"https:\/\/www.africa-press.net\/cotedivoire\/politique\/presidentielle-vagondo-chaque-action-que-nous-entreprendrons-en-2025-soit-marquee-par-la-primaute-de-la-cote-divoire"},"modified":"2025-01-24T13:36:05","modified_gmt":"2025-01-24T13:36:05","slug":"presidentielle-vagondo-chaque-action-que-nous-entreprendrons-en-2025-soit-marquee-par-la-primaute-de-la-cote-divoire","status":"publish","type":"post","link":"https:\/\/www.africa-press.net\/cotedivoire\/politique\/presidentielle-vagondo-chaque-action-que-nous-entreprendrons-en-2025-soit-marquee-par-la-primaute-de-la-cote-divoire","title":{"rendered":"Pr\u00e9sidentielle, Vagondo : \u00ab Chaque action que nous entreprendrons en 2025 soit marqu\u00e9e par la primaut\u00e9 de la C\u00f4te d&rsquo;Ivoire \u00bb"},"content":{"rendered":"<p><span style=\"color: #ff6600\"><strong>Africa-Press &#8211; C\u00f4te d&rsquo;Ivoire. <\/strong><\/span>Dans son message de nouvel an livre\u0301 le jeudi 23 janvier 2025 a\u0300 l\u2019occasion de pre\u0301sentation des V\u0153ux, le Ministre de l\u2019Inte\u0301rieur et de la se\u0301curite\u0301, le Ge\u0301ne\u0301ral Vagondo Diomande\u0301, a mis l\u2019accent sur la se\u0301curisation du scrutin pre\u0301sidentiel pre\u0301vu dans dix (10) mois, comme le rapporte le quotidien pro-Gouvernemental (Ndlr: Fraternite\u0301 Matin).<\/p>\n<p>Face a\u0300 ses collaborateurs, il a releve\u0301 que de nombreuses missions les attendent et reste convaincu qu\u2019avec leur professionnalisme et leur engagement, ils re\u0301ussiront a\u0300 surmonter tous les obstacles.<\/p>\n<p>\u00ab Mais cette re\u0301ussite ne sera possible que si nous \u0153uvrons ensemble, dans un esprit de solidarite\u0301 et d\u2019unite\u0301, pour de\u0301fendre les inte\u0301re\u0302ts de notre pays et assurer la paix et la se\u0301curite\u0301 de notre peuple \u00bb, a-t-il indique\u0301, avant de souhaiter.<\/p>\n<p>\u00ab Je souhaite que chaque action que nous entreprendrons en 2025 soit marque\u0301e par la primaute\u0301 de la Co\u0302te d\u2019Ivoire, par notre amour pour notre terre et notre volonte\u0301 commune de la voir prospe\u0301rer \u00bb, puis de pre\u0301coniser.<\/p>\n<p>\u00ab \u00ab Mais en 2025, les de\u0301fis qui se profilent sont nombreux. L\u2019un des enjeux majeurs de cette anne\u0301e sera notre contribution a\u0300 la bonne organisation de l\u2019e\u0301lection ge\u0301ne\u0301rale. Un processus essentiel pour la de\u0301mocratie et la stabilite\u0301 de notre pays. Ce de\u0301fi, vous le savez, exige de nous un engagement sans faille, une grande responsabilite\u0301, une collaboration exemplaire pour garantir la se\u0301curite\u0301, la transparence et le respect des principes de\u0301mocratiques. \u00bb<\/p>\n<p>Enfin, le Ge\u0301ne\u0301ral Vagondo a tenu a\u0300 faire savoir que: \u00ab \u00ab L\u2019exercice de notre fonction n\u2019est pas seulement un devoir professionnel. C\u2019est e\u0301galement une obligation morale, spirituelle et patriotique. \u00bb<\/p>\n<p><strong>Pour plus d&rsquo;informations et d&rsquo;analyses sur la <span style=\"color: #ff6600\">C\u00f4te d&rsquo;Ivoire<\/span>, suivez <span style=\"color: #ff6600\">Africa-Press<span style=\"color: #ff6600\"><\/span><\/strong><\/p>\n","protected":false},"excerpt":{"rendered":"<p>Africa-Press &#8211; C\u00f4te d&rsquo;Ivoire. Dans son message de nouvel an livre\u0301 le jeudi 23 janvier 2025 a\u0300 l\u2019occasion de pre\u0301sentation des V\u0153ux, le Ministre de l\u2019Inte\u0301rieur et de la se\u0301curite\u0301, le Ge\u0301ne\u0301ral Vagondo Diomande\u0301, a mis l\u2019accent sur la se\u0301curisation du scrutin pre\u0301sidentiel pre\u0301vu dans dix (10) mois, comme le rapporte le quotidien pro-Gouvernemental (Ndlr: [&hellip;]<\/p>\n","protected":false},"author":82,"featured_media":94186,"comment_status":"open","ping_status":"closed","sticky":false,"template":"","format":"standard","meta":{"footnotes":""},"categories":[2,20,10],"tags":[37,2722,312,3109,1848],"class_list":["post-94187","post","type-post","status-publish","format-standard","has-post-thumbnail","hentry","category-politique","category-top-nouvelles","category-toutes-les-actualites","tag-cote-divoire-2","tag-missions","tag-presidentielle","tag-securite-2","tag-vagondo"],"yoast_head":"<!-- This site is optimized with the Yoast SEO Premium plugin v26.1 (Yoast SEO v27.0) - https:\/\/yoast.com\/product\/yoast-seo-premium-wordpress\/ -->\n<title>Pr\u00e9sidentielle, Vagondo : \u00ab Chaque action que nous entreprendrons en 2025 soit marqu\u00e9e par la primaut\u00e9 de la C\u00f4te d&#039;Ivoire \u00bb - C\u00f4te d&#039;Ivoire<\/title>\n<meta name=\"robots\" content=\"index, follow, max-snippet:-1, max-image-preview:large, max-video-preview:-1\" \/>\n<link rel=\"canonical\" href=\"https:\/\/www.africa-press.net\/cotedivoire\/politique\/presidentielle-vagondo-chaque-action-que-nous-entreprendrons-en-2025-soit-marquee-par-la-primaute-de-la-cote-divoire\" \/>\n<meta property=\"og:locale\" content=\"fr_FR\" \/>\n<meta property=\"og:type\" content=\"article\" \/>\n<meta property=\"og:title\" content=\"Pr\u00e9sidentielle, Vagondo : \u00ab Chaque action que nous entreprendrons en 2025 soit marqu\u00e9e par la primaut\u00e9 de la C\u00f4te d&#039;Ivoire \u00bb\" \/>\n<meta property=\"og:description\" content=\"Africa-Press &#8211; C\u00f4te d&rsquo;Ivoire. Dans son message de nouvel an livre\u0301 le jeudi 23 janvier 2025 a\u0300 l\u2019occasion de pre\u0301sentation des V\u0153ux, le Ministre de l\u2019Inte\u0301rieur et de la se\u0301curite\u0301, le Ge\u0301ne\u0301ral Vagondo Diomande\u0301, a mis l\u2019accent sur la se\u0301curisation du scrutin pre\u0301sidentiel pre\u0301vu dans dix (10) mois, comme le rapporte le quotidien pro-Gouvernemental (Ndlr: [&hellip;]\" \/>\n<meta property=\"og:url\" content=\"https:\/\/www.africa-press.net\/cotedivoire\/politique\/presidentielle-vagondo-chaque-action-que-nous-entreprendrons-en-2025-soit-marquee-par-la-primaute-de-la-cote-divoire\" \/>\n<meta property=\"og:site_name\" content=\"C\u00f4te d&#039;Ivoire\" \/>\n<meta property=\"article:published_time\" content=\"2025-01-24T13:36:05+00:00\" \/>\n<meta name=\"author\" content=\"cfeditorfr\" \/>\n<meta name=\"twitter:card\" content=\"summary_large_image\" \/>\n<meta name=\"twitter:label1\" content=\"\u00c9crit par\" \/>\n\t<meta name=\"twitter:data1\" content=\"cfeditorfr\" \/>\n\t<meta name=\"twitter:label2\" content=\"Dur\u00e9e de lecture estim\u00e9e\" \/>\n\t<meta name=\"twitter:data2\" content=\"2 minutes\" \/>\n<script type=\"application\/ld+json\" class=\"yoast-schema-graph\">{\"@context\":\"https:\/\/schema.org\",\"@graph\":[{\"@type\":\"Article\",\"@id\":\"https:\/\/www.africa-press.net\/cotedivoire\/politique\/presidentielle-vagondo-chaque-action-que-nous-entreprendrons-en-2025-soit-marquee-par-la-primaute-de-la-cote-divoire#article\",\"isPartOf\":{\"@id\":\"https:\/\/www.africa-press.net\/cotedivoire\/politique\/presidentielle-vagondo-chaque-action-que-nous-entreprendrons-en-2025-soit-marquee-par-la-primaute-de-la-cote-divoire\"},\"author\":{\"name\":\"cfeditorfr\",\"@id\":\"https:\/\/www.africa-press.net\/cotedivoire\/#\/schema\/person\/2b1cf3cd81a31e3cd26889ca66d677f1\"},\"headline\":\"Pr\u00e9sidentielle, Vagondo : \u00ab Chaque action que nous entreprendrons en 2025 soit marqu\u00e9e par la primaut\u00e9 de la C\u00f4te d&rsquo;Ivoire \u00bb\",\"datePublished\":\"2025-01-24T13:36:05+00:00\",\"mainEntityOfPage\":{\"@id\":\"https:\/\/www.africa-press.net\/cotedivoire\/politique\/presidentielle-vagondo-chaque-action-que-nous-entreprendrons-en-2025-soit-marquee-par-la-primaute-de-la-cote-divoire\"},\"wordCount\":334,\"commentCount\":0,\"image\":{\"@id\":\"https:\/\/www.africa-press.net\/cotedivoire\/politique\/presidentielle-vagondo-chaque-action-que-nous-entreprendrons-en-2025-soit-marquee-par-la-primaute-de-la-cote-divoire#primaryimage\"},\"thumbnailUrl\":\"https:\/\/static.africa-press.net\/cote\/sites\/43\/2025\/01\/sm_1737713973.000671.jpg\",\"keywords\":[\"C\u00f4te d'Ivoire\",\"missions\",\"pr\u00e9sidentielle\",\"S\u00e9curit\u00e9\",\"Vagondo\"],\"articleSection\":[\"Politique\",\"Top Nouvelles\",\"Toutes les actualit\u00e9s\"],\"inLanguage\":\"fr-FR\",\"potentialAction\":[{\"@type\":\"CommentAction\",\"name\":\"Comment\",\"target\":[\"https:\/\/www.africa-press.net\/cotedivoire\/politique\/presidentielle-vagondo-chaque-action-que-nous-entreprendrons-en-2025-soit-marquee-par-la-primaute-de-la-cote-divoire#respond\"]}]},{\"@type\":\"WebPage\",\"@id\":\"https:\/\/www.africa-press.net\/cotedivoire\/politique\/presidentielle-vagondo-chaque-action-que-nous-entreprendrons-en-2025-soit-marquee-par-la-primaute-de-la-cote-divoire\",\"url\":\"https:\/\/www.africa-press.net\/cotedivoire\/politique\/presidentielle-vagondo-chaque-action-que-nous-entreprendrons-en-2025-soit-marquee-par-la-primaute-de-la-cote-divoire\",\"name\":\"Pr\u00e9sidentielle, Vagondo : \u00ab Chaque action que nous entreprendrons en 2025 soit marqu\u00e9e par la primaut\u00e9 de la C\u00f4te d'Ivoire \u00bb - C\u00f4te d&#039;Ivoire\",\"isPartOf\":{\"@id\":\"https:\/\/www.africa-press.net\/cotedivoire\/#website\"},\"primaryImageOfPage\":{\"@id\":\"https:\/\/www.africa-press.net\/cotedivoire\/politique\/presidentielle-vagondo-chaque-action-que-nous-entreprendrons-en-2025-soit-marquee-par-la-primaute-de-la-cote-divoire#primaryimage\"},\"image\":{\"@id\":\"https:\/\/www.africa-press.net\/cotedivoire\/politique\/presidentielle-vagondo-chaque-action-que-nous-entreprendrons-en-2025-soit-marquee-par-la-primaute-de-la-cote-divoire#primaryimage\"},\"thumbnailUrl\":\"https:\/\/static.africa-press.net\/cote\/sites\/43\/2025\/01\/sm_1737713973.000671.jpg\",\"datePublished\":\"2025-01-24T13:36:05+00:00\",\"author\":{\"@id\":\"https:\/\/www.africa-press.net\/cotedivoire\/#\/schema\/person\/2b1cf3cd81a31e3cd26889ca66d677f1\"},\"breadcrumb\":{\"@id\":\"https:\/\/www.africa-press.net\/cotedivoire\/politique\/presidentielle-vagondo-chaque-action-que-nous-entreprendrons-en-2025-soit-marquee-par-la-primaute-de-la-cote-divoire#breadcrumb\"},\"inLanguage\":\"fr-FR\",\"potentialAction\":[{\"@type\":\"ReadAction\",\"target\":[\"https:\/\/www.africa-press.net\/cotedivoire\/politique\/presidentielle-vagondo-chaque-action-que-nous-entreprendrons-en-2025-soit-marquee-par-la-primaute-de-la-cote-divoire\"]}]},{\"@type\":\"ImageObject\",\"inLanguage\":\"fr-FR\",\"@id\":\"https:\/\/www.africa-press.net\/cotedivoire\/politique\/presidentielle-vagondo-chaque-action-que-nous-entreprendrons-en-2025-soit-marquee-par-la-primaute-de-la-cote-divoire#primaryimage\",\"url\":\"https:\/\/static.africa-press.net\/cote\/sites\/43\/2025\/01\/sm_1737713973.000671.jpg\",\"contentUrl\":\"https:\/\/static.africa-press.net\/cote\/sites\/43\/2025\/01\/sm_1737713973.000671.jpg\",\"width\":720,\"height\":480,\"caption\":\"Pr\u00e9sidentielle, Vagondo : \u00ab Chaque action que nous entreprendrons en 2025 soit marqu\u00e9e par la primaut\u00e9 de la C\u00f4te d'Ivoire \u00bb\"},{\"@type\":\"BreadcrumbList\",\"@id\":\"https:\/\/www.africa-press.net\/cotedivoire\/politique\/presidentielle-vagondo-chaque-action-que-nous-entreprendrons-en-2025-soit-marquee-par-la-primaute-de-la-cote-divoire#breadcrumb\",\"itemListElement\":[{\"@type\":\"ListItem\",\"position\":1,\"name\":\"Accueil\",\"item\":\"https:\/\/www.africa-press.net\/cotedivoire\/\"},{\"@type\":\"ListItem\",\"position\":2,\"name\":\"Pr\u00e9sidentielle, Vagondo : \u00ab Chaque action que nous entreprendrons en 2025 soit marqu\u00e9e par la primaut\u00e9 de la C\u00f4te d&rsquo;Ivoire \u00bb\"}]},{\"@type\":\"WebSite\",\"@id\":\"https:\/\/www.africa-press.net\/cotedivoire\/#website\",\"url\":\"https:\/\/www.africa-press.net\/cotedivoire\/\",\"name\":\"C\u00f4te d&#039;Ivoire\",\"description\":\"Just another Africa News Agency Sites site\",\"potentialAction\":[{\"@type\":\"SearchAction\",\"target\":{\"@type\":\"EntryPoint\",\"urlTemplate\":\"https:\/\/www.africa-press.net\/cotedivoire\/?s={search_term_string}\"},\"query-input\":{\"@type\":\"PropertyValueSpecification\",\"valueRequired\":true,\"valueName\":\"search_term_string\"}}],\"inLanguage\":\"fr-FR\"},{\"@type\":\"Person\",\"@id\":\"https:\/\/www.africa-press.net\/cotedivoire\/#\/schema\/person\/2b1cf3cd81a31e3cd26889ca66d677f1\",\"name\":\"cfeditorfr\"}]}<\/script>\n<!-- \/ Yoast SEO Premium plugin. -->","yoast_head_json":{"title":"Pr\u00e9sidentielle, Vagondo : \u00ab Chaque action que nous entreprendrons en 2025 soit marqu\u00e9e par la primaut\u00e9 de la C\u00f4te d'Ivoire \u00bb - C\u00f4te d&#039;Ivoire","robots":{"index":"index","follow":"follow","max-snippet":"max-snippet:-1","max-image-preview":"max-image-preview:large","max-video-preview":"max-video-preview:-1"},"canonical":"https:\/\/www.africa-press.net\/cotedivoire\/politique\/presidentielle-vagondo-chaque-action-que-nous-entreprendrons-en-2025-soit-marquee-par-la-primaute-de-la-cote-divoire","og_locale":"fr_FR","og_type":"article","og_title":"Pr\u00e9sidentielle, Vagondo : \u00ab Chaque action que nous entreprendrons en 2025 soit marqu\u00e9e par la primaut\u00e9 de la C\u00f4te d'Ivoire \u00bb","og_description":"Africa-Press &#8211; C\u00f4te d&rsquo;Ivoire. Dans son message de nouvel an livre\u0301 le jeudi 23 janvier 2025 a\u0300 l\u2019occasion de pre\u0301sentation des V\u0153ux, le Ministre de l\u2019Inte\u0301rieur et de la se\u0301curite\u0301, le Ge\u0301ne\u0301ral Vagondo Diomande\u0301, a mis l\u2019accent sur la se\u0301curisation du scrutin pre\u0301sidentiel pre\u0301vu dans dix (10) mois, comme le rapporte le quotidien pro-Gouvernemental (Ndlr: [&hellip;]","og_url":"https:\/\/www.africa-press.net\/cotedivoire\/politique\/presidentielle-vagondo-chaque-action-que-nous-entreprendrons-en-2025-soit-marquee-par-la-primaute-de-la-cote-divoire","og_site_name":"C\u00f4te d&#039;Ivoire","article_published_time":"2025-01-24T13:36:05+00:00","author":"cfeditorfr","twitter_card":"summary_large_image","twitter_misc":{"\u00c9crit par":"cfeditorfr","Dur\u00e9e de lecture estim\u00e9e":"2 minutes"},"schema":{"@context":"https:\/\/schema.org","@graph":[{"@type":"Article","@id":"https:\/\/www.africa-press.net\/cotedivoire\/politique\/presidentielle-vagondo-chaque-action-que-nous-entreprendrons-en-2025-soit-marquee-par-la-primaute-de-la-cote-divoire#article","isPartOf":{"@id":"https:\/\/www.africa-press.net\/cotedivoire\/politique\/presidentielle-vagondo-chaque-action-que-nous-entreprendrons-en-2025-soit-marquee-par-la-primaute-de-la-cote-divoire"},"author":{"name":"cfeditorfr","@id":"https:\/\/www.africa-press.net\/cotedivoire\/#\/schema\/person\/2b1cf3cd81a31e3cd26889ca66d677f1"},"headline":"Pr\u00e9sidentielle, Vagondo : \u00ab Chaque action que nous entreprendrons en 2025 soit marqu\u00e9e par la primaut\u00e9 de la C\u00f4te d&rsquo;Ivoire \u00bb","datePublished":"2025-01-24T13:36:05+00:00","mainEntityOfPage":{"@id":"https:\/\/www.africa-press.net\/cotedivoire\/politique\/presidentielle-vagondo-chaque-action-que-nous-entreprendrons-en-2025-soit-marquee-par-la-primaute-de-la-cote-divoire"},"wordCount":334,"commentCount":0,"image":{"@id":"https:\/\/www.africa-press.net\/cotedivoire\/politique\/presidentielle-vagondo-chaque-action-que-nous-entreprendrons-en-2025-soit-marquee-par-la-primaute-de-la-cote-divoire#primaryimage"},"thumbnailUrl":"https:\/\/static.africa-press.net\/cote\/sites\/43\/2025\/01\/sm_1737713973.000671.jpg","keywords":["C\u00f4te d'Ivoire","missions","pr\u00e9sidentielle","S\u00e9curit\u00e9","Vagondo"],"articleSection":["Politique","Top Nouvelles","Toutes les actualit\u00e9s"],"inLanguage":"fr-FR","potentialAction":[{"@type":"CommentAction","name":"Comment","target":["https:\/\/www.africa-press.net\/cotedivoire\/politique\/presidentielle-vagondo-chaque-action-que-nous-entreprendrons-en-2025-soit-marquee-par-la-primaute-de-la-cote-divoire#respond"]}]},{"@type":"WebPage","@id":"https:\/\/www.africa-press.net\/cotedivoire\/politique\/presidentielle-vagondo-chaque-action-que-nous-entreprendrons-en-2025-soit-marquee-par-la-primaute-de-la-cote-divoire","url":"https:\/\/www.africa-press.net\/cotedivoire\/politique\/presidentielle-vagondo-chaque-action-que-nous-entreprendrons-en-2025-soit-marquee-par-la-primaute-de-la-cote-divoire","name":"Pr\u00e9sidentielle, Vagondo : \u00ab Chaque action que nous entreprendrons en 2025 soit marqu\u00e9e par la primaut\u00e9 de la C\u00f4te d'Ivoire \u00bb - C\u00f4te d&#039;Ivoire","isPartOf":{"@id":"https:\/\/www.africa-press.net\/cotedivoire\/#website"},"primaryImageOfPage":{"@id":"https:\/\/www.africa-press.net\/cotedivoire\/politique\/presidentielle-vagondo-chaque-action-que-nous-entreprendrons-en-2025-soit-marquee-par-la-primaute-de-la-cote-divoire#primaryimage"},"image":{"@id":"https:\/\/www.africa-press.net\/cotedivoire\/politique\/presidentielle-vagondo-chaque-action-que-nous-entreprendrons-en-2025-soit-marquee-par-la-primaute-de-la-cote-divoire#primaryimage"},"thumbnailUrl":"https:\/\/static.africa-press.net\/cote\/sites\/43\/2025\/01\/sm_1737713973.000671.jpg","datePublished":"2025-01-24T13:36:05+00:00","author":{"@id":"https:\/\/www.africa-press.net\/cotedivoire\/#\/schema\/person\/2b1cf3cd81a31e3cd26889ca66d677f1"},"breadcrumb":{"@id":"https:\/\/www.africa-press.net\/cotedivoire\/politique\/presidentielle-vagondo-chaque-action-que-nous-entreprendrons-en-2025-soit-marquee-par-la-primaute-de-la-cote-divoire#breadcrumb"},"inLanguage":"fr-FR","potentialAction":[{"@type":"ReadAction","target":["https:\/\/www.africa-press.net\/cotedivoire\/politique\/presidentielle-vagondo-chaque-action-que-nous-entreprendrons-en-2025-soit-marquee-par-la-primaute-de-la-cote-divoire"]}]},{"@type":"ImageObject","inLanguage":"fr-FR","@id":"https:\/\/www.africa-press.net\/cotedivoire\/politique\/presidentielle-vagondo-chaque-action-que-nous-entreprendrons-en-2025-soit-marquee-par-la-primaute-de-la-cote-divoire#primaryimage","url":"https:\/\/static.africa-press.net\/cote\/sites\/43\/2025\/01\/sm_1737713973.000671.jpg","contentUrl":"https:\/\/static.africa-press.net\/cote\/sites\/43\/2025\/01\/sm_1737713973.000671.jpg","width":720,"height":480,"caption":"Pr\u00e9sidentielle, Vagondo : \u00ab Chaque action que nous entreprendrons en 2025 soit marqu\u00e9e par la primaut\u00e9 de la C\u00f4te d'Ivoire \u00bb"},{"@type":"BreadcrumbList","@id":"https:\/\/www.africa-press.net\/cotedivoire\/politique\/presidentielle-vagondo-chaque-action-que-nous-entreprendrons-en-2025-soit-marquee-par-la-primaute-de-la-cote-divoire#breadcrumb","itemListElement":[{"@type":"ListItem","position":1,"name":"Accueil","item":"https:\/\/www.africa-press.net\/cotedivoire\/"},{"@type":"ListItem","position":2,"name":"Pr\u00e9sidentielle, Vagondo : \u00ab Chaque action que nous entreprendrons en 2025 soit marqu\u00e9e par la primaut\u00e9 de la C\u00f4te d&rsquo;Ivoire \u00bb"}]},{"@type":"WebSite","@id":"https:\/\/www.africa-press.net\/cotedivoire\/#website","url":"https:\/\/www.africa-press.net\/cotedivoire\/","name":"C\u00f4te d&#039;Ivoire","description":"Just another Africa News Agency Sites site","potentialAction":[{"@type":"SearchAction","target":{"@type":"EntryPoint","urlTemplate":"https:\/\/www.africa-press.net\/cotedivoire\/?s={search_term_string}"},"query-input":{"@type":"PropertyValueSpecification","valueRequired":true,"valueName":"search_term_string"}}],"inLanguage":"fr-FR"},{"@type":"Person","@id":"https:\/\/www.africa-press.net\/cotedivoire\/#\/schema\/person\/2b1cf3cd81a31e3cd26889ca66d677f1","name":"cfeditorfr"}]}},"_links":{"self":[{"href":"https:\/\/www.africa-press.net\/cotedivoire\/wp-json\/wp\/v2\/posts\/94187","targetHints":{"allow":["GET"]}}],"collection":[{"href":"https:\/\/www.africa-press.net\/cotedivoire\/wp-json\/wp\/v2\/posts"}],"about":[{"href":"https:\/\/www.africa-press.net\/cotedivoire\/wp-json\/wp\/v2\/types\/post"}],"author":[{"embeddable":true,"href":"https:\/\/www.africa-press.net\/cotedivoire\/wp-json\/wp\/v2\/users\/82"}],"replies":[{"embeddable":true,"href":"https:\/\/www.africa-press.net\/cotedivoire\/wp-json\/wp\/v2\/comments?post=94187"}],"version-history":[{"count":0,"href":"https:\/\/www.africa-press.net\/cotedivoire\/wp-json\/wp\/v2\/posts\/94187\/revisions"}],"wp:featuredmedia":[{"embeddable":true,"href":"https:\/\/www.africa-press.net\/cotedivoire\/wp-json\/wp\/v2\/media\/94186"}],"wp:attachment":[{"href":"https:\/\/www.africa-press.net\/cotedivoire\/wp-json\/wp\/v2\/media?parent=94187"}],"wp:term":[{"taxonomy":"category","embeddable":true,"href":"https:\/\/www.africa-press.net\/cotedivoire\/wp-json\/wp\/v2\/categories?post=94187"},{"taxonomy":"post_tag","embeddable":true,"href":"https:\/\/www.africa-press.net\/cotedivoire\/wp-json\/wp\/v2\/tags?post=94187"}],"curies":[{"name":"wp","href":"https:\/\/api.w.org\/{rel}","templated":true}]}}