{"id":94189,"date":"2025-01-24T13:36:05","date_gmt":"2025-01-24T13:36:05","guid":{"rendered":"https:\/\/www.africa-press.net\/cotedivoire\/politique\/voeux-2025-voici-les-doleances-formulees-par-la-police-au-ministre-de-la-securite"},"modified":"2025-01-24T13:36:05","modified_gmt":"2025-01-24T13:36:05","slug":"voeux-2025-voici-les-doleances-formulees-par-la-police-au-ministre-de-la-securite","status":"publish","type":"post","link":"https:\/\/www.africa-press.net\/cotedivoire\/politique\/voeux-2025-voici-les-doleances-formulees-par-la-police-au-ministre-de-la-securite","title":{"rendered":"V\u0153ux 2025, voici les dol\u00e9ances formul\u00e9es par la Police au Ministre de la s\u00e9curit\u00e9"},"content":{"rendered":"<p><span style=\"color: #ff6600\"><strong>Africa-Press &#8211; C\u00f4te d&rsquo;Ivoire. <\/strong><\/span>La ce\u0301re\u0301monie de pre\u0301sentation de V\u0153ux 2025 au Ministre de l\u2019Inte\u0301rieur et de la Se\u0301curite\u0301, Le Ge\u0301ne\u0301ral Vagondo Diomande\u0301, a eu lieu le jeudi 23 janvier 2025, a\u0300 Abidjan-Plateau.<\/p>\n<p>Nous apprenons de sources policie\u0300res, qu&rsquo;a\u0300 cette occasion, la Direction Ge\u0301ne\u0301rale de la Police Nationale (DGPN), par la voix du Directeur laquelle Ge\u0301ne\u0301ral Adjoint Charge\u0301 de la Se\u0301curite\u0301 Publique, apre\u0300s avoir adresse\u0301 des v\u0153ux de sante\u0301 et de bonheur a\u0300 Monsieur le Ministre de l\u2019Inte\u0301rieur et de la Se\u0301curite\u0301, a fait des dole\u0301ances dont la re\u0301alisation contribuera a\u0300 ame\u0301liorer la qualite\u0301 des prestations de la Police Nationale.<\/p>\n<p>Au nombre des dole\u0301ances formule\u0301es, il y a: Le renforcement des capacite\u0301s ope\u0301rationnelles des Unite\u0301s de Police en moyens de mobilite\u0301 et des grenades supple\u0301mentaires pour mieux se\u0301curiser l\u2019e\u0301lection pre\u0301sidentielle d\u2019octobre 2025 ; \u2060La poursuite du maillage du territoire par les Services de Police ; \u2060La mise en \u0153uvre effective de la re\u0301forme de la Police Nationale.<\/p>\n<p><strong>Pour plus d&rsquo;informations et d&rsquo;analyses sur la <span style=\"color: #ff6600\">C\u00f4te d&rsquo;Ivoire<\/span>, suivez <span style=\"color: #ff6600\">Africa-Press<span style=\"color: #ff6600\"><\/span><\/strong><\/p>\n","protected":false},"excerpt":{"rendered":"<p>Africa-Press &#8211; C\u00f4te d&rsquo;Ivoire. La ce\u0301re\u0301monie de pre\u0301sentation de V\u0153ux 2025 au Ministre de l\u2019Inte\u0301rieur et de la Se\u0301curite\u0301, Le Ge\u0301ne\u0301ral Vagondo Diomande\u0301, a eu lieu le jeudi 23 janvier 2025, a\u0300 Abidjan-Plateau. Nous apprenons de sources policie\u0300res, qu&rsquo;a\u0300 cette occasion, la Direction Ge\u0301ne\u0301rale de la Police Nationale (DGPN), par la voix du Directeur laquelle [&hellip;]<\/p>\n","protected":false},"author":82,"featured_media":94188,"comment_status":"open","ping_status":"closed","sticky":false,"template":"","format":"standard","meta":{"footnotes":""},"categories":[2,10],"tags":[37,16481,1158,309,3100],"class_list":["post-94189","post","type-post","status-publish","format-standard","has-post-thumbnail","hentry","category-politique","category-toutes-les-actualites","tag-cote-divoire-2","tag-doleances","tag-ministre","tag-police","tag-vagondo-diomande"],"yoast_head":"<!-- This site is optimized with the Yoast SEO Premium plugin v26.1 (Yoast SEO v27.0) - https:\/\/yoast.com\/product\/yoast-seo-premium-wordpress\/ -->\n<title>V\u0153ux 2025, voici les dol\u00e9ances formul\u00e9es par la Police au Ministre de la s\u00e9curit\u00e9 - C\u00f4te d&#039;Ivoire<\/title>\n<meta name=\"robots\" content=\"index, follow, max-snippet:-1, max-image-preview:large, max-video-preview:-1\" \/>\n<link rel=\"canonical\" href=\"https:\/\/www.africa-press.net\/cotedivoire\/politique\/voeux-2025-voici-les-doleances-formulees-par-la-police-au-ministre-de-la-securite\" \/>\n<meta property=\"og:locale\" content=\"fr_FR\" \/>\n<meta property=\"og:type\" content=\"article\" \/>\n<meta property=\"og:title\" content=\"V\u0153ux 2025, voici les dol\u00e9ances formul\u00e9es par la Police au Ministre de la s\u00e9curit\u00e9\" \/>\n<meta property=\"og:description\" content=\"Africa-Press &#8211; C\u00f4te d&rsquo;Ivoire. La ce\u0301re\u0301monie de pre\u0301sentation de V\u0153ux 2025 au Ministre de l\u2019Inte\u0301rieur et de la Se\u0301curite\u0301, Le Ge\u0301ne\u0301ral Vagondo Diomande\u0301, a eu lieu le jeudi 23 janvier 2025, a\u0300 Abidjan-Plateau. Nous apprenons de sources policie\u0300res, qu&rsquo;a\u0300 cette occasion, la Direction Ge\u0301ne\u0301rale de la Police Nationale (DGPN), par la voix du Directeur laquelle [&hellip;]\" \/>\n<meta property=\"og:url\" content=\"https:\/\/www.africa-press.net\/cotedivoire\/politique\/voeux-2025-voici-les-doleances-formulees-par-la-police-au-ministre-de-la-securite\" \/>\n<meta property=\"og:site_name\" content=\"C\u00f4te d&#039;Ivoire\" \/>\n<meta property=\"article:published_time\" content=\"2025-01-24T13:36:05+00:00\" \/>\n<meta name=\"author\" content=\"cfeditorfr\" \/>\n<meta name=\"twitter:card\" content=\"summary_large_image\" \/>\n<meta name=\"twitter:label1\" content=\"\u00c9crit par\" \/>\n\t<meta name=\"twitter:data1\" content=\"cfeditorfr\" \/>\n\t<meta name=\"twitter:label2\" content=\"Dur\u00e9e de lecture estim\u00e9e\" \/>\n\t<meta name=\"twitter:data2\" content=\"1 minute\" \/>\n<script type=\"application\/ld+json\" class=\"yoast-schema-graph\">{\"@context\":\"https:\/\/schema.org\",\"@graph\":[{\"@type\":\"Article\",\"@id\":\"https:\/\/www.africa-press.net\/cotedivoire\/politique\/voeux-2025-voici-les-doleances-formulees-par-la-police-au-ministre-de-la-securite#article\",\"isPartOf\":{\"@id\":\"https:\/\/www.africa-press.net\/cotedivoire\/politique\/voeux-2025-voici-les-doleances-formulees-par-la-police-au-ministre-de-la-securite\"},\"author\":{\"name\":\"cfeditorfr\",\"@id\":\"https:\/\/www.africa-press.net\/cotedivoire\/#\/schema\/person\/2b1cf3cd81a31e3cd26889ca66d677f1\"},\"headline\":\"V\u0153ux 2025, voici les dol\u00e9ances formul\u00e9es par la Police au Ministre de la s\u00e9curit\u00e9\",\"datePublished\":\"2025-01-24T13:36:05+00:00\",\"mainEntityOfPage\":{\"@id\":\"https:\/\/www.africa-press.net\/cotedivoire\/politique\/voeux-2025-voici-les-doleances-formulees-par-la-police-au-ministre-de-la-securite\"},\"wordCount\":221,\"commentCount\":0,\"image\":{\"@id\":\"https:\/\/www.africa-press.net\/cotedivoire\/politique\/voeux-2025-voici-les-doleances-formulees-par-la-police-au-ministre-de-la-securite#primaryimage\"},\"thumbnailUrl\":\"https:\/\/static.africa-press.net\/cote\/sites\/43\/2025\/01\/sm_1737713983.052996.jpg\",\"keywords\":[\"C\u00f4te d'Ivoire\",\"dol\u00e9ances\",\"Ministre\",\"police\",\"Vagondo Diomand\u00e9\"],\"articleSection\":[\"Politique\",\"Toutes les actualit\u00e9s\"],\"inLanguage\":\"fr-FR\",\"potentialAction\":[{\"@type\":\"CommentAction\",\"name\":\"Comment\",\"target\":[\"https:\/\/www.africa-press.net\/cotedivoire\/politique\/voeux-2025-voici-les-doleances-formulees-par-la-police-au-ministre-de-la-securite#respond\"]}]},{\"@type\":\"WebPage\",\"@id\":\"https:\/\/www.africa-press.net\/cotedivoire\/politique\/voeux-2025-voici-les-doleances-formulees-par-la-police-au-ministre-de-la-securite\",\"url\":\"https:\/\/www.africa-press.net\/cotedivoire\/politique\/voeux-2025-voici-les-doleances-formulees-par-la-police-au-ministre-de-la-securite\",\"name\":\"V\u0153ux 2025, voici les dol\u00e9ances formul\u00e9es par la Police au Ministre de la s\u00e9curit\u00e9 - C\u00f4te d&#039;Ivoire\",\"isPartOf\":{\"@id\":\"https:\/\/www.africa-press.net\/cotedivoire\/#website\"},\"primaryImageOfPage\":{\"@id\":\"https:\/\/www.africa-press.net\/cotedivoire\/politique\/voeux-2025-voici-les-doleances-formulees-par-la-police-au-ministre-de-la-securite#primaryimage\"},\"image\":{\"@id\":\"https:\/\/www.africa-press.net\/cotedivoire\/politique\/voeux-2025-voici-les-doleances-formulees-par-la-police-au-ministre-de-la-securite#primaryimage\"},\"thumbnailUrl\":\"https:\/\/static.africa-press.net\/cote\/sites\/43\/2025\/01\/sm_1737713983.052996.jpg\",\"datePublished\":\"2025-01-24T13:36:05+00:00\",\"author\":{\"@id\":\"https:\/\/www.africa-press.net\/cotedivoire\/#\/schema\/person\/2b1cf3cd81a31e3cd26889ca66d677f1\"},\"breadcrumb\":{\"@id\":\"https:\/\/www.africa-press.net\/cotedivoire\/politique\/voeux-2025-voici-les-doleances-formulees-par-la-police-au-ministre-de-la-securite#breadcrumb\"},\"inLanguage\":\"fr-FR\",\"potentialAction\":[{\"@type\":\"ReadAction\",\"target\":[\"https:\/\/www.africa-press.net\/cotedivoire\/politique\/voeux-2025-voici-les-doleances-formulees-par-la-police-au-ministre-de-la-securite\"]}]},{\"@type\":\"ImageObject\",\"inLanguage\":\"fr-FR\",\"@id\":\"https:\/\/www.africa-press.net\/cotedivoire\/politique\/voeux-2025-voici-les-doleances-formulees-par-la-police-au-ministre-de-la-securite#primaryimage\",\"url\":\"https:\/\/static.africa-press.net\/cote\/sites\/43\/2025\/01\/sm_1737713983.052996.jpg\",\"contentUrl\":\"https:\/\/static.africa-press.net\/cote\/sites\/43\/2025\/01\/sm_1737713983.052996.jpg\",\"width\":720,\"height\":480,\"caption\":\"V\u0153ux 2025, voici les dol\u00e9ances formul\u00e9es par la Police au Ministre de la s\u00e9curit\u00e9\"},{\"@type\":\"BreadcrumbList\",\"@id\":\"https:\/\/www.africa-press.net\/cotedivoire\/politique\/voeux-2025-voici-les-doleances-formulees-par-la-police-au-ministre-de-la-securite#breadcrumb\",\"itemListElement\":[{\"@type\":\"ListItem\",\"position\":1,\"name\":\"Accueil\",\"item\":\"https:\/\/www.africa-press.net\/cotedivoire\/\"},{\"@type\":\"ListItem\",\"position\":2,\"name\":\"V\u0153ux 2025, voici les dol\u00e9ances formul\u00e9es par la Police au Ministre de la s\u00e9curit\u00e9\"}]},{\"@type\":\"WebSite\",\"@id\":\"https:\/\/www.africa-press.net\/cotedivoire\/#website\",\"url\":\"https:\/\/www.africa-press.net\/cotedivoire\/\",\"name\":\"C\u00f4te d&#039;Ivoire\",\"description\":\"Just another Africa News Agency Sites site\",\"potentialAction\":[{\"@type\":\"SearchAction\",\"target\":{\"@type\":\"EntryPoint\",\"urlTemplate\":\"https:\/\/www.africa-press.net\/cotedivoire\/?s={search_term_string}\"},\"query-input\":{\"@type\":\"PropertyValueSpecification\",\"valueRequired\":true,\"valueName\":\"search_term_string\"}}],\"inLanguage\":\"fr-FR\"},{\"@type\":\"Person\",\"@id\":\"https:\/\/www.africa-press.net\/cotedivoire\/#\/schema\/person\/2b1cf3cd81a31e3cd26889ca66d677f1\",\"name\":\"cfeditorfr\"}]}<\/script>\n<!-- \/ Yoast SEO Premium plugin. -->","yoast_head_json":{"title":"V\u0153ux 2025, voici les dol\u00e9ances formul\u00e9es par la Police au Ministre de la s\u00e9curit\u00e9 - C\u00f4te d&#039;Ivoire","robots":{"index":"index","follow":"follow","max-snippet":"max-snippet:-1","max-image-preview":"max-image-preview:large","max-video-preview":"max-video-preview:-1"},"canonical":"https:\/\/www.africa-press.net\/cotedivoire\/politique\/voeux-2025-voici-les-doleances-formulees-par-la-police-au-ministre-de-la-securite","og_locale":"fr_FR","og_type":"article","og_title":"V\u0153ux 2025, voici les dol\u00e9ances formul\u00e9es par la Police au Ministre de la s\u00e9curit\u00e9","og_description":"Africa-Press &#8211; C\u00f4te d&rsquo;Ivoire. La ce\u0301re\u0301monie de pre\u0301sentation de V\u0153ux 2025 au Ministre de l\u2019Inte\u0301rieur et de la Se\u0301curite\u0301, Le Ge\u0301ne\u0301ral Vagondo Diomande\u0301, a eu lieu le jeudi 23 janvier 2025, a\u0300 Abidjan-Plateau. Nous apprenons de sources policie\u0300res, qu&rsquo;a\u0300 cette occasion, la Direction Ge\u0301ne\u0301rale de la Police Nationale (DGPN), par la voix du Directeur laquelle [&hellip;]","og_url":"https:\/\/www.africa-press.net\/cotedivoire\/politique\/voeux-2025-voici-les-doleances-formulees-par-la-police-au-ministre-de-la-securite","og_site_name":"C\u00f4te d&#039;Ivoire","article_published_time":"2025-01-24T13:36:05+00:00","author":"cfeditorfr","twitter_card":"summary_large_image","twitter_misc":{"\u00c9crit par":"cfeditorfr","Dur\u00e9e de lecture estim\u00e9e":"1 minute"},"schema":{"@context":"https:\/\/schema.org","@graph":[{"@type":"Article","@id":"https:\/\/www.africa-press.net\/cotedivoire\/politique\/voeux-2025-voici-les-doleances-formulees-par-la-police-au-ministre-de-la-securite#article","isPartOf":{"@id":"https:\/\/www.africa-press.net\/cotedivoire\/politique\/voeux-2025-voici-les-doleances-formulees-par-la-police-au-ministre-de-la-securite"},"author":{"name":"cfeditorfr","@id":"https:\/\/www.africa-press.net\/cotedivoire\/#\/schema\/person\/2b1cf3cd81a31e3cd26889ca66d677f1"},"headline":"V\u0153ux 2025, voici les dol\u00e9ances formul\u00e9es par la Police au Ministre de la s\u00e9curit\u00e9","datePublished":"2025-01-24T13:36:05+00:00","mainEntityOfPage":{"@id":"https:\/\/www.africa-press.net\/cotedivoire\/politique\/voeux-2025-voici-les-doleances-formulees-par-la-police-au-ministre-de-la-securite"},"wordCount":221,"commentCount":0,"image":{"@id":"https:\/\/www.africa-press.net\/cotedivoire\/politique\/voeux-2025-voici-les-doleances-formulees-par-la-police-au-ministre-de-la-securite#primaryimage"},"thumbnailUrl":"https:\/\/static.africa-press.net\/cote\/sites\/43\/2025\/01\/sm_1737713983.052996.jpg","keywords":["C\u00f4te d'Ivoire","dol\u00e9ances","Ministre","police","Vagondo Diomand\u00e9"],"articleSection":["Politique","Toutes les actualit\u00e9s"],"inLanguage":"fr-FR","potentialAction":[{"@type":"CommentAction","name":"Comment","target":["https:\/\/www.africa-press.net\/cotedivoire\/politique\/voeux-2025-voici-les-doleances-formulees-par-la-police-au-ministre-de-la-securite#respond"]}]},{"@type":"WebPage","@id":"https:\/\/www.africa-press.net\/cotedivoire\/politique\/voeux-2025-voici-les-doleances-formulees-par-la-police-au-ministre-de-la-securite","url":"https:\/\/www.africa-press.net\/cotedivoire\/politique\/voeux-2025-voici-les-doleances-formulees-par-la-police-au-ministre-de-la-securite","name":"V\u0153ux 2025, voici les dol\u00e9ances formul\u00e9es par la Police au Ministre de la s\u00e9curit\u00e9 - C\u00f4te d&#039;Ivoire","isPartOf":{"@id":"https:\/\/www.africa-press.net\/cotedivoire\/#website"},"primaryImageOfPage":{"@id":"https:\/\/www.africa-press.net\/cotedivoire\/politique\/voeux-2025-voici-les-doleances-formulees-par-la-police-au-ministre-de-la-securite#primaryimage"},"image":{"@id":"https:\/\/www.africa-press.net\/cotedivoire\/politique\/voeux-2025-voici-les-doleances-formulees-par-la-police-au-ministre-de-la-securite#primaryimage"},"thumbnailUrl":"https:\/\/static.africa-press.net\/cote\/sites\/43\/2025\/01\/sm_1737713983.052996.jpg","datePublished":"2025-01-24T13:36:05+00:00","author":{"@id":"https:\/\/www.africa-press.net\/cotedivoire\/#\/schema\/person\/2b1cf3cd81a31e3cd26889ca66d677f1"},"breadcrumb":{"@id":"https:\/\/www.africa-press.net\/cotedivoire\/politique\/voeux-2025-voici-les-doleances-formulees-par-la-police-au-ministre-de-la-securite#breadcrumb"},"inLanguage":"fr-FR","potentialAction":[{"@type":"ReadAction","target":["https:\/\/www.africa-press.net\/cotedivoire\/politique\/voeux-2025-voici-les-doleances-formulees-par-la-police-au-ministre-de-la-securite"]}]},{"@type":"ImageObject","inLanguage":"fr-FR","@id":"https:\/\/www.africa-press.net\/cotedivoire\/politique\/voeux-2025-voici-les-doleances-formulees-par-la-police-au-ministre-de-la-securite#primaryimage","url":"https:\/\/static.africa-press.net\/cote\/sites\/43\/2025\/01\/sm_1737713983.052996.jpg","contentUrl":"https:\/\/static.africa-press.net\/cote\/sites\/43\/2025\/01\/sm_1737713983.052996.jpg","width":720,"height":480,"caption":"V\u0153ux 2025, voici les dol\u00e9ances formul\u00e9es par la Police au Ministre de la s\u00e9curit\u00e9"},{"@type":"BreadcrumbList","@id":"https:\/\/www.africa-press.net\/cotedivoire\/politique\/voeux-2025-voici-les-doleances-formulees-par-la-police-au-ministre-de-la-securite#breadcrumb","itemListElement":[{"@type":"ListItem","position":1,"name":"Accueil","item":"https:\/\/www.africa-press.net\/cotedivoire\/"},{"@type":"ListItem","position":2,"name":"V\u0153ux 2025, voici les dol\u00e9ances formul\u00e9es par la Police au Ministre de la s\u00e9curit\u00e9"}]},{"@type":"WebSite","@id":"https:\/\/www.africa-press.net\/cotedivoire\/#website","url":"https:\/\/www.africa-press.net\/cotedivoire\/","name":"C\u00f4te d&#039;Ivoire","description":"Just another Africa News Agency Sites site","potentialAction":[{"@type":"SearchAction","target":{"@type":"EntryPoint","urlTemplate":"https:\/\/www.africa-press.net\/cotedivoire\/?s={search_term_string}"},"query-input":{"@type":"PropertyValueSpecification","valueRequired":true,"valueName":"search_term_string"}}],"inLanguage":"fr-FR"},{"@type":"Person","@id":"https:\/\/www.africa-press.net\/cotedivoire\/#\/schema\/person\/2b1cf3cd81a31e3cd26889ca66d677f1","name":"cfeditorfr"}]}},"_links":{"self":[{"href":"https:\/\/www.africa-press.net\/cotedivoire\/wp-json\/wp\/v2\/posts\/94189","targetHints":{"allow":["GET"]}}],"collection":[{"href":"https:\/\/www.africa-press.net\/cotedivoire\/wp-json\/wp\/v2\/posts"}],"about":[{"href":"https:\/\/www.africa-press.net\/cotedivoire\/wp-json\/wp\/v2\/types\/post"}],"author":[{"embeddable":true,"href":"https:\/\/www.africa-press.net\/cotedivoire\/wp-json\/wp\/v2\/users\/82"}],"replies":[{"embeddable":true,"href":"https:\/\/www.africa-press.net\/cotedivoire\/wp-json\/wp\/v2\/comments?post=94189"}],"version-history":[{"count":0,"href":"https:\/\/www.africa-press.net\/cotedivoire\/wp-json\/wp\/v2\/posts\/94189\/revisions"}],"wp:featuredmedia":[{"embeddable":true,"href":"https:\/\/www.africa-press.net\/cotedivoire\/wp-json\/wp\/v2\/media\/94188"}],"wp:attachment":[{"href":"https:\/\/www.africa-press.net\/cotedivoire\/wp-json\/wp\/v2\/media?parent=94189"}],"wp:term":[{"taxonomy":"category","embeddable":true,"href":"https:\/\/www.africa-press.net\/cotedivoire\/wp-json\/wp\/v2\/categories?post=94189"},{"taxonomy":"post_tag","embeddable":true,"href":"https:\/\/www.africa-press.net\/cotedivoire\/wp-json\/wp\/v2\/tags?post=94189"}],"curies":[{"name":"wp","href":"https:\/\/api.w.org\/{rel}","templated":true}]}}