{"id":94221,"date":"2025-01-25T17:59:36","date_gmt":"2025-01-25T17:59:36","guid":{"rendered":"https:\/\/www.africa-press.net\/cotedivoire\/politique\/afrique-de-louest-les-actions-de-equite-3-devoilees-pour-lamelioration-des-conditions-de-vie-des-acteurs-du-secteur-agricole"},"modified":"2025-01-25T17:59:36","modified_gmt":"2025-01-25T17:59:36","slug":"afrique-de-louest-les-actions-de-equite-3-devoilees-pour-lamelioration-des-conditions-de-vie-des-acteurs-du-secteur-agricole","status":"publish","type":"post","link":"https:\/\/www.africa-press.net\/cotedivoire\/economie\/afrique-de-louest-les-actions-de-equite-3-devoilees-pour-lamelioration-des-conditions-de-vie-des-acteurs-du-secteur-agricole","title":{"rendered":"Afrique de l&rsquo;Ouest, les actions de Equit\u00e9 3 d\u00e9voil\u00e9es pour l&rsquo;am\u00e9lioration des conditions de vie des acteurs du secteur agricole"},"content":{"rendered":"<p><span style=\"color: #ff6600\"><strong>Africa-Press &#8211; C\u00f4te d&rsquo;Ivoire. <\/strong><\/span>Le 23 janvier 2025, Agronomes et Ve\u0301te\u0301rinaires Sans Frontie\u0300res (AVSF) et Commerce E\u0301quitable France ont organise\u0301 le premier Comite\u0301 de Pilotage (COPIL) de la phase 3 du programme E\u0301quite\u0301.<\/p>\n<p>Ce programme, qui s&rsquo;e\u0301tendra sur quatre ans avec un budget de plus de 5 milliards de francs, vise a\u0300 ame\u0301liorer les conditions de vie des producteurs et productrices dans les pays d&rsquo;Afrique de l\u2019Ouest en renforc\u0327ant les me\u0301canismes de commerce e\u0301quitable.<\/p>\n<p>La rencontre a re\u0301uni des acteurs cle\u0301s du secteur, notamment des repre\u0301sentants de l\u2019Agence Franc\u0327aise de De\u0301veloppement (AFD), du Fonds Franc\u0327ais pour l\u2019Environnement Mondial (FFEM), ainsi que des labels de commerce e\u0301quitable comme Max Havelaar France et Fairtrade, sans oublier les plateformes nationales de commerce e\u0301quitable d\u2019Afrique de l\u2019Ouest.<\/p>\n<p>La re\u0301union a permis de pre\u0301senter les objectifs et la planification pour 2025, tout en revenant sur les re\u0301sultats obtenus lors de la phase 2 du programme.<\/p>\n<p>Un accent particulier a e\u0301te\u0301 mis sur les succe\u0300s, mais aussi sur les de\u0301fis rencontre\u0301s durant cette phase. Les membres du COPIL ont e\u0301change\u0301 sur les mesures d\u2019atte\u0301nuation et les ajustements ne\u0301cessaires pour ame\u0301liorer la mise en \u0153uvre des activite\u0301s dans les anne\u0301es a\u0300 venir.<\/p>\n<p>L\u2019un des points forts de la re\u0301union a e\u0301te\u0301 la validation des activite\u0301s propose\u0301es pour la premie\u0300re anne\u0301e de mise en \u0153uvre. Les participants ont e\u0301galement eu l\u2019occasion de discuter de the\u0301matiques cruciales comme la trac\u0327abilite\u0301, l\u2019inclusion sociale, ainsi que les strate\u0301gies lie\u0301es au genre dans le cadre du programme. Ces e\u0301changes ont permis de pre\u0301ciser les modalite\u0301s de se\u0301lection des be\u0301ne\u0301ficiaires, un e\u0301le\u0301ment cle\u0301 pour garantir que les actions atteignent ceux qui en ont le plus besoin.<\/p>\n<p>La phase 3 du programme E\u0301quite\u0301 se veut une e\u0301tape de\u0301cisive pour l&rsquo;ame\u0301lioration des conditions de vie des producteurs en Afrique de l\u2019Ouest. Spe\u0301cifiquement pour les pays du Ghana et de la Co\u0302te d\u2019Ivoire, une attention particulie\u0300re sera porte\u0301e sur la filie\u0300re cacao, avec des discussions ouvertes sur des partenariats potentiels entre les institutions de gouvernance et les acteurs du commerce e\u0301quitable.<\/p>\n<p>Le comite\u0301 a mis en e\u0301vidence l\u2019importance d\u2019une collaboration renforce\u0301e entre les acteurs locaux et les gouvernements pour maximiser l&rsquo;impact des initiatives. Les risques lie\u0301s a\u0300 la mise en \u0153uvre du programme ont e\u0301te\u0301 identifie\u0301s, et des recommandations concre\u0300tes ont e\u0301te\u0301 formule\u0301es pour les atte\u0301nuer dans les anne\u0301es a\u0300 venir.<\/p>\n<p>A\u0300 l\u2019issue de la re\u0301union, les membres du COPIL ont approuve\u0301 le Plan de Travail Annuel pour 2025. Ce plan, qui inte\u0300gre les ajustements ne\u0301cessaires suite aux lec\u0327ons tire\u0301es des anne\u0301es pre\u0301ce\u0301dentes, servira de base pour l\u2019action des partenaires dans les mois a\u0300 venir.<\/p>\n<p>Les recommandations formule\u0301es lors de la re\u0301union seront inte\u0301gre\u0301es dans le Plan de Travail Budge\u0301tise\u0301 Annuel (PTBA) pour 2025, afin de garantir que les objectifs du programme soient atteints de manie\u0300re efficace et efficiente.<\/p>\n<p>Ce premier Comite\u0301 de Pilotage marque le de\u0301but d\u2019une nouvelle phase du programme E\u0301quite\u0301, de\u0301terminante pour les producteurs et productrices d\u2019Afrique de l\u2019Ouest.<\/p>\n<p>A\u0300 travers un engagement collaboratif et une planification rigoureuse, le programme espe\u0300re continuer a\u0300 faire e\u0301voluer les pratiques de commerce e\u0301quitable et a\u0300 ame\u0301liorer les conditions de vie des communaute\u0301s rurales de la re\u0301gion.<\/p>\n<p>Avec une vision claire et des actions concre\u0300tes pour 2025, le programme E\u0301quite\u0301 est sur la bonne voie pour atteindre ses ambitieux objectifs.<\/p>\n<p><strong>Pour plus d&rsquo;informations et d&rsquo;analyses sur la <span style=\"color: #ff6600\">C\u00f4te d&rsquo;Ivoire<\/span>, suivez <span style=\"color: #ff6600\">Africa-Press<span style=\"color: #ff6600\"><\/span><\/strong><\/p>\n","protected":false},"excerpt":{"rendered":"<p>Africa-Press &#8211; C\u00f4te d&rsquo;Ivoire. Le 23 janvier 2025, Agronomes et Ve\u0301te\u0301rinaires Sans Frontie\u0300res (AVSF) et Commerce E\u0301quitable France ont organise\u0301 le premier Comite\u0301 de Pilotage (COPIL) de la phase 3 du programme E\u0301quite\u0301. Ce programme, qui s&rsquo;e\u0301tendra sur quatre ans avec un budget de plus de 5 milliards de francs, vise a\u0300 ame\u0301liorer les conditions [&hellip;]<\/p>\n","protected":false},"author":82,"featured_media":94220,"comment_status":"open","ping_status":"closed","sticky":false,"template":"","format":"standard","meta":{"footnotes":""},"categories":[3,10],"tags":[2656,35,4696,1991,3959,37,16495,16497,107,16498,16272,16496],"class_list":["post-94221","post","type-post","status-publish","format-standard","has-post-thumbnail","hentry","category-economie","category-toutes-les-actualites","tag-activites","tag-afrique","tag-bilan","tag-comite","tag-commerce","tag-cote-divoire-2","tag-decisif","tag-equitable","tag-ouest","tag-pilotage","tag-presentation","tag-programme-equite"],"yoast_head":"<!-- This site is optimized with the Yoast SEO Premium plugin v26.1 (Yoast SEO v27.0) - https:\/\/yoast.com\/product\/yoast-seo-premium-wordpress\/ -->\n<title>Afrique de l&#039;Ouest, les actions de Equit\u00e9 3 d\u00e9voil\u00e9es pour l&#039;am\u00e9lioration des conditions de vie des acteurs du secteur agricole - C\u00f4te d&#039;Ivoire<\/title>\n<meta name=\"robots\" content=\"index, follow, max-snippet:-1, max-image-preview:large, max-video-preview:-1\" \/>\n<link rel=\"canonical\" href=\"https:\/\/www.africa-press.net\/cotedivoire\/politique\/afrique-de-louest-les-actions-de-equite-3-devoilees-pour-lamelioration-des-conditions-de-vie-des-acteurs-du-secteur-agricole\" \/>\n<meta property=\"og:locale\" content=\"fr_FR\" \/>\n<meta property=\"og:type\" content=\"article\" \/>\n<meta property=\"og:title\" content=\"Afrique de l&#039;Ouest, les actions de Equit\u00e9 3 d\u00e9voil\u00e9es pour l&#039;am\u00e9lioration des conditions de vie des acteurs du secteur agricole\" \/>\n<meta property=\"og:description\" content=\"Africa-Press &#8211; C\u00f4te d&rsquo;Ivoire. Le 23 janvier 2025, Agronomes et Ve\u0301te\u0301rinaires Sans Frontie\u0300res (AVSF) et Commerce E\u0301quitable France ont organise\u0301 le premier Comite\u0301 de Pilotage (COPIL) de la phase 3 du programme E\u0301quite\u0301. Ce programme, qui s&rsquo;e\u0301tendra sur quatre ans avec un budget de plus de 5 milliards de francs, vise a\u0300 ame\u0301liorer les conditions [&hellip;]\" \/>\n<meta property=\"og:url\" content=\"https:\/\/www.africa-press.net\/cotedivoire\/politique\/afrique-de-louest-les-actions-de-equite-3-devoilees-pour-lamelioration-des-conditions-de-vie-des-acteurs-du-secteur-agricole\" \/>\n<meta property=\"og:site_name\" content=\"C\u00f4te d&#039;Ivoire\" \/>\n<meta property=\"article:published_time\" content=\"2025-01-25T17:59:36+00:00\" \/>\n<meta name=\"author\" content=\"cfeditorfr\" \/>\n<meta name=\"twitter:card\" content=\"summary_large_image\" \/>\n<meta name=\"twitter:label1\" content=\"\u00c9crit par\" \/>\n\t<meta name=\"twitter:data1\" content=\"cfeditorfr\" \/>\n\t<meta name=\"twitter:label2\" content=\"Dur\u00e9e de lecture estim\u00e9e\" \/>\n\t<meta name=\"twitter:data2\" content=\"3 minutes\" \/>\n<script type=\"application\/ld+json\" class=\"yoast-schema-graph\">{\"@context\":\"https:\/\/schema.org\",\"@graph\":[{\"@type\":\"Article\",\"@id\":\"https:\/\/www.africa-press.net\/cotedivoire\/politique\/afrique-de-louest-les-actions-de-equite-3-devoilees-pour-lamelioration-des-conditions-de-vie-des-acteurs-du-secteur-agricole#article\",\"isPartOf\":{\"@id\":\"https:\/\/www.africa-press.net\/cotedivoire\/politique\/afrique-de-louest-les-actions-de-equite-3-devoilees-pour-lamelioration-des-conditions-de-vie-des-acteurs-du-secteur-agricole\"},\"author\":{\"name\":\"cfeditorfr\",\"@id\":\"https:\/\/www.africa-press.net\/cotedivoire\/#\/schema\/person\/2b1cf3cd81a31e3cd26889ca66d677f1\"},\"headline\":\"Afrique de l&rsquo;Ouest, les actions de Equit\u00e9 3 d\u00e9voil\u00e9es pour l&rsquo;am\u00e9lioration des conditions de vie des acteurs du secteur agricole\",\"datePublished\":\"2025-01-25T17:59:36+00:00\",\"mainEntityOfPage\":{\"@id\":\"https:\/\/www.africa-press.net\/cotedivoire\/politique\/afrique-de-louest-les-actions-de-equite-3-devoilees-pour-lamelioration-des-conditions-de-vie-des-acteurs-du-secteur-agricole\"},\"wordCount\":691,\"commentCount\":0,\"image\":{\"@id\":\"https:\/\/www.africa-press.net\/cotedivoire\/politique\/afrique-de-louest-les-actions-de-equite-3-devoilees-pour-lamelioration-des-conditions-de-vie-des-acteurs-du-secteur-agricole#primaryimage\"},\"thumbnailUrl\":\"https:\/\/static.africa-press.net\/cote\/sites\/43\/2025\/01\/sm_1737816581.215632.jpg\",\"keywords\":[\"activit\u00e9s\",\"Afrique\",\"bilan\",\"Comit\u00e9\",\"Commerce\",\"C\u00f4te d'Ivoire\",\"d\u00e9cisif\",\"\u00e9quitable\",\"OUEST\",\"pilotage\",\"pr\u00e9sentation\",\"programme \u00c9quit\u00e9\"],\"articleSection\":[\"\u00c9conomie\",\"Toutes les actualit\u00e9s\"],\"inLanguage\":\"fr-FR\",\"potentialAction\":[{\"@type\":\"CommentAction\",\"name\":\"Comment\",\"target\":[\"https:\/\/www.africa-press.net\/cotedivoire\/politique\/afrique-de-louest-les-actions-de-equite-3-devoilees-pour-lamelioration-des-conditions-de-vie-des-acteurs-du-secteur-agricole#respond\"]}]},{\"@type\":\"WebPage\",\"@id\":\"https:\/\/www.africa-press.net\/cotedivoire\/politique\/afrique-de-louest-les-actions-de-equite-3-devoilees-pour-lamelioration-des-conditions-de-vie-des-acteurs-du-secteur-agricole\",\"url\":\"https:\/\/www.africa-press.net\/cotedivoire\/politique\/afrique-de-louest-les-actions-de-equite-3-devoilees-pour-lamelioration-des-conditions-de-vie-des-acteurs-du-secteur-agricole\",\"name\":\"Afrique de l'Ouest, les actions de Equit\u00e9 3 d\u00e9voil\u00e9es pour l'am\u00e9lioration des conditions de vie des acteurs du secteur agricole - C\u00f4te d&#039;Ivoire\",\"isPartOf\":{\"@id\":\"https:\/\/www.africa-press.net\/cotedivoire\/#website\"},\"primaryImageOfPage\":{\"@id\":\"https:\/\/www.africa-press.net\/cotedivoire\/politique\/afrique-de-louest-les-actions-de-equite-3-devoilees-pour-lamelioration-des-conditions-de-vie-des-acteurs-du-secteur-agricole#primaryimage\"},\"image\":{\"@id\":\"https:\/\/www.africa-press.net\/cotedivoire\/politique\/afrique-de-louest-les-actions-de-equite-3-devoilees-pour-lamelioration-des-conditions-de-vie-des-acteurs-du-secteur-agricole#primaryimage\"},\"thumbnailUrl\":\"https:\/\/static.africa-press.net\/cote\/sites\/43\/2025\/01\/sm_1737816581.215632.jpg\",\"datePublished\":\"2025-01-25T17:59:36+00:00\",\"author\":{\"@id\":\"https:\/\/www.africa-press.net\/cotedivoire\/#\/schema\/person\/2b1cf3cd81a31e3cd26889ca66d677f1\"},\"breadcrumb\":{\"@id\":\"https:\/\/www.africa-press.net\/cotedivoire\/politique\/afrique-de-louest-les-actions-de-equite-3-devoilees-pour-lamelioration-des-conditions-de-vie-des-acteurs-du-secteur-agricole#breadcrumb\"},\"inLanguage\":\"fr-FR\",\"potentialAction\":[{\"@type\":\"ReadAction\",\"target\":[\"https:\/\/www.africa-press.net\/cotedivoire\/politique\/afrique-de-louest-les-actions-de-equite-3-devoilees-pour-lamelioration-des-conditions-de-vie-des-acteurs-du-secteur-agricole\"]}]},{\"@type\":\"ImageObject\",\"inLanguage\":\"fr-FR\",\"@id\":\"https:\/\/www.africa-press.net\/cotedivoire\/politique\/afrique-de-louest-les-actions-de-equite-3-devoilees-pour-lamelioration-des-conditions-de-vie-des-acteurs-du-secteur-agricole#primaryimage\",\"url\":\"https:\/\/static.africa-press.net\/cote\/sites\/43\/2025\/01\/sm_1737816581.215632.jpg\",\"contentUrl\":\"https:\/\/static.africa-press.net\/cote\/sites\/43\/2025\/01\/sm_1737816581.215632.jpg\",\"width\":720,\"height\":332,\"caption\":\"Afrique de l'Ouest, les actions de Equit\u00e9 3 d\u00e9voil\u00e9es pour l'am\u00e9lioration des conditions de vie des acteurs du secteur agricole\"},{\"@type\":\"BreadcrumbList\",\"@id\":\"https:\/\/www.africa-press.net\/cotedivoire\/politique\/afrique-de-louest-les-actions-de-equite-3-devoilees-pour-lamelioration-des-conditions-de-vie-des-acteurs-du-secteur-agricole#breadcrumb\",\"itemListElement\":[{\"@type\":\"ListItem\",\"position\":1,\"name\":\"Accueil\",\"item\":\"https:\/\/www.africa-press.net\/cotedivoire\/\"},{\"@type\":\"ListItem\",\"position\":2,\"name\":\"Afrique de l&rsquo;Ouest, les actions de Equit\u00e9 3 d\u00e9voil\u00e9es pour l&rsquo;am\u00e9lioration des conditions de vie des acteurs du secteur agricole\"}]},{\"@type\":\"WebSite\",\"@id\":\"https:\/\/www.africa-press.net\/cotedivoire\/#website\",\"url\":\"https:\/\/www.africa-press.net\/cotedivoire\/\",\"name\":\"C\u00f4te d&#039;Ivoire\",\"description\":\"Just another Africa News Agency Sites site\",\"potentialAction\":[{\"@type\":\"SearchAction\",\"target\":{\"@type\":\"EntryPoint\",\"urlTemplate\":\"https:\/\/www.africa-press.net\/cotedivoire\/?s={search_term_string}\"},\"query-input\":{\"@type\":\"PropertyValueSpecification\",\"valueRequired\":true,\"valueName\":\"search_term_string\"}}],\"inLanguage\":\"fr-FR\"},{\"@type\":\"Person\",\"@id\":\"https:\/\/www.africa-press.net\/cotedivoire\/#\/schema\/person\/2b1cf3cd81a31e3cd26889ca66d677f1\",\"name\":\"cfeditorfr\"}]}<\/script>\n<!-- \/ Yoast SEO Premium plugin. -->","yoast_head_json":{"title":"Afrique de l'Ouest, les actions de Equit\u00e9 3 d\u00e9voil\u00e9es pour l'am\u00e9lioration des conditions de vie des acteurs du secteur agricole - C\u00f4te d&#039;Ivoire","robots":{"index":"index","follow":"follow","max-snippet":"max-snippet:-1","max-image-preview":"max-image-preview:large","max-video-preview":"max-video-preview:-1"},"canonical":"https:\/\/www.africa-press.net\/cotedivoire\/politique\/afrique-de-louest-les-actions-de-equite-3-devoilees-pour-lamelioration-des-conditions-de-vie-des-acteurs-du-secteur-agricole","og_locale":"fr_FR","og_type":"article","og_title":"Afrique de l'Ouest, les actions de Equit\u00e9 3 d\u00e9voil\u00e9es pour l'am\u00e9lioration des conditions de vie des acteurs du secteur agricole","og_description":"Africa-Press &#8211; C\u00f4te d&rsquo;Ivoire. Le 23 janvier 2025, Agronomes et Ve\u0301te\u0301rinaires Sans Frontie\u0300res (AVSF) et Commerce E\u0301quitable France ont organise\u0301 le premier Comite\u0301 de Pilotage (COPIL) de la phase 3 du programme E\u0301quite\u0301. Ce programme, qui s&rsquo;e\u0301tendra sur quatre ans avec un budget de plus de 5 milliards de francs, vise a\u0300 ame\u0301liorer les conditions [&hellip;]","og_url":"https:\/\/www.africa-press.net\/cotedivoire\/politique\/afrique-de-louest-les-actions-de-equite-3-devoilees-pour-lamelioration-des-conditions-de-vie-des-acteurs-du-secteur-agricole","og_site_name":"C\u00f4te d&#039;Ivoire","article_published_time":"2025-01-25T17:59:36+00:00","author":"cfeditorfr","twitter_card":"summary_large_image","twitter_misc":{"\u00c9crit par":"cfeditorfr","Dur\u00e9e de lecture estim\u00e9e":"3 minutes"},"schema":{"@context":"https:\/\/schema.org","@graph":[{"@type":"Article","@id":"https:\/\/www.africa-press.net\/cotedivoire\/politique\/afrique-de-louest-les-actions-de-equite-3-devoilees-pour-lamelioration-des-conditions-de-vie-des-acteurs-du-secteur-agricole#article","isPartOf":{"@id":"https:\/\/www.africa-press.net\/cotedivoire\/politique\/afrique-de-louest-les-actions-de-equite-3-devoilees-pour-lamelioration-des-conditions-de-vie-des-acteurs-du-secteur-agricole"},"author":{"name":"cfeditorfr","@id":"https:\/\/www.africa-press.net\/cotedivoire\/#\/schema\/person\/2b1cf3cd81a31e3cd26889ca66d677f1"},"headline":"Afrique de l&rsquo;Ouest, les actions de Equit\u00e9 3 d\u00e9voil\u00e9es pour l&rsquo;am\u00e9lioration des conditions de vie des acteurs du secteur agricole","datePublished":"2025-01-25T17:59:36+00:00","mainEntityOfPage":{"@id":"https:\/\/www.africa-press.net\/cotedivoire\/politique\/afrique-de-louest-les-actions-de-equite-3-devoilees-pour-lamelioration-des-conditions-de-vie-des-acteurs-du-secteur-agricole"},"wordCount":691,"commentCount":0,"image":{"@id":"https:\/\/www.africa-press.net\/cotedivoire\/politique\/afrique-de-louest-les-actions-de-equite-3-devoilees-pour-lamelioration-des-conditions-de-vie-des-acteurs-du-secteur-agricole#primaryimage"},"thumbnailUrl":"https:\/\/static.africa-press.net\/cote\/sites\/43\/2025\/01\/sm_1737816581.215632.jpg","keywords":["activit\u00e9s","Afrique","bilan","Comit\u00e9","Commerce","C\u00f4te d'Ivoire","d\u00e9cisif","\u00e9quitable","OUEST","pilotage","pr\u00e9sentation","programme \u00c9quit\u00e9"],"articleSection":["\u00c9conomie","Toutes les actualit\u00e9s"],"inLanguage":"fr-FR","potentialAction":[{"@type":"CommentAction","name":"Comment","target":["https:\/\/www.africa-press.net\/cotedivoire\/politique\/afrique-de-louest-les-actions-de-equite-3-devoilees-pour-lamelioration-des-conditions-de-vie-des-acteurs-du-secteur-agricole#respond"]}]},{"@type":"WebPage","@id":"https:\/\/www.africa-press.net\/cotedivoire\/politique\/afrique-de-louest-les-actions-de-equite-3-devoilees-pour-lamelioration-des-conditions-de-vie-des-acteurs-du-secteur-agricole","url":"https:\/\/www.africa-press.net\/cotedivoire\/politique\/afrique-de-louest-les-actions-de-equite-3-devoilees-pour-lamelioration-des-conditions-de-vie-des-acteurs-du-secteur-agricole","name":"Afrique de l'Ouest, les actions de Equit\u00e9 3 d\u00e9voil\u00e9es pour l'am\u00e9lioration des conditions de vie des acteurs du secteur agricole - C\u00f4te d&#039;Ivoire","isPartOf":{"@id":"https:\/\/www.africa-press.net\/cotedivoire\/#website"},"primaryImageOfPage":{"@id":"https:\/\/www.africa-press.net\/cotedivoire\/politique\/afrique-de-louest-les-actions-de-equite-3-devoilees-pour-lamelioration-des-conditions-de-vie-des-acteurs-du-secteur-agricole#primaryimage"},"image":{"@id":"https:\/\/www.africa-press.net\/cotedivoire\/politique\/afrique-de-louest-les-actions-de-equite-3-devoilees-pour-lamelioration-des-conditions-de-vie-des-acteurs-du-secteur-agricole#primaryimage"},"thumbnailUrl":"https:\/\/static.africa-press.net\/cote\/sites\/43\/2025\/01\/sm_1737816581.215632.jpg","datePublished":"2025-01-25T17:59:36+00:00","author":{"@id":"https:\/\/www.africa-press.net\/cotedivoire\/#\/schema\/person\/2b1cf3cd81a31e3cd26889ca66d677f1"},"breadcrumb":{"@id":"https:\/\/www.africa-press.net\/cotedivoire\/politique\/afrique-de-louest-les-actions-de-equite-3-devoilees-pour-lamelioration-des-conditions-de-vie-des-acteurs-du-secteur-agricole#breadcrumb"},"inLanguage":"fr-FR","potentialAction":[{"@type":"ReadAction","target":["https:\/\/www.africa-press.net\/cotedivoire\/politique\/afrique-de-louest-les-actions-de-equite-3-devoilees-pour-lamelioration-des-conditions-de-vie-des-acteurs-du-secteur-agricole"]}]},{"@type":"ImageObject","inLanguage":"fr-FR","@id":"https:\/\/www.africa-press.net\/cotedivoire\/politique\/afrique-de-louest-les-actions-de-equite-3-devoilees-pour-lamelioration-des-conditions-de-vie-des-acteurs-du-secteur-agricole#primaryimage","url":"https:\/\/static.africa-press.net\/cote\/sites\/43\/2025\/01\/sm_1737816581.215632.jpg","contentUrl":"https:\/\/static.africa-press.net\/cote\/sites\/43\/2025\/01\/sm_1737816581.215632.jpg","width":720,"height":332,"caption":"Afrique de l'Ouest, les actions de Equit\u00e9 3 d\u00e9voil\u00e9es pour l'am\u00e9lioration des conditions de vie des acteurs du secteur agricole"},{"@type":"BreadcrumbList","@id":"https:\/\/www.africa-press.net\/cotedivoire\/politique\/afrique-de-louest-les-actions-de-equite-3-devoilees-pour-lamelioration-des-conditions-de-vie-des-acteurs-du-secteur-agricole#breadcrumb","itemListElement":[{"@type":"ListItem","position":1,"name":"Accueil","item":"https:\/\/www.africa-press.net\/cotedivoire\/"},{"@type":"ListItem","position":2,"name":"Afrique de l&rsquo;Ouest, les actions de Equit\u00e9 3 d\u00e9voil\u00e9es pour l&rsquo;am\u00e9lioration des conditions de vie des acteurs du secteur agricole"}]},{"@type":"WebSite","@id":"https:\/\/www.africa-press.net\/cotedivoire\/#website","url":"https:\/\/www.africa-press.net\/cotedivoire\/","name":"C\u00f4te d&#039;Ivoire","description":"Just another Africa News Agency Sites site","potentialAction":[{"@type":"SearchAction","target":{"@type":"EntryPoint","urlTemplate":"https:\/\/www.africa-press.net\/cotedivoire\/?s={search_term_string}"},"query-input":{"@type":"PropertyValueSpecification","valueRequired":true,"valueName":"search_term_string"}}],"inLanguage":"fr-FR"},{"@type":"Person","@id":"https:\/\/www.africa-press.net\/cotedivoire\/#\/schema\/person\/2b1cf3cd81a31e3cd26889ca66d677f1","name":"cfeditorfr"}]}},"_links":{"self":[{"href":"https:\/\/www.africa-press.net\/cotedivoire\/wp-json\/wp\/v2\/posts\/94221","targetHints":{"allow":["GET"]}}],"collection":[{"href":"https:\/\/www.africa-press.net\/cotedivoire\/wp-json\/wp\/v2\/posts"}],"about":[{"href":"https:\/\/www.africa-press.net\/cotedivoire\/wp-json\/wp\/v2\/types\/post"}],"author":[{"embeddable":true,"href":"https:\/\/www.africa-press.net\/cotedivoire\/wp-json\/wp\/v2\/users\/82"}],"replies":[{"embeddable":true,"href":"https:\/\/www.africa-press.net\/cotedivoire\/wp-json\/wp\/v2\/comments?post=94221"}],"version-history":[{"count":0,"href":"https:\/\/www.africa-press.net\/cotedivoire\/wp-json\/wp\/v2\/posts\/94221\/revisions"}],"wp:featuredmedia":[{"embeddable":true,"href":"https:\/\/www.africa-press.net\/cotedivoire\/wp-json\/wp\/v2\/media\/94220"}],"wp:attachment":[{"href":"https:\/\/www.africa-press.net\/cotedivoire\/wp-json\/wp\/v2\/media?parent=94221"}],"wp:term":[{"taxonomy":"category","embeddable":true,"href":"https:\/\/www.africa-press.net\/cotedivoire\/wp-json\/wp\/v2\/categories?post=94221"},{"taxonomy":"post_tag","embeddable":true,"href":"https:\/\/www.africa-press.net\/cotedivoire\/wp-json\/wp\/v2\/tags?post=94221"}],"curies":[{"name":"wp","href":"https:\/\/api.w.org\/{rel}","templated":true}]}}