{"id":94229,"date":"2025-01-25T18:00:21","date_gmt":"2025-01-25T18:00:21","guid":{"rendered":"https:\/\/www.africa-press.net\/cotedivoire\/politique\/et-si-lorigine-de-la-maladie-de-crohn-se-trouvait-dans-le-sol"},"modified":"2025-01-25T18:00:21","modified_gmt":"2025-01-25T18:00:21","slug":"et-si-lorigine-de-la-maladie-de-crohn-se-trouvait-dans-le-sol","status":"publish","type":"post","link":"https:\/\/www.africa-press.net\/cotedivoire\/toutes-les-actualites\/et-si-lorigine-de-la-maladie-de-crohn-se-trouvait-dans-le-sol","title":{"rendered":"Et si l&rsquo;origine de la maladie de Crohn se trouvait dans le sol ?"},"content":{"rendered":"<p><span style=\"color: #ff6600\"><strong>Africa-Press &#8211; C\u00f4te d&rsquo;Ivoire. <\/strong><\/span>Et si les MICI (comme la maladie de Crohn et la rectocolite he\u0301morragique, lire l&rsquo;encadre\u0301 ci-dessous), des affections en augmentation qui concernent 200.000 personnes en France, e\u0301taient en lien avec la pollution des sols ? Telle est la question qui sous-tend un programme de recherche original dit CROPS (CRohn&rsquo;s disease and Pollution of. Soils) en cours dans le nord de la France.<\/p>\n<p>Au programme de la premie\u0300re journe\u0301e de\u0301die\u0301e a\u0300 la recherche sur les MICI et l\u2019environnement organise\u0301e de\u0301but janvier 2025 a\u0300 la Direction Ge\u0301ne\u0301rale de la Sante\u0301 (Paris) par l\u2019association de patients afa Crohn RCH France, ses premiers re\u0301sultats ont e\u0301te\u0301 pre\u0301sente\u0301s a\u0300 la communaute\u0301 scientifique par sa coordinatrice, le Pr Annabelle Deram (universite\u0301 de Lille, laboratoire ge\u0301nie civil et ge\u0301o-environnement, LGCgE).<\/p>\n<p><b>Maladie de Crohn: le nord de la France particulie\u0300rement touche\u0301<\/b><\/p>\n<p>Pour bien comprendre ces travaux, il faut savoir qu\u2019en France, le nombre de nouveaux cas annuels de maladie de Crohn est compris entre 4 et 5 pour 100.000 habitants.<\/p>\n<p>Or, dans le nord de la France qui cumule de\u0301ja\u0300 de tristes records en matie\u0300re de sante\u0301 publique, on sait de\u0301ja\u0300 depuis plusieurs anne\u0301es que l\u2019incidence y est supe\u0301rieure (5,7 cas pour 100.000 habitants). Des donne\u0301es qui proviennent du registre Epimad mis en place au CHU de Lille en 1988, une pre\u0301cieuse aide qui permet depuis aux chercheurs et aux me\u0301decins de suivre tous les patients atteints de MICI dans quatre de\u0301partements (Nord, Pas-de-Calais, Somme, Seine-Maritime).<\/p>\n<p>Mais, face a\u0300 ces affections dont l\u2019origine reste toujours inconnue et qui concernent surtout les jeunes adultes (15% d\u2019enfants), de re\u0301cents travaux d\u2019Epimad parus a\u0300 l\u2019automne 2024 dans la revue The Lancet ont montre\u0301, dans une e\u0301tude de grande envergure re\u0301alise\u0301e sur 30 ans, que leur incidence continuait d\u2019augmenter tout particulie\u0300rement dans le nord de la France, surtout chez les enfants et les jeunes adultes. Pour la maladie de Crohn, l&rsquo;incidence est ainsi passe\u0301e de 5,1\/105 en 1988-1990 a\u0300 7,9\/105 en 2015-2017.<\/p>\n<p>De plus, sur les quatre de\u0301partements couverts par Epimad, diffe\u0301rentes zones ge\u0301ographiques, des clusters locaux de sur et de sous incidence des MICI, ont e\u0301te\u0301 identifie\u0301s. C\u2019est d\u2019ailleurs cette he\u0301te\u0301roge\u0301ne\u0301ite\u0301 territoriale qui a interpelle\u0301 les chercheurs du consortium HEROIC, dont le Pr Deram, environnementaliste tre\u0300s e\u0301loigne\u0301e de la gastroente\u0301rologie et de la maladie de Crohn dont elle avouait tout ignorer quand elle a commence\u0301 ses travaux.<\/p>\n<p><b>\u00ab\u00a0Le sol, on le respire et on le mange\u00a0\u00bb<\/b><\/p>\n<p>Car au-dela\u0300 de l\u2019influence de l\u2019air et de l\u2019eau sur nos organismes, peut-e\u0302tre faut-il aussi compter sur nos interactions avec le sol. \u00ab\u00a0Le sol, on le respire et on le mange\u00a0\u00bb, re\u0301sume la spe\u0301cialiste. Trois modes de contamination sont de\u0301crits: l&rsquo;\u2019inhalation de poussie\u0300res et de gaz e\u0301mis par les sols, le contact cutane\u0301 direct et enfin l\u2019ingestion, soit d\u2019aliments contamine\u0301s et celle, volontaire ou involontaire, de particules.<\/p>\n<p>Au final, \u00ab\u00a0on estime qu\u2019un adulte inge\u0300re en moyenne 23 mg de sol (l\u2019e\u0301quivalent d\u2019environ un grain de riz) par jour, mais c\u2019est 100 fois plus pour un enfant, soit 208 mg par jour\u00a0\u00bb, pre\u0301cise le Pr Deram.<\/p>\n<p>Une fois constitue\u0301e, l\u2019e\u0301quipe multidisciplinaire du projet (ge\u0301ologues, chimistes, inge\u0301nieurs, sociologues, historiens, biologistes, statisticiens&#8230;), a pu e\u0301tablir une cartographie de sept diffe\u0301rents profils environnementaux (allant des centres urbains les plus denses aux espaces les moins artificialise\u0301s). Diffe\u0301rents pre\u0301le\u0300vements y ont e\u0301te\u0301 effectue\u0301s et de\u0301sormais, il s\u2019agit d\u2019analyser les donne\u0301es pour voir si des liens peuvent e\u0302tre e\u0301tablis avec les clusters de sur et sous incidence des MICI et le type de profil environnemental.<\/p>\n<p>Pour l\u2019instant, les tout premiers re\u0301sultats ont retrouve\u0301 une association entre les clusters de sur incidence des MICI et les zones d\u2019agriculture intensive (zones de culture de betterave sucrie\u0300re, endive) et de pollution industrielle historique aux me\u0301taux (arsenic, zinc, cuivre).\u00a0\u00bbMais attention, corre\u0301lation ne signifie pas causalite\u0301\u00a0\u00bb, avertit le Pr Deram.<\/p>\n<p>Les travaux doivent donc se poursuivre avec de nouvelles campagnes de terrain a\u0300 la recherche de polluants conventionnels mais aussi, plus original, de ceux dits e\u0301mergents (re\u0301sidus de me\u0301dicaments et perturbateurs endocriniens). Le financement doit e\u0302tre trouve\u0301, puis il n&rsquo;y a plus qu\u2019a\u0300 creuser.<\/p>\n<p><b>Que sont les MICI (maladies inflammatoires chroniques de l\u2019intestin) ?<\/b><\/p>\n<p>Ce terme regroupe maladie de Crohn (MC) et rectocolite he\u0301morragique (RCH), deux maladies digestives qui se caracte\u0301risent par l\u2019inflammation de la paroi d\u2019une partie du tube digestif, due a\u0300 une de\u0301re\u0301gulation du syste\u0300me immunitaire. Elles concernent pluto\u0302t les jeunes adultes et e\u0301voluent par pousse\u0301es inflammatoires, de manie\u0300re tre\u0300s variable d&rsquo;un patient a\u0300 l&rsquo;autre, alternant avec des phases de re\u0301mission.<\/p>\n<p>Dans la maladie de Crohn, l\u2019inflammation peut toucher tous les segments du tube digestif (de la bouche a\u0300 l\u2019anus), mais se localise le plus souvent au niveau de l\u2019intestin et touche fre\u0301quemment l\u2019ile\u0301on terminal, avec ou sans atteinte colique.<\/p>\n<p>Dans la rectocolite he\u0301morragique, l\u2019inflammation affecte toujours la partie basse du rectum et remonte plus ou moins dans le co\u0302lon, mais l\u2019intestin n\u2019est jamais touche\u0301.<\/p>\n<p><strong>Pour plus d&rsquo;informations et d&rsquo;analyses sur la <span style=\"color: #ff6600\">C\u00f4te d&rsquo;Ivoire<\/span>, suivez <span style=\"color: #ff6600\">Africa-Press<span style=\"color: #ff6600\"><\/span><\/strong><\/p>\n","protected":false},"excerpt":{"rendered":"<p>Africa-Press &#8211; C\u00f4te d&rsquo;Ivoire. Et si les MICI (comme la maladie de Crohn et la rectocolite he\u0301morragique, lire l&rsquo;encadre\u0301 ci-dessous), des affections en augmentation qui concernent 200.000 personnes en France, e\u0301taient en lien avec la pollution des sols ? Telle est la question qui sous-tend un programme de recherche original dit CROPS (CRohn&rsquo;s disease and [&hellip;]<\/p>\n","protected":false},"author":82,"featured_media":94228,"comment_status":"open","ping_status":"closed","sticky":false,"template":"","format":"standard","meta":{"footnotes":""},"categories":[22,10],"tags":[37],"class_list":["post-94229","post","type-post","status-publish","format-standard","has-post-thumbnail","hentry","category-divers","category-toutes-les-actualites","tag-cote-divoire-2"],"yoast_head":"<!-- This site is optimized with the Yoast SEO Premium plugin v26.1 (Yoast SEO v27.0) - https:\/\/yoast.com\/product\/yoast-seo-premium-wordpress\/ -->\n<title>Et si l&#039;origine de la maladie de Crohn se trouvait dans le sol ? - C\u00f4te d&#039;Ivoire<\/title>\n<meta name=\"robots\" content=\"index, follow, max-snippet:-1, max-image-preview:large, max-video-preview:-1\" \/>\n<link rel=\"canonical\" href=\"https:\/\/www.africa-press.net\/cotedivoire\/politique\/et-si-lorigine-de-la-maladie-de-crohn-se-trouvait-dans-le-sol\" \/>\n<meta property=\"og:locale\" content=\"fr_FR\" \/>\n<meta property=\"og:type\" content=\"article\" \/>\n<meta property=\"og:title\" content=\"Et si l&#039;origine de la maladie de Crohn se trouvait dans le sol ?\" \/>\n<meta property=\"og:description\" content=\"Africa-Press &#8211; C\u00f4te d&rsquo;Ivoire. Et si les MICI (comme la maladie de Crohn et la rectocolite he\u0301morragique, lire l&rsquo;encadre\u0301 ci-dessous), des affections en augmentation qui concernent 200.000 personnes en France, e\u0301taient en lien avec la pollution des sols ? Telle est la question qui sous-tend un programme de recherche original dit CROPS (CRohn&rsquo;s disease and [&hellip;]\" \/>\n<meta property=\"og:url\" content=\"https:\/\/www.africa-press.net\/cotedivoire\/politique\/et-si-lorigine-de-la-maladie-de-crohn-se-trouvait-dans-le-sol\" \/>\n<meta property=\"og:site_name\" content=\"C\u00f4te d&#039;Ivoire\" \/>\n<meta property=\"article:published_time\" content=\"2025-01-25T18:00:21+00:00\" \/>\n<meta name=\"author\" content=\"cfeditorfr\" \/>\n<meta name=\"twitter:card\" content=\"summary_large_image\" \/>\n<meta name=\"twitter:label1\" content=\"\u00c9crit par\" \/>\n\t<meta name=\"twitter:data1\" content=\"cfeditorfr\" \/>\n\t<meta name=\"twitter:label2\" content=\"Dur\u00e9e de lecture estim\u00e9e\" \/>\n\t<meta name=\"twitter:data2\" content=\"5 minutes\" \/>\n<script type=\"application\/ld+json\" class=\"yoast-schema-graph\">{\"@context\":\"https:\/\/schema.org\",\"@graph\":[{\"@type\":\"Article\",\"@id\":\"https:\/\/www.africa-press.net\/cotedivoire\/politique\/et-si-lorigine-de-la-maladie-de-crohn-se-trouvait-dans-le-sol#article\",\"isPartOf\":{\"@id\":\"https:\/\/www.africa-press.net\/cotedivoire\/politique\/et-si-lorigine-de-la-maladie-de-crohn-se-trouvait-dans-le-sol\"},\"author\":{\"name\":\"cfeditorfr\",\"@id\":\"https:\/\/www.africa-press.net\/cotedivoire\/#\/schema\/person\/2b1cf3cd81a31e3cd26889ca66d677f1\"},\"headline\":\"Et si l&rsquo;origine de la maladie de Crohn se trouvait dans le sol ?\",\"datePublished\":\"2025-01-25T18:00:21+00:00\",\"mainEntityOfPage\":{\"@id\":\"https:\/\/www.africa-press.net\/cotedivoire\/politique\/et-si-lorigine-de-la-maladie-de-crohn-se-trouvait-dans-le-sol\"},\"wordCount\":955,\"commentCount\":0,\"image\":{\"@id\":\"https:\/\/www.africa-press.net\/cotedivoire\/politique\/et-si-lorigine-de-la-maladie-de-crohn-se-trouvait-dans-le-sol#primaryimage\"},\"thumbnailUrl\":\"https:\/\/static.africa-press.net\/cote\/sites\/43\/2025\/01\/sm_1737821038.559336.jpg\",\"keywords\":[\"C\u00f4te d'Ivoire\"],\"articleSection\":[\"Divers\",\"Toutes les actualit\u00e9s\"],\"inLanguage\":\"fr-FR\",\"potentialAction\":[{\"@type\":\"CommentAction\",\"name\":\"Comment\",\"target\":[\"https:\/\/www.africa-press.net\/cotedivoire\/politique\/et-si-lorigine-de-la-maladie-de-crohn-se-trouvait-dans-le-sol#respond\"]}]},{\"@type\":\"WebPage\",\"@id\":\"https:\/\/www.africa-press.net\/cotedivoire\/politique\/et-si-lorigine-de-la-maladie-de-crohn-se-trouvait-dans-le-sol\",\"url\":\"https:\/\/www.africa-press.net\/cotedivoire\/politique\/et-si-lorigine-de-la-maladie-de-crohn-se-trouvait-dans-le-sol\",\"name\":\"Et si l'origine de la maladie de Crohn se trouvait dans le sol ? - C\u00f4te d&#039;Ivoire\",\"isPartOf\":{\"@id\":\"https:\/\/www.africa-press.net\/cotedivoire\/#website\"},\"primaryImageOfPage\":{\"@id\":\"https:\/\/www.africa-press.net\/cotedivoire\/politique\/et-si-lorigine-de-la-maladie-de-crohn-se-trouvait-dans-le-sol#primaryimage\"},\"image\":{\"@id\":\"https:\/\/www.africa-press.net\/cotedivoire\/politique\/et-si-lorigine-de-la-maladie-de-crohn-se-trouvait-dans-le-sol#primaryimage\"},\"thumbnailUrl\":\"https:\/\/static.africa-press.net\/cote\/sites\/43\/2025\/01\/sm_1737821038.559336.jpg\",\"datePublished\":\"2025-01-25T18:00:21+00:00\",\"author\":{\"@id\":\"https:\/\/www.africa-press.net\/cotedivoire\/#\/schema\/person\/2b1cf3cd81a31e3cd26889ca66d677f1\"},\"breadcrumb\":{\"@id\":\"https:\/\/www.africa-press.net\/cotedivoire\/politique\/et-si-lorigine-de-la-maladie-de-crohn-se-trouvait-dans-le-sol#breadcrumb\"},\"inLanguage\":\"fr-FR\",\"potentialAction\":[{\"@type\":\"ReadAction\",\"target\":[\"https:\/\/www.africa-press.net\/cotedivoire\/politique\/et-si-lorigine-de-la-maladie-de-crohn-se-trouvait-dans-le-sol\"]}]},{\"@type\":\"ImageObject\",\"inLanguage\":\"fr-FR\",\"@id\":\"https:\/\/www.africa-press.net\/cotedivoire\/politique\/et-si-lorigine-de-la-maladie-de-crohn-se-trouvait-dans-le-sol#primaryimage\",\"url\":\"https:\/\/static.africa-press.net\/cote\/sites\/43\/2025\/01\/sm_1737821038.559336.jpg\",\"contentUrl\":\"https:\/\/static.africa-press.net\/cote\/sites\/43\/2025\/01\/sm_1737821038.559336.jpg\",\"width\":1200,\"height\":900,\"caption\":\"Et si l'origine de la maladie de Crohn se trouvait dans le sol ?\"},{\"@type\":\"BreadcrumbList\",\"@id\":\"https:\/\/www.africa-press.net\/cotedivoire\/politique\/et-si-lorigine-de-la-maladie-de-crohn-se-trouvait-dans-le-sol#breadcrumb\",\"itemListElement\":[{\"@type\":\"ListItem\",\"position\":1,\"name\":\"Accueil\",\"item\":\"https:\/\/www.africa-press.net\/cotedivoire\/\"},{\"@type\":\"ListItem\",\"position\":2,\"name\":\"Et si l&rsquo;origine de la maladie de Crohn se trouvait dans le sol ?\"}]},{\"@type\":\"WebSite\",\"@id\":\"https:\/\/www.africa-press.net\/cotedivoire\/#website\",\"url\":\"https:\/\/www.africa-press.net\/cotedivoire\/\",\"name\":\"C\u00f4te d&#039;Ivoire\",\"description\":\"Just another Africa News Agency Sites site\",\"potentialAction\":[{\"@type\":\"SearchAction\",\"target\":{\"@type\":\"EntryPoint\",\"urlTemplate\":\"https:\/\/www.africa-press.net\/cotedivoire\/?s={search_term_string}\"},\"query-input\":{\"@type\":\"PropertyValueSpecification\",\"valueRequired\":true,\"valueName\":\"search_term_string\"}}],\"inLanguage\":\"fr-FR\"},{\"@type\":\"Person\",\"@id\":\"https:\/\/www.africa-press.net\/cotedivoire\/#\/schema\/person\/2b1cf3cd81a31e3cd26889ca66d677f1\",\"name\":\"cfeditorfr\"}]}<\/script>\n<!-- \/ Yoast SEO Premium plugin. -->","yoast_head_json":{"title":"Et si l'origine de la maladie de Crohn se trouvait dans le sol ? - C\u00f4te d&#039;Ivoire","robots":{"index":"index","follow":"follow","max-snippet":"max-snippet:-1","max-image-preview":"max-image-preview:large","max-video-preview":"max-video-preview:-1"},"canonical":"https:\/\/www.africa-press.net\/cotedivoire\/politique\/et-si-lorigine-de-la-maladie-de-crohn-se-trouvait-dans-le-sol","og_locale":"fr_FR","og_type":"article","og_title":"Et si l'origine de la maladie de Crohn se trouvait dans le sol ?","og_description":"Africa-Press &#8211; C\u00f4te d&rsquo;Ivoire. Et si les MICI (comme la maladie de Crohn et la rectocolite he\u0301morragique, lire l&rsquo;encadre\u0301 ci-dessous), des affections en augmentation qui concernent 200.000 personnes en France, e\u0301taient en lien avec la pollution des sols ? Telle est la question qui sous-tend un programme de recherche original dit CROPS (CRohn&rsquo;s disease and [&hellip;]","og_url":"https:\/\/www.africa-press.net\/cotedivoire\/politique\/et-si-lorigine-de-la-maladie-de-crohn-se-trouvait-dans-le-sol","og_site_name":"C\u00f4te d&#039;Ivoire","article_published_time":"2025-01-25T18:00:21+00:00","author":"cfeditorfr","twitter_card":"summary_large_image","twitter_misc":{"\u00c9crit par":"cfeditorfr","Dur\u00e9e de lecture estim\u00e9e":"5 minutes"},"schema":{"@context":"https:\/\/schema.org","@graph":[{"@type":"Article","@id":"https:\/\/www.africa-press.net\/cotedivoire\/politique\/et-si-lorigine-de-la-maladie-de-crohn-se-trouvait-dans-le-sol#article","isPartOf":{"@id":"https:\/\/www.africa-press.net\/cotedivoire\/politique\/et-si-lorigine-de-la-maladie-de-crohn-se-trouvait-dans-le-sol"},"author":{"name":"cfeditorfr","@id":"https:\/\/www.africa-press.net\/cotedivoire\/#\/schema\/person\/2b1cf3cd81a31e3cd26889ca66d677f1"},"headline":"Et si l&rsquo;origine de la maladie de Crohn se trouvait dans le sol ?","datePublished":"2025-01-25T18:00:21+00:00","mainEntityOfPage":{"@id":"https:\/\/www.africa-press.net\/cotedivoire\/politique\/et-si-lorigine-de-la-maladie-de-crohn-se-trouvait-dans-le-sol"},"wordCount":955,"commentCount":0,"image":{"@id":"https:\/\/www.africa-press.net\/cotedivoire\/politique\/et-si-lorigine-de-la-maladie-de-crohn-se-trouvait-dans-le-sol#primaryimage"},"thumbnailUrl":"https:\/\/static.africa-press.net\/cote\/sites\/43\/2025\/01\/sm_1737821038.559336.jpg","keywords":["C\u00f4te d'Ivoire"],"articleSection":["Divers","Toutes les actualit\u00e9s"],"inLanguage":"fr-FR","potentialAction":[{"@type":"CommentAction","name":"Comment","target":["https:\/\/www.africa-press.net\/cotedivoire\/politique\/et-si-lorigine-de-la-maladie-de-crohn-se-trouvait-dans-le-sol#respond"]}]},{"@type":"WebPage","@id":"https:\/\/www.africa-press.net\/cotedivoire\/politique\/et-si-lorigine-de-la-maladie-de-crohn-se-trouvait-dans-le-sol","url":"https:\/\/www.africa-press.net\/cotedivoire\/politique\/et-si-lorigine-de-la-maladie-de-crohn-se-trouvait-dans-le-sol","name":"Et si l'origine de la maladie de Crohn se trouvait dans le sol ? - C\u00f4te d&#039;Ivoire","isPartOf":{"@id":"https:\/\/www.africa-press.net\/cotedivoire\/#website"},"primaryImageOfPage":{"@id":"https:\/\/www.africa-press.net\/cotedivoire\/politique\/et-si-lorigine-de-la-maladie-de-crohn-se-trouvait-dans-le-sol#primaryimage"},"image":{"@id":"https:\/\/www.africa-press.net\/cotedivoire\/politique\/et-si-lorigine-de-la-maladie-de-crohn-se-trouvait-dans-le-sol#primaryimage"},"thumbnailUrl":"https:\/\/static.africa-press.net\/cote\/sites\/43\/2025\/01\/sm_1737821038.559336.jpg","datePublished":"2025-01-25T18:00:21+00:00","author":{"@id":"https:\/\/www.africa-press.net\/cotedivoire\/#\/schema\/person\/2b1cf3cd81a31e3cd26889ca66d677f1"},"breadcrumb":{"@id":"https:\/\/www.africa-press.net\/cotedivoire\/politique\/et-si-lorigine-de-la-maladie-de-crohn-se-trouvait-dans-le-sol#breadcrumb"},"inLanguage":"fr-FR","potentialAction":[{"@type":"ReadAction","target":["https:\/\/www.africa-press.net\/cotedivoire\/politique\/et-si-lorigine-de-la-maladie-de-crohn-se-trouvait-dans-le-sol"]}]},{"@type":"ImageObject","inLanguage":"fr-FR","@id":"https:\/\/www.africa-press.net\/cotedivoire\/politique\/et-si-lorigine-de-la-maladie-de-crohn-se-trouvait-dans-le-sol#primaryimage","url":"https:\/\/static.africa-press.net\/cote\/sites\/43\/2025\/01\/sm_1737821038.559336.jpg","contentUrl":"https:\/\/static.africa-press.net\/cote\/sites\/43\/2025\/01\/sm_1737821038.559336.jpg","width":1200,"height":900,"caption":"Et si l'origine de la maladie de Crohn se trouvait dans le sol ?"},{"@type":"BreadcrumbList","@id":"https:\/\/www.africa-press.net\/cotedivoire\/politique\/et-si-lorigine-de-la-maladie-de-crohn-se-trouvait-dans-le-sol#breadcrumb","itemListElement":[{"@type":"ListItem","position":1,"name":"Accueil","item":"https:\/\/www.africa-press.net\/cotedivoire\/"},{"@type":"ListItem","position":2,"name":"Et si l&rsquo;origine de la maladie de Crohn se trouvait dans le sol ?"}]},{"@type":"WebSite","@id":"https:\/\/www.africa-press.net\/cotedivoire\/#website","url":"https:\/\/www.africa-press.net\/cotedivoire\/","name":"C\u00f4te d&#039;Ivoire","description":"Just another Africa News Agency Sites site","potentialAction":[{"@type":"SearchAction","target":{"@type":"EntryPoint","urlTemplate":"https:\/\/www.africa-press.net\/cotedivoire\/?s={search_term_string}"},"query-input":{"@type":"PropertyValueSpecification","valueRequired":true,"valueName":"search_term_string"}}],"inLanguage":"fr-FR"},{"@type":"Person","@id":"https:\/\/www.africa-press.net\/cotedivoire\/#\/schema\/person\/2b1cf3cd81a31e3cd26889ca66d677f1","name":"cfeditorfr"}]}},"_links":{"self":[{"href":"https:\/\/www.africa-press.net\/cotedivoire\/wp-json\/wp\/v2\/posts\/94229","targetHints":{"allow":["GET"]}}],"collection":[{"href":"https:\/\/www.africa-press.net\/cotedivoire\/wp-json\/wp\/v2\/posts"}],"about":[{"href":"https:\/\/www.africa-press.net\/cotedivoire\/wp-json\/wp\/v2\/types\/post"}],"author":[{"embeddable":true,"href":"https:\/\/www.africa-press.net\/cotedivoire\/wp-json\/wp\/v2\/users\/82"}],"replies":[{"embeddable":true,"href":"https:\/\/www.africa-press.net\/cotedivoire\/wp-json\/wp\/v2\/comments?post=94229"}],"version-history":[{"count":0,"href":"https:\/\/www.africa-press.net\/cotedivoire\/wp-json\/wp\/v2\/posts\/94229\/revisions"}],"wp:featuredmedia":[{"embeddable":true,"href":"https:\/\/www.africa-press.net\/cotedivoire\/wp-json\/wp\/v2\/media\/94228"}],"wp:attachment":[{"href":"https:\/\/www.africa-press.net\/cotedivoire\/wp-json\/wp\/v2\/media?parent=94229"}],"wp:term":[{"taxonomy":"category","embeddable":true,"href":"https:\/\/www.africa-press.net\/cotedivoire\/wp-json\/wp\/v2\/categories?post=94229"},{"taxonomy":"post_tag","embeddable":true,"href":"https:\/\/www.africa-press.net\/cotedivoire\/wp-json\/wp\/v2\/tags?post=94229"}],"curies":[{"name":"wp","href":"https:\/\/api.w.org\/{rel}","templated":true}]}}