{"id":94231,"date":"2025-01-25T18:00:01","date_gmt":"2025-01-25T18:00:01","guid":{"rendered":"https:\/\/www.africa-press.net\/cotedivoire\/politique\/troubles-de-lattention-de-nouvelles-recommandations"},"modified":"2025-01-25T18:00:01","modified_gmt":"2025-01-25T18:00:01","slug":"troubles-de-lattention-de-nouvelles-recommandations","status":"publish","type":"post","link":"https:\/\/www.africa-press.net\/cotedivoire\/toutes-les-actualites\/troubles-de-lattention-de-nouvelles-recommandations","title":{"rendered":"Troubles de l&rsquo;attention : de nouvelles recommandations"},"content":{"rendered":"<p><span style=\"color: #ff6600\"><strong>Africa-Press &#8211; C\u00f4te d&rsquo;Ivoire. <\/strong><\/span>Toujours agite\u0301, parfois me\u0302me agressif, cet enfant souffre peut-e\u0302tre d&rsquo;un trouble du de\u0301ficit de l&rsquo;attention avec ou sans hyperactivite\u0301 (TDAH). Un syndrome qui posse\u0300de une composante ge\u0301ne\u0301tique &#8211; 30 a\u0300 40 % des personnes atteintes ont un parent qui pre\u0301sente le me\u0302me trouble &#8211; et qui touche 3,5 % a\u0300 5,6 % des enfants scolarise\u0301s en France, selon la Haute Autorite\u0301 de sante\u0301 (HAS). Dans la moitie\u0301 des cas, d&rsquo;autres troubles y sont associe\u0301s, par exemple la dyslexie, qui affecte la lecture et l&rsquo;e\u0301criture, ou encore l&rsquo;autisme.<\/p>\n<p>Avant l&rsquo;a\u0302ge de 5 ans, l&rsquo;agitation fait partie des manifestations normales du de\u0301veloppement. Mais au moment ou\u0300 il entre a\u0300 l&rsquo;e\u0301cole primaire, l&rsquo;enfant affecte\u0301 par le TDAH se sent vite de\u0301borde\u0301. Incapable de se concentrer, il de\u0301sobe\u0301it, parle continuellement, peut se montrer brusque et cole\u0301rique&#8230; ce qui conduit a\u0300 le mettre a\u0300 l&rsquo;e\u0301cart. A\u0300 la maison, il e\u0301puise ses parents, qui culpabilisent d&rsquo;autant plus qu&rsquo;on les accuse souvent d&rsquo;e\u0302tre responsables de ce comportement. Largement sous-diagnostique\u0301 en France jusqu&rsquo;a\u0300 pre\u0301sent, le TDAH peut conduire a\u0300 la de\u0301scolarisation.<\/p>\n<p><b> Mesures comportementales et traitement me\u0301dicamenteux<\/b><\/p>\n<p>La situation pourrait cependant s&rsquo;ame\u0301liorer depuis une re\u0301cente intervention de la HAS. Fin septembre 2024, celle-ci a publie\u0301 des recommandations de\u0301taillant une me\u0301thode de diagnostic et un parcours de soins a\u0300 destination des me\u0301decins ge\u0301ne\u0301ralistes et des pe\u0301diatres. Elle recommande aussi un programme de psycho-e\u0301ducation pour les parents et une formation spe\u0301cifique des enseignants.<\/p>\n<p>Si les mesures comportementales pre\u0301conise\u0301es &#8211; par exemple valoriser l&rsquo;enfant, lui donner des consignes courtes et claires &#8211; ne suffisent pas, le traitement me\u0301dicamenteux a\u0300 base de me\u0301thylphe\u0301nidate (Ritaline) est encourage\u0301. Efficace et sans effets secondaires prouve\u0301s, mais entache\u0301 d&rsquo;une mauvaise image (dopage, addiction), il reste sous-prescrit en France.<\/p>\n<p><strong>Pour plus d&rsquo;informations et d&rsquo;analyses sur la <span style=\"color: #ff6600\">C\u00f4te d&rsquo;Ivoire<\/span>, suivez <span style=\"color: #ff6600\">Africa-Press<span style=\"color: #ff6600\"><\/span><\/strong><\/p>\n","protected":false},"excerpt":{"rendered":"<p>Africa-Press &#8211; C\u00f4te d&rsquo;Ivoire. Toujours agite\u0301, parfois me\u0302me agressif, cet enfant souffre peut-e\u0302tre d&rsquo;un trouble du de\u0301ficit de l&rsquo;attention avec ou sans hyperactivite\u0301 (TDAH). Un syndrome qui posse\u0300de une composante ge\u0301ne\u0301tique &#8211; 30 a\u0300 40 % des personnes atteintes ont un parent qui pre\u0301sente le me\u0302me trouble &#8211; et qui touche 3,5 % a\u0300 5,6 [&hellip;]<\/p>\n","protected":false},"author":82,"featured_media":94230,"comment_status":"open","ping_status":"closed","sticky":false,"template":"","format":"standard","meta":{"footnotes":""},"categories":[22,10],"tags":[37],"class_list":["post-94231","post","type-post","status-publish","format-standard","has-post-thumbnail","hentry","category-divers","category-toutes-les-actualites","tag-cote-divoire-2"],"yoast_head":"<!-- This site is optimized with the Yoast SEO Premium plugin v26.1 (Yoast SEO v27.0) - https:\/\/yoast.com\/product\/yoast-seo-premium-wordpress\/ -->\n<title>Troubles de l&#039;attention : de nouvelles recommandations - C\u00f4te d&#039;Ivoire<\/title>\n<meta name=\"robots\" content=\"index, follow, max-snippet:-1, max-image-preview:large, max-video-preview:-1\" \/>\n<link rel=\"canonical\" href=\"https:\/\/www.africa-press.net\/cotedivoire\/politique\/troubles-de-lattention-de-nouvelles-recommandations\" \/>\n<meta property=\"og:locale\" content=\"fr_FR\" \/>\n<meta property=\"og:type\" content=\"article\" \/>\n<meta property=\"og:title\" content=\"Troubles de l&#039;attention : de nouvelles recommandations\" \/>\n<meta property=\"og:description\" content=\"Africa-Press &#8211; C\u00f4te d&rsquo;Ivoire. Toujours agite\u0301, parfois me\u0302me agressif, cet enfant souffre peut-e\u0302tre d&rsquo;un trouble du de\u0301ficit de l&rsquo;attention avec ou sans hyperactivite\u0301 (TDAH). Un syndrome qui posse\u0300de une composante ge\u0301ne\u0301tique &#8211; 30 a\u0300 40 % des personnes atteintes ont un parent qui pre\u0301sente le me\u0302me trouble &#8211; et qui touche 3,5 % a\u0300 5,6 [&hellip;]\" \/>\n<meta property=\"og:url\" content=\"https:\/\/www.africa-press.net\/cotedivoire\/politique\/troubles-de-lattention-de-nouvelles-recommandations\" \/>\n<meta property=\"og:site_name\" content=\"C\u00f4te d&#039;Ivoire\" \/>\n<meta property=\"article:published_time\" content=\"2025-01-25T18:00:01+00:00\" \/>\n<meta name=\"author\" content=\"cfeditorfr\" \/>\n<meta name=\"twitter:card\" content=\"summary_large_image\" \/>\n<meta name=\"twitter:label1\" content=\"\u00c9crit par\" \/>\n\t<meta name=\"twitter:data1\" content=\"cfeditorfr\" \/>\n\t<meta name=\"twitter:label2\" content=\"Dur\u00e9e de lecture estim\u00e9e\" \/>\n\t<meta name=\"twitter:data2\" content=\"2 minutes\" \/>\n<script type=\"application\/ld+json\" class=\"yoast-schema-graph\">{\"@context\":\"https:\/\/schema.org\",\"@graph\":[{\"@type\":\"Article\",\"@id\":\"https:\/\/www.africa-press.net\/cotedivoire\/politique\/troubles-de-lattention-de-nouvelles-recommandations#article\",\"isPartOf\":{\"@id\":\"https:\/\/www.africa-press.net\/cotedivoire\/politique\/troubles-de-lattention-de-nouvelles-recommandations\"},\"author\":{\"name\":\"cfeditorfr\",\"@id\":\"https:\/\/www.africa-press.net\/cotedivoire\/#\/schema\/person\/2b1cf3cd81a31e3cd26889ca66d677f1\"},\"headline\":\"Troubles de l&rsquo;attention : de nouvelles recommandations\",\"datePublished\":\"2025-01-25T18:00:01+00:00\",\"mainEntityOfPage\":{\"@id\":\"https:\/\/www.africa-press.net\/cotedivoire\/politique\/troubles-de-lattention-de-nouvelles-recommandations\"},\"wordCount\":357,\"commentCount\":0,\"image\":{\"@id\":\"https:\/\/www.africa-press.net\/cotedivoire\/politique\/troubles-de-lattention-de-nouvelles-recommandations#primaryimage\"},\"thumbnailUrl\":\"https:\/\/static.africa-press.net\/cote\/sites\/43\/2025\/01\/sm_1737821105.244359.jpg\",\"keywords\":[\"C\u00f4te d'Ivoire\"],\"articleSection\":[\"Divers\",\"Toutes les actualit\u00e9s\"],\"inLanguage\":\"fr-FR\",\"potentialAction\":[{\"@type\":\"CommentAction\",\"name\":\"Comment\",\"target\":[\"https:\/\/www.africa-press.net\/cotedivoire\/politique\/troubles-de-lattention-de-nouvelles-recommandations#respond\"]}]},{\"@type\":\"WebPage\",\"@id\":\"https:\/\/www.africa-press.net\/cotedivoire\/politique\/troubles-de-lattention-de-nouvelles-recommandations\",\"url\":\"https:\/\/www.africa-press.net\/cotedivoire\/politique\/troubles-de-lattention-de-nouvelles-recommandations\",\"name\":\"Troubles de l'attention : de nouvelles recommandations - C\u00f4te d&#039;Ivoire\",\"isPartOf\":{\"@id\":\"https:\/\/www.africa-press.net\/cotedivoire\/#website\"},\"primaryImageOfPage\":{\"@id\":\"https:\/\/www.africa-press.net\/cotedivoire\/politique\/troubles-de-lattention-de-nouvelles-recommandations#primaryimage\"},\"image\":{\"@id\":\"https:\/\/www.africa-press.net\/cotedivoire\/politique\/troubles-de-lattention-de-nouvelles-recommandations#primaryimage\"},\"thumbnailUrl\":\"https:\/\/static.africa-press.net\/cote\/sites\/43\/2025\/01\/sm_1737821105.244359.jpg\",\"datePublished\":\"2025-01-25T18:00:01+00:00\",\"author\":{\"@id\":\"https:\/\/www.africa-press.net\/cotedivoire\/#\/schema\/person\/2b1cf3cd81a31e3cd26889ca66d677f1\"},\"breadcrumb\":{\"@id\":\"https:\/\/www.africa-press.net\/cotedivoire\/politique\/troubles-de-lattention-de-nouvelles-recommandations#breadcrumb\"},\"inLanguage\":\"fr-FR\",\"potentialAction\":[{\"@type\":\"ReadAction\",\"target\":[\"https:\/\/www.africa-press.net\/cotedivoire\/politique\/troubles-de-lattention-de-nouvelles-recommandations\"]}]},{\"@type\":\"ImageObject\",\"inLanguage\":\"fr-FR\",\"@id\":\"https:\/\/www.africa-press.net\/cotedivoire\/politique\/troubles-de-lattention-de-nouvelles-recommandations#primaryimage\",\"url\":\"https:\/\/static.africa-press.net\/cote\/sites\/43\/2025\/01\/sm_1737821105.244359.jpg\",\"contentUrl\":\"https:\/\/static.africa-press.net\/cote\/sites\/43\/2025\/01\/sm_1737821105.244359.jpg\",\"width\":1200,\"height\":900,\"caption\":\"Troubles de l'attention : de nouvelles recommandations\"},{\"@type\":\"BreadcrumbList\",\"@id\":\"https:\/\/www.africa-press.net\/cotedivoire\/politique\/troubles-de-lattention-de-nouvelles-recommandations#breadcrumb\",\"itemListElement\":[{\"@type\":\"ListItem\",\"position\":1,\"name\":\"Accueil\",\"item\":\"https:\/\/www.africa-press.net\/cotedivoire\/\"},{\"@type\":\"ListItem\",\"position\":2,\"name\":\"Troubles de l&rsquo;attention : de nouvelles recommandations\"}]},{\"@type\":\"WebSite\",\"@id\":\"https:\/\/www.africa-press.net\/cotedivoire\/#website\",\"url\":\"https:\/\/www.africa-press.net\/cotedivoire\/\",\"name\":\"C\u00f4te d&#039;Ivoire\",\"description\":\"Just another Africa News Agency Sites site\",\"potentialAction\":[{\"@type\":\"SearchAction\",\"target\":{\"@type\":\"EntryPoint\",\"urlTemplate\":\"https:\/\/www.africa-press.net\/cotedivoire\/?s={search_term_string}\"},\"query-input\":{\"@type\":\"PropertyValueSpecification\",\"valueRequired\":true,\"valueName\":\"search_term_string\"}}],\"inLanguage\":\"fr-FR\"},{\"@type\":\"Person\",\"@id\":\"https:\/\/www.africa-press.net\/cotedivoire\/#\/schema\/person\/2b1cf3cd81a31e3cd26889ca66d677f1\",\"name\":\"cfeditorfr\"}]}<\/script>\n<!-- \/ Yoast SEO Premium plugin. -->","yoast_head_json":{"title":"Troubles de l'attention : de nouvelles recommandations - C\u00f4te d&#039;Ivoire","robots":{"index":"index","follow":"follow","max-snippet":"max-snippet:-1","max-image-preview":"max-image-preview:large","max-video-preview":"max-video-preview:-1"},"canonical":"https:\/\/www.africa-press.net\/cotedivoire\/politique\/troubles-de-lattention-de-nouvelles-recommandations","og_locale":"fr_FR","og_type":"article","og_title":"Troubles de l'attention : de nouvelles recommandations","og_description":"Africa-Press &#8211; C\u00f4te d&rsquo;Ivoire. Toujours agite\u0301, parfois me\u0302me agressif, cet enfant souffre peut-e\u0302tre d&rsquo;un trouble du de\u0301ficit de l&rsquo;attention avec ou sans hyperactivite\u0301 (TDAH). Un syndrome qui posse\u0300de une composante ge\u0301ne\u0301tique &#8211; 30 a\u0300 40 % des personnes atteintes ont un parent qui pre\u0301sente le me\u0302me trouble &#8211; et qui touche 3,5 % a\u0300 5,6 [&hellip;]","og_url":"https:\/\/www.africa-press.net\/cotedivoire\/politique\/troubles-de-lattention-de-nouvelles-recommandations","og_site_name":"C\u00f4te d&#039;Ivoire","article_published_time":"2025-01-25T18:00:01+00:00","author":"cfeditorfr","twitter_card":"summary_large_image","twitter_misc":{"\u00c9crit par":"cfeditorfr","Dur\u00e9e de lecture estim\u00e9e":"2 minutes"},"schema":{"@context":"https:\/\/schema.org","@graph":[{"@type":"Article","@id":"https:\/\/www.africa-press.net\/cotedivoire\/politique\/troubles-de-lattention-de-nouvelles-recommandations#article","isPartOf":{"@id":"https:\/\/www.africa-press.net\/cotedivoire\/politique\/troubles-de-lattention-de-nouvelles-recommandations"},"author":{"name":"cfeditorfr","@id":"https:\/\/www.africa-press.net\/cotedivoire\/#\/schema\/person\/2b1cf3cd81a31e3cd26889ca66d677f1"},"headline":"Troubles de l&rsquo;attention : de nouvelles recommandations","datePublished":"2025-01-25T18:00:01+00:00","mainEntityOfPage":{"@id":"https:\/\/www.africa-press.net\/cotedivoire\/politique\/troubles-de-lattention-de-nouvelles-recommandations"},"wordCount":357,"commentCount":0,"image":{"@id":"https:\/\/www.africa-press.net\/cotedivoire\/politique\/troubles-de-lattention-de-nouvelles-recommandations#primaryimage"},"thumbnailUrl":"https:\/\/static.africa-press.net\/cote\/sites\/43\/2025\/01\/sm_1737821105.244359.jpg","keywords":["C\u00f4te d'Ivoire"],"articleSection":["Divers","Toutes les actualit\u00e9s"],"inLanguage":"fr-FR","potentialAction":[{"@type":"CommentAction","name":"Comment","target":["https:\/\/www.africa-press.net\/cotedivoire\/politique\/troubles-de-lattention-de-nouvelles-recommandations#respond"]}]},{"@type":"WebPage","@id":"https:\/\/www.africa-press.net\/cotedivoire\/politique\/troubles-de-lattention-de-nouvelles-recommandations","url":"https:\/\/www.africa-press.net\/cotedivoire\/politique\/troubles-de-lattention-de-nouvelles-recommandations","name":"Troubles de l'attention : de nouvelles recommandations - C\u00f4te d&#039;Ivoire","isPartOf":{"@id":"https:\/\/www.africa-press.net\/cotedivoire\/#website"},"primaryImageOfPage":{"@id":"https:\/\/www.africa-press.net\/cotedivoire\/politique\/troubles-de-lattention-de-nouvelles-recommandations#primaryimage"},"image":{"@id":"https:\/\/www.africa-press.net\/cotedivoire\/politique\/troubles-de-lattention-de-nouvelles-recommandations#primaryimage"},"thumbnailUrl":"https:\/\/static.africa-press.net\/cote\/sites\/43\/2025\/01\/sm_1737821105.244359.jpg","datePublished":"2025-01-25T18:00:01+00:00","author":{"@id":"https:\/\/www.africa-press.net\/cotedivoire\/#\/schema\/person\/2b1cf3cd81a31e3cd26889ca66d677f1"},"breadcrumb":{"@id":"https:\/\/www.africa-press.net\/cotedivoire\/politique\/troubles-de-lattention-de-nouvelles-recommandations#breadcrumb"},"inLanguage":"fr-FR","potentialAction":[{"@type":"ReadAction","target":["https:\/\/www.africa-press.net\/cotedivoire\/politique\/troubles-de-lattention-de-nouvelles-recommandations"]}]},{"@type":"ImageObject","inLanguage":"fr-FR","@id":"https:\/\/www.africa-press.net\/cotedivoire\/politique\/troubles-de-lattention-de-nouvelles-recommandations#primaryimage","url":"https:\/\/static.africa-press.net\/cote\/sites\/43\/2025\/01\/sm_1737821105.244359.jpg","contentUrl":"https:\/\/static.africa-press.net\/cote\/sites\/43\/2025\/01\/sm_1737821105.244359.jpg","width":1200,"height":900,"caption":"Troubles de l'attention : de nouvelles recommandations"},{"@type":"BreadcrumbList","@id":"https:\/\/www.africa-press.net\/cotedivoire\/politique\/troubles-de-lattention-de-nouvelles-recommandations#breadcrumb","itemListElement":[{"@type":"ListItem","position":1,"name":"Accueil","item":"https:\/\/www.africa-press.net\/cotedivoire\/"},{"@type":"ListItem","position":2,"name":"Troubles de l&rsquo;attention : de nouvelles recommandations"}]},{"@type":"WebSite","@id":"https:\/\/www.africa-press.net\/cotedivoire\/#website","url":"https:\/\/www.africa-press.net\/cotedivoire\/","name":"C\u00f4te d&#039;Ivoire","description":"Just another Africa News Agency Sites site","potentialAction":[{"@type":"SearchAction","target":{"@type":"EntryPoint","urlTemplate":"https:\/\/www.africa-press.net\/cotedivoire\/?s={search_term_string}"},"query-input":{"@type":"PropertyValueSpecification","valueRequired":true,"valueName":"search_term_string"}}],"inLanguage":"fr-FR"},{"@type":"Person","@id":"https:\/\/www.africa-press.net\/cotedivoire\/#\/schema\/person\/2b1cf3cd81a31e3cd26889ca66d677f1","name":"cfeditorfr"}]}},"_links":{"self":[{"href":"https:\/\/www.africa-press.net\/cotedivoire\/wp-json\/wp\/v2\/posts\/94231","targetHints":{"allow":["GET"]}}],"collection":[{"href":"https:\/\/www.africa-press.net\/cotedivoire\/wp-json\/wp\/v2\/posts"}],"about":[{"href":"https:\/\/www.africa-press.net\/cotedivoire\/wp-json\/wp\/v2\/types\/post"}],"author":[{"embeddable":true,"href":"https:\/\/www.africa-press.net\/cotedivoire\/wp-json\/wp\/v2\/users\/82"}],"replies":[{"embeddable":true,"href":"https:\/\/www.africa-press.net\/cotedivoire\/wp-json\/wp\/v2\/comments?post=94231"}],"version-history":[{"count":0,"href":"https:\/\/www.africa-press.net\/cotedivoire\/wp-json\/wp\/v2\/posts\/94231\/revisions"}],"wp:featuredmedia":[{"embeddable":true,"href":"https:\/\/www.africa-press.net\/cotedivoire\/wp-json\/wp\/v2\/media\/94230"}],"wp:attachment":[{"href":"https:\/\/www.africa-press.net\/cotedivoire\/wp-json\/wp\/v2\/media?parent=94231"}],"wp:term":[{"taxonomy":"category","embeddable":true,"href":"https:\/\/www.africa-press.net\/cotedivoire\/wp-json\/wp\/v2\/categories?post=94231"},{"taxonomy":"post_tag","embeddable":true,"href":"https:\/\/www.africa-press.net\/cotedivoire\/wp-json\/wp\/v2\/tags?post=94231"}],"curies":[{"name":"wp","href":"https:\/\/api.w.org\/{rel}","templated":true}]}}